{"id":248649,"date":"2024-09-20T05:37:14","date_gmt":"2024-09-20T09:37:14","guid":{"rendered":"https:\/\/www.eldiario.net\/portal\/?p=248649"},"modified":"2024-09-20T05:37:14","modified_gmt":"2024-09-20T09:37:14","slug":"mas-de-30-mil-ninos-de-ciclo-inicial-recibiran-bono-pmadi","status":"publish","type":"post","link":"https:\/\/www.eldiario.net\/portal\/2024\/09\/20\/mas-de-30-mil-ninos-de-ciclo-inicial-recibiran-bono-pmadi\/","title":{"rendered":"M\u00e1s de 30 mil ni\u00f1os de ciclo inicial recibir\u00e1n bono Pmadi"},"content":{"rendered":"<p>En efectivo y de forma inmediata, alrededor de 30.279 estudiantes de prek\u00ednder y k\u00ednder de la ciudad de El Alto, a partir de ayer, ya cobran su bono del Programa Municipal de Apoyo al Desarrollo Infantil (Pmadi) que es de Bs 200.<br \/>\n\u201cEste pago del bono Pmadi es un bono que nosotros entregamos a los ni\u00f1os de inicial. Su objetivo es velar por el desarrollo infantil con la permanencia escolar en la etapa inicial, brindando un incentivo econ\u00f3mico de 200 bolivianos a los ni\u00f1os y ni\u00f1as de prek\u00ednder y k\u00ednder\u201d, puntualiz\u00f3 la alcaldesa de El Alto, Eva Copa.<br \/>\nDe acuerdo con datos de la comuna alte\u00f1a, compartidos por la autoridad edil, el incentivo econ\u00f3mico llegar\u00e1 a 30.279 ni\u00f1os y ni\u00f1as de 318 unidades educativas fiscales y de convenio de esa urbe.<br \/>\nEl pago se realiza en cualquier agencia del Banco Uni\u00f3n a nivel nacional. Los padres, madres de familia o tutores legales de los escolares deben asistir a la entidad financiera con su c\u00e9dula de identidad y la del estudiante, en original, adem\u00e1s de una fotocopia de ambos documentos.<br \/>\n\u201cSe pagar\u00e1 este bono (durante) 90 d\u00edas, si en este tiempo tuvieran problemas con el carnet de identidad u otro, posteriormente, se habilitar\u00e1n otros d\u00edas para pagar a los rezagados\u201d, enfatiz\u00f3 la burgomaestre en el acto inaugural de la entrega del bono Pmadi, que se realiz\u00f3 la jornada del pasado jueves en predios del Jach\u00b4a Uta.<br \/>\nEl Gobierno Municipal destin\u00f3 un presupuesto de Bs 6.920.000 para llegar a todos los ni\u00f1os y ni\u00f1as beneficiados.<br \/>\n\u201cEstamos felices por el apoyo que nos est\u00e1 dando la Alcald\u00eda. Eso, pr\u00e1cticamente, va a ser para sus \u00fatiles escolares que en nivel inicial sabemos que son bastantes; m\u00e1s que en otros cursos, piden m\u00e1s cosas. Entonces, va a ser de gran ayuda\u201d, manifest\u00f3 Jos\u00e9 Luis Barcena, padre de familia, cuyo hijo tiene cinco a\u00f1os y tambi\u00e9n se beneficiar\u00e1 con los Bs 200.<br \/>\nEl progenitor mencion\u00f3 que muchas familias tienen m\u00e1s de tres hijos y el incentivo econ\u00f3mico es de gran ayuda para sus bolsillos.<\/p>\n","protected":false},"excerpt":{"rendered":"<p>En efectivo y de forma inmediata, alrededor de 30.279 estudiantes de prek\u00ednder y k\u00ednder de la ciudad de El Alto, a partir de ayer, ya cobran su bono del Programa Municipal de Apoyo al Desarrollo Infantil (Pmadi) que es de Bs 200. \u201cEste pago del bono Pmadi es un bono que nosotros entregamos a los [&hellip;]<\/p>\n","protected":false},"author":1,"featured_media":194726,"comment_status":"open","ping_status":"open","sticky":false,"template":"","format":"standard","meta":{"_acf_changed":false,"footnotes":""},"categories":[12],"tags":[],"class_list":["post-248649","post","type-post","status-publish","format-standard","has-post-thumbnail","category-nacional"],"acf":{"antetitulo":""},"yoast_head":"<!-- This site is optimized with the Yoast SEO plugin v28.4 - https:\/\/yoast.com\/product\/yoast-seo-wordpress\/ -->\n<title>M\u00e1s de 30 mil ni\u00f1os de ciclo inicial recibir\u00e1n bono Pmadi - El Diario - Bolivia<\/title>\n<meta name=\"robots\" content=\"index, follow, max-snippet:-1, max-image-preview:large, max-video-preview:-1\" \/>\n<link rel=\"canonical\" href=\"https:\/\/www.eldiario.net\/portal\/2024\/09\/20\/mas-de-30-mil-ninos-de-ciclo-inicial-recibiran-bono-pmadi\/\" \/>\n<meta property=\"og:locale\" content=\"es_ES\" \/>\n<meta property=\"og:type\" content=\"article\" \/>\n<meta property=\"og:title\" content=\"M\u00e1s de 30 mil ni\u00f1os de ciclo inicial recibir\u00e1n bono Pmadi - El Diario - Bolivia\" \/>\n<meta property=\"og:description\" content=\"En efectivo y de forma inmediata, alrededor de 30.279 estudiantes de prek\u00ednder y k\u00ednder de la ciudad de El Alto, a partir de ayer, ya cobran su bono del Programa Municipal de Apoyo al Desarrollo Infantil (Pmadi) que es de Bs 200. \u201cEste pago del bono Pmadi es un bono que nosotros entregamos a los [&hellip;]\" \/>\n<meta property=\"og:url\" content=\"https:\/\/www.eldiario.net\/portal\/2024\/09\/20\/mas-de-30-mil-ninos-de-ciclo-inicial-recibiran-bono-pmadi\/\" \/>\n<meta property=\"og:site_name\" content=\"El Diario - Bolivia\" \/>\n<meta property=\"article:publisher\" content=\"https:\/\/www.facebook.com\/eldiario.bolivia\/\" \/>\n<meta property=\"article:published_time\" content=\"2024-09-20T09:37:14+00:00\" \/>\n<meta property=\"og:image\" content=\"https:\/\/www.eldiario.net\/portal\/wp-content\/uploads\/2023\/12\/Nacional.jpg\" \/>\n\t<meta property=\"og:image:width\" content=\"800\" \/>\n\t<meta property=\"og:image:height\" content=\"500\" \/>\n\t<meta property=\"og:image:type\" content=\"image\/jpeg\" \/>\n<meta name=\"author\" content=\"Jeanette\" \/>\n<meta name=\"twitter:card\" content=\"summary_large_image\" \/>\n<meta name=\"twitter:creator\" content=\"@eldiario_net\" \/>\n<meta name=\"twitter:site\" content=\"@eldiario_net\" \/>\n<meta name=\"twitter:label1\" content=\"Escrito por\" \/>\n\t<meta name=\"twitter:data1\" content=\"Jeanette\" \/>\n\t<meta name=\"twitter:label2\" content=\"Tiempo de lectura\" \/>\n\t<meta name=\"twitter:data2\" content=\"2 minutos\" \/>\n<script type=\"application\/ld+json\" class=\"yoast-schema-graph\">{\"@context\":\"https:\\\/\\\/schema.org\",\"@graph\":[{\"@type\":\"Article\",\"@id\":\"https:\\\/\\\/www.eldiario.net\\\/portal\\\/2024\\\/09\\\/20\\\/mas-de-30-mil-ninos-de-ciclo-inicial-recibiran-bono-pmadi\\\/#article\",\"isPartOf\":{\"@id\":\"https:\\\/\\\/www.eldiario.net\\\/portal\\\/2024\\\/09\\\/20\\\/mas-de-30-mil-ninos-de-ciclo-inicial-recibiran-bono-pmadi\\\/\"},\"author\":{\"name\":\"Jeanette\",\"@id\":\"https:\\\/\\\/www.eldiario.net\\\/portal\\\/#\\\/schema\\\/person\\\/f46445640444750d7d753ccd04ae01b7\"},\"headline\":\"M\u00e1s de 30 mil ni\u00f1os de ciclo inicial recibir\u00e1n bono Pmadi\",\"datePublished\":\"2024-09-20T09:37:14+00:00\",\"mainEntityOfPage\":{\"@id\":\"https:\\\/\\\/www.eldiario.net\\\/portal\\\/2024\\\/09\\\/20\\\/mas-de-30-mil-ninos-de-ciclo-inicial-recibiran-bono-pmadi\\\/\"},\"wordCount\":372,\"commentCount\":0,\"publisher\":{\"@id\":\"https:\\\/\\\/www.eldiario.net\\\/portal\\\/#organization\"},\"image\":{\"@id\":\"https:\\\/\\\/www.eldiario.net\\\/portal\\\/2024\\\/09\\\/20\\\/mas-de-30-mil-ninos-de-ciclo-inicial-recibiran-bono-pmadi\\\/#primaryimage\"},\"thumbnailUrl\":\"https:\\\/\\\/www.eldiario.net\\\/portal\\\/wp-content\\\/uploads\\\/2023\\\/12\\\/Nacional.jpg\",\"articleSection\":[\"Nacional\"],\"inLanguage\":\"es\",\"potentialAction\":[{\"@type\":\"CommentAction\",\"name\":\"Comment\",\"target\":[\"https:\\\/\\\/www.eldiario.net\\\/portal\\\/2024\\\/09\\\/20\\\/mas-de-30-mil-ninos-de-ciclo-inicial-recibiran-bono-pmadi\\\/#respond\"]}]},{\"@type\":\"WebPage\",\"@id\":\"https:\\\/\\\/www.eldiario.net\\\/portal\\\/2024\\\/09\\\/20\\\/mas-de-30-mil-ninos-de-ciclo-inicial-recibiran-bono-pmadi\\\/\",\"url\":\"https:\\\/\\\/www.eldiario.net\\\/portal\\\/2024\\\/09\\\/20\\\/mas-de-30-mil-ninos-de-ciclo-inicial-recibiran-bono-pmadi\\\/\",\"name\":\"M\u00e1s de 30 mil ni\u00f1os de ciclo inicial recibir\u00e1n bono Pmadi - El Diario - Bolivia\",\"isPartOf\":{\"@id\":\"https:\\\/\\\/www.eldiario.net\\\/portal\\\/#website\"},\"primaryImageOfPage\":{\"@id\":\"https:\\\/\\\/www.eldiario.net\\\/portal\\\/2024\\\/09\\\/20\\\/mas-de-30-mil-ninos-de-ciclo-inicial-recibiran-bono-pmadi\\\/#primaryimage\"},\"image\":{\"@id\":\"https:\\\/\\\/www.eldiario.net\\\/portal\\\/2024\\\/09\\\/20\\\/mas-de-30-mil-ninos-de-ciclo-inicial-recibiran-bono-pmadi\\\/#primaryimage\"},\"thumbnailUrl\":\"https:\\\/\\\/www.eldiario.net\\\/portal\\\/wp-content\\\/uploads\\\/2023\\\/12\\\/Nacional.jpg\",\"datePublished\":\"2024-09-20T09:37:14+00:00\",\"breadcrumb\":{\"@id\":\"https:\\\/\\\/www.eldiario.net\\\/portal\\\/2024\\\/09\\\/20\\\/mas-de-30-mil-ninos-de-ciclo-inicial-recibiran-bono-pmadi\\\/#breadcrumb\"},\"inLanguage\":\"es\",\"potentialAction\":[{\"@type\":\"ReadAction\",\"target\":[\"https:\\\/\\\/www.eldiario.net\\\/portal\\\/2024\\\/09\\\/20\\\/mas-de-30-mil-ninos-de-ciclo-inicial-recibiran-bono-pmadi\\\/\"]}]},{\"@type\":\"ImageObject\",\"inLanguage\":\"es\",\"@id\":\"https:\\\/\\\/www.eldiario.net\\\/portal\\\/2024\\\/09\\\/20\\\/mas-de-30-mil-ninos-de-ciclo-inicial-recibiran-bono-pmadi\\\/#primaryimage\",\"url\":\"https:\\\/\\\/www.eldiario.net\\\/portal\\\/wp-content\\\/uploads\\\/2023\\\/12\\\/Nacional.jpg\",\"contentUrl\":\"https:\\\/\\\/www.eldiario.net\\\/portal\\\/wp-content\\\/uploads\\\/2023\\\/12\\\/Nacional.jpg\",\"width\":800,\"height\":500},{\"@type\":\"BreadcrumbList\",\"@id\":\"https:\\\/\\\/www.eldiario.net\\\/portal\\\/2024\\\/09\\\/20\\\/mas-de-30-mil-ninos-de-ciclo-inicial-recibiran-bono-pmadi\\\/#breadcrumb\",\"itemListElement\":[{\"@type\":\"ListItem\",\"position\":1,\"name\":\"Portada\",\"item\":\"https:\\\/\\\/www.eldiario.net\\\/portal\\\/\"},{\"@type\":\"ListItem\",\"position\":2,\"name\":\"M\u00e1s de 30 mil ni\u00f1os de ciclo inicial recibir\u00e1n bono Pmadi\"}]},{\"@type\":\"WebSite\",\"@id\":\"https:\\\/\\\/www.eldiario.net\\\/portal\\\/#website\",\"url\":\"https:\\\/\\\/www.eldiario.net\\\/portal\\\/\",\"name\":\"El Diario - Decano de la prensa nacional\",\"description\":\"El Diario - Decano de la prensa nacional\",\"publisher\":{\"@id\":\"https:\\\/\\\/www.eldiario.net\\\/portal\\\/#organization\"},\"potentialAction\":[{\"@type\":\"SearchAction\",\"target\":{\"@type\":\"EntryPoint\",\"urlTemplate\":\"https:\\\/\\\/www.eldiario.net\\\/portal\\\/?s={search_term_string}\"},\"query-input\":{\"@type\":\"PropertyValueSpecification\",\"valueRequired\":true,\"valueName\":\"search_term_string\"}}],\"inLanguage\":\"es\"},{\"@type\":\"Organization\",\"@id\":\"https:\\\/\\\/www.eldiario.net\\\/portal\\\/#organization\",\"name\":\"El Diario - Decano de la prensa nacional\",\"url\":\"https:\\\/\\\/www.eldiario.net\\\/portal\\\/\",\"logo\":{\"@type\":\"ImageObject\",\"inLanguage\":\"es\",\"@id\":\"https:\\\/\\\/www.eldiario.net\\\/portal\\\/#\\\/schema\\\/logo\\\/image\\\/\",\"url\":\"https:\\\/\\\/www.eldiario.net\\\/portal\\\/wp-content\\\/uploads\\\/2023\\\/07\\\/logo_ED.jpg\",\"contentUrl\":\"https:\\\/\\\/www.eldiario.net\\\/portal\\\/wp-content\\\/uploads\\\/2023\\\/07\\\/logo_ED.jpg\",\"width\":272,\"height\":52,\"caption\":\"El Diario - Decano de la prensa nacional\"},\"image\":{\"@id\":\"https:\\\/\\\/www.eldiario.net\\\/portal\\\/#\\\/schema\\\/logo\\\/image\\\/\"},\"sameAs\":[\"https:\\\/\\\/www.facebook.com\\\/eldiario.bolivia\\\/\",\"https:\\\/\\\/x.com\\\/eldiario_net\"]},{\"@type\":\"Person\",\"@id\":\"https:\\\/\\\/www.eldiario.net\\\/portal\\\/#\\\/schema\\\/person\\\/f46445640444750d7d753ccd04ae01b7\",\"name\":\"Jeanette\",\"image\":{\"@type\":\"ImageObject\",\"inLanguage\":\"es\",\"@id\":\"https:\\\/\\\/secure.gravatar.com\\\/avatar\\\/3ea2118a5f7dad2b7138b1187a6b7ee55f160b9968b66013c3a3ef39dd7e5798?s=96&d=mm&r=g\",\"url\":\"https:\\\/\\\/secure.gravatar.com\\\/avatar\\\/3ea2118a5f7dad2b7138b1187a6b7ee55f160b9968b66013c3a3ef39dd7e5798?s=96&d=mm&r=g\",\"contentUrl\":\"https:\\\/\\\/secure.gravatar.com\\\/avatar\\\/3ea2118a5f7dad2b7138b1187a6b7ee55f160b9968b66013c3a3ef39dd7e5798?s=96&d=mm&r=g\",\"caption\":\"Jeanette\"},\"sameAs\":[\"https:\\\/\\\/www.eldiario.net\\\/portal\"],\"url\":\"https:\\\/\\\/www.eldiario.net\\\/portal\\\/author\\\/jeanette\\\/\"}]}<\/script>\n<!-- \/ Yoast SEO plugin. -->","yoast_head_json":{"title":"M\u00e1s de 30 mil ni\u00f1os de ciclo inicial recibir\u00e1n bono Pmadi - El Diario - Bolivia","robots":{"index":"index","follow":"follow","max-snippet":"max-snippet:-1","max-image-preview":"max-image-preview:large","max-video-preview":"max-video-preview:-1"},"canonical":"https:\/\/www.eldiario.net\/portal\/2024\/09\/20\/mas-de-30-mil-ninos-de-ciclo-inicial-recibiran-bono-pmadi\/","og_locale":"es_ES","og_type":"article","og_title":"M\u00e1s de 30 mil ni\u00f1os de ciclo inicial recibir\u00e1n bono Pmadi - El Diario - Bolivia","og_description":"En efectivo y de forma inmediata, alrededor de 30.279 estudiantes de prek\u00ednder y k\u00ednder de la ciudad de El Alto, a partir de ayer, ya cobran su bono del Programa Municipal de Apoyo al Desarrollo Infantil (Pmadi) que es de Bs 200. \u201cEste pago del bono Pmadi es un bono que nosotros entregamos a los [&hellip;]","og_url":"https:\/\/www.eldiario.net\/portal\/2024\/09\/20\/mas-de-30-mil-ninos-de-ciclo-inicial-recibiran-bono-pmadi\/","og_site_name":"El Diario - Bolivia","article_publisher":"https:\/\/www.facebook.com\/eldiario.bolivia\/","article_published_time":"2024-09-20T09:37:14+00:00","og_image":[{"width":800,"height":500,"url":"https:\/\/www.eldiario.net\/portal\/wp-content\/uploads\/2023\/12\/Nacional.jpg","type":"image\/jpeg"}],"author":"Jeanette","twitter_card":"summary_large_image","twitter_creator":"@eldiario_net","twitter_site":"@eldiario_net","twitter_misc":{"Escrito por":"Jeanette","Tiempo de lectura":"2 minutos"},"schema":{"@context":"https:\/\/schema.org","@graph":[{"@type":"Article","@id":"https:\/\/www.eldiario.net\/portal\/2024\/09\/20\/mas-de-30-mil-ninos-de-ciclo-inicial-recibiran-bono-pmadi\/#article","isPartOf":{"@id":"https:\/\/www.eldiario.net\/portal\/2024\/09\/20\/mas-de-30-mil-ninos-de-ciclo-inicial-recibiran-bono-pmadi\/"},"author":{"name":"Jeanette","@id":"https:\/\/www.eldiario.net\/portal\/#\/schema\/person\/f46445640444750d7d753ccd04ae01b7"},"headline":"M\u00e1s de 30 mil ni\u00f1os de ciclo inicial recibir\u00e1n bono Pmadi","datePublished":"2024-09-20T09:37:14+00:00","mainEntityOfPage":{"@id":"https:\/\/www.eldiario.net\/portal\/2024\/09\/20\/mas-de-30-mil-ninos-de-ciclo-inicial-recibiran-bono-pmadi\/"},"wordCount":372,"commentCount":0,"publisher":{"@id":"https:\/\/www.eldiario.net\/portal\/#organization"},"image":{"@id":"https:\/\/www.eldiario.net\/portal\/2024\/09\/20\/mas-de-30-mil-ninos-de-ciclo-inicial-recibiran-bono-pmadi\/#primaryimage"},"thumbnailUrl":"https:\/\/www.eldiario.net\/portal\/wp-content\/uploads\/2023\/12\/Nacional.jpg","articleSection":["Nacional"],"inLanguage":"es","potentialAction":[{"@type":"CommentAction","name":"Comment","target":["https:\/\/www.eldiario.net\/portal\/2024\/09\/20\/mas-de-30-mil-ninos-de-ciclo-inicial-recibiran-bono-pmadi\/#respond"]}]},{"@type":"WebPage","@id":"https:\/\/www.eldiario.net\/portal\/2024\/09\/20\/mas-de-30-mil-ninos-de-ciclo-inicial-recibiran-bono-pmadi\/","url":"https:\/\/www.eldiario.net\/portal\/2024\/09\/20\/mas-de-30-mil-ninos-de-ciclo-inicial-recibiran-bono-pmadi\/","name":"M\u00e1s de 30 mil ni\u00f1os de ciclo inicial recibir\u00e1n bono Pmadi - El Diario - Bolivia","isPartOf":{"@id":"https:\/\/www.eldiario.net\/portal\/#website"},"primaryImageOfPage":{"@id":"https:\/\/www.eldiario.net\/portal\/2024\/09\/20\/mas-de-30-mil-ninos-de-ciclo-inicial-recibiran-bono-pmadi\/#primaryimage"},"image":{"@id":"https:\/\/www.eldiario.net\/portal\/2024\/09\/20\/mas-de-30-mil-ninos-de-ciclo-inicial-recibiran-bono-pmadi\/#primaryimage"},"thumbnailUrl":"https:\/\/www.eldiario.net\/portal\/wp-content\/uploads\/2023\/12\/Nacional.jpg","datePublished":"2024-09-20T09:37:14+00:00","breadcrumb":{"@id":"https:\/\/www.eldiario.net\/portal\/2024\/09\/20\/mas-de-30-mil-ninos-de-ciclo-inicial-recibiran-bono-pmadi\/#breadcrumb"},"inLanguage":"es","potentialAction":[{"@type":"ReadAction","target":["https:\/\/www.eldiario.net\/portal\/2024\/09\/20\/mas-de-30-mil-ninos-de-ciclo-inicial-recibiran-bono-pmadi\/"]}]},{"@type":"ImageObject","inLanguage":"es","@id":"https:\/\/www.eldiario.net\/portal\/2024\/09\/20\/mas-de-30-mil-ninos-de-ciclo-inicial-recibiran-bono-pmadi\/#primaryimage","url":"https:\/\/www.eldiario.net\/portal\/wp-content\/uploads\/2023\/12\/Nacional.jpg","contentUrl":"https:\/\/www.eldiario.net\/portal\/wp-content\/uploads\/2023\/12\/Nacional.jpg","width":800,"height":500},{"@type":"BreadcrumbList","@id":"https:\/\/www.eldiario.net\/portal\/2024\/09\/20\/mas-de-30-mil-ninos-de-ciclo-inicial-recibiran-bono-pmadi\/#breadcrumb","itemListElement":[{"@type":"ListItem","position":1,"name":"Portada","item":"https:\/\/www.eldiario.net\/portal\/"},{"@type":"ListItem","position":2,"name":"M\u00e1s de 30 mil ni\u00f1os de ciclo inicial recibir\u00e1n bono Pmadi"}]},{"@type":"WebSite","@id":"https:\/\/www.eldiario.net\/portal\/#website","url":"https:\/\/www.eldiario.net\/portal\/","name":"El Diario - Decano de la prensa nacional","description":"El Diario - Decano de la prensa nacional","publisher":{"@id":"https:\/\/www.eldiario.net\/portal\/#organization"},"potentialAction":[{"@type":"SearchAction","target":{"@type":"EntryPoint","urlTemplate":"https:\/\/www.eldiario.net\/portal\/?s={search_term_string}"},"query-input":{"@type":"PropertyValueSpecification","valueRequired":true,"valueName":"search_term_string"}}],"inLanguage":"es"},{"@type":"Organization","@id":"https:\/\/www.eldiario.net\/portal\/#organization","name":"El Diario - Decano de la prensa nacional","url":"https:\/\/www.eldiario.net\/portal\/","logo":{"@type":"ImageObject","inLanguage":"es","@id":"https:\/\/www.eldiario.net\/portal\/#\/schema\/logo\/image\/","url":"https:\/\/www.eldiario.net\/portal\/wp-content\/uploads\/2023\/07\/logo_ED.jpg","contentUrl":"https:\/\/www.eldiario.net\/portal\/wp-content\/uploads\/2023\/07\/logo_ED.jpg","width":272,"height":52,"caption":"El Diario - Decano de la prensa nacional"},"image":{"@id":"https:\/\/www.eldiario.net\/portal\/#\/schema\/logo\/image\/"},"sameAs":["https:\/\/www.facebook.com\/eldiario.bolivia\/","https:\/\/x.com\/eldiario_net"]},{"@type":"Person","@id":"https:\/\/www.eldiario.net\/portal\/#\/schema\/person\/f46445640444750d7d753ccd04ae01b7","name":"Jeanette","image":{"@type":"ImageObject","inLanguage":"es","@id":"https:\/\/secure.gravatar.com\/avatar\/3ea2118a5f7dad2b7138b1187a6b7ee55f160b9968b66013c3a3ef39dd7e5798?s=96&d=mm&r=g","url":"https:\/\/secure.gravatar.com\/avatar\/3ea2118a5f7dad2b7138b1187a6b7ee55f160b9968b66013c3a3ef39dd7e5798?s=96&d=mm&r=g","contentUrl":"https:\/\/secure.gravatar.com\/avatar\/3ea2118a5f7dad2b7138b1187a6b7ee55f160b9968b66013c3a3ef39dd7e5798?s=96&d=mm&r=g","caption":"Jeanette"},"sameAs":["https:\/\/www.eldiario.net\/portal"],"url":"https:\/\/www.eldiario.net\/portal\/author\/jeanette\/"}]}},"_links":{"self":[{"href":"https:\/\/www.eldiario.net\/portal\/wp-json\/wp\/v2\/posts\/248649","targetHints":{"allow":["GET"]}}],"collection":[{"href":"https:\/\/www.eldiario.net\/portal\/wp-json\/wp\/v2\/posts"}],"about":[{"href":"https:\/\/www.eldiario.net\/portal\/wp-json\/wp\/v2\/types\/post"}],"author":[{"embeddable":true,"href":"https:\/\/www.eldiario.net\/portal\/wp-json\/wp\/v2\/users\/1"}],"replies":[{"embeddable":true,"href":"https:\/\/www.eldiario.net\/portal\/wp-json\/wp\/v2\/comments?post=248649"}],"version-history":[{"count":1,"href":"https:\/\/www.eldiario.net\/portal\/wp-json\/wp\/v2\/posts\/248649\/revisions"}],"predecessor-version":[{"id":248650,"href":"https:\/\/www.eldiario.net\/portal\/wp-json\/wp\/v2\/posts\/248649\/revisions\/248650"}],"wp:featuredmedia":[{"embeddable":true,"href":"https:\/\/www.eldiario.net\/portal\/wp-json\/wp\/v2\/media\/194726"}],"wp:attachment":[{"href":"https:\/\/www.eldiario.net\/portal\/wp-json\/wp\/v2\/media?parent=248649"}],"wp:term":[{"taxonomy":"category","embeddable":true,"href":"https:\/\/www.eldiario.net\/portal\/wp-json\/wp\/v2\/categories?post=248649"},{"taxonomy":"post_tag","embeddable":true,"href":"https:\/\/www.eldiario.net\/portal\/wp-json\/wp\/v2\/tags?post=248649"}],"curies":[{"name":"wp","href":"https:\/\/api.w.org\/{rel}","templated":true}]}}