{"id":248646,"date":"2024-09-20T05:36:46","date_gmt":"2024-09-20T09:36:46","guid":{"rendered":"https:\/\/www.eldiario.net\/portal\/?p=248646"},"modified":"2024-09-20T05:36:46","modified_gmt":"2024-09-20T09:36:46","slug":"condenan-a-14-meses-de-prision-por-llevar-camiseta-de-sedicioso","status":"publish","type":"post","link":"https:\/\/www.eldiario.net\/portal\/2024\/09\/20\/condenan-a-14-meses-de-prision-por-llevar-camiseta-de-sedicioso\/","title":{"rendered":"Condenan a 14 meses de prisi\u00f3n  por llevar camiseta de \u201csedicioso\u201d"},"content":{"rendered":"<p>La Justicia de Hong Kong conden\u00f3 ayer a 14 meses de prisi\u00f3n, a un hombre acusado de cometer actos de \u201csedici\u00f3n\u201d, por llevar una camiseta con un eslogan considerado independentista en el marco de la pol\u00e9mica ley de Seguridad Nacional, aprobada a principios de este a\u00f1o para reforzar las penas por traici\u00f3n y sedici\u00f3n.<br \/>\nEl acusado, un joven de 27 a\u00f1os identificado como Chu Kai Poong, se declar\u00f3 culpable de los cargos que se le imputaban, por lo que se converti\u00f3 en el primer convicto bajo esta nueva ley, conocida como \u201cArt\u00edculo 23\u201d y considerada por muchos como una herramienta de Pek\u00edn para socavar las libertades y derechos fundamentales de los hongkoneses.<br \/>\nEl joven fue arrestado por llevar una camiseta y una m\u00e1scara con esl\u00f3ganes relacionados con el 12 de junio, una fecha relacionada con las fuertes protestas contra el Gobierno, registradas en 2019 en la regi\u00f3n. Ahora, seg\u00fan la Justicia, el acusado \u201cutiliz\u00f3 un d\u00eda simb\u00f3lico con la intenci\u00f3n de reavivar las ideas tras las protestas de 2019\u201d, seg\u00fan informaciones recogidas por el portal de noticias Hktkww.<br \/>\nLa normativa, que tipifica nuevos delitos y endurece las penas a prisi\u00f3n contra aquellos que comentan traici\u00f3n, sedici\u00f3n o subversi\u00f3n, fue aprobada en marzo de forma un\u00e1nime tras una segunda lectura en el marco de una sesi\u00f3n parlamentaria que se alarg\u00f3 durante horas.<br \/>\nNo obstante, y a pesar de las cr\u00edticas, los diputados mostraron su apoyo a esta nueva legislaci\u00f3n por considerar que contribuir\u00e1 a \u201csalvaguardar\u201d la seguridad en la regi\u00f3n administrativa especial china y a \u201cgarantizar una atm\u00f3sfera estable para los negocios e inversiones\u201d. (Europa Press)<\/p>\n","protected":false},"excerpt":{"rendered":"<p>La Justicia de Hong Kong conden\u00f3 ayer a 14 meses de prisi\u00f3n, a un hombre acusado de cometer actos de \u201csedici\u00f3n\u201d, por llevar una camiseta con un eslogan considerado independentista en el marco de la pol\u00e9mica ley de Seguridad Nacional, aprobada a principios de este a\u00f1o para reforzar las penas por traici\u00f3n y sedici\u00f3n. El [&hellip;]<\/p>\n","protected":false},"author":1,"featured_media":248647,"comment_status":"open","ping_status":"open","sticky":false,"template":"","format":"standard","meta":{"_acf_changed":false,"footnotes":""},"categories":[3],"tags":[],"class_list":["post-248646","post","type-post","status-publish","format-standard","has-post-thumbnail","category-internacional"],"acf":{"antetitulo":"Hong Kong"},"yoast_head":"<!-- This site is optimized with the Yoast SEO plugin v28.4 - https:\/\/yoast.com\/product\/yoast-seo-wordpress\/ -->\n<title>Condenan a 14 meses de prisi\u00f3n por llevar camiseta de \u201csedicioso\u201d - El Diario - Bolivia<\/title>\n<meta name=\"robots\" content=\"index, follow, max-snippet:-1, max-image-preview:large, max-video-preview:-1\" \/>\n<link rel=\"canonical\" href=\"https:\/\/www.eldiario.net\/portal\/2024\/09\/20\/condenan-a-14-meses-de-prision-por-llevar-camiseta-de-sedicioso\/\" \/>\n<meta property=\"og:locale\" content=\"es_ES\" \/>\n<meta property=\"og:type\" content=\"article\" \/>\n<meta property=\"og:title\" content=\"Condenan a 14 meses de prisi\u00f3n por llevar camiseta de \u201csedicioso\u201d - El Diario - Bolivia\" \/>\n<meta property=\"og:description\" content=\"La Justicia de Hong Kong conden\u00f3 ayer a 14 meses de prisi\u00f3n, a un hombre acusado de cometer actos de \u201csedici\u00f3n\u201d, por llevar una camiseta con un eslogan considerado independentista en el marco de la pol\u00e9mica ley de Seguridad Nacional, aprobada a principios de este a\u00f1o para reforzar las penas por traici\u00f3n y sedici\u00f3n. El [&hellip;]\" \/>\n<meta property=\"og:url\" content=\"https:\/\/www.eldiario.net\/portal\/2024\/09\/20\/condenan-a-14-meses-de-prision-por-llevar-camiseta-de-sedicioso\/\" \/>\n<meta property=\"og:site_name\" content=\"El Diario - Bolivia\" \/>\n<meta property=\"article:publisher\" content=\"https:\/\/www.facebook.com\/eldiario.bolivia\/\" \/>\n<meta property=\"article:published_time\" content=\"2024-09-20T09:36:46+00:00\" \/>\n<meta property=\"og:image\" content=\"https:\/\/www.eldiario.net\/portal\/wp-content\/uploads\/2024\/09\/CAMISETA-Swissinfo.ch_.jpg\" \/>\n\t<meta property=\"og:image:width\" content=\"945\" \/>\n\t<meta property=\"og:image:height\" content=\"630\" \/>\n\t<meta property=\"og:image:type\" content=\"image\/jpeg\" \/>\n<meta name=\"author\" content=\"Jeanette\" \/>\n<meta name=\"twitter:card\" content=\"summary_large_image\" \/>\n<meta name=\"twitter:creator\" content=\"@eldiario_net\" \/>\n<meta name=\"twitter:site\" content=\"@eldiario_net\" \/>\n<meta name=\"twitter:label1\" content=\"Escrito por\" \/>\n\t<meta name=\"twitter:data1\" content=\"Jeanette\" \/>\n\t<meta name=\"twitter:label2\" content=\"Tiempo de lectura\" \/>\n\t<meta name=\"twitter:data2\" content=\"2 minutos\" \/>\n<script type=\"application\/ld+json\" class=\"yoast-schema-graph\">{\"@context\":\"https:\\\/\\\/schema.org\",\"@graph\":[{\"@type\":\"Article\",\"@id\":\"https:\\\/\\\/www.eldiario.net\\\/portal\\\/2024\\\/09\\\/20\\\/condenan-a-14-meses-de-prision-por-llevar-camiseta-de-sedicioso\\\/#article\",\"isPartOf\":{\"@id\":\"https:\\\/\\\/www.eldiario.net\\\/portal\\\/2024\\\/09\\\/20\\\/condenan-a-14-meses-de-prision-por-llevar-camiseta-de-sedicioso\\\/\"},\"author\":{\"name\":\"Jeanette\",\"@id\":\"https:\\\/\\\/www.eldiario.net\\\/portal\\\/#\\\/schema\\\/person\\\/f46445640444750d7d753ccd04ae01b7\"},\"headline\":\"Condenan a 14 meses de prisi\u00f3n por llevar camiseta de \u201csedicioso\u201d\",\"datePublished\":\"2024-09-20T09:36:46+00:00\",\"mainEntityOfPage\":{\"@id\":\"https:\\\/\\\/www.eldiario.net\\\/portal\\\/2024\\\/09\\\/20\\\/condenan-a-14-meses-de-prision-por-llevar-camiseta-de-sedicioso\\\/\"},\"wordCount\":297,\"commentCount\":0,\"publisher\":{\"@id\":\"https:\\\/\\\/www.eldiario.net\\\/portal\\\/#organization\"},\"image\":{\"@id\":\"https:\\\/\\\/www.eldiario.net\\\/portal\\\/2024\\\/09\\\/20\\\/condenan-a-14-meses-de-prision-por-llevar-camiseta-de-sedicioso\\\/#primaryimage\"},\"thumbnailUrl\":\"https:\\\/\\\/www.eldiario.net\\\/portal\\\/wp-content\\\/uploads\\\/2024\\\/09\\\/CAMISETA-Swissinfo.ch_.jpg\",\"articleSection\":[\"Internacional\"],\"inLanguage\":\"es\",\"potentialAction\":[{\"@type\":\"CommentAction\",\"name\":\"Comment\",\"target\":[\"https:\\\/\\\/www.eldiario.net\\\/portal\\\/2024\\\/09\\\/20\\\/condenan-a-14-meses-de-prision-por-llevar-camiseta-de-sedicioso\\\/#respond\"]}]},{\"@type\":\"WebPage\",\"@id\":\"https:\\\/\\\/www.eldiario.net\\\/portal\\\/2024\\\/09\\\/20\\\/condenan-a-14-meses-de-prision-por-llevar-camiseta-de-sedicioso\\\/\",\"url\":\"https:\\\/\\\/www.eldiario.net\\\/portal\\\/2024\\\/09\\\/20\\\/condenan-a-14-meses-de-prision-por-llevar-camiseta-de-sedicioso\\\/\",\"name\":\"Condenan a 14 meses de prisi\u00f3n por llevar camiseta de \u201csedicioso\u201d - El Diario - Bolivia\",\"isPartOf\":{\"@id\":\"https:\\\/\\\/www.eldiario.net\\\/portal\\\/#website\"},\"primaryImageOfPage\":{\"@id\":\"https:\\\/\\\/www.eldiario.net\\\/portal\\\/2024\\\/09\\\/20\\\/condenan-a-14-meses-de-prision-por-llevar-camiseta-de-sedicioso\\\/#primaryimage\"},\"image\":{\"@id\":\"https:\\\/\\\/www.eldiario.net\\\/portal\\\/2024\\\/09\\\/20\\\/condenan-a-14-meses-de-prision-por-llevar-camiseta-de-sedicioso\\\/#primaryimage\"},\"thumbnailUrl\":\"https:\\\/\\\/www.eldiario.net\\\/portal\\\/wp-content\\\/uploads\\\/2024\\\/09\\\/CAMISETA-Swissinfo.ch_.jpg\",\"datePublished\":\"2024-09-20T09:36:46+00:00\",\"breadcrumb\":{\"@id\":\"https:\\\/\\\/www.eldiario.net\\\/portal\\\/2024\\\/09\\\/20\\\/condenan-a-14-meses-de-prision-por-llevar-camiseta-de-sedicioso\\\/#breadcrumb\"},\"inLanguage\":\"es\",\"potentialAction\":[{\"@type\":\"ReadAction\",\"target\":[\"https:\\\/\\\/www.eldiario.net\\\/portal\\\/2024\\\/09\\\/20\\\/condenan-a-14-meses-de-prision-por-llevar-camiseta-de-sedicioso\\\/\"]}]},{\"@type\":\"ImageObject\",\"inLanguage\":\"es\",\"@id\":\"https:\\\/\\\/www.eldiario.net\\\/portal\\\/2024\\\/09\\\/20\\\/condenan-a-14-meses-de-prision-por-llevar-camiseta-de-sedicioso\\\/#primaryimage\",\"url\":\"https:\\\/\\\/www.eldiario.net\\\/portal\\\/wp-content\\\/uploads\\\/2024\\\/09\\\/CAMISETA-Swissinfo.ch_.jpg\",\"contentUrl\":\"https:\\\/\\\/www.eldiario.net\\\/portal\\\/wp-content\\\/uploads\\\/2024\\\/09\\\/CAMISETA-Swissinfo.ch_.jpg\",\"width\":945,\"height\":630},{\"@type\":\"BreadcrumbList\",\"@id\":\"https:\\\/\\\/www.eldiario.net\\\/portal\\\/2024\\\/09\\\/20\\\/condenan-a-14-meses-de-prision-por-llevar-camiseta-de-sedicioso\\\/#breadcrumb\",\"itemListElement\":[{\"@type\":\"ListItem\",\"position\":1,\"name\":\"Portada\",\"item\":\"https:\\\/\\\/www.eldiario.net\\\/portal\\\/\"},{\"@type\":\"ListItem\",\"position\":2,\"name\":\"Condenan a 14 meses de prisi\u00f3n por llevar camiseta de \u201csedicioso\u201d\"}]},{\"@type\":\"WebSite\",\"@id\":\"https:\\\/\\\/www.eldiario.net\\\/portal\\\/#website\",\"url\":\"https:\\\/\\\/www.eldiario.net\\\/portal\\\/\",\"name\":\"El Diario - Decano de la prensa nacional\",\"description\":\"El Diario - Decano de la prensa nacional\",\"publisher\":{\"@id\":\"https:\\\/\\\/www.eldiario.net\\\/portal\\\/#organization\"},\"potentialAction\":[{\"@type\":\"SearchAction\",\"target\":{\"@type\":\"EntryPoint\",\"urlTemplate\":\"https:\\\/\\\/www.eldiario.net\\\/portal\\\/?s={search_term_string}\"},\"query-input\":{\"@type\":\"PropertyValueSpecification\",\"valueRequired\":true,\"valueName\":\"search_term_string\"}}],\"inLanguage\":\"es\"},{\"@type\":\"Organization\",\"@id\":\"https:\\\/\\\/www.eldiario.net\\\/portal\\\/#organization\",\"name\":\"El Diario - Decano de la prensa nacional\",\"url\":\"https:\\\/\\\/www.eldiario.net\\\/portal\\\/\",\"logo\":{\"@type\":\"ImageObject\",\"inLanguage\":\"es\",\"@id\":\"https:\\\/\\\/www.eldiario.net\\\/portal\\\/#\\\/schema\\\/logo\\\/image\\\/\",\"url\":\"https:\\\/\\\/www.eldiario.net\\\/portal\\\/wp-content\\\/uploads\\\/2023\\\/07\\\/logo_ED.jpg\",\"contentUrl\":\"https:\\\/\\\/www.eldiario.net\\\/portal\\\/wp-content\\\/uploads\\\/2023\\\/07\\\/logo_ED.jpg\",\"width\":272,\"height\":52,\"caption\":\"El Diario - Decano de la prensa nacional\"},\"image\":{\"@id\":\"https:\\\/\\\/www.eldiario.net\\\/portal\\\/#\\\/schema\\\/logo\\\/image\\\/\"},\"sameAs\":[\"https:\\\/\\\/www.facebook.com\\\/eldiario.bolivia\\\/\",\"https:\\\/\\\/x.com\\\/eldiario_net\"]},{\"@type\":\"Person\",\"@id\":\"https:\\\/\\\/www.eldiario.net\\\/portal\\\/#\\\/schema\\\/person\\\/f46445640444750d7d753ccd04ae01b7\",\"name\":\"Jeanette\",\"image\":{\"@type\":\"ImageObject\",\"inLanguage\":\"es\",\"@id\":\"https:\\\/\\\/secure.gravatar.com\\\/avatar\\\/3ea2118a5f7dad2b7138b1187a6b7ee55f160b9968b66013c3a3ef39dd7e5798?s=96&d=mm&r=g\",\"url\":\"https:\\\/\\\/secure.gravatar.com\\\/avatar\\\/3ea2118a5f7dad2b7138b1187a6b7ee55f160b9968b66013c3a3ef39dd7e5798?s=96&d=mm&r=g\",\"contentUrl\":\"https:\\\/\\\/secure.gravatar.com\\\/avatar\\\/3ea2118a5f7dad2b7138b1187a6b7ee55f160b9968b66013c3a3ef39dd7e5798?s=96&d=mm&r=g\",\"caption\":\"Jeanette\"},\"sameAs\":[\"https:\\\/\\\/www.eldiario.net\\\/portal\"],\"url\":\"https:\\\/\\\/www.eldiario.net\\\/portal\\\/author\\\/jeanette\\\/\"}]}<\/script>\n<!-- \/ Yoast SEO plugin. -->","yoast_head_json":{"title":"Condenan a 14 meses de prisi\u00f3n por llevar camiseta de \u201csedicioso\u201d - El Diario - Bolivia","robots":{"index":"index","follow":"follow","max-snippet":"max-snippet:-1","max-image-preview":"max-image-preview:large","max-video-preview":"max-video-preview:-1"},"canonical":"https:\/\/www.eldiario.net\/portal\/2024\/09\/20\/condenan-a-14-meses-de-prision-por-llevar-camiseta-de-sedicioso\/","og_locale":"es_ES","og_type":"article","og_title":"Condenan a 14 meses de prisi\u00f3n por llevar camiseta de \u201csedicioso\u201d - El Diario - Bolivia","og_description":"La Justicia de Hong Kong conden\u00f3 ayer a 14 meses de prisi\u00f3n, a un hombre acusado de cometer actos de \u201csedici\u00f3n\u201d, por llevar una camiseta con un eslogan considerado independentista en el marco de la pol\u00e9mica ley de Seguridad Nacional, aprobada a principios de este a\u00f1o para reforzar las penas por traici\u00f3n y sedici\u00f3n. El [&hellip;]","og_url":"https:\/\/www.eldiario.net\/portal\/2024\/09\/20\/condenan-a-14-meses-de-prision-por-llevar-camiseta-de-sedicioso\/","og_site_name":"El Diario - Bolivia","article_publisher":"https:\/\/www.facebook.com\/eldiario.bolivia\/","article_published_time":"2024-09-20T09:36:46+00:00","og_image":[{"width":945,"height":630,"url":"https:\/\/www.eldiario.net\/portal\/wp-content\/uploads\/2024\/09\/CAMISETA-Swissinfo.ch_.jpg","type":"image\/jpeg"}],"author":"Jeanette","twitter_card":"summary_large_image","twitter_creator":"@eldiario_net","twitter_site":"@eldiario_net","twitter_misc":{"Escrito por":"Jeanette","Tiempo de lectura":"2 minutos"},"schema":{"@context":"https:\/\/schema.org","@graph":[{"@type":"Article","@id":"https:\/\/www.eldiario.net\/portal\/2024\/09\/20\/condenan-a-14-meses-de-prision-por-llevar-camiseta-de-sedicioso\/#article","isPartOf":{"@id":"https:\/\/www.eldiario.net\/portal\/2024\/09\/20\/condenan-a-14-meses-de-prision-por-llevar-camiseta-de-sedicioso\/"},"author":{"name":"Jeanette","@id":"https:\/\/www.eldiario.net\/portal\/#\/schema\/person\/f46445640444750d7d753ccd04ae01b7"},"headline":"Condenan a 14 meses de prisi\u00f3n por llevar camiseta de \u201csedicioso\u201d","datePublished":"2024-09-20T09:36:46+00:00","mainEntityOfPage":{"@id":"https:\/\/www.eldiario.net\/portal\/2024\/09\/20\/condenan-a-14-meses-de-prision-por-llevar-camiseta-de-sedicioso\/"},"wordCount":297,"commentCount":0,"publisher":{"@id":"https:\/\/www.eldiario.net\/portal\/#organization"},"image":{"@id":"https:\/\/www.eldiario.net\/portal\/2024\/09\/20\/condenan-a-14-meses-de-prision-por-llevar-camiseta-de-sedicioso\/#primaryimage"},"thumbnailUrl":"https:\/\/www.eldiario.net\/portal\/wp-content\/uploads\/2024\/09\/CAMISETA-Swissinfo.ch_.jpg","articleSection":["Internacional"],"inLanguage":"es","potentialAction":[{"@type":"CommentAction","name":"Comment","target":["https:\/\/www.eldiario.net\/portal\/2024\/09\/20\/condenan-a-14-meses-de-prision-por-llevar-camiseta-de-sedicioso\/#respond"]}]},{"@type":"WebPage","@id":"https:\/\/www.eldiario.net\/portal\/2024\/09\/20\/condenan-a-14-meses-de-prision-por-llevar-camiseta-de-sedicioso\/","url":"https:\/\/www.eldiario.net\/portal\/2024\/09\/20\/condenan-a-14-meses-de-prision-por-llevar-camiseta-de-sedicioso\/","name":"Condenan a 14 meses de prisi\u00f3n por llevar camiseta de \u201csedicioso\u201d - El Diario - Bolivia","isPartOf":{"@id":"https:\/\/www.eldiario.net\/portal\/#website"},"primaryImageOfPage":{"@id":"https:\/\/www.eldiario.net\/portal\/2024\/09\/20\/condenan-a-14-meses-de-prision-por-llevar-camiseta-de-sedicioso\/#primaryimage"},"image":{"@id":"https:\/\/www.eldiario.net\/portal\/2024\/09\/20\/condenan-a-14-meses-de-prision-por-llevar-camiseta-de-sedicioso\/#primaryimage"},"thumbnailUrl":"https:\/\/www.eldiario.net\/portal\/wp-content\/uploads\/2024\/09\/CAMISETA-Swissinfo.ch_.jpg","datePublished":"2024-09-20T09:36:46+00:00","breadcrumb":{"@id":"https:\/\/www.eldiario.net\/portal\/2024\/09\/20\/condenan-a-14-meses-de-prision-por-llevar-camiseta-de-sedicioso\/#breadcrumb"},"inLanguage":"es","potentialAction":[{"@type":"ReadAction","target":["https:\/\/www.eldiario.net\/portal\/2024\/09\/20\/condenan-a-14-meses-de-prision-por-llevar-camiseta-de-sedicioso\/"]}]},{"@type":"ImageObject","inLanguage":"es","@id":"https:\/\/www.eldiario.net\/portal\/2024\/09\/20\/condenan-a-14-meses-de-prision-por-llevar-camiseta-de-sedicioso\/#primaryimage","url":"https:\/\/www.eldiario.net\/portal\/wp-content\/uploads\/2024\/09\/CAMISETA-Swissinfo.ch_.jpg","contentUrl":"https:\/\/www.eldiario.net\/portal\/wp-content\/uploads\/2024\/09\/CAMISETA-Swissinfo.ch_.jpg","width":945,"height":630},{"@type":"BreadcrumbList","@id":"https:\/\/www.eldiario.net\/portal\/2024\/09\/20\/condenan-a-14-meses-de-prision-por-llevar-camiseta-de-sedicioso\/#breadcrumb","itemListElement":[{"@type":"ListItem","position":1,"name":"Portada","item":"https:\/\/www.eldiario.net\/portal\/"},{"@type":"ListItem","position":2,"name":"Condenan a 14 meses de prisi\u00f3n por llevar camiseta de \u201csedicioso\u201d"}]},{"@type":"WebSite","@id":"https:\/\/www.eldiario.net\/portal\/#website","url":"https:\/\/www.eldiario.net\/portal\/","name":"El Diario - Decano de la prensa nacional","description":"El Diario - Decano de la prensa nacional","publisher":{"@id":"https:\/\/www.eldiario.net\/portal\/#organization"},"potentialAction":[{"@type":"SearchAction","target":{"@type":"EntryPoint","urlTemplate":"https:\/\/www.eldiario.net\/portal\/?s={search_term_string}"},"query-input":{"@type":"PropertyValueSpecification","valueRequired":true,"valueName":"search_term_string"}}],"inLanguage":"es"},{"@type":"Organization","@id":"https:\/\/www.eldiario.net\/portal\/#organization","name":"El Diario - Decano de la prensa nacional","url":"https:\/\/www.eldiario.net\/portal\/","logo":{"@type":"ImageObject","inLanguage":"es","@id":"https:\/\/www.eldiario.net\/portal\/#\/schema\/logo\/image\/","url":"https:\/\/www.eldiario.net\/portal\/wp-content\/uploads\/2023\/07\/logo_ED.jpg","contentUrl":"https:\/\/www.eldiario.net\/portal\/wp-content\/uploads\/2023\/07\/logo_ED.jpg","width":272,"height":52,"caption":"El Diario - Decano de la prensa nacional"},"image":{"@id":"https:\/\/www.eldiario.net\/portal\/#\/schema\/logo\/image\/"},"sameAs":["https:\/\/www.facebook.com\/eldiario.bolivia\/","https:\/\/x.com\/eldiario_net"]},{"@type":"Person","@id":"https:\/\/www.eldiario.net\/portal\/#\/schema\/person\/f46445640444750d7d753ccd04ae01b7","name":"Jeanette","image":{"@type":"ImageObject","inLanguage":"es","@id":"https:\/\/secure.gravatar.com\/avatar\/3ea2118a5f7dad2b7138b1187a6b7ee55f160b9968b66013c3a3ef39dd7e5798?s=96&d=mm&r=g","url":"https:\/\/secure.gravatar.com\/avatar\/3ea2118a5f7dad2b7138b1187a6b7ee55f160b9968b66013c3a3ef39dd7e5798?s=96&d=mm&r=g","contentUrl":"https:\/\/secure.gravatar.com\/avatar\/3ea2118a5f7dad2b7138b1187a6b7ee55f160b9968b66013c3a3ef39dd7e5798?s=96&d=mm&r=g","caption":"Jeanette"},"sameAs":["https:\/\/www.eldiario.net\/portal"],"url":"https:\/\/www.eldiario.net\/portal\/author\/jeanette\/"}]}},"_links":{"self":[{"href":"https:\/\/www.eldiario.net\/portal\/wp-json\/wp\/v2\/posts\/248646","targetHints":{"allow":["GET"]}}],"collection":[{"href":"https:\/\/www.eldiario.net\/portal\/wp-json\/wp\/v2\/posts"}],"about":[{"href":"https:\/\/www.eldiario.net\/portal\/wp-json\/wp\/v2\/types\/post"}],"author":[{"embeddable":true,"href":"https:\/\/www.eldiario.net\/portal\/wp-json\/wp\/v2\/users\/1"}],"replies":[{"embeddable":true,"href":"https:\/\/www.eldiario.net\/portal\/wp-json\/wp\/v2\/comments?post=248646"}],"version-history":[{"count":1,"href":"https:\/\/www.eldiario.net\/portal\/wp-json\/wp\/v2\/posts\/248646\/revisions"}],"predecessor-version":[{"id":248648,"href":"https:\/\/www.eldiario.net\/portal\/wp-json\/wp\/v2\/posts\/248646\/revisions\/248648"}],"wp:featuredmedia":[{"embeddable":true,"href":"https:\/\/www.eldiario.net\/portal\/wp-json\/wp\/v2\/media\/248647"}],"wp:attachment":[{"href":"https:\/\/www.eldiario.net\/portal\/wp-json\/wp\/v2\/media?parent=248646"}],"wp:term":[{"taxonomy":"category","embeddable":true,"href":"https:\/\/www.eldiario.net\/portal\/wp-json\/wp\/v2\/categories?post=248646"},{"taxonomy":"post_tag","embeddable":true,"href":"https:\/\/www.eldiario.net\/portal\/wp-json\/wp\/v2\/tags?post=248646"}],"curies":[{"name":"wp","href":"https:\/\/api.w.org\/{rel}","templated":true}]}}