{"id":248643,"date":"2024-09-20T05:36:14","date_gmt":"2024-09-20T09:36:14","guid":{"rendered":"https:\/\/www.eldiario.net\/portal\/?p=248643"},"modified":"2024-09-20T05:36:14","modified_gmt":"2024-09-20T09:36:14","slug":"reconoce-a-gonzalez-como-presidente-electo-de-venezuela","status":"publish","type":"post","link":"https:\/\/www.eldiario.net\/portal\/2024\/09\/20\/reconoce-a-gonzalez-como-presidente-electo-de-venezuela\/","title":{"rendered":"Reconoce a Gonz\u00e1lez como  Presidente electo de Venezuela"},"content":{"rendered":"<p>El Parlamento Europeo reconoci\u00f3 ayer al candidato opositor, Edmundo Gonz\u00e1lez, como \u201cPresidente leg\u00edtimo\u201d de Venezuela con el voto en contra de los socialdem\u00f3cratas, grupo del Partido Social Obrero Espa\u00f1ol (PSOE), y la no participaci\u00f3n de los liberales despu\u00e9s de que sali\u00f3 adelante la propuesta del Partido Popular Europeo pactada con dos grupos de ultraderecha.<br \/>\nLa resoluci\u00f3n conjunta de los \u201cpopulares\u201d, el grupo de Conservadores y Reformistas que lidera la primera ministra italiana Giorgia Meloni y Patriotas, el grupo del primer ministro h\u00fangaro Viktor Orb\u00e1n y la l\u00edder de Agrupaci\u00f3n Nacional, Marine Le Pen, en el que se encuadra Vox, fue aprobada con 309 votos a favor, 201 en contra y 12 abstenciones.<br \/>\nEste texto sit\u00faa a la Euroc\u00e1mara en la vanguardia del reconocimiento de Gonz\u00e1lez como \u201cpresidente leg\u00edtimo y democr\u00e1ticamente elegido de Venezuela\u201d y a Mar\u00eda Corina Machado \u201ccomo l\u00edder de las fuerzas democr\u00e1ticas en Venezuela\u201d.<br \/>\nEl Parlamento Europeo insta a todos los Estados miembros de la Uni\u00f3n Europea a dar el mismo paso y reconocer al veterano diplom\u00e1tico como presidente venezolano, reclamando que \u201chagan todo lo posible\u201d para garantizar que toma posesi\u00f3n el 10 de enero de 2025.<br \/>\nPide igualmente a los actores regionales a que ejerzan \u201ctoda la presi\u00f3n posible\u201d sobre el r\u00e9gimen de Nicol\u00e1s Maduro para que acepten la voluntad democr\u00e1tica del pueblo venezolano y advierte de un posible \u201cnuevo \u00e9xodo migratorio\u201d si no se produce un traspaso pac\u00edfico del poder y el restablecimiento de la democracia.<br \/>\nDETENCI\u00d3N<br \/>\nCONTRA MADURO<br \/>\nLa resoluci\u00f3n acordada por los grupos de la derecha insta a la UE y sus Estados miembros a solicitar una orden de detenci\u00f3n internacional contra Maduro \u201cpor cr\u00edmenes contra la humanidad por todas las graves violaciones de los derechos humanos cometidas\u201d, recogiendo as\u00ed la demanda del Partido Popular Europeo (PPE).<br \/>\nRespecto a la pol\u00edtica de la UE hacia Caracas, recuerda que la relajaci\u00f3n de algunas sanciones el pasado mes de mayo en busca de mejorar el clima electoral, \u201cno produjo ning\u00fan efecto positivo\u201d, por lo que insiste en redoblar las sanciones y a\u00f1adir a la \u201clista negra\u201d a miembros del Consejo Nacional Electoral (CNE), as\u00ed como ampliar las restricciones para sancionar a Maduro y su c\u00edrculo \u00edntimo, incluido el presidente de la Asamblea Nacional, Jorge Rodr\u00edguez.<br \/>\nEn todo momento, el texto expresa su \u201ccondena en\u00e9rgica\u201d del \u201cfraude electoral orquestado por el \u201cCNE\u201d y denuncia que no haya hecho p\u00fablicas las actas que acrediten el resultado electoral pese a la presi\u00f3n internacional. El CNE dio como ganador a Maduro sin presentar ninguna prueba que acredite el resultado.<br \/>\nTambi\u00e9n se hace eco de que las misiones internacionales de observaci\u00f3n electoral subrayan que las elecciones presidenciales del 28 de julio no cumplieron los est\u00e1ndares y normas internacionales, que el grupo de expertos de la ONU dio \u201cfiabilidad\u201d a las la muestra de las actas electorales revisadas y publicadas por la oposici\u00f3n. (Europa Press)<\/p>\n<p>&nbsp;<\/p>\n","protected":false},"excerpt":{"rendered":"<p>El Parlamento Europeo reconoci\u00f3 ayer al candidato opositor, Edmundo Gonz\u00e1lez, como \u201cPresidente leg\u00edtimo\u201d de Venezuela con el voto en contra de los socialdem\u00f3cratas, grupo del Partido Social Obrero Espa\u00f1ol (PSOE), y la no participaci\u00f3n de los liberales despu\u00e9s de que sali\u00f3 adelante la propuesta del Partido Popular Europeo pactada con dos grupos de ultraderecha. La [&hellip;]<\/p>\n","protected":false},"author":1,"featured_media":248644,"comment_status":"open","ping_status":"open","sticky":false,"template":"","format":"standard","meta":{"_acf_changed":false,"footnotes":""},"categories":[3],"tags":[],"class_list":["post-248643","post","type-post","status-publish","format-standard","has-post-thumbnail","category-internacional"],"acf":{"antetitulo":"Parlamento Europeo"},"yoast_head":"<!-- This site is optimized with the Yoast SEO plugin v28.4 - https:\/\/yoast.com\/product\/yoast-seo-wordpress\/ -->\n<title>Reconoce a Gonz\u00e1lez como Presidente electo de Venezuela - El Diario - Bolivia<\/title>\n<meta name=\"robots\" content=\"index, follow, max-snippet:-1, max-image-preview:large, max-video-preview:-1\" \/>\n<link rel=\"canonical\" href=\"https:\/\/www.eldiario.net\/portal\/2024\/09\/20\/reconoce-a-gonzalez-como-presidente-electo-de-venezuela\/\" \/>\n<meta property=\"og:locale\" content=\"es_ES\" \/>\n<meta property=\"og:type\" content=\"article\" \/>\n<meta property=\"og:title\" content=\"Reconoce a Gonz\u00e1lez como Presidente electo de Venezuela - El Diario - Bolivia\" \/>\n<meta property=\"og:description\" content=\"El Parlamento Europeo reconoci\u00f3 ayer al candidato opositor, Edmundo Gonz\u00e1lez, como \u201cPresidente leg\u00edtimo\u201d de Venezuela con el voto en contra de los socialdem\u00f3cratas, grupo del Partido Social Obrero Espa\u00f1ol (PSOE), y la no participaci\u00f3n de los liberales despu\u00e9s de que sali\u00f3 adelante la propuesta del Partido Popular Europeo pactada con dos grupos de ultraderecha. La [&hellip;]\" \/>\n<meta property=\"og:url\" content=\"https:\/\/www.eldiario.net\/portal\/2024\/09\/20\/reconoce-a-gonzalez-como-presidente-electo-de-venezuela\/\" \/>\n<meta property=\"og:site_name\" content=\"El Diario - Bolivia\" \/>\n<meta property=\"article:publisher\" content=\"https:\/\/www.facebook.com\/eldiario.bolivia\/\" \/>\n<meta property=\"article:published_time\" content=\"2024-09-20T09:36:14+00:00\" \/>\n<meta property=\"og:image\" content=\"https:\/\/www.eldiario.net\/portal\/wp-content\/uploads\/2024\/09\/ELECTO-Tenemos-Noticias.jpg\" \/>\n\t<meta property=\"og:image:width\" content=\"1024\" \/>\n\t<meta property=\"og:image:height\" content=\"683\" \/>\n\t<meta property=\"og:image:type\" content=\"image\/jpeg\" \/>\n<meta name=\"author\" content=\"Jeanette\" \/>\n<meta name=\"twitter:card\" content=\"summary_large_image\" \/>\n<meta name=\"twitter:creator\" content=\"@eldiario_net\" \/>\n<meta name=\"twitter:site\" content=\"@eldiario_net\" \/>\n<meta name=\"twitter:label1\" content=\"Escrito por\" \/>\n\t<meta name=\"twitter:data1\" content=\"Jeanette\" \/>\n\t<meta name=\"twitter:label2\" content=\"Tiempo de lectura\" \/>\n\t<meta name=\"twitter:data2\" content=\"3 minutos\" \/>\n<script type=\"application\/ld+json\" class=\"yoast-schema-graph\">{\"@context\":\"https:\\\/\\\/schema.org\",\"@graph\":[{\"@type\":\"Article\",\"@id\":\"https:\\\/\\\/www.eldiario.net\\\/portal\\\/2024\\\/09\\\/20\\\/reconoce-a-gonzalez-como-presidente-electo-de-venezuela\\\/#article\",\"isPartOf\":{\"@id\":\"https:\\\/\\\/www.eldiario.net\\\/portal\\\/2024\\\/09\\\/20\\\/reconoce-a-gonzalez-como-presidente-electo-de-venezuela\\\/\"},\"author\":{\"name\":\"Jeanette\",\"@id\":\"https:\\\/\\\/www.eldiario.net\\\/portal\\\/#\\\/schema\\\/person\\\/f46445640444750d7d753ccd04ae01b7\"},\"headline\":\"Reconoce a Gonz\u00e1lez como Presidente electo de Venezuela\",\"datePublished\":\"2024-09-20T09:36:14+00:00\",\"mainEntityOfPage\":{\"@id\":\"https:\\\/\\\/www.eldiario.net\\\/portal\\\/2024\\\/09\\\/20\\\/reconoce-a-gonzalez-como-presidente-electo-de-venezuela\\\/\"},\"wordCount\":521,\"commentCount\":0,\"publisher\":{\"@id\":\"https:\\\/\\\/www.eldiario.net\\\/portal\\\/#organization\"},\"image\":{\"@id\":\"https:\\\/\\\/www.eldiario.net\\\/portal\\\/2024\\\/09\\\/20\\\/reconoce-a-gonzalez-como-presidente-electo-de-venezuela\\\/#primaryimage\"},\"thumbnailUrl\":\"https:\\\/\\\/www.eldiario.net\\\/portal\\\/wp-content\\\/uploads\\\/2024\\\/09\\\/ELECTO-Tenemos-Noticias.jpg\",\"articleSection\":[\"Internacional\"],\"inLanguage\":\"es\",\"potentialAction\":[{\"@type\":\"CommentAction\",\"name\":\"Comment\",\"target\":[\"https:\\\/\\\/www.eldiario.net\\\/portal\\\/2024\\\/09\\\/20\\\/reconoce-a-gonzalez-como-presidente-electo-de-venezuela\\\/#respond\"]}]},{\"@type\":\"WebPage\",\"@id\":\"https:\\\/\\\/www.eldiario.net\\\/portal\\\/2024\\\/09\\\/20\\\/reconoce-a-gonzalez-como-presidente-electo-de-venezuela\\\/\",\"url\":\"https:\\\/\\\/www.eldiario.net\\\/portal\\\/2024\\\/09\\\/20\\\/reconoce-a-gonzalez-como-presidente-electo-de-venezuela\\\/\",\"name\":\"Reconoce a Gonz\u00e1lez como Presidente electo de Venezuela - El Diario - Bolivia\",\"isPartOf\":{\"@id\":\"https:\\\/\\\/www.eldiario.net\\\/portal\\\/#website\"},\"primaryImageOfPage\":{\"@id\":\"https:\\\/\\\/www.eldiario.net\\\/portal\\\/2024\\\/09\\\/20\\\/reconoce-a-gonzalez-como-presidente-electo-de-venezuela\\\/#primaryimage\"},\"image\":{\"@id\":\"https:\\\/\\\/www.eldiario.net\\\/portal\\\/2024\\\/09\\\/20\\\/reconoce-a-gonzalez-como-presidente-electo-de-venezuela\\\/#primaryimage\"},\"thumbnailUrl\":\"https:\\\/\\\/www.eldiario.net\\\/portal\\\/wp-content\\\/uploads\\\/2024\\\/09\\\/ELECTO-Tenemos-Noticias.jpg\",\"datePublished\":\"2024-09-20T09:36:14+00:00\",\"breadcrumb\":{\"@id\":\"https:\\\/\\\/www.eldiario.net\\\/portal\\\/2024\\\/09\\\/20\\\/reconoce-a-gonzalez-como-presidente-electo-de-venezuela\\\/#breadcrumb\"},\"inLanguage\":\"es\",\"potentialAction\":[{\"@type\":\"ReadAction\",\"target\":[\"https:\\\/\\\/www.eldiario.net\\\/portal\\\/2024\\\/09\\\/20\\\/reconoce-a-gonzalez-como-presidente-electo-de-venezuela\\\/\"]}]},{\"@type\":\"ImageObject\",\"inLanguage\":\"es\",\"@id\":\"https:\\\/\\\/www.eldiario.net\\\/portal\\\/2024\\\/09\\\/20\\\/reconoce-a-gonzalez-como-presidente-electo-de-venezuela\\\/#primaryimage\",\"url\":\"https:\\\/\\\/www.eldiario.net\\\/portal\\\/wp-content\\\/uploads\\\/2024\\\/09\\\/ELECTO-Tenemos-Noticias.jpg\",\"contentUrl\":\"https:\\\/\\\/www.eldiario.net\\\/portal\\\/wp-content\\\/uploads\\\/2024\\\/09\\\/ELECTO-Tenemos-Noticias.jpg\",\"width\":1024,\"height\":683,\"caption\":\"Parlamento europeo reconoce a Edmundo Gonz\u00e1lez, como Presidente de Venezuela.\"},{\"@type\":\"BreadcrumbList\",\"@id\":\"https:\\\/\\\/www.eldiario.net\\\/portal\\\/2024\\\/09\\\/20\\\/reconoce-a-gonzalez-como-presidente-electo-de-venezuela\\\/#breadcrumb\",\"itemListElement\":[{\"@type\":\"ListItem\",\"position\":1,\"name\":\"Portada\",\"item\":\"https:\\\/\\\/www.eldiario.net\\\/portal\\\/\"},{\"@type\":\"ListItem\",\"position\":2,\"name\":\"Reconoce a Gonz\u00e1lez como Presidente electo de Venezuela\"}]},{\"@type\":\"WebSite\",\"@id\":\"https:\\\/\\\/www.eldiario.net\\\/portal\\\/#website\",\"url\":\"https:\\\/\\\/www.eldiario.net\\\/portal\\\/\",\"name\":\"El Diario - Decano de la prensa nacional\",\"description\":\"El Diario - Decano de la prensa nacional\",\"publisher\":{\"@id\":\"https:\\\/\\\/www.eldiario.net\\\/portal\\\/#organization\"},\"potentialAction\":[{\"@type\":\"SearchAction\",\"target\":{\"@type\":\"EntryPoint\",\"urlTemplate\":\"https:\\\/\\\/www.eldiario.net\\\/portal\\\/?s={search_term_string}\"},\"query-input\":{\"@type\":\"PropertyValueSpecification\",\"valueRequired\":true,\"valueName\":\"search_term_string\"}}],\"inLanguage\":\"es\"},{\"@type\":\"Organization\",\"@id\":\"https:\\\/\\\/www.eldiario.net\\\/portal\\\/#organization\",\"name\":\"El Diario - Decano de la prensa nacional\",\"url\":\"https:\\\/\\\/www.eldiario.net\\\/portal\\\/\",\"logo\":{\"@type\":\"ImageObject\",\"inLanguage\":\"es\",\"@id\":\"https:\\\/\\\/www.eldiario.net\\\/portal\\\/#\\\/schema\\\/logo\\\/image\\\/\",\"url\":\"https:\\\/\\\/www.eldiario.net\\\/portal\\\/wp-content\\\/uploads\\\/2023\\\/07\\\/logo_ED.jpg\",\"contentUrl\":\"https:\\\/\\\/www.eldiario.net\\\/portal\\\/wp-content\\\/uploads\\\/2023\\\/07\\\/logo_ED.jpg\",\"width\":272,\"height\":52,\"caption\":\"El Diario - Decano de la prensa nacional\"},\"image\":{\"@id\":\"https:\\\/\\\/www.eldiario.net\\\/portal\\\/#\\\/schema\\\/logo\\\/image\\\/\"},\"sameAs\":[\"https:\\\/\\\/www.facebook.com\\\/eldiario.bolivia\\\/\",\"https:\\\/\\\/x.com\\\/eldiario_net\"]},{\"@type\":\"Person\",\"@id\":\"https:\\\/\\\/www.eldiario.net\\\/portal\\\/#\\\/schema\\\/person\\\/f46445640444750d7d753ccd04ae01b7\",\"name\":\"Jeanette\",\"image\":{\"@type\":\"ImageObject\",\"inLanguage\":\"es\",\"@id\":\"https:\\\/\\\/secure.gravatar.com\\\/avatar\\\/3ea2118a5f7dad2b7138b1187a6b7ee55f160b9968b66013c3a3ef39dd7e5798?s=96&d=mm&r=g\",\"url\":\"https:\\\/\\\/secure.gravatar.com\\\/avatar\\\/3ea2118a5f7dad2b7138b1187a6b7ee55f160b9968b66013c3a3ef39dd7e5798?s=96&d=mm&r=g\",\"contentUrl\":\"https:\\\/\\\/secure.gravatar.com\\\/avatar\\\/3ea2118a5f7dad2b7138b1187a6b7ee55f160b9968b66013c3a3ef39dd7e5798?s=96&d=mm&r=g\",\"caption\":\"Jeanette\"},\"sameAs\":[\"https:\\\/\\\/www.eldiario.net\\\/portal\"],\"url\":\"https:\\\/\\\/www.eldiario.net\\\/portal\\\/author\\\/jeanette\\\/\"}]}<\/script>\n<!-- \/ Yoast SEO plugin. -->","yoast_head_json":{"title":"Reconoce a Gonz\u00e1lez como Presidente electo de Venezuela - El Diario - Bolivia","robots":{"index":"index","follow":"follow","max-snippet":"max-snippet:-1","max-image-preview":"max-image-preview:large","max-video-preview":"max-video-preview:-1"},"canonical":"https:\/\/www.eldiario.net\/portal\/2024\/09\/20\/reconoce-a-gonzalez-como-presidente-electo-de-venezuela\/","og_locale":"es_ES","og_type":"article","og_title":"Reconoce a Gonz\u00e1lez como Presidente electo de Venezuela - El Diario - Bolivia","og_description":"El Parlamento Europeo reconoci\u00f3 ayer al candidato opositor, Edmundo Gonz\u00e1lez, como \u201cPresidente leg\u00edtimo\u201d de Venezuela con el voto en contra de los socialdem\u00f3cratas, grupo del Partido Social Obrero Espa\u00f1ol (PSOE), y la no participaci\u00f3n de los liberales despu\u00e9s de que sali\u00f3 adelante la propuesta del Partido Popular Europeo pactada con dos grupos de ultraderecha. La [&hellip;]","og_url":"https:\/\/www.eldiario.net\/portal\/2024\/09\/20\/reconoce-a-gonzalez-como-presidente-electo-de-venezuela\/","og_site_name":"El Diario - Bolivia","article_publisher":"https:\/\/www.facebook.com\/eldiario.bolivia\/","article_published_time":"2024-09-20T09:36:14+00:00","og_image":[{"width":1024,"height":683,"url":"https:\/\/www.eldiario.net\/portal\/wp-content\/uploads\/2024\/09\/ELECTO-Tenemos-Noticias.jpg","type":"image\/jpeg"}],"author":"Jeanette","twitter_card":"summary_large_image","twitter_creator":"@eldiario_net","twitter_site":"@eldiario_net","twitter_misc":{"Escrito por":"Jeanette","Tiempo de lectura":"3 minutos"},"schema":{"@context":"https:\/\/schema.org","@graph":[{"@type":"Article","@id":"https:\/\/www.eldiario.net\/portal\/2024\/09\/20\/reconoce-a-gonzalez-como-presidente-electo-de-venezuela\/#article","isPartOf":{"@id":"https:\/\/www.eldiario.net\/portal\/2024\/09\/20\/reconoce-a-gonzalez-como-presidente-electo-de-venezuela\/"},"author":{"name":"Jeanette","@id":"https:\/\/www.eldiario.net\/portal\/#\/schema\/person\/f46445640444750d7d753ccd04ae01b7"},"headline":"Reconoce a Gonz\u00e1lez como Presidente electo de Venezuela","datePublished":"2024-09-20T09:36:14+00:00","mainEntityOfPage":{"@id":"https:\/\/www.eldiario.net\/portal\/2024\/09\/20\/reconoce-a-gonzalez-como-presidente-electo-de-venezuela\/"},"wordCount":521,"commentCount":0,"publisher":{"@id":"https:\/\/www.eldiario.net\/portal\/#organization"},"image":{"@id":"https:\/\/www.eldiario.net\/portal\/2024\/09\/20\/reconoce-a-gonzalez-como-presidente-electo-de-venezuela\/#primaryimage"},"thumbnailUrl":"https:\/\/www.eldiario.net\/portal\/wp-content\/uploads\/2024\/09\/ELECTO-Tenemos-Noticias.jpg","articleSection":["Internacional"],"inLanguage":"es","potentialAction":[{"@type":"CommentAction","name":"Comment","target":["https:\/\/www.eldiario.net\/portal\/2024\/09\/20\/reconoce-a-gonzalez-como-presidente-electo-de-venezuela\/#respond"]}]},{"@type":"WebPage","@id":"https:\/\/www.eldiario.net\/portal\/2024\/09\/20\/reconoce-a-gonzalez-como-presidente-electo-de-venezuela\/","url":"https:\/\/www.eldiario.net\/portal\/2024\/09\/20\/reconoce-a-gonzalez-como-presidente-electo-de-venezuela\/","name":"Reconoce a Gonz\u00e1lez como Presidente electo de Venezuela - El Diario - Bolivia","isPartOf":{"@id":"https:\/\/www.eldiario.net\/portal\/#website"},"primaryImageOfPage":{"@id":"https:\/\/www.eldiario.net\/portal\/2024\/09\/20\/reconoce-a-gonzalez-como-presidente-electo-de-venezuela\/#primaryimage"},"image":{"@id":"https:\/\/www.eldiario.net\/portal\/2024\/09\/20\/reconoce-a-gonzalez-como-presidente-electo-de-venezuela\/#primaryimage"},"thumbnailUrl":"https:\/\/www.eldiario.net\/portal\/wp-content\/uploads\/2024\/09\/ELECTO-Tenemos-Noticias.jpg","datePublished":"2024-09-20T09:36:14+00:00","breadcrumb":{"@id":"https:\/\/www.eldiario.net\/portal\/2024\/09\/20\/reconoce-a-gonzalez-como-presidente-electo-de-venezuela\/#breadcrumb"},"inLanguage":"es","potentialAction":[{"@type":"ReadAction","target":["https:\/\/www.eldiario.net\/portal\/2024\/09\/20\/reconoce-a-gonzalez-como-presidente-electo-de-venezuela\/"]}]},{"@type":"ImageObject","inLanguage":"es","@id":"https:\/\/www.eldiario.net\/portal\/2024\/09\/20\/reconoce-a-gonzalez-como-presidente-electo-de-venezuela\/#primaryimage","url":"https:\/\/www.eldiario.net\/portal\/wp-content\/uploads\/2024\/09\/ELECTO-Tenemos-Noticias.jpg","contentUrl":"https:\/\/www.eldiario.net\/portal\/wp-content\/uploads\/2024\/09\/ELECTO-Tenemos-Noticias.jpg","width":1024,"height":683,"caption":"Parlamento europeo reconoce a Edmundo Gonz\u00e1lez, como Presidente de Venezuela."},{"@type":"BreadcrumbList","@id":"https:\/\/www.eldiario.net\/portal\/2024\/09\/20\/reconoce-a-gonzalez-como-presidente-electo-de-venezuela\/#breadcrumb","itemListElement":[{"@type":"ListItem","position":1,"name":"Portada","item":"https:\/\/www.eldiario.net\/portal\/"},{"@type":"ListItem","position":2,"name":"Reconoce a Gonz\u00e1lez como Presidente electo de Venezuela"}]},{"@type":"WebSite","@id":"https:\/\/www.eldiario.net\/portal\/#website","url":"https:\/\/www.eldiario.net\/portal\/","name":"El Diario - Decano de la prensa nacional","description":"El Diario - Decano de la prensa nacional","publisher":{"@id":"https:\/\/www.eldiario.net\/portal\/#organization"},"potentialAction":[{"@type":"SearchAction","target":{"@type":"EntryPoint","urlTemplate":"https:\/\/www.eldiario.net\/portal\/?s={search_term_string}"},"query-input":{"@type":"PropertyValueSpecification","valueRequired":true,"valueName":"search_term_string"}}],"inLanguage":"es"},{"@type":"Organization","@id":"https:\/\/www.eldiario.net\/portal\/#organization","name":"El Diario - Decano de la prensa nacional","url":"https:\/\/www.eldiario.net\/portal\/","logo":{"@type":"ImageObject","inLanguage":"es","@id":"https:\/\/www.eldiario.net\/portal\/#\/schema\/logo\/image\/","url":"https:\/\/www.eldiario.net\/portal\/wp-content\/uploads\/2023\/07\/logo_ED.jpg","contentUrl":"https:\/\/www.eldiario.net\/portal\/wp-content\/uploads\/2023\/07\/logo_ED.jpg","width":272,"height":52,"caption":"El Diario - Decano de la prensa nacional"},"image":{"@id":"https:\/\/www.eldiario.net\/portal\/#\/schema\/logo\/image\/"},"sameAs":["https:\/\/www.facebook.com\/eldiario.bolivia\/","https:\/\/x.com\/eldiario_net"]},{"@type":"Person","@id":"https:\/\/www.eldiario.net\/portal\/#\/schema\/person\/f46445640444750d7d753ccd04ae01b7","name":"Jeanette","image":{"@type":"ImageObject","inLanguage":"es","@id":"https:\/\/secure.gravatar.com\/avatar\/3ea2118a5f7dad2b7138b1187a6b7ee55f160b9968b66013c3a3ef39dd7e5798?s=96&d=mm&r=g","url":"https:\/\/secure.gravatar.com\/avatar\/3ea2118a5f7dad2b7138b1187a6b7ee55f160b9968b66013c3a3ef39dd7e5798?s=96&d=mm&r=g","contentUrl":"https:\/\/secure.gravatar.com\/avatar\/3ea2118a5f7dad2b7138b1187a6b7ee55f160b9968b66013c3a3ef39dd7e5798?s=96&d=mm&r=g","caption":"Jeanette"},"sameAs":["https:\/\/www.eldiario.net\/portal"],"url":"https:\/\/www.eldiario.net\/portal\/author\/jeanette\/"}]}},"_links":{"self":[{"href":"https:\/\/www.eldiario.net\/portal\/wp-json\/wp\/v2\/posts\/248643","targetHints":{"allow":["GET"]}}],"collection":[{"href":"https:\/\/www.eldiario.net\/portal\/wp-json\/wp\/v2\/posts"}],"about":[{"href":"https:\/\/www.eldiario.net\/portal\/wp-json\/wp\/v2\/types\/post"}],"author":[{"embeddable":true,"href":"https:\/\/www.eldiario.net\/portal\/wp-json\/wp\/v2\/users\/1"}],"replies":[{"embeddable":true,"href":"https:\/\/www.eldiario.net\/portal\/wp-json\/wp\/v2\/comments?post=248643"}],"version-history":[{"count":1,"href":"https:\/\/www.eldiario.net\/portal\/wp-json\/wp\/v2\/posts\/248643\/revisions"}],"predecessor-version":[{"id":248645,"href":"https:\/\/www.eldiario.net\/portal\/wp-json\/wp\/v2\/posts\/248643\/revisions\/248645"}],"wp:featuredmedia":[{"embeddable":true,"href":"https:\/\/www.eldiario.net\/portal\/wp-json\/wp\/v2\/media\/248644"}],"wp:attachment":[{"href":"https:\/\/www.eldiario.net\/portal\/wp-json\/wp\/v2\/media?parent=248643"}],"wp:term":[{"taxonomy":"category","embeddable":true,"href":"https:\/\/www.eldiario.net\/portal\/wp-json\/wp\/v2\/categories?post=248643"},{"taxonomy":"post_tag","embeddable":true,"href":"https:\/\/www.eldiario.net\/portal\/wp-json\/wp\/v2\/tags?post=248643"}],"curies":[{"name":"wp","href":"https:\/\/api.w.org\/{rel}","templated":true}]}}