{"id":248640,"date":"2024-09-20T05:35:37","date_gmt":"2024-09-20T09:35:37","guid":{"rendered":"https:\/\/www.eldiario.net\/portal\/?p=248640"},"modified":"2024-09-20T05:35:37","modified_gmt":"2024-09-20T09:35:37","slug":"fallecen-2-personas-en-operacion-policial-en-nueva-caledonia","status":"publish","type":"post","link":"https:\/\/www.eldiario.net\/portal\/2024\/09\/20\/fallecen-2-personas-en-operacion-policial-en-nueva-caledonia\/","title":{"rendered":"Fallecen 2 personas en operaci\u00f3n policial en Nueva Caledonia"},"content":{"rendered":"<p>Las autoridades de Nueva Caledonia, informaron ayer de que dos personas murieron en enfrentamientos con los gendarmes, durante una operaci\u00f3n policial llevada a cabo en la ciudad de San Luis, territorio independentista del territorio franc\u00e9s, un incidente que se produce cuatro meses despu\u00e9s de las fuertes protestas contra la reforma del censo electoral.<br \/>\nLa operaci\u00f3n ten\u00eda como objetivo detener a varias personas, presuntamente implicadas en los disturbios registrados en meses anteriores. Las autoridades, que confirmaron la muerte de una segunda persona, se\u00f1alaron que los dos hombres, de 29 y 30 a\u00f1os, hab\u00edan abierto fuego contra los gendarmes.<br \/>\nLos dos murieron debido a la gravedad de las heridas tras recibir varios disparos a manos de un agente del Grupo Nacional de Intervenci\u00f3n de la Gendarmer\u00eda, tal y como explic\u00f3 en un comunicado el fiscal general de Nueva Caledonia, Yves Dupas, que orden\u00f3 la apertura de dos investigaciones al respecto.<br \/>\nAs\u00ed, la cifra de fallecidos en el marco de la ola de violencia que se inici\u00f3 el pasado mes de mayo ascendi\u00f3 a trece. Miles de personas salieron entonces a la calle para bloquear la reforma constitucional que preve\u00eda una modificaci\u00f3n del censo para conceder el derecho a voto a todos los ciudadanos franceses que llevaran al menos diez a\u00f1os residiendo en el territorio.<br \/>\nLas poblaciones nativas e independentistas criticaron duramente esta medida por considerar que conllevar\u00eda una p\u00e9rdida de poder y representaci\u00f3n. Hasta ahora, el censo se limitaba a los residentes del territorio antes de 1998 y a sus descendientes, siempre y cuando estos hubieran mantenido su residencia habitual en la zona durante al menos diez a\u00f1os.<br \/>\nLa situaci\u00f3n llev\u00f3 al presidente de Francia, Emmanuel Macron, a ceder y afirmar que no \u201cforzar\u00eda\u201d la reforma electoral, al tiempo que sostuvo que desde Par\u00eds se realizar\u00edan los informes pertinentes para alcanzar una soluci\u00f3n al respecto. La semana pasada, las autoridades extendieron y reforzaron el toque de queda de cara a la festividad del 24 de septiembre, que coincide con el aniversario del inicio de la colonizaci\u00f3n por parte de Francia en 1853 y podr\u00eda generar nuevos focos de violencia.<br \/>\nEl toque de queda ya estaba vigente en la zona desde hace casi cuatro meses en el marco de la fuerte ola de protestas contra la reforma constitucional, que ampl\u00eda el censo electoral para incluir a ciudadanos franceses que llevan m\u00e1s de diez a\u00f1os viviendo en la isla. (Europa Press)<\/p>\n","protected":false},"excerpt":{"rendered":"<p>Las autoridades de Nueva Caledonia, informaron ayer de que dos personas murieron en enfrentamientos con los gendarmes, durante una operaci\u00f3n policial llevada a cabo en la ciudad de San Luis, territorio independentista del territorio franc\u00e9s, un incidente que se produce cuatro meses despu\u00e9s de las fuertes protestas contra la reforma del censo electoral. La operaci\u00f3n [&hellip;]<\/p>\n","protected":false},"author":1,"featured_media":248641,"comment_status":"open","ping_status":"open","sticky":false,"template":"","format":"standard","meta":{"_acf_changed":false,"footnotes":""},"categories":[3],"tags":[],"class_list":["post-248640","post","type-post","status-publish","format-standard","has-post-thumbnail","category-internacional"],"acf":{"antetitulo":"Francia"},"yoast_head":"<!-- This site is optimized with the Yoast SEO plugin v28.4 - https:\/\/yoast.com\/product\/yoast-seo-wordpress\/ -->\n<title>Fallecen 2 personas en operaci\u00f3n policial en Nueva Caledonia - El Diario - Bolivia<\/title>\n<meta name=\"robots\" content=\"index, follow, max-snippet:-1, max-image-preview:large, max-video-preview:-1\" \/>\n<link rel=\"canonical\" href=\"https:\/\/www.eldiario.net\/portal\/2024\/09\/20\/fallecen-2-personas-en-operacion-policial-en-nueva-caledonia\/\" \/>\n<meta property=\"og:locale\" content=\"es_ES\" \/>\n<meta property=\"og:type\" content=\"article\" \/>\n<meta property=\"og:title\" content=\"Fallecen 2 personas en operaci\u00f3n policial en Nueva Caledonia - El Diario - Bolivia\" \/>\n<meta property=\"og:description\" content=\"Las autoridades de Nueva Caledonia, informaron ayer de que dos personas murieron en enfrentamientos con los gendarmes, durante una operaci\u00f3n policial llevada a cabo en la ciudad de San Luis, territorio independentista del territorio franc\u00e9s, un incidente que se produce cuatro meses despu\u00e9s de las fuertes protestas contra la reforma del censo electoral. La operaci\u00f3n [&hellip;]\" \/>\n<meta property=\"og:url\" content=\"https:\/\/www.eldiario.net\/portal\/2024\/09\/20\/fallecen-2-personas-en-operacion-policial-en-nueva-caledonia\/\" \/>\n<meta property=\"og:site_name\" content=\"El Diario - Bolivia\" \/>\n<meta property=\"article:publisher\" content=\"https:\/\/www.facebook.com\/eldiario.bolivia\/\" \/>\n<meta property=\"article:published_time\" content=\"2024-09-20T09:35:37+00:00\" \/>\n<meta property=\"og:image\" content=\"https:\/\/www.eldiario.net\/portal\/wp-content\/uploads\/2024\/09\/FRANCIA-France-24.jpeg\" \/>\n\t<meta property=\"og:image:width\" content=\"980\" \/>\n\t<meta property=\"og:image:height\" content=\"551\" \/>\n\t<meta property=\"og:image:type\" content=\"image\/jpeg\" \/>\n<meta name=\"author\" content=\"Jeanette\" \/>\n<meta name=\"twitter:card\" content=\"summary_large_image\" \/>\n<meta name=\"twitter:creator\" content=\"@eldiario_net\" \/>\n<meta name=\"twitter:site\" content=\"@eldiario_net\" \/>\n<meta name=\"twitter:label1\" content=\"Escrito por\" \/>\n\t<meta name=\"twitter:data1\" content=\"Jeanette\" \/>\n\t<meta name=\"twitter:label2\" content=\"Tiempo de lectura\" \/>\n\t<meta name=\"twitter:data2\" content=\"3 minutos\" \/>\n<script type=\"application\/ld+json\" class=\"yoast-schema-graph\">{\"@context\":\"https:\\\/\\\/schema.org\",\"@graph\":[{\"@type\":\"Article\",\"@id\":\"https:\\\/\\\/www.eldiario.net\\\/portal\\\/2024\\\/09\\\/20\\\/fallecen-2-personas-en-operacion-policial-en-nueva-caledonia\\\/#article\",\"isPartOf\":{\"@id\":\"https:\\\/\\\/www.eldiario.net\\\/portal\\\/2024\\\/09\\\/20\\\/fallecen-2-personas-en-operacion-policial-en-nueva-caledonia\\\/\"},\"author\":{\"name\":\"Jeanette\",\"@id\":\"https:\\\/\\\/www.eldiario.net\\\/portal\\\/#\\\/schema\\\/person\\\/2c57cf2b7a7ae032e449e4c9b1019eac\"},\"headline\":\"Fallecen 2 personas en operaci\u00f3n policial en Nueva Caledonia\",\"datePublished\":\"2024-09-20T09:35:37+00:00\",\"mainEntityOfPage\":{\"@id\":\"https:\\\/\\\/www.eldiario.net\\\/portal\\\/2024\\\/09\\\/20\\\/fallecen-2-personas-en-operacion-policial-en-nueva-caledonia\\\/\"},\"wordCount\":428,\"commentCount\":0,\"publisher\":{\"@id\":\"https:\\\/\\\/www.eldiario.net\\\/portal\\\/#organization\"},\"image\":{\"@id\":\"https:\\\/\\\/www.eldiario.net\\\/portal\\\/2024\\\/09\\\/20\\\/fallecen-2-personas-en-operacion-policial-en-nueva-caledonia\\\/#primaryimage\"},\"thumbnailUrl\":\"https:\\\/\\\/www.eldiario.net\\\/portal\\\/wp-content\\\/uploads\\\/2024\\\/09\\\/FRANCIA-France-24.jpeg\",\"articleSection\":[\"Internacional\"],\"inLanguage\":\"es\",\"potentialAction\":[{\"@type\":\"CommentAction\",\"name\":\"Comment\",\"target\":[\"https:\\\/\\\/www.eldiario.net\\\/portal\\\/2024\\\/09\\\/20\\\/fallecen-2-personas-en-operacion-policial-en-nueva-caledonia\\\/#respond\"]}]},{\"@type\":\"WebPage\",\"@id\":\"https:\\\/\\\/www.eldiario.net\\\/portal\\\/2024\\\/09\\\/20\\\/fallecen-2-personas-en-operacion-policial-en-nueva-caledonia\\\/\",\"url\":\"https:\\\/\\\/www.eldiario.net\\\/portal\\\/2024\\\/09\\\/20\\\/fallecen-2-personas-en-operacion-policial-en-nueva-caledonia\\\/\",\"name\":\"Fallecen 2 personas en operaci\u00f3n policial en Nueva Caledonia - El Diario - Bolivia\",\"isPartOf\":{\"@id\":\"https:\\\/\\\/www.eldiario.net\\\/portal\\\/#website\"},\"primaryImageOfPage\":{\"@id\":\"https:\\\/\\\/www.eldiario.net\\\/portal\\\/2024\\\/09\\\/20\\\/fallecen-2-personas-en-operacion-policial-en-nueva-caledonia\\\/#primaryimage\"},\"image\":{\"@id\":\"https:\\\/\\\/www.eldiario.net\\\/portal\\\/2024\\\/09\\\/20\\\/fallecen-2-personas-en-operacion-policial-en-nueva-caledonia\\\/#primaryimage\"},\"thumbnailUrl\":\"https:\\\/\\\/www.eldiario.net\\\/portal\\\/wp-content\\\/uploads\\\/2024\\\/09\\\/FRANCIA-France-24.jpeg\",\"datePublished\":\"2024-09-20T09:35:37+00:00\",\"breadcrumb\":{\"@id\":\"https:\\\/\\\/www.eldiario.net\\\/portal\\\/2024\\\/09\\\/20\\\/fallecen-2-personas-en-operacion-policial-en-nueva-caledonia\\\/#breadcrumb\"},\"inLanguage\":\"es\",\"potentialAction\":[{\"@type\":\"ReadAction\",\"target\":[\"https:\\\/\\\/www.eldiario.net\\\/portal\\\/2024\\\/09\\\/20\\\/fallecen-2-personas-en-operacion-policial-en-nueva-caledonia\\\/\"]}]},{\"@type\":\"ImageObject\",\"inLanguage\":\"es\",\"@id\":\"https:\\\/\\\/www.eldiario.net\\\/portal\\\/2024\\\/09\\\/20\\\/fallecen-2-personas-en-operacion-policial-en-nueva-caledonia\\\/#primaryimage\",\"url\":\"https:\\\/\\\/www.eldiario.net\\\/portal\\\/wp-content\\\/uploads\\\/2024\\\/09\\\/FRANCIA-France-24.jpeg\",\"contentUrl\":\"https:\\\/\\\/www.eldiario.net\\\/portal\\\/wp-content\\\/uploads\\\/2024\\\/09\\\/FRANCIA-France-24.jpeg\",\"width\":980,\"height\":551,\"caption\":\"Imagen referencial Imagen referencial CREDITO: France 24\"},{\"@type\":\"BreadcrumbList\",\"@id\":\"https:\\\/\\\/www.eldiario.net\\\/portal\\\/2024\\\/09\\\/20\\\/fallecen-2-personas-en-operacion-policial-en-nueva-caledonia\\\/#breadcrumb\",\"itemListElement\":[{\"@type\":\"ListItem\",\"position\":1,\"name\":\"Portada\",\"item\":\"https:\\\/\\\/www.eldiario.net\\\/portal\\\/\"},{\"@type\":\"ListItem\",\"position\":2,\"name\":\"Fallecen 2 personas en operaci\u00f3n policial en Nueva Caledonia\"}]},{\"@type\":\"WebSite\",\"@id\":\"https:\\\/\\\/www.eldiario.net\\\/portal\\\/#website\",\"url\":\"https:\\\/\\\/www.eldiario.net\\\/portal\\\/\",\"name\":\"El Diario - Decano de la prensa nacional\",\"description\":\"El Diario - Decano de la prensa nacional\",\"publisher\":{\"@id\":\"https:\\\/\\\/www.eldiario.net\\\/portal\\\/#organization\"},\"potentialAction\":[{\"@type\":\"SearchAction\",\"target\":{\"@type\":\"EntryPoint\",\"urlTemplate\":\"https:\\\/\\\/www.eldiario.net\\\/portal\\\/?s={search_term_string}\"},\"query-input\":{\"@type\":\"PropertyValueSpecification\",\"valueRequired\":true,\"valueName\":\"search_term_string\"}}],\"inLanguage\":\"es\"},{\"@type\":\"Organization\",\"@id\":\"https:\\\/\\\/www.eldiario.net\\\/portal\\\/#organization\",\"name\":\"El Diario - Decano de la prensa nacional\",\"url\":\"https:\\\/\\\/www.eldiario.net\\\/portal\\\/\",\"logo\":{\"@type\":\"ImageObject\",\"inLanguage\":\"es\",\"@id\":\"https:\\\/\\\/www.eldiario.net\\\/portal\\\/#\\\/schema\\\/logo\\\/image\\\/\",\"url\":\"https:\\\/\\\/www.eldiario.net\\\/portal\\\/wp-content\\\/uploads\\\/2023\\\/07\\\/logo_ED.jpg\",\"contentUrl\":\"https:\\\/\\\/www.eldiario.net\\\/portal\\\/wp-content\\\/uploads\\\/2023\\\/07\\\/logo_ED.jpg\",\"width\":272,\"height\":52,\"caption\":\"El Diario - Decano de la prensa nacional\"},\"image\":{\"@id\":\"https:\\\/\\\/www.eldiario.net\\\/portal\\\/#\\\/schema\\\/logo\\\/image\\\/\"},\"sameAs\":[\"https:\\\/\\\/www.facebook.com\\\/eldiario.bolivia\\\/\",\"https:\\\/\\\/x.com\\\/eldiario_net\"]},{\"@type\":\"Person\",\"@id\":\"https:\\\/\\\/www.eldiario.net\\\/portal\\\/#\\\/schema\\\/person\\\/2c57cf2b7a7ae032e449e4c9b1019eac\",\"name\":\"Jeanette\",\"image\":{\"@type\":\"ImageObject\",\"inLanguage\":\"es\",\"@id\":\"https:\\\/\\\/secure.gravatar.com\\\/avatar\\\/3ea2118a5f7dad2b7138b1187a6b7ee55f160b9968b66013c3a3ef39dd7e5798?s=96&d=mm&r=g\",\"url\":\"https:\\\/\\\/secure.gravatar.com\\\/avatar\\\/3ea2118a5f7dad2b7138b1187a6b7ee55f160b9968b66013c3a3ef39dd7e5798?s=96&d=mm&r=g\",\"contentUrl\":\"https:\\\/\\\/secure.gravatar.com\\\/avatar\\\/3ea2118a5f7dad2b7138b1187a6b7ee55f160b9968b66013c3a3ef39dd7e5798?s=96&d=mm&r=g\",\"caption\":\"Jeanette\"},\"sameAs\":[\"https:\\\/\\\/www.eldiario.net\\\/portal\"],\"url\":\"https:\\\/\\\/www.eldiario.net\\\/portal\\\/author\\\/jeanette\\\/\"}]}<\/script>\n<!-- \/ Yoast SEO plugin. -->","yoast_head_json":{"title":"Fallecen 2 personas en operaci\u00f3n policial en Nueva Caledonia - El Diario - Bolivia","robots":{"index":"index","follow":"follow","max-snippet":"max-snippet:-1","max-image-preview":"max-image-preview:large","max-video-preview":"max-video-preview:-1"},"canonical":"https:\/\/www.eldiario.net\/portal\/2024\/09\/20\/fallecen-2-personas-en-operacion-policial-en-nueva-caledonia\/","og_locale":"es_ES","og_type":"article","og_title":"Fallecen 2 personas en operaci\u00f3n policial en Nueva Caledonia - El Diario - Bolivia","og_description":"Las autoridades de Nueva Caledonia, informaron ayer de que dos personas murieron en enfrentamientos con los gendarmes, durante una operaci\u00f3n policial llevada a cabo en la ciudad de San Luis, territorio independentista del territorio franc\u00e9s, un incidente que se produce cuatro meses despu\u00e9s de las fuertes protestas contra la reforma del censo electoral. La operaci\u00f3n [&hellip;]","og_url":"https:\/\/www.eldiario.net\/portal\/2024\/09\/20\/fallecen-2-personas-en-operacion-policial-en-nueva-caledonia\/","og_site_name":"El Diario - Bolivia","article_publisher":"https:\/\/www.facebook.com\/eldiario.bolivia\/","article_published_time":"2024-09-20T09:35:37+00:00","og_image":[{"width":980,"height":551,"url":"https:\/\/www.eldiario.net\/portal\/wp-content\/uploads\/2024\/09\/FRANCIA-France-24.jpeg","type":"image\/jpeg"}],"author":"Jeanette","twitter_card":"summary_large_image","twitter_creator":"@eldiario_net","twitter_site":"@eldiario_net","twitter_misc":{"Escrito por":"Jeanette","Tiempo de lectura":"3 minutos"},"schema":{"@context":"https:\/\/schema.org","@graph":[{"@type":"Article","@id":"https:\/\/www.eldiario.net\/portal\/2024\/09\/20\/fallecen-2-personas-en-operacion-policial-en-nueva-caledonia\/#article","isPartOf":{"@id":"https:\/\/www.eldiario.net\/portal\/2024\/09\/20\/fallecen-2-personas-en-operacion-policial-en-nueva-caledonia\/"},"author":{"name":"Jeanette","@id":"https:\/\/www.eldiario.net\/portal\/#\/schema\/person\/2c57cf2b7a7ae032e449e4c9b1019eac"},"headline":"Fallecen 2 personas en operaci\u00f3n policial en Nueva Caledonia","datePublished":"2024-09-20T09:35:37+00:00","mainEntityOfPage":{"@id":"https:\/\/www.eldiario.net\/portal\/2024\/09\/20\/fallecen-2-personas-en-operacion-policial-en-nueva-caledonia\/"},"wordCount":428,"commentCount":0,"publisher":{"@id":"https:\/\/www.eldiario.net\/portal\/#organization"},"image":{"@id":"https:\/\/www.eldiario.net\/portal\/2024\/09\/20\/fallecen-2-personas-en-operacion-policial-en-nueva-caledonia\/#primaryimage"},"thumbnailUrl":"https:\/\/www.eldiario.net\/portal\/wp-content\/uploads\/2024\/09\/FRANCIA-France-24.jpeg","articleSection":["Internacional"],"inLanguage":"es","potentialAction":[{"@type":"CommentAction","name":"Comment","target":["https:\/\/www.eldiario.net\/portal\/2024\/09\/20\/fallecen-2-personas-en-operacion-policial-en-nueva-caledonia\/#respond"]}]},{"@type":"WebPage","@id":"https:\/\/www.eldiario.net\/portal\/2024\/09\/20\/fallecen-2-personas-en-operacion-policial-en-nueva-caledonia\/","url":"https:\/\/www.eldiario.net\/portal\/2024\/09\/20\/fallecen-2-personas-en-operacion-policial-en-nueva-caledonia\/","name":"Fallecen 2 personas en operaci\u00f3n policial en Nueva Caledonia - El Diario - Bolivia","isPartOf":{"@id":"https:\/\/www.eldiario.net\/portal\/#website"},"primaryImageOfPage":{"@id":"https:\/\/www.eldiario.net\/portal\/2024\/09\/20\/fallecen-2-personas-en-operacion-policial-en-nueva-caledonia\/#primaryimage"},"image":{"@id":"https:\/\/www.eldiario.net\/portal\/2024\/09\/20\/fallecen-2-personas-en-operacion-policial-en-nueva-caledonia\/#primaryimage"},"thumbnailUrl":"https:\/\/www.eldiario.net\/portal\/wp-content\/uploads\/2024\/09\/FRANCIA-France-24.jpeg","datePublished":"2024-09-20T09:35:37+00:00","breadcrumb":{"@id":"https:\/\/www.eldiario.net\/portal\/2024\/09\/20\/fallecen-2-personas-en-operacion-policial-en-nueva-caledonia\/#breadcrumb"},"inLanguage":"es","potentialAction":[{"@type":"ReadAction","target":["https:\/\/www.eldiario.net\/portal\/2024\/09\/20\/fallecen-2-personas-en-operacion-policial-en-nueva-caledonia\/"]}]},{"@type":"ImageObject","inLanguage":"es","@id":"https:\/\/www.eldiario.net\/portal\/2024\/09\/20\/fallecen-2-personas-en-operacion-policial-en-nueva-caledonia\/#primaryimage","url":"https:\/\/www.eldiario.net\/portal\/wp-content\/uploads\/2024\/09\/FRANCIA-France-24.jpeg","contentUrl":"https:\/\/www.eldiario.net\/portal\/wp-content\/uploads\/2024\/09\/FRANCIA-France-24.jpeg","width":980,"height":551,"caption":"Imagen referencial Imagen referencial CREDITO: France 24"},{"@type":"BreadcrumbList","@id":"https:\/\/www.eldiario.net\/portal\/2024\/09\/20\/fallecen-2-personas-en-operacion-policial-en-nueva-caledonia\/#breadcrumb","itemListElement":[{"@type":"ListItem","position":1,"name":"Portada","item":"https:\/\/www.eldiario.net\/portal\/"},{"@type":"ListItem","position":2,"name":"Fallecen 2 personas en operaci\u00f3n policial en Nueva Caledonia"}]},{"@type":"WebSite","@id":"https:\/\/www.eldiario.net\/portal\/#website","url":"https:\/\/www.eldiario.net\/portal\/","name":"El Diario - Decano de la prensa nacional","description":"El Diario - Decano de la prensa nacional","publisher":{"@id":"https:\/\/www.eldiario.net\/portal\/#organization"},"potentialAction":[{"@type":"SearchAction","target":{"@type":"EntryPoint","urlTemplate":"https:\/\/www.eldiario.net\/portal\/?s={search_term_string}"},"query-input":{"@type":"PropertyValueSpecification","valueRequired":true,"valueName":"search_term_string"}}],"inLanguage":"es"},{"@type":"Organization","@id":"https:\/\/www.eldiario.net\/portal\/#organization","name":"El Diario - Decano de la prensa nacional","url":"https:\/\/www.eldiario.net\/portal\/","logo":{"@type":"ImageObject","inLanguage":"es","@id":"https:\/\/www.eldiario.net\/portal\/#\/schema\/logo\/image\/","url":"https:\/\/www.eldiario.net\/portal\/wp-content\/uploads\/2023\/07\/logo_ED.jpg","contentUrl":"https:\/\/www.eldiario.net\/portal\/wp-content\/uploads\/2023\/07\/logo_ED.jpg","width":272,"height":52,"caption":"El Diario - Decano de la prensa nacional"},"image":{"@id":"https:\/\/www.eldiario.net\/portal\/#\/schema\/logo\/image\/"},"sameAs":["https:\/\/www.facebook.com\/eldiario.bolivia\/","https:\/\/x.com\/eldiario_net"]},{"@type":"Person","@id":"https:\/\/www.eldiario.net\/portal\/#\/schema\/person\/2c57cf2b7a7ae032e449e4c9b1019eac","name":"Jeanette","image":{"@type":"ImageObject","inLanguage":"es","@id":"https:\/\/secure.gravatar.com\/avatar\/3ea2118a5f7dad2b7138b1187a6b7ee55f160b9968b66013c3a3ef39dd7e5798?s=96&d=mm&r=g","url":"https:\/\/secure.gravatar.com\/avatar\/3ea2118a5f7dad2b7138b1187a6b7ee55f160b9968b66013c3a3ef39dd7e5798?s=96&d=mm&r=g","contentUrl":"https:\/\/secure.gravatar.com\/avatar\/3ea2118a5f7dad2b7138b1187a6b7ee55f160b9968b66013c3a3ef39dd7e5798?s=96&d=mm&r=g","caption":"Jeanette"},"sameAs":["https:\/\/www.eldiario.net\/portal"],"url":"https:\/\/www.eldiario.net\/portal\/author\/jeanette\/"}]}},"_links":{"self":[{"href":"https:\/\/www.eldiario.net\/portal\/wp-json\/wp\/v2\/posts\/248640","targetHints":{"allow":["GET"]}}],"collection":[{"href":"https:\/\/www.eldiario.net\/portal\/wp-json\/wp\/v2\/posts"}],"about":[{"href":"https:\/\/www.eldiario.net\/portal\/wp-json\/wp\/v2\/types\/post"}],"author":[{"embeddable":true,"href":"https:\/\/www.eldiario.net\/portal\/wp-json\/wp\/v2\/users\/1"}],"replies":[{"embeddable":true,"href":"https:\/\/www.eldiario.net\/portal\/wp-json\/wp\/v2\/comments?post=248640"}],"version-history":[{"count":1,"href":"https:\/\/www.eldiario.net\/portal\/wp-json\/wp\/v2\/posts\/248640\/revisions"}],"predecessor-version":[{"id":248642,"href":"https:\/\/www.eldiario.net\/portal\/wp-json\/wp\/v2\/posts\/248640\/revisions\/248642"}],"wp:featuredmedia":[{"embeddable":true,"href":"https:\/\/www.eldiario.net\/portal\/wp-json\/wp\/v2\/media\/248641"}],"wp:attachment":[{"href":"https:\/\/www.eldiario.net\/portal\/wp-json\/wp\/v2\/media?parent=248640"}],"wp:term":[{"taxonomy":"category","embeddable":true,"href":"https:\/\/www.eldiario.net\/portal\/wp-json\/wp\/v2\/categories?post=248640"},{"taxonomy":"post_tag","embeddable":true,"href":"https:\/\/www.eldiario.net\/portal\/wp-json\/wp\/v2\/tags?post=248640"}],"curies":[{"name":"wp","href":"https:\/\/api.w.org\/{rel}","templated":true}]}}