{"id":248454,"date":"2024-09-19T06:07:29","date_gmt":"2024-09-19T10:07:29","guid":{"rendered":"https:\/\/www.eldiario.net\/portal\/?p=248454"},"modified":"2024-09-19T06:07:29","modified_gmt":"2024-09-19T10:07:29","slug":"provincia-manuel-maria-caballero-lidera-produccion-vitivinicola-crucena","status":"publish","type":"post","link":"https:\/\/www.eldiario.net\/portal\/2024\/09\/19\/provincia-manuel-maria-caballero-lidera-produccion-vitivinicola-crucena\/","title":{"rendered":"Provincia Manuel Mar\u00eda Caballero  lidera producci\u00f3n vitivin\u00edcola cruce\u00f1a"},"content":{"rendered":"<p>El Instituto Cruce\u00f1o de Estad\u00edstica (ICE) realiz\u00f3 un estudio en donde se revela que la provincia Manuel Mar\u00eda Caballero lidera la producci\u00f3n vitivin\u00edcola en el departamento de Santa Cruz.<\/p>\n<p>De acuerdo a lo expuesto por Sebasti\u00e1n M\u00e9ndez, investigador y encargado del proyecto del ICE, en la provincia Manuel Mar\u00eda Caballero, los municipios Saipina y Comarapa junto a sus comunidades San Isidro, Chill\u00f3n y La Palizada, son el principal referente en crecimiento de su producci\u00f3n vitivin\u00edcola, alcanzando un total de 275 hect\u00e1reas cultivadas.<\/p>\n<p>\u201cEsto refleja el impulso de la regi\u00f3n en la producci\u00f3n de uvas y vinos. Hablamos de un aproximado del 300% de crecimiento en toda la regi\u00f3n\u201d, resalt\u00f3 M\u00e9ndez.<\/p>\n<p>Por su parte, el presidente de la Asociaci\u00f3n de Productores de Vino de Saipina (Asovisa), Gover Lim\u00f3n, expres\u00f3 su satisfacci\u00f3n con el trabajo realizado por el ICE, destacando la importancia de los datos proporcionados. \u00abComo asociaci\u00f3n dedicada al rubro de la uva, estos datos nos permiten encarar proyectos de gran beneficio para nuestros asociados\u00bb, afirm\u00f3.<\/p>\n<p>Asimismo, el alcalde de Saipina, Efra\u00edn Garrado Llenes, felicit\u00f3 al ICE y resalt\u00f3 la relevancia de los resultados del estudio. \u201cMe enorgullece que nuestra provincia y el municipio de Saipina est\u00e9n liderando en hect\u00e1reas cultivadas y de producci\u00f3n. Agradecemos a la Gobernaci\u00f3n por el estudio y felicitamos a las autoridades departamentales\u201d, dijo la autoridad.<\/p>\n<p>La presentaci\u00f3n de estos datos se realiz\u00f3 en el sal\u00f3n principal de la Alcald\u00eda de Saipina, en presencia de productores de uva y vino, quienes celebraron el impulso del sector en la regi\u00f3n. (Santa Cruz, agencias)<\/p>\n","protected":false},"excerpt":{"rendered":"<p>El Instituto Cruce\u00f1o de Estad\u00edstica (ICE) realiz\u00f3 un estudio en donde se revela que la provincia Manuel Mar\u00eda Caballero lidera la producci\u00f3n vitivin\u00edcola en el departamento de Santa Cruz. De acuerdo a lo expuesto por Sebasti\u00e1n M\u00e9ndez, investigador y encargado del proyecto del ICE, en la provincia Manuel Mar\u00eda Caballero, los municipios Saipina y Comarapa [&hellip;]<\/p>\n","protected":false},"author":1,"featured_media":248455,"comment_status":"open","ping_status":"open","sticky":false,"template":"","format":"standard","meta":{"_acf_changed":false,"footnotes":""},"categories":[12],"tags":[],"class_list":["post-248454","post","type-post","status-publish","format-standard","has-post-thumbnail","category-nacional"],"acf":{"antetitulo":"Seg\u00fan estudio del ICE"},"yoast_head":"<!-- This site is optimized with the Yoast SEO plugin v28.4 - https:\/\/yoast.com\/product\/yoast-seo-wordpress\/ -->\n<title>Provincia Manuel Mar\u00eda Caballero lidera producci\u00f3n vitivin\u00edcola cruce\u00f1a - El Diario - Bolivia<\/title>\n<meta name=\"robots\" content=\"index, follow, max-snippet:-1, max-image-preview:large, max-video-preview:-1\" \/>\n<link rel=\"canonical\" href=\"https:\/\/www.eldiario.net\/portal\/2024\/09\/19\/provincia-manuel-maria-caballero-lidera-produccion-vitivinicola-crucena\/\" \/>\n<meta property=\"og:locale\" content=\"es_ES\" \/>\n<meta property=\"og:type\" content=\"article\" \/>\n<meta property=\"og:title\" content=\"Provincia Manuel Mar\u00eda Caballero lidera producci\u00f3n vitivin\u00edcola cruce\u00f1a - El Diario - Bolivia\" \/>\n<meta property=\"og:description\" content=\"El Instituto Cruce\u00f1o de Estad\u00edstica (ICE) realiz\u00f3 un estudio en donde se revela que la provincia Manuel Mar\u00eda Caballero lidera la producci\u00f3n vitivin\u00edcola en el departamento de Santa Cruz. De acuerdo a lo expuesto por Sebasti\u00e1n M\u00e9ndez, investigador y encargado del proyecto del ICE, en la provincia Manuel Mar\u00eda Caballero, los municipios Saipina y Comarapa [&hellip;]\" \/>\n<meta property=\"og:url\" content=\"https:\/\/www.eldiario.net\/portal\/2024\/09\/19\/provincia-manuel-maria-caballero-lidera-produccion-vitivinicola-crucena\/\" \/>\n<meta property=\"og:site_name\" content=\"El Diario - Bolivia\" \/>\n<meta property=\"article:publisher\" content=\"https:\/\/www.facebook.com\/eldiario.bolivia\/\" \/>\n<meta property=\"article:published_time\" content=\"2024-09-19T10:07:29+00:00\" \/>\n<meta property=\"og:image\" content=\"https:\/\/www.eldiario.net\/portal\/wp-content\/uploads\/2024\/09\/ESTADISTICA-FOTO-scaled.jpg\" \/>\n\t<meta property=\"og:image:width\" content=\"2560\" \/>\n\t<meta property=\"og:image:height\" content=\"1734\" \/>\n\t<meta property=\"og:image:type\" content=\"image\/jpeg\" \/>\n<meta name=\"author\" content=\"Jeanette\" \/>\n<meta name=\"twitter:card\" content=\"summary_large_image\" \/>\n<meta name=\"twitter:creator\" content=\"@eldiario_net\" \/>\n<meta name=\"twitter:site\" content=\"@eldiario_net\" \/>\n<meta name=\"twitter:label1\" content=\"Escrito por\" \/>\n\t<meta name=\"twitter:data1\" content=\"Jeanette\" \/>\n\t<meta name=\"twitter:label2\" content=\"Tiempo de lectura\" \/>\n\t<meta name=\"twitter:data2\" content=\"2 minutos\" \/>\n<script type=\"application\/ld+json\" class=\"yoast-schema-graph\">{\"@context\":\"https:\\\/\\\/schema.org\",\"@graph\":[{\"@type\":\"Article\",\"@id\":\"https:\\\/\\\/www.eldiario.net\\\/portal\\\/2024\\\/09\\\/19\\\/provincia-manuel-maria-caballero-lidera-produccion-vitivinicola-crucena\\\/#article\",\"isPartOf\":{\"@id\":\"https:\\\/\\\/www.eldiario.net\\\/portal\\\/2024\\\/09\\\/19\\\/provincia-manuel-maria-caballero-lidera-produccion-vitivinicola-crucena\\\/\"},\"author\":{\"name\":\"Jeanette\",\"@id\":\"https:\\\/\\\/www.eldiario.net\\\/portal\\\/#\\\/schema\\\/person\\\/f46445640444750d7d753ccd04ae01b7\"},\"headline\":\"Provincia Manuel Mar\u00eda Caballero lidera producci\u00f3n vitivin\u00edcola cruce\u00f1a\",\"datePublished\":\"2024-09-19T10:07:29+00:00\",\"mainEntityOfPage\":{\"@id\":\"https:\\\/\\\/www.eldiario.net\\\/portal\\\/2024\\\/09\\\/19\\\/provincia-manuel-maria-caballero-lidera-produccion-vitivinicola-crucena\\\/\"},\"wordCount\":294,\"commentCount\":0,\"publisher\":{\"@id\":\"https:\\\/\\\/www.eldiario.net\\\/portal\\\/#organization\"},\"image\":{\"@id\":\"https:\\\/\\\/www.eldiario.net\\\/portal\\\/2024\\\/09\\\/19\\\/provincia-manuel-maria-caballero-lidera-produccion-vitivinicola-crucena\\\/#primaryimage\"},\"thumbnailUrl\":\"https:\\\/\\\/www.eldiario.net\\\/portal\\\/wp-content\\\/uploads\\\/2024\\\/09\\\/ESTADISTICA-FOTO-scaled.jpg\",\"articleSection\":[\"Nacional\"],\"inLanguage\":\"es\",\"potentialAction\":[{\"@type\":\"CommentAction\",\"name\":\"Comment\",\"target\":[\"https:\\\/\\\/www.eldiario.net\\\/portal\\\/2024\\\/09\\\/19\\\/provincia-manuel-maria-caballero-lidera-produccion-vitivinicola-crucena\\\/#respond\"]}]},{\"@type\":\"WebPage\",\"@id\":\"https:\\\/\\\/www.eldiario.net\\\/portal\\\/2024\\\/09\\\/19\\\/provincia-manuel-maria-caballero-lidera-produccion-vitivinicola-crucena\\\/\",\"url\":\"https:\\\/\\\/www.eldiario.net\\\/portal\\\/2024\\\/09\\\/19\\\/provincia-manuel-maria-caballero-lidera-produccion-vitivinicola-crucena\\\/\",\"name\":\"Provincia Manuel Mar\u00eda Caballero lidera producci\u00f3n vitivin\u00edcola cruce\u00f1a - El Diario - Bolivia\",\"isPartOf\":{\"@id\":\"https:\\\/\\\/www.eldiario.net\\\/portal\\\/#website\"},\"primaryImageOfPage\":{\"@id\":\"https:\\\/\\\/www.eldiario.net\\\/portal\\\/2024\\\/09\\\/19\\\/provincia-manuel-maria-caballero-lidera-produccion-vitivinicola-crucena\\\/#primaryimage\"},\"image\":{\"@id\":\"https:\\\/\\\/www.eldiario.net\\\/portal\\\/2024\\\/09\\\/19\\\/provincia-manuel-maria-caballero-lidera-produccion-vitivinicola-crucena\\\/#primaryimage\"},\"thumbnailUrl\":\"https:\\\/\\\/www.eldiario.net\\\/portal\\\/wp-content\\\/uploads\\\/2024\\\/09\\\/ESTADISTICA-FOTO-scaled.jpg\",\"datePublished\":\"2024-09-19T10:07:29+00:00\",\"breadcrumb\":{\"@id\":\"https:\\\/\\\/www.eldiario.net\\\/portal\\\/2024\\\/09\\\/19\\\/provincia-manuel-maria-caballero-lidera-produccion-vitivinicola-crucena\\\/#breadcrumb\"},\"inLanguage\":\"es\",\"potentialAction\":[{\"@type\":\"ReadAction\",\"target\":[\"https:\\\/\\\/www.eldiario.net\\\/portal\\\/2024\\\/09\\\/19\\\/provincia-manuel-maria-caballero-lidera-produccion-vitivinicola-crucena\\\/\"]}]},{\"@type\":\"ImageObject\",\"inLanguage\":\"es\",\"@id\":\"https:\\\/\\\/www.eldiario.net\\\/portal\\\/2024\\\/09\\\/19\\\/provincia-manuel-maria-caballero-lidera-produccion-vitivinicola-crucena\\\/#primaryimage\",\"url\":\"https:\\\/\\\/www.eldiario.net\\\/portal\\\/wp-content\\\/uploads\\\/2024\\\/09\\\/ESTADISTICA-FOTO-scaled.jpg\",\"contentUrl\":\"https:\\\/\\\/www.eldiario.net\\\/portal\\\/wp-content\\\/uploads\\\/2024\\\/09\\\/ESTADISTICA-FOTO-scaled.jpg\",\"width\":2560,\"height\":1734,\"caption\":\"PRESENTACI\u00d3N DEL ESTUDIO. FOTO: GSTC\"},{\"@type\":\"BreadcrumbList\",\"@id\":\"https:\\\/\\\/www.eldiario.net\\\/portal\\\/2024\\\/09\\\/19\\\/provincia-manuel-maria-caballero-lidera-produccion-vitivinicola-crucena\\\/#breadcrumb\",\"itemListElement\":[{\"@type\":\"ListItem\",\"position\":1,\"name\":\"Portada\",\"item\":\"https:\\\/\\\/www.eldiario.net\\\/portal\\\/\"},{\"@type\":\"ListItem\",\"position\":2,\"name\":\"Provincia Manuel Mar\u00eda Caballero lidera producci\u00f3n vitivin\u00edcola cruce\u00f1a\"}]},{\"@type\":\"WebSite\",\"@id\":\"https:\\\/\\\/www.eldiario.net\\\/portal\\\/#website\",\"url\":\"https:\\\/\\\/www.eldiario.net\\\/portal\\\/\",\"name\":\"El Diario - Decano de la prensa nacional\",\"description\":\"El Diario - Decano de la prensa nacional\",\"publisher\":{\"@id\":\"https:\\\/\\\/www.eldiario.net\\\/portal\\\/#organization\"},\"potentialAction\":[{\"@type\":\"SearchAction\",\"target\":{\"@type\":\"EntryPoint\",\"urlTemplate\":\"https:\\\/\\\/www.eldiario.net\\\/portal\\\/?s={search_term_string}\"},\"query-input\":{\"@type\":\"PropertyValueSpecification\",\"valueRequired\":true,\"valueName\":\"search_term_string\"}}],\"inLanguage\":\"es\"},{\"@type\":\"Organization\",\"@id\":\"https:\\\/\\\/www.eldiario.net\\\/portal\\\/#organization\",\"name\":\"El Diario - Decano de la prensa nacional\",\"url\":\"https:\\\/\\\/www.eldiario.net\\\/portal\\\/\",\"logo\":{\"@type\":\"ImageObject\",\"inLanguage\":\"es\",\"@id\":\"https:\\\/\\\/www.eldiario.net\\\/portal\\\/#\\\/schema\\\/logo\\\/image\\\/\",\"url\":\"https:\\\/\\\/www.eldiario.net\\\/portal\\\/wp-content\\\/uploads\\\/2023\\\/07\\\/logo_ED.jpg\",\"contentUrl\":\"https:\\\/\\\/www.eldiario.net\\\/portal\\\/wp-content\\\/uploads\\\/2023\\\/07\\\/logo_ED.jpg\",\"width\":272,\"height\":52,\"caption\":\"El Diario - Decano de la prensa nacional\"},\"image\":{\"@id\":\"https:\\\/\\\/www.eldiario.net\\\/portal\\\/#\\\/schema\\\/logo\\\/image\\\/\"},\"sameAs\":[\"https:\\\/\\\/www.facebook.com\\\/eldiario.bolivia\\\/\",\"https:\\\/\\\/x.com\\\/eldiario_net\"]},{\"@type\":\"Person\",\"@id\":\"https:\\\/\\\/www.eldiario.net\\\/portal\\\/#\\\/schema\\\/person\\\/f46445640444750d7d753ccd04ae01b7\",\"name\":\"Jeanette\",\"image\":{\"@type\":\"ImageObject\",\"inLanguage\":\"es\",\"@id\":\"https:\\\/\\\/secure.gravatar.com\\\/avatar\\\/3ea2118a5f7dad2b7138b1187a6b7ee55f160b9968b66013c3a3ef39dd7e5798?s=96&d=mm&r=g\",\"url\":\"https:\\\/\\\/secure.gravatar.com\\\/avatar\\\/3ea2118a5f7dad2b7138b1187a6b7ee55f160b9968b66013c3a3ef39dd7e5798?s=96&d=mm&r=g\",\"contentUrl\":\"https:\\\/\\\/secure.gravatar.com\\\/avatar\\\/3ea2118a5f7dad2b7138b1187a6b7ee55f160b9968b66013c3a3ef39dd7e5798?s=96&d=mm&r=g\",\"caption\":\"Jeanette\"},\"sameAs\":[\"https:\\\/\\\/www.eldiario.net\\\/portal\"],\"url\":\"https:\\\/\\\/www.eldiario.net\\\/portal\\\/author\\\/jeanette\\\/\"}]}<\/script>\n<!-- \/ Yoast SEO plugin. -->","yoast_head_json":{"title":"Provincia Manuel Mar\u00eda Caballero lidera producci\u00f3n vitivin\u00edcola cruce\u00f1a - El Diario - Bolivia","robots":{"index":"index","follow":"follow","max-snippet":"max-snippet:-1","max-image-preview":"max-image-preview:large","max-video-preview":"max-video-preview:-1"},"canonical":"https:\/\/www.eldiario.net\/portal\/2024\/09\/19\/provincia-manuel-maria-caballero-lidera-produccion-vitivinicola-crucena\/","og_locale":"es_ES","og_type":"article","og_title":"Provincia Manuel Mar\u00eda Caballero lidera producci\u00f3n vitivin\u00edcola cruce\u00f1a - El Diario - Bolivia","og_description":"El Instituto Cruce\u00f1o de Estad\u00edstica (ICE) realiz\u00f3 un estudio en donde se revela que la provincia Manuel Mar\u00eda Caballero lidera la producci\u00f3n vitivin\u00edcola en el departamento de Santa Cruz. De acuerdo a lo expuesto por Sebasti\u00e1n M\u00e9ndez, investigador y encargado del proyecto del ICE, en la provincia Manuel Mar\u00eda Caballero, los municipios Saipina y Comarapa [&hellip;]","og_url":"https:\/\/www.eldiario.net\/portal\/2024\/09\/19\/provincia-manuel-maria-caballero-lidera-produccion-vitivinicola-crucena\/","og_site_name":"El Diario - Bolivia","article_publisher":"https:\/\/www.facebook.com\/eldiario.bolivia\/","article_published_time":"2024-09-19T10:07:29+00:00","og_image":[{"width":2560,"height":1734,"url":"https:\/\/www.eldiario.net\/portal\/wp-content\/uploads\/2024\/09\/ESTADISTICA-FOTO-scaled.jpg","type":"image\/jpeg"}],"author":"Jeanette","twitter_card":"summary_large_image","twitter_creator":"@eldiario_net","twitter_site":"@eldiario_net","twitter_misc":{"Escrito por":"Jeanette","Tiempo de lectura":"2 minutos"},"schema":{"@context":"https:\/\/schema.org","@graph":[{"@type":"Article","@id":"https:\/\/www.eldiario.net\/portal\/2024\/09\/19\/provincia-manuel-maria-caballero-lidera-produccion-vitivinicola-crucena\/#article","isPartOf":{"@id":"https:\/\/www.eldiario.net\/portal\/2024\/09\/19\/provincia-manuel-maria-caballero-lidera-produccion-vitivinicola-crucena\/"},"author":{"name":"Jeanette","@id":"https:\/\/www.eldiario.net\/portal\/#\/schema\/person\/f46445640444750d7d753ccd04ae01b7"},"headline":"Provincia Manuel Mar\u00eda Caballero lidera producci\u00f3n vitivin\u00edcola cruce\u00f1a","datePublished":"2024-09-19T10:07:29+00:00","mainEntityOfPage":{"@id":"https:\/\/www.eldiario.net\/portal\/2024\/09\/19\/provincia-manuel-maria-caballero-lidera-produccion-vitivinicola-crucena\/"},"wordCount":294,"commentCount":0,"publisher":{"@id":"https:\/\/www.eldiario.net\/portal\/#organization"},"image":{"@id":"https:\/\/www.eldiario.net\/portal\/2024\/09\/19\/provincia-manuel-maria-caballero-lidera-produccion-vitivinicola-crucena\/#primaryimage"},"thumbnailUrl":"https:\/\/www.eldiario.net\/portal\/wp-content\/uploads\/2024\/09\/ESTADISTICA-FOTO-scaled.jpg","articleSection":["Nacional"],"inLanguage":"es","potentialAction":[{"@type":"CommentAction","name":"Comment","target":["https:\/\/www.eldiario.net\/portal\/2024\/09\/19\/provincia-manuel-maria-caballero-lidera-produccion-vitivinicola-crucena\/#respond"]}]},{"@type":"WebPage","@id":"https:\/\/www.eldiario.net\/portal\/2024\/09\/19\/provincia-manuel-maria-caballero-lidera-produccion-vitivinicola-crucena\/","url":"https:\/\/www.eldiario.net\/portal\/2024\/09\/19\/provincia-manuel-maria-caballero-lidera-produccion-vitivinicola-crucena\/","name":"Provincia Manuel Mar\u00eda Caballero lidera producci\u00f3n vitivin\u00edcola cruce\u00f1a - El Diario - Bolivia","isPartOf":{"@id":"https:\/\/www.eldiario.net\/portal\/#website"},"primaryImageOfPage":{"@id":"https:\/\/www.eldiario.net\/portal\/2024\/09\/19\/provincia-manuel-maria-caballero-lidera-produccion-vitivinicola-crucena\/#primaryimage"},"image":{"@id":"https:\/\/www.eldiario.net\/portal\/2024\/09\/19\/provincia-manuel-maria-caballero-lidera-produccion-vitivinicola-crucena\/#primaryimage"},"thumbnailUrl":"https:\/\/www.eldiario.net\/portal\/wp-content\/uploads\/2024\/09\/ESTADISTICA-FOTO-scaled.jpg","datePublished":"2024-09-19T10:07:29+00:00","breadcrumb":{"@id":"https:\/\/www.eldiario.net\/portal\/2024\/09\/19\/provincia-manuel-maria-caballero-lidera-produccion-vitivinicola-crucena\/#breadcrumb"},"inLanguage":"es","potentialAction":[{"@type":"ReadAction","target":["https:\/\/www.eldiario.net\/portal\/2024\/09\/19\/provincia-manuel-maria-caballero-lidera-produccion-vitivinicola-crucena\/"]}]},{"@type":"ImageObject","inLanguage":"es","@id":"https:\/\/www.eldiario.net\/portal\/2024\/09\/19\/provincia-manuel-maria-caballero-lidera-produccion-vitivinicola-crucena\/#primaryimage","url":"https:\/\/www.eldiario.net\/portal\/wp-content\/uploads\/2024\/09\/ESTADISTICA-FOTO-scaled.jpg","contentUrl":"https:\/\/www.eldiario.net\/portal\/wp-content\/uploads\/2024\/09\/ESTADISTICA-FOTO-scaled.jpg","width":2560,"height":1734,"caption":"PRESENTACI\u00d3N DEL ESTUDIO. FOTO: GSTC"},{"@type":"BreadcrumbList","@id":"https:\/\/www.eldiario.net\/portal\/2024\/09\/19\/provincia-manuel-maria-caballero-lidera-produccion-vitivinicola-crucena\/#breadcrumb","itemListElement":[{"@type":"ListItem","position":1,"name":"Portada","item":"https:\/\/www.eldiario.net\/portal\/"},{"@type":"ListItem","position":2,"name":"Provincia Manuel Mar\u00eda Caballero lidera producci\u00f3n vitivin\u00edcola cruce\u00f1a"}]},{"@type":"WebSite","@id":"https:\/\/www.eldiario.net\/portal\/#website","url":"https:\/\/www.eldiario.net\/portal\/","name":"El Diario - Decano de la prensa nacional","description":"El Diario - Decano de la prensa nacional","publisher":{"@id":"https:\/\/www.eldiario.net\/portal\/#organization"},"potentialAction":[{"@type":"SearchAction","target":{"@type":"EntryPoint","urlTemplate":"https:\/\/www.eldiario.net\/portal\/?s={search_term_string}"},"query-input":{"@type":"PropertyValueSpecification","valueRequired":true,"valueName":"search_term_string"}}],"inLanguage":"es"},{"@type":"Organization","@id":"https:\/\/www.eldiario.net\/portal\/#organization","name":"El Diario - Decano de la prensa nacional","url":"https:\/\/www.eldiario.net\/portal\/","logo":{"@type":"ImageObject","inLanguage":"es","@id":"https:\/\/www.eldiario.net\/portal\/#\/schema\/logo\/image\/","url":"https:\/\/www.eldiario.net\/portal\/wp-content\/uploads\/2023\/07\/logo_ED.jpg","contentUrl":"https:\/\/www.eldiario.net\/portal\/wp-content\/uploads\/2023\/07\/logo_ED.jpg","width":272,"height":52,"caption":"El Diario - Decano de la prensa nacional"},"image":{"@id":"https:\/\/www.eldiario.net\/portal\/#\/schema\/logo\/image\/"},"sameAs":["https:\/\/www.facebook.com\/eldiario.bolivia\/","https:\/\/x.com\/eldiario_net"]},{"@type":"Person","@id":"https:\/\/www.eldiario.net\/portal\/#\/schema\/person\/f46445640444750d7d753ccd04ae01b7","name":"Jeanette","image":{"@type":"ImageObject","inLanguage":"es","@id":"https:\/\/secure.gravatar.com\/avatar\/3ea2118a5f7dad2b7138b1187a6b7ee55f160b9968b66013c3a3ef39dd7e5798?s=96&d=mm&r=g","url":"https:\/\/secure.gravatar.com\/avatar\/3ea2118a5f7dad2b7138b1187a6b7ee55f160b9968b66013c3a3ef39dd7e5798?s=96&d=mm&r=g","contentUrl":"https:\/\/secure.gravatar.com\/avatar\/3ea2118a5f7dad2b7138b1187a6b7ee55f160b9968b66013c3a3ef39dd7e5798?s=96&d=mm&r=g","caption":"Jeanette"},"sameAs":["https:\/\/www.eldiario.net\/portal"],"url":"https:\/\/www.eldiario.net\/portal\/author\/jeanette\/"}]}},"_links":{"self":[{"href":"https:\/\/www.eldiario.net\/portal\/wp-json\/wp\/v2\/posts\/248454","targetHints":{"allow":["GET"]}}],"collection":[{"href":"https:\/\/www.eldiario.net\/portal\/wp-json\/wp\/v2\/posts"}],"about":[{"href":"https:\/\/www.eldiario.net\/portal\/wp-json\/wp\/v2\/types\/post"}],"author":[{"embeddable":true,"href":"https:\/\/www.eldiario.net\/portal\/wp-json\/wp\/v2\/users\/1"}],"replies":[{"embeddable":true,"href":"https:\/\/www.eldiario.net\/portal\/wp-json\/wp\/v2\/comments?post=248454"}],"version-history":[{"count":1,"href":"https:\/\/www.eldiario.net\/portal\/wp-json\/wp\/v2\/posts\/248454\/revisions"}],"predecessor-version":[{"id":248456,"href":"https:\/\/www.eldiario.net\/portal\/wp-json\/wp\/v2\/posts\/248454\/revisions\/248456"}],"wp:featuredmedia":[{"embeddable":true,"href":"https:\/\/www.eldiario.net\/portal\/wp-json\/wp\/v2\/media\/248455"}],"wp:attachment":[{"href":"https:\/\/www.eldiario.net\/portal\/wp-json\/wp\/v2\/media?parent=248454"}],"wp:term":[{"taxonomy":"category","embeddable":true,"href":"https:\/\/www.eldiario.net\/portal\/wp-json\/wp\/v2\/categories?post=248454"},{"taxonomy":"post_tag","embeddable":true,"href":"https:\/\/www.eldiario.net\/portal\/wp-json\/wp\/v2\/tags?post=248454"}],"curies":[{"name":"wp","href":"https:\/\/api.w.org\/{rel}","templated":true}]}}