{"id":248451,"date":"2024-09-19T06:06:48","date_gmt":"2024-09-19T10:06:48","guid":{"rendered":"https:\/\/www.eldiario.net\/portal\/?p=248451"},"modified":"2024-09-19T06:06:48","modified_gmt":"2024-09-19T10:06:48","slug":"sedcam-asegura-que-31-cargos-se-encuentran-acefalos","status":"publish","type":"post","link":"https:\/\/www.eldiario.net\/portal\/2024\/09\/19\/sedcam-asegura-que-31-cargos-se-encuentran-acefalos\/","title":{"rendered":"Sedcam asegura que 31  cargos se encuentran ac\u00e9falos"},"content":{"rendered":"<p>Desde el Servicio Departamental de Caminos (Sedcam), las autoridades confirman que los 31 cargos que se van a rescindir en la gesti\u00f3n 2025 se encuentran ac\u00e9falos y no representan una afectaci\u00f3n a los trabajadores, desmintiendo as\u00ed lo que se\u00f1ala el Sindicato de Trabajadores de esta unidad.<\/p>\n<p>El director del Sedcam, Jorge Antonio Vaca D\u00edez, lament\u00f3 que los dirigentes del Sindicato de trabajadores hayan instruido la realizaci\u00f3n de una huelga de brazos ca\u00eddos, dejando abandonadas a algunas provincias que precisan del funcionamiento de esta instancia.<\/p>\n<p>Indic\u00f3 que los 31 cargos que se eliminar\u00e1n para el 2025 no est\u00e1n ocupados por ning\u00fan trabajador, por lo que esta acci\u00f3n permitir\u00e1 dar paso a un ahorro para que con esos recursos se puedan comprar repuestos para seguir operando las maquinarias en provincias.<\/p>\n<p>\u201cCon estos paros no se puede trabajar, hubo una mala interpretaci\u00f3n e informaci\u00f3n por parte de los dirigentes. Estos d\u00edas no se ha despedido a nadie, ni se va a despedir\u201d, dijo a tiempo de desmentir una supuesta \u2018masacre blanca\u2019 de al menos 80 despidos.<\/p>\n<p>Asimismo, se\u00f1al\u00f3 que se interpret\u00f3 de forma err\u00f3nea la Ley que autoriza el nuevo POA de la Gobernaci\u00f3n, en donde, a decir de los dirigentes sindicales, desaparecer\u00edan 2 direcciones del Sedcam: Mantenimiento de equipo y la de Fiscalizaci\u00f3n y estudios viales.<\/p>\n<p>\u201cEsa es una verdad a medias, porque lo que desaparecen son los cargos de director que pone el gobernador, el resto de los trabajadores que est\u00e1n dentro de la Ley general del trabajo se quedar\u00e1n trabajando ubicados en otras direcciones. Quiero dar tranquilidad a los trabajadores y al pueblo en general que se est\u00e1 trabajando con total honestidad\u201d, dijo. (Santa Cruz, agencias)<\/p>\n","protected":false},"excerpt":{"rendered":"<p>Desde el Servicio Departamental de Caminos (Sedcam), las autoridades confirman que los 31 cargos que se van a rescindir en la gesti\u00f3n 2025 se encuentran ac\u00e9falos y no representan una afectaci\u00f3n a los trabajadores, desmintiendo as\u00ed lo que se\u00f1ala el Sindicato de Trabajadores de esta unidad. El director del Sedcam, Jorge Antonio Vaca D\u00edez, lament\u00f3 [&hellip;]<\/p>\n","protected":false},"author":1,"featured_media":248452,"comment_status":"open","ping_status":"open","sticky":false,"template":"","format":"standard","meta":{"_acf_changed":false,"footnotes":""},"categories":[12],"tags":[],"class_list":["post-248451","post","type-post","status-publish","format-standard","has-post-thumbnail","category-nacional"],"acf":{"antetitulo":"Santa Cruz"},"yoast_head":"<!-- This site is optimized with the Yoast SEO plugin v28.3 - https:\/\/yoast.com\/product\/yoast-seo-wordpress\/ -->\n<title>Sedcam asegura que 31 cargos se encuentran ac\u00e9falos - El Diario - Bolivia<\/title>\n<meta name=\"robots\" content=\"index, follow, max-snippet:-1, max-image-preview:large, max-video-preview:-1\" \/>\n<link rel=\"canonical\" href=\"https:\/\/www.eldiario.net\/portal\/2024\/09\/19\/sedcam-asegura-que-31-cargos-se-encuentran-acefalos\/\" \/>\n<meta property=\"og:locale\" content=\"es_ES\" \/>\n<meta property=\"og:type\" content=\"article\" \/>\n<meta property=\"og:title\" content=\"Sedcam asegura que 31 cargos se encuentran ac\u00e9falos - El Diario - Bolivia\" \/>\n<meta property=\"og:description\" content=\"Desde el Servicio Departamental de Caminos (Sedcam), las autoridades confirman que los 31 cargos que se van a rescindir en la gesti\u00f3n 2025 se encuentran ac\u00e9falos y no representan una afectaci\u00f3n a los trabajadores, desmintiendo as\u00ed lo que se\u00f1ala el Sindicato de Trabajadores de esta unidad. El director del Sedcam, Jorge Antonio Vaca D\u00edez, lament\u00f3 [&hellip;]\" \/>\n<meta property=\"og:url\" content=\"https:\/\/www.eldiario.net\/portal\/2024\/09\/19\/sedcam-asegura-que-31-cargos-se-encuentran-acefalos\/\" \/>\n<meta property=\"og:site_name\" content=\"El Diario - Bolivia\" \/>\n<meta property=\"article:publisher\" content=\"https:\/\/www.facebook.com\/eldiario.bolivia\/\" \/>\n<meta property=\"article:published_time\" content=\"2024-09-19T10:06:48+00:00\" \/>\n<meta property=\"og:image\" content=\"https:\/\/www.eldiario.net\/portal\/wp-content\/uploads\/2024\/09\/JORGE-FOTO.jpg\" \/>\n\t<meta property=\"og:image:width\" content=\"1200\" \/>\n\t<meta property=\"og:image:height\" content=\"800\" \/>\n\t<meta property=\"og:image:type\" content=\"image\/jpeg\" \/>\n<meta name=\"author\" content=\"Jeanette\" \/>\n<meta name=\"twitter:card\" content=\"summary_large_image\" \/>\n<meta name=\"twitter:creator\" content=\"@eldiario_net\" \/>\n<meta name=\"twitter:site\" content=\"@eldiario_net\" \/>\n<meta name=\"twitter:label1\" content=\"Escrito por\" \/>\n\t<meta name=\"twitter:data1\" content=\"Jeanette\" \/>\n\t<meta name=\"twitter:label2\" content=\"Tiempo de lectura\" \/>\n\t<meta name=\"twitter:data2\" content=\"2 minutos\" \/>\n<script type=\"application\/ld+json\" class=\"yoast-schema-graph\">{\"@context\":\"https:\\\/\\\/schema.org\",\"@graph\":[{\"@type\":\"Article\",\"@id\":\"https:\\\/\\\/www.eldiario.net\\\/portal\\\/2024\\\/09\\\/19\\\/sedcam-asegura-que-31-cargos-se-encuentran-acefalos\\\/#article\",\"isPartOf\":{\"@id\":\"https:\\\/\\\/www.eldiario.net\\\/portal\\\/2024\\\/09\\\/19\\\/sedcam-asegura-que-31-cargos-se-encuentran-acefalos\\\/\"},\"author\":{\"name\":\"Jeanette\",\"@id\":\"https:\\\/\\\/www.eldiario.net\\\/portal\\\/#\\\/schema\\\/person\\\/f46445640444750d7d753ccd04ae01b7\"},\"headline\":\"Sedcam asegura que 31 cargos se encuentran ac\u00e9falos\",\"datePublished\":\"2024-09-19T10:06:48+00:00\",\"mainEntityOfPage\":{\"@id\":\"https:\\\/\\\/www.eldiario.net\\\/portal\\\/2024\\\/09\\\/19\\\/sedcam-asegura-que-31-cargos-se-encuentran-acefalos\\\/\"},\"wordCount\":299,\"commentCount\":0,\"publisher\":{\"@id\":\"https:\\\/\\\/www.eldiario.net\\\/portal\\\/#organization\"},\"image\":{\"@id\":\"https:\\\/\\\/www.eldiario.net\\\/portal\\\/2024\\\/09\\\/19\\\/sedcam-asegura-que-31-cargos-se-encuentran-acefalos\\\/#primaryimage\"},\"thumbnailUrl\":\"https:\\\/\\\/www.eldiario.net\\\/portal\\\/wp-content\\\/uploads\\\/2024\\\/09\\\/JORGE-FOTO.jpg\",\"articleSection\":[\"Nacional\"],\"inLanguage\":\"es\",\"potentialAction\":[{\"@type\":\"CommentAction\",\"name\":\"Comment\",\"target\":[\"https:\\\/\\\/www.eldiario.net\\\/portal\\\/2024\\\/09\\\/19\\\/sedcam-asegura-que-31-cargos-se-encuentran-acefalos\\\/#respond\"]}]},{\"@type\":\"WebPage\",\"@id\":\"https:\\\/\\\/www.eldiario.net\\\/portal\\\/2024\\\/09\\\/19\\\/sedcam-asegura-que-31-cargos-se-encuentran-acefalos\\\/\",\"url\":\"https:\\\/\\\/www.eldiario.net\\\/portal\\\/2024\\\/09\\\/19\\\/sedcam-asegura-que-31-cargos-se-encuentran-acefalos\\\/\",\"name\":\"Sedcam asegura que 31 cargos se encuentran ac\u00e9falos - El Diario - Bolivia\",\"isPartOf\":{\"@id\":\"https:\\\/\\\/www.eldiario.net\\\/portal\\\/#website\"},\"primaryImageOfPage\":{\"@id\":\"https:\\\/\\\/www.eldiario.net\\\/portal\\\/2024\\\/09\\\/19\\\/sedcam-asegura-que-31-cargos-se-encuentran-acefalos\\\/#primaryimage\"},\"image\":{\"@id\":\"https:\\\/\\\/www.eldiario.net\\\/portal\\\/2024\\\/09\\\/19\\\/sedcam-asegura-que-31-cargos-se-encuentran-acefalos\\\/#primaryimage\"},\"thumbnailUrl\":\"https:\\\/\\\/www.eldiario.net\\\/portal\\\/wp-content\\\/uploads\\\/2024\\\/09\\\/JORGE-FOTO.jpg\",\"datePublished\":\"2024-09-19T10:06:48+00:00\",\"breadcrumb\":{\"@id\":\"https:\\\/\\\/www.eldiario.net\\\/portal\\\/2024\\\/09\\\/19\\\/sedcam-asegura-que-31-cargos-se-encuentran-acefalos\\\/#breadcrumb\"},\"inLanguage\":\"es\",\"potentialAction\":[{\"@type\":\"ReadAction\",\"target\":[\"https:\\\/\\\/www.eldiario.net\\\/portal\\\/2024\\\/09\\\/19\\\/sedcam-asegura-que-31-cargos-se-encuentran-acefalos\\\/\"]}]},{\"@type\":\"ImageObject\",\"inLanguage\":\"es\",\"@id\":\"https:\\\/\\\/www.eldiario.net\\\/portal\\\/2024\\\/09\\\/19\\\/sedcam-asegura-que-31-cargos-se-encuentran-acefalos\\\/#primaryimage\",\"url\":\"https:\\\/\\\/www.eldiario.net\\\/portal\\\/wp-content\\\/uploads\\\/2024\\\/09\\\/JORGE-FOTO.jpg\",\"contentUrl\":\"https:\\\/\\\/www.eldiario.net\\\/portal\\\/wp-content\\\/uploads\\\/2024\\\/09\\\/JORGE-FOTO.jpg\",\"width\":1200,\"height\":800,\"caption\":\"El director del Sedcam, Jorge Antonio Vaca D\u00edez. FOTO: GSTC\"},{\"@type\":\"BreadcrumbList\",\"@id\":\"https:\\\/\\\/www.eldiario.net\\\/portal\\\/2024\\\/09\\\/19\\\/sedcam-asegura-que-31-cargos-se-encuentran-acefalos\\\/#breadcrumb\",\"itemListElement\":[{\"@type\":\"ListItem\",\"position\":1,\"name\":\"Portada\",\"item\":\"https:\\\/\\\/www.eldiario.net\\\/portal\\\/\"},{\"@type\":\"ListItem\",\"position\":2,\"name\":\"Sedcam asegura que 31 cargos se encuentran ac\u00e9falos\"}]},{\"@type\":\"WebSite\",\"@id\":\"https:\\\/\\\/www.eldiario.net\\\/portal\\\/#website\",\"url\":\"https:\\\/\\\/www.eldiario.net\\\/portal\\\/\",\"name\":\"El Diario - Decano de la prensa nacional\",\"description\":\"El Diario - Decano de la prensa nacional\",\"publisher\":{\"@id\":\"https:\\\/\\\/www.eldiario.net\\\/portal\\\/#organization\"},\"potentialAction\":[{\"@type\":\"SearchAction\",\"target\":{\"@type\":\"EntryPoint\",\"urlTemplate\":\"https:\\\/\\\/www.eldiario.net\\\/portal\\\/?s={search_term_string}\"},\"query-input\":{\"@type\":\"PropertyValueSpecification\",\"valueRequired\":true,\"valueName\":\"search_term_string\"}}],\"inLanguage\":\"es\"},{\"@type\":\"Organization\",\"@id\":\"https:\\\/\\\/www.eldiario.net\\\/portal\\\/#organization\",\"name\":\"El Diario - Decano de la prensa nacional\",\"url\":\"https:\\\/\\\/www.eldiario.net\\\/portal\\\/\",\"logo\":{\"@type\":\"ImageObject\",\"inLanguage\":\"es\",\"@id\":\"https:\\\/\\\/www.eldiario.net\\\/portal\\\/#\\\/schema\\\/logo\\\/image\\\/\",\"url\":\"https:\\\/\\\/www.eldiario.net\\\/portal\\\/wp-content\\\/uploads\\\/2023\\\/07\\\/logo_ED.jpg\",\"contentUrl\":\"https:\\\/\\\/www.eldiario.net\\\/portal\\\/wp-content\\\/uploads\\\/2023\\\/07\\\/logo_ED.jpg\",\"width\":272,\"height\":52,\"caption\":\"El Diario - Decano de la prensa nacional\"},\"image\":{\"@id\":\"https:\\\/\\\/www.eldiario.net\\\/portal\\\/#\\\/schema\\\/logo\\\/image\\\/\"},\"sameAs\":[\"https:\\\/\\\/www.facebook.com\\\/eldiario.bolivia\\\/\",\"https:\\\/\\\/x.com\\\/eldiario_net\"]},{\"@type\":\"Person\",\"@id\":\"https:\\\/\\\/www.eldiario.net\\\/portal\\\/#\\\/schema\\\/person\\\/f46445640444750d7d753ccd04ae01b7\",\"name\":\"Jeanette\",\"image\":{\"@type\":\"ImageObject\",\"inLanguage\":\"es\",\"@id\":\"https:\\\/\\\/secure.gravatar.com\\\/avatar\\\/3ea2118a5f7dad2b7138b1187a6b7ee55f160b9968b66013c3a3ef39dd7e5798?s=96&d=mm&r=g\",\"url\":\"https:\\\/\\\/secure.gravatar.com\\\/avatar\\\/3ea2118a5f7dad2b7138b1187a6b7ee55f160b9968b66013c3a3ef39dd7e5798?s=96&d=mm&r=g\",\"contentUrl\":\"https:\\\/\\\/secure.gravatar.com\\\/avatar\\\/3ea2118a5f7dad2b7138b1187a6b7ee55f160b9968b66013c3a3ef39dd7e5798?s=96&d=mm&r=g\",\"caption\":\"Jeanette\"},\"sameAs\":[\"https:\\\/\\\/www.eldiario.net\\\/portal\"],\"url\":\"https:\\\/\\\/www.eldiario.net\\\/portal\\\/author\\\/jeanette\\\/\"}]}<\/script>\n<!-- \/ Yoast SEO plugin. -->","yoast_head_json":{"title":"Sedcam asegura que 31 cargos se encuentran ac\u00e9falos - El Diario - Bolivia","robots":{"index":"index","follow":"follow","max-snippet":"max-snippet:-1","max-image-preview":"max-image-preview:large","max-video-preview":"max-video-preview:-1"},"canonical":"https:\/\/www.eldiario.net\/portal\/2024\/09\/19\/sedcam-asegura-que-31-cargos-se-encuentran-acefalos\/","og_locale":"es_ES","og_type":"article","og_title":"Sedcam asegura que 31 cargos se encuentran ac\u00e9falos - El Diario - Bolivia","og_description":"Desde el Servicio Departamental de Caminos (Sedcam), las autoridades confirman que los 31 cargos que se van a rescindir en la gesti\u00f3n 2025 se encuentran ac\u00e9falos y no representan una afectaci\u00f3n a los trabajadores, desmintiendo as\u00ed lo que se\u00f1ala el Sindicato de Trabajadores de esta unidad. El director del Sedcam, Jorge Antonio Vaca D\u00edez, lament\u00f3 [&hellip;]","og_url":"https:\/\/www.eldiario.net\/portal\/2024\/09\/19\/sedcam-asegura-que-31-cargos-se-encuentran-acefalos\/","og_site_name":"El Diario - Bolivia","article_publisher":"https:\/\/www.facebook.com\/eldiario.bolivia\/","article_published_time":"2024-09-19T10:06:48+00:00","og_image":[{"width":1200,"height":800,"url":"https:\/\/www.eldiario.net\/portal\/wp-content\/uploads\/2024\/09\/JORGE-FOTO.jpg","type":"image\/jpeg"}],"author":"Jeanette","twitter_card":"summary_large_image","twitter_creator":"@eldiario_net","twitter_site":"@eldiario_net","twitter_misc":{"Escrito por":"Jeanette","Tiempo de lectura":"2 minutos"},"schema":{"@context":"https:\/\/schema.org","@graph":[{"@type":"Article","@id":"https:\/\/www.eldiario.net\/portal\/2024\/09\/19\/sedcam-asegura-que-31-cargos-se-encuentran-acefalos\/#article","isPartOf":{"@id":"https:\/\/www.eldiario.net\/portal\/2024\/09\/19\/sedcam-asegura-que-31-cargos-se-encuentran-acefalos\/"},"author":{"name":"Jeanette","@id":"https:\/\/www.eldiario.net\/portal\/#\/schema\/person\/f46445640444750d7d753ccd04ae01b7"},"headline":"Sedcam asegura que 31 cargos se encuentran ac\u00e9falos","datePublished":"2024-09-19T10:06:48+00:00","mainEntityOfPage":{"@id":"https:\/\/www.eldiario.net\/portal\/2024\/09\/19\/sedcam-asegura-que-31-cargos-se-encuentran-acefalos\/"},"wordCount":299,"commentCount":0,"publisher":{"@id":"https:\/\/www.eldiario.net\/portal\/#organization"},"image":{"@id":"https:\/\/www.eldiario.net\/portal\/2024\/09\/19\/sedcam-asegura-que-31-cargos-se-encuentran-acefalos\/#primaryimage"},"thumbnailUrl":"https:\/\/www.eldiario.net\/portal\/wp-content\/uploads\/2024\/09\/JORGE-FOTO.jpg","articleSection":["Nacional"],"inLanguage":"es","potentialAction":[{"@type":"CommentAction","name":"Comment","target":["https:\/\/www.eldiario.net\/portal\/2024\/09\/19\/sedcam-asegura-que-31-cargos-se-encuentran-acefalos\/#respond"]}]},{"@type":"WebPage","@id":"https:\/\/www.eldiario.net\/portal\/2024\/09\/19\/sedcam-asegura-que-31-cargos-se-encuentran-acefalos\/","url":"https:\/\/www.eldiario.net\/portal\/2024\/09\/19\/sedcam-asegura-que-31-cargos-se-encuentran-acefalos\/","name":"Sedcam asegura que 31 cargos se encuentran ac\u00e9falos - El Diario - Bolivia","isPartOf":{"@id":"https:\/\/www.eldiario.net\/portal\/#website"},"primaryImageOfPage":{"@id":"https:\/\/www.eldiario.net\/portal\/2024\/09\/19\/sedcam-asegura-que-31-cargos-se-encuentran-acefalos\/#primaryimage"},"image":{"@id":"https:\/\/www.eldiario.net\/portal\/2024\/09\/19\/sedcam-asegura-que-31-cargos-se-encuentran-acefalos\/#primaryimage"},"thumbnailUrl":"https:\/\/www.eldiario.net\/portal\/wp-content\/uploads\/2024\/09\/JORGE-FOTO.jpg","datePublished":"2024-09-19T10:06:48+00:00","breadcrumb":{"@id":"https:\/\/www.eldiario.net\/portal\/2024\/09\/19\/sedcam-asegura-que-31-cargos-se-encuentran-acefalos\/#breadcrumb"},"inLanguage":"es","potentialAction":[{"@type":"ReadAction","target":["https:\/\/www.eldiario.net\/portal\/2024\/09\/19\/sedcam-asegura-que-31-cargos-se-encuentran-acefalos\/"]}]},{"@type":"ImageObject","inLanguage":"es","@id":"https:\/\/www.eldiario.net\/portal\/2024\/09\/19\/sedcam-asegura-que-31-cargos-se-encuentran-acefalos\/#primaryimage","url":"https:\/\/www.eldiario.net\/portal\/wp-content\/uploads\/2024\/09\/JORGE-FOTO.jpg","contentUrl":"https:\/\/www.eldiario.net\/portal\/wp-content\/uploads\/2024\/09\/JORGE-FOTO.jpg","width":1200,"height":800,"caption":"El director del Sedcam, Jorge Antonio Vaca D\u00edez. FOTO: GSTC"},{"@type":"BreadcrumbList","@id":"https:\/\/www.eldiario.net\/portal\/2024\/09\/19\/sedcam-asegura-que-31-cargos-se-encuentran-acefalos\/#breadcrumb","itemListElement":[{"@type":"ListItem","position":1,"name":"Portada","item":"https:\/\/www.eldiario.net\/portal\/"},{"@type":"ListItem","position":2,"name":"Sedcam asegura que 31 cargos se encuentran ac\u00e9falos"}]},{"@type":"WebSite","@id":"https:\/\/www.eldiario.net\/portal\/#website","url":"https:\/\/www.eldiario.net\/portal\/","name":"El Diario - Decano de la prensa nacional","description":"El Diario - Decano de la prensa nacional","publisher":{"@id":"https:\/\/www.eldiario.net\/portal\/#organization"},"potentialAction":[{"@type":"SearchAction","target":{"@type":"EntryPoint","urlTemplate":"https:\/\/www.eldiario.net\/portal\/?s={search_term_string}"},"query-input":{"@type":"PropertyValueSpecification","valueRequired":true,"valueName":"search_term_string"}}],"inLanguage":"es"},{"@type":"Organization","@id":"https:\/\/www.eldiario.net\/portal\/#organization","name":"El Diario - Decano de la prensa nacional","url":"https:\/\/www.eldiario.net\/portal\/","logo":{"@type":"ImageObject","inLanguage":"es","@id":"https:\/\/www.eldiario.net\/portal\/#\/schema\/logo\/image\/","url":"https:\/\/www.eldiario.net\/portal\/wp-content\/uploads\/2023\/07\/logo_ED.jpg","contentUrl":"https:\/\/www.eldiario.net\/portal\/wp-content\/uploads\/2023\/07\/logo_ED.jpg","width":272,"height":52,"caption":"El Diario - Decano de la prensa nacional"},"image":{"@id":"https:\/\/www.eldiario.net\/portal\/#\/schema\/logo\/image\/"},"sameAs":["https:\/\/www.facebook.com\/eldiario.bolivia\/","https:\/\/x.com\/eldiario_net"]},{"@type":"Person","@id":"https:\/\/www.eldiario.net\/portal\/#\/schema\/person\/f46445640444750d7d753ccd04ae01b7","name":"Jeanette","image":{"@type":"ImageObject","inLanguage":"es","@id":"https:\/\/secure.gravatar.com\/avatar\/3ea2118a5f7dad2b7138b1187a6b7ee55f160b9968b66013c3a3ef39dd7e5798?s=96&d=mm&r=g","url":"https:\/\/secure.gravatar.com\/avatar\/3ea2118a5f7dad2b7138b1187a6b7ee55f160b9968b66013c3a3ef39dd7e5798?s=96&d=mm&r=g","contentUrl":"https:\/\/secure.gravatar.com\/avatar\/3ea2118a5f7dad2b7138b1187a6b7ee55f160b9968b66013c3a3ef39dd7e5798?s=96&d=mm&r=g","caption":"Jeanette"},"sameAs":["https:\/\/www.eldiario.net\/portal"],"url":"https:\/\/www.eldiario.net\/portal\/author\/jeanette\/"}]}},"_links":{"self":[{"href":"https:\/\/www.eldiario.net\/portal\/wp-json\/wp\/v2\/posts\/248451","targetHints":{"allow":["GET"]}}],"collection":[{"href":"https:\/\/www.eldiario.net\/portal\/wp-json\/wp\/v2\/posts"}],"about":[{"href":"https:\/\/www.eldiario.net\/portal\/wp-json\/wp\/v2\/types\/post"}],"author":[{"embeddable":true,"href":"https:\/\/www.eldiario.net\/portal\/wp-json\/wp\/v2\/users\/1"}],"replies":[{"embeddable":true,"href":"https:\/\/www.eldiario.net\/portal\/wp-json\/wp\/v2\/comments?post=248451"}],"version-history":[{"count":1,"href":"https:\/\/www.eldiario.net\/portal\/wp-json\/wp\/v2\/posts\/248451\/revisions"}],"predecessor-version":[{"id":248453,"href":"https:\/\/www.eldiario.net\/portal\/wp-json\/wp\/v2\/posts\/248451\/revisions\/248453"}],"wp:featuredmedia":[{"embeddable":true,"href":"https:\/\/www.eldiario.net\/portal\/wp-json\/wp\/v2\/media\/248452"}],"wp:attachment":[{"href":"https:\/\/www.eldiario.net\/portal\/wp-json\/wp\/v2\/media?parent=248451"}],"wp:term":[{"taxonomy":"category","embeddable":true,"href":"https:\/\/www.eldiario.net\/portal\/wp-json\/wp\/v2\/categories?post=248451"},{"taxonomy":"post_tag","embeddable":true,"href":"https:\/\/www.eldiario.net\/portal\/wp-json\/wp\/v2\/tags?post=248451"}],"curies":[{"name":"wp","href":"https:\/\/api.w.org\/{rel}","templated":true}]}}