{"id":248448,"date":"2024-09-19T06:05:51","date_gmt":"2024-09-19T10:05:51","guid":{"rendered":"https:\/\/www.eldiario.net\/portal\/?p=248448"},"modified":"2024-09-19T06:05:51","modified_gmt":"2024-09-19T10:05:51","slug":"llega-a-santa-cruz-7-8-toneladas-de-asistencia-humanitaria-donada-por-la-alcaldia-de-la-paz","status":"publish","type":"post","link":"https:\/\/www.eldiario.net\/portal\/2024\/09\/19\/llega-a-santa-cruz-7-8-toneladas-de-asistencia-humanitaria-donada-por-la-alcaldia-de-la-paz\/","title":{"rendered":"Llega a Santa Cruz 7.8 toneladas de asistencia  humanitaria donada por la Alcald\u00eda de La Paz"},"content":{"rendered":"<p>La Gobernaci\u00f3n de Santa Cruz recibi\u00f3 ayer 7.8 toneladas de asistencia humanitaria proveniente del Gobierno Aut\u00f3nomo Municipal de La Paz, que ser\u00e1 trasladada por el COED hasta los municipios cruce\u00f1os que est\u00e1n sufriendo los embates de los incendios forestales.<\/p>\n<p>La secretaria de Gesti\u00f3n Institucional, Patricia Viera, en nombre de la Gobernaci\u00f3n recibi\u00f3 la donaci\u00f3n de alimentos secos, agua, sueros, medicamentos y otros que fueron recolectados en la ciudad de La Paz y trasladados hasta el departamento cruce\u00f1o gracias al apoyo de DHL Express Bolivia.<\/p>\n<p>\u201cToda esta donaci\u00f3n ser\u00e1 distribuida de manera r\u00e1pida y eficiente a las comunidades de la Chiquitania, donde nuestra gente, nuestros bomberos forestales de la Gobernaci\u00f3n y voluntarios enfrentan en primera l\u00ednea al fuego. La colaboraci\u00f3n entre instituciones p\u00fablicas y privadas es vital, es una muestra de que juntos podremos hacer grandes cosas y combatir estas emergencias\u201d, indic\u00f3 Viera.<\/p>\n<p>Por su parte, el secretario de Educaci\u00f3n y Desarrollo Social del Gobierno Aut\u00f3nomo Municipal de La Paz, Jacques Alcoba, \u00a0inform\u00f3 que la donaci\u00f3n entregada forma parte de la campa\u00f1a \u2018La Chiquitania necesita tu apoyo\u2019 que se realiz\u00f3 del 09 al 16 de septiembre en la urbe pace\u00f1a.<\/p>\n<p>Dijo que es tradici\u00f3n de La Paz ser un municipio solidario en eventos adversos y antr\u00f3picos, asimismo conmin\u00f3 a todos los municipios a sumarse en esta campa\u00f1a de solidaridad para apoyar a los municipios cruce\u00f1os que hoy se ven afectados por los incendios forestales.<\/p>\n<p>\u201cTraigo de parte del pueblo pace\u00f1o estos alimentos y medicamentos acompa\u00f1ado de un mensaje, no est\u00e1n solos, la solidaridad es m\u00e1s fuerte que el fuego. La ayuda humanitaria no debe tener color pol\u00edtico, raza, credo ni religi\u00f3n y en este sentido estamos ac\u00e1 como Alcald\u00eda de La Paz donando 7.8 toneladas para apoyar a nuestros hermanos municipios de la Chiquitina\u201d, inform\u00f3.<\/p>\n<p>De parte de DHL Express Bolivia, el country manager Daniel Sologuren, manifest\u00f3 su compromiso de apoyar a la Gobernaci\u00f3n para trasladar todos los insumos y lo requerido a las zonas afectadas por el fuego en el departamento cruce\u00f1o.<\/p>\n<p>\u201cNos ponemos a disposici\u00f3n y queremos enviar el mensaje que todos podemos aportar con nuestro granito de arena, juntos podremos superar este momento dif\u00edcil que aqueja a todos los bolivianos y a todos los que vivimos en Santa Cruz\u201d, acot\u00f3. (Santa Cruz, agencias)<\/p>\n","protected":false},"excerpt":{"rendered":"<p>La Gobernaci\u00f3n de Santa Cruz recibi\u00f3 ayer 7.8 toneladas de asistencia humanitaria proveniente del Gobierno Aut\u00f3nomo Municipal de La Paz, que ser\u00e1 trasladada por el COED hasta los municipios cruce\u00f1os que est\u00e1n sufriendo los embates de los incendios forestales. La secretaria de Gesti\u00f3n Institucional, Patricia Viera, en nombre de la Gobernaci\u00f3n recibi\u00f3 la donaci\u00f3n de [&hellip;]<\/p>\n","protected":false},"author":1,"featured_media":248449,"comment_status":"open","ping_status":"open","sticky":false,"template":"","format":"standard","meta":{"_acf_changed":false,"footnotes":""},"categories":[12],"tags":[],"class_list":["post-248448","post","type-post","status-publish","format-standard","has-post-thumbnail","category-nacional"],"acf":{"antetitulo":""},"yoast_head":"<!-- This site is optimized with the Yoast SEO plugin v28.3 - https:\/\/yoast.com\/product\/yoast-seo-wordpress\/ -->\n<title>Llega a Santa Cruz 7.8 toneladas de asistencia humanitaria donada por la Alcald\u00eda de La Paz - El Diario - Bolivia<\/title>\n<meta name=\"robots\" content=\"index, follow, max-snippet:-1, max-image-preview:large, max-video-preview:-1\" \/>\n<link rel=\"canonical\" href=\"https:\/\/www.eldiario.net\/portal\/2024\/09\/19\/llega-a-santa-cruz-7-8-toneladas-de-asistencia-humanitaria-donada-por-la-alcaldia-de-la-paz\/\" \/>\n<meta property=\"og:locale\" content=\"es_ES\" \/>\n<meta property=\"og:type\" content=\"article\" \/>\n<meta property=\"og:title\" content=\"Llega a Santa Cruz 7.8 toneladas de asistencia humanitaria donada por la Alcald\u00eda de La Paz - El Diario - Bolivia\" \/>\n<meta property=\"og:description\" content=\"La Gobernaci\u00f3n de Santa Cruz recibi\u00f3 ayer 7.8 toneladas de asistencia humanitaria proveniente del Gobierno Aut\u00f3nomo Municipal de La Paz, que ser\u00e1 trasladada por el COED hasta los municipios cruce\u00f1os que est\u00e1n sufriendo los embates de los incendios forestales. La secretaria de Gesti\u00f3n Institucional, Patricia Viera, en nombre de la Gobernaci\u00f3n recibi\u00f3 la donaci\u00f3n de [&hellip;]\" \/>\n<meta property=\"og:url\" content=\"https:\/\/www.eldiario.net\/portal\/2024\/09\/19\/llega-a-santa-cruz-7-8-toneladas-de-asistencia-humanitaria-donada-por-la-alcaldia-de-la-paz\/\" \/>\n<meta property=\"og:site_name\" content=\"El Diario - Bolivia\" \/>\n<meta property=\"article:publisher\" content=\"https:\/\/www.facebook.com\/eldiario.bolivia\/\" \/>\n<meta property=\"article:published_time\" content=\"2024-09-19T10:05:51+00:00\" \/>\n<meta property=\"og:image\" content=\"https:\/\/www.eldiario.net\/portal\/wp-content\/uploads\/2024\/09\/LLEGA-FOTO.jpg\" \/>\n\t<meta property=\"og:image:width\" content=\"150\" \/>\n\t<meta property=\"og:image:height\" content=\"100\" \/>\n\t<meta property=\"og:image:type\" content=\"image\/jpeg\" \/>\n<meta name=\"author\" content=\"Jeanette\" \/>\n<meta name=\"twitter:card\" content=\"summary_large_image\" \/>\n<meta name=\"twitter:creator\" content=\"@eldiario_net\" \/>\n<meta name=\"twitter:site\" content=\"@eldiario_net\" \/>\n<meta name=\"twitter:label1\" content=\"Escrito por\" \/>\n\t<meta name=\"twitter:data1\" content=\"Jeanette\" \/>\n\t<meta name=\"twitter:label2\" content=\"Tiempo de lectura\" \/>\n\t<meta name=\"twitter:data2\" content=\"2 minutos\" \/>\n<script type=\"application\/ld+json\" class=\"yoast-schema-graph\">{\"@context\":\"https:\\\/\\\/schema.org\",\"@graph\":[{\"@type\":\"Article\",\"@id\":\"https:\\\/\\\/www.eldiario.net\\\/portal\\\/2024\\\/09\\\/19\\\/llega-a-santa-cruz-7-8-toneladas-de-asistencia-humanitaria-donada-por-la-alcaldia-de-la-paz\\\/#article\",\"isPartOf\":{\"@id\":\"https:\\\/\\\/www.eldiario.net\\\/portal\\\/2024\\\/09\\\/19\\\/llega-a-santa-cruz-7-8-toneladas-de-asistencia-humanitaria-donada-por-la-alcaldia-de-la-paz\\\/\"},\"author\":{\"name\":\"Jeanette\",\"@id\":\"https:\\\/\\\/www.eldiario.net\\\/portal\\\/#\\\/schema\\\/person\\\/f46445640444750d7d753ccd04ae01b7\"},\"headline\":\"Llega a Santa Cruz 7.8 toneladas de asistencia humanitaria donada por la Alcald\u00eda de La Paz\",\"datePublished\":\"2024-09-19T10:05:51+00:00\",\"mainEntityOfPage\":{\"@id\":\"https:\\\/\\\/www.eldiario.net\\\/portal\\\/2024\\\/09\\\/19\\\/llega-a-santa-cruz-7-8-toneladas-de-asistencia-humanitaria-donada-por-la-alcaldia-de-la-paz\\\/\"},\"wordCount\":421,\"commentCount\":0,\"publisher\":{\"@id\":\"https:\\\/\\\/www.eldiario.net\\\/portal\\\/#organization\"},\"image\":{\"@id\":\"https:\\\/\\\/www.eldiario.net\\\/portal\\\/2024\\\/09\\\/19\\\/llega-a-santa-cruz-7-8-toneladas-de-asistencia-humanitaria-donada-por-la-alcaldia-de-la-paz\\\/#primaryimage\"},\"thumbnailUrl\":\"https:\\\/\\\/www.eldiario.net\\\/portal\\\/wp-content\\\/uploads\\\/2024\\\/09\\\/LLEGA-FOTO.jpg\",\"articleSection\":[\"Nacional\"],\"inLanguage\":\"es\",\"potentialAction\":[{\"@type\":\"CommentAction\",\"name\":\"Comment\",\"target\":[\"https:\\\/\\\/www.eldiario.net\\\/portal\\\/2024\\\/09\\\/19\\\/llega-a-santa-cruz-7-8-toneladas-de-asistencia-humanitaria-donada-por-la-alcaldia-de-la-paz\\\/#respond\"]}]},{\"@type\":\"WebPage\",\"@id\":\"https:\\\/\\\/www.eldiario.net\\\/portal\\\/2024\\\/09\\\/19\\\/llega-a-santa-cruz-7-8-toneladas-de-asistencia-humanitaria-donada-por-la-alcaldia-de-la-paz\\\/\",\"url\":\"https:\\\/\\\/www.eldiario.net\\\/portal\\\/2024\\\/09\\\/19\\\/llega-a-santa-cruz-7-8-toneladas-de-asistencia-humanitaria-donada-por-la-alcaldia-de-la-paz\\\/\",\"name\":\"Llega a Santa Cruz 7.8 toneladas de asistencia humanitaria donada por la Alcald\u00eda de La Paz - El Diario - Bolivia\",\"isPartOf\":{\"@id\":\"https:\\\/\\\/www.eldiario.net\\\/portal\\\/#website\"},\"primaryImageOfPage\":{\"@id\":\"https:\\\/\\\/www.eldiario.net\\\/portal\\\/2024\\\/09\\\/19\\\/llega-a-santa-cruz-7-8-toneladas-de-asistencia-humanitaria-donada-por-la-alcaldia-de-la-paz\\\/#primaryimage\"},\"image\":{\"@id\":\"https:\\\/\\\/www.eldiario.net\\\/portal\\\/2024\\\/09\\\/19\\\/llega-a-santa-cruz-7-8-toneladas-de-asistencia-humanitaria-donada-por-la-alcaldia-de-la-paz\\\/#primaryimage\"},\"thumbnailUrl\":\"https:\\\/\\\/www.eldiario.net\\\/portal\\\/wp-content\\\/uploads\\\/2024\\\/09\\\/LLEGA-FOTO.jpg\",\"datePublished\":\"2024-09-19T10:05:51+00:00\",\"breadcrumb\":{\"@id\":\"https:\\\/\\\/www.eldiario.net\\\/portal\\\/2024\\\/09\\\/19\\\/llega-a-santa-cruz-7-8-toneladas-de-asistencia-humanitaria-donada-por-la-alcaldia-de-la-paz\\\/#breadcrumb\"},\"inLanguage\":\"es\",\"potentialAction\":[{\"@type\":\"ReadAction\",\"target\":[\"https:\\\/\\\/www.eldiario.net\\\/portal\\\/2024\\\/09\\\/19\\\/llega-a-santa-cruz-7-8-toneladas-de-asistencia-humanitaria-donada-por-la-alcaldia-de-la-paz\\\/\"]}]},{\"@type\":\"ImageObject\",\"inLanguage\":\"es\",\"@id\":\"https:\\\/\\\/www.eldiario.net\\\/portal\\\/2024\\\/09\\\/19\\\/llega-a-santa-cruz-7-8-toneladas-de-asistencia-humanitaria-donada-por-la-alcaldia-de-la-paz\\\/#primaryimage\",\"url\":\"https:\\\/\\\/www.eldiario.net\\\/portal\\\/wp-content\\\/uploads\\\/2024\\\/09\\\/LLEGA-FOTO.jpg\",\"contentUrl\":\"https:\\\/\\\/www.eldiario.net\\\/portal\\\/wp-content\\\/uploads\\\/2024\\\/09\\\/LLEGA-FOTO.jpg\",\"width\":150,\"height\":100,\"caption\":\"AYUDA HUMANITARIA DE LA ALCALD\u00cdA DE LA PAZ PARA SANTA CRUZ. FOTO: GSTC\"},{\"@type\":\"BreadcrumbList\",\"@id\":\"https:\\\/\\\/www.eldiario.net\\\/portal\\\/2024\\\/09\\\/19\\\/llega-a-santa-cruz-7-8-toneladas-de-asistencia-humanitaria-donada-por-la-alcaldia-de-la-paz\\\/#breadcrumb\",\"itemListElement\":[{\"@type\":\"ListItem\",\"position\":1,\"name\":\"Portada\",\"item\":\"https:\\\/\\\/www.eldiario.net\\\/portal\\\/\"},{\"@type\":\"ListItem\",\"position\":2,\"name\":\"Llega a Santa Cruz 7.8 toneladas de asistencia humanitaria donada por la Alcald\u00eda de La Paz\"}]},{\"@type\":\"WebSite\",\"@id\":\"https:\\\/\\\/www.eldiario.net\\\/portal\\\/#website\",\"url\":\"https:\\\/\\\/www.eldiario.net\\\/portal\\\/\",\"name\":\"El Diario - Decano de la prensa nacional\",\"description\":\"El Diario - Decano de la prensa nacional\",\"publisher\":{\"@id\":\"https:\\\/\\\/www.eldiario.net\\\/portal\\\/#organization\"},\"potentialAction\":[{\"@type\":\"SearchAction\",\"target\":{\"@type\":\"EntryPoint\",\"urlTemplate\":\"https:\\\/\\\/www.eldiario.net\\\/portal\\\/?s={search_term_string}\"},\"query-input\":{\"@type\":\"PropertyValueSpecification\",\"valueRequired\":true,\"valueName\":\"search_term_string\"}}],\"inLanguage\":\"es\"},{\"@type\":\"Organization\",\"@id\":\"https:\\\/\\\/www.eldiario.net\\\/portal\\\/#organization\",\"name\":\"El Diario - Decano de la prensa nacional\",\"url\":\"https:\\\/\\\/www.eldiario.net\\\/portal\\\/\",\"logo\":{\"@type\":\"ImageObject\",\"inLanguage\":\"es\",\"@id\":\"https:\\\/\\\/www.eldiario.net\\\/portal\\\/#\\\/schema\\\/logo\\\/image\\\/\",\"url\":\"https:\\\/\\\/www.eldiario.net\\\/portal\\\/wp-content\\\/uploads\\\/2023\\\/07\\\/logo_ED.jpg\",\"contentUrl\":\"https:\\\/\\\/www.eldiario.net\\\/portal\\\/wp-content\\\/uploads\\\/2023\\\/07\\\/logo_ED.jpg\",\"width\":272,\"height\":52,\"caption\":\"El Diario - Decano de la prensa nacional\"},\"image\":{\"@id\":\"https:\\\/\\\/www.eldiario.net\\\/portal\\\/#\\\/schema\\\/logo\\\/image\\\/\"},\"sameAs\":[\"https:\\\/\\\/www.facebook.com\\\/eldiario.bolivia\\\/\",\"https:\\\/\\\/x.com\\\/eldiario_net\"]},{\"@type\":\"Person\",\"@id\":\"https:\\\/\\\/www.eldiario.net\\\/portal\\\/#\\\/schema\\\/person\\\/f46445640444750d7d753ccd04ae01b7\",\"name\":\"Jeanette\",\"image\":{\"@type\":\"ImageObject\",\"inLanguage\":\"es\",\"@id\":\"https:\\\/\\\/secure.gravatar.com\\\/avatar\\\/3ea2118a5f7dad2b7138b1187a6b7ee55f160b9968b66013c3a3ef39dd7e5798?s=96&d=mm&r=g\",\"url\":\"https:\\\/\\\/secure.gravatar.com\\\/avatar\\\/3ea2118a5f7dad2b7138b1187a6b7ee55f160b9968b66013c3a3ef39dd7e5798?s=96&d=mm&r=g\",\"contentUrl\":\"https:\\\/\\\/secure.gravatar.com\\\/avatar\\\/3ea2118a5f7dad2b7138b1187a6b7ee55f160b9968b66013c3a3ef39dd7e5798?s=96&d=mm&r=g\",\"caption\":\"Jeanette\"},\"sameAs\":[\"https:\\\/\\\/www.eldiario.net\\\/portal\"],\"url\":\"https:\\\/\\\/www.eldiario.net\\\/portal\\\/author\\\/jeanette\\\/\"}]}<\/script>\n<!-- \/ Yoast SEO plugin. -->","yoast_head_json":{"title":"Llega a Santa Cruz 7.8 toneladas de asistencia humanitaria donada por la Alcald\u00eda de La Paz - El Diario - Bolivia","robots":{"index":"index","follow":"follow","max-snippet":"max-snippet:-1","max-image-preview":"max-image-preview:large","max-video-preview":"max-video-preview:-1"},"canonical":"https:\/\/www.eldiario.net\/portal\/2024\/09\/19\/llega-a-santa-cruz-7-8-toneladas-de-asistencia-humanitaria-donada-por-la-alcaldia-de-la-paz\/","og_locale":"es_ES","og_type":"article","og_title":"Llega a Santa Cruz 7.8 toneladas de asistencia humanitaria donada por la Alcald\u00eda de La Paz - El Diario - Bolivia","og_description":"La Gobernaci\u00f3n de Santa Cruz recibi\u00f3 ayer 7.8 toneladas de asistencia humanitaria proveniente del Gobierno Aut\u00f3nomo Municipal de La Paz, que ser\u00e1 trasladada por el COED hasta los municipios cruce\u00f1os que est\u00e1n sufriendo los embates de los incendios forestales. La secretaria de Gesti\u00f3n Institucional, Patricia Viera, en nombre de la Gobernaci\u00f3n recibi\u00f3 la donaci\u00f3n de [&hellip;]","og_url":"https:\/\/www.eldiario.net\/portal\/2024\/09\/19\/llega-a-santa-cruz-7-8-toneladas-de-asistencia-humanitaria-donada-por-la-alcaldia-de-la-paz\/","og_site_name":"El Diario - Bolivia","article_publisher":"https:\/\/www.facebook.com\/eldiario.bolivia\/","article_published_time":"2024-09-19T10:05:51+00:00","og_image":[{"width":150,"height":100,"url":"https:\/\/www.eldiario.net\/portal\/wp-content\/uploads\/2024\/09\/LLEGA-FOTO.jpg","type":"image\/jpeg"}],"author":"Jeanette","twitter_card":"summary_large_image","twitter_creator":"@eldiario_net","twitter_site":"@eldiario_net","twitter_misc":{"Escrito por":"Jeanette","Tiempo de lectura":"2 minutos"},"schema":{"@context":"https:\/\/schema.org","@graph":[{"@type":"Article","@id":"https:\/\/www.eldiario.net\/portal\/2024\/09\/19\/llega-a-santa-cruz-7-8-toneladas-de-asistencia-humanitaria-donada-por-la-alcaldia-de-la-paz\/#article","isPartOf":{"@id":"https:\/\/www.eldiario.net\/portal\/2024\/09\/19\/llega-a-santa-cruz-7-8-toneladas-de-asistencia-humanitaria-donada-por-la-alcaldia-de-la-paz\/"},"author":{"name":"Jeanette","@id":"https:\/\/www.eldiario.net\/portal\/#\/schema\/person\/f46445640444750d7d753ccd04ae01b7"},"headline":"Llega a Santa Cruz 7.8 toneladas de asistencia humanitaria donada por la Alcald\u00eda de La Paz","datePublished":"2024-09-19T10:05:51+00:00","mainEntityOfPage":{"@id":"https:\/\/www.eldiario.net\/portal\/2024\/09\/19\/llega-a-santa-cruz-7-8-toneladas-de-asistencia-humanitaria-donada-por-la-alcaldia-de-la-paz\/"},"wordCount":421,"commentCount":0,"publisher":{"@id":"https:\/\/www.eldiario.net\/portal\/#organization"},"image":{"@id":"https:\/\/www.eldiario.net\/portal\/2024\/09\/19\/llega-a-santa-cruz-7-8-toneladas-de-asistencia-humanitaria-donada-por-la-alcaldia-de-la-paz\/#primaryimage"},"thumbnailUrl":"https:\/\/www.eldiario.net\/portal\/wp-content\/uploads\/2024\/09\/LLEGA-FOTO.jpg","articleSection":["Nacional"],"inLanguage":"es","potentialAction":[{"@type":"CommentAction","name":"Comment","target":["https:\/\/www.eldiario.net\/portal\/2024\/09\/19\/llega-a-santa-cruz-7-8-toneladas-de-asistencia-humanitaria-donada-por-la-alcaldia-de-la-paz\/#respond"]}]},{"@type":"WebPage","@id":"https:\/\/www.eldiario.net\/portal\/2024\/09\/19\/llega-a-santa-cruz-7-8-toneladas-de-asistencia-humanitaria-donada-por-la-alcaldia-de-la-paz\/","url":"https:\/\/www.eldiario.net\/portal\/2024\/09\/19\/llega-a-santa-cruz-7-8-toneladas-de-asistencia-humanitaria-donada-por-la-alcaldia-de-la-paz\/","name":"Llega a Santa Cruz 7.8 toneladas de asistencia humanitaria donada por la Alcald\u00eda de La Paz - El Diario - Bolivia","isPartOf":{"@id":"https:\/\/www.eldiario.net\/portal\/#website"},"primaryImageOfPage":{"@id":"https:\/\/www.eldiario.net\/portal\/2024\/09\/19\/llega-a-santa-cruz-7-8-toneladas-de-asistencia-humanitaria-donada-por-la-alcaldia-de-la-paz\/#primaryimage"},"image":{"@id":"https:\/\/www.eldiario.net\/portal\/2024\/09\/19\/llega-a-santa-cruz-7-8-toneladas-de-asistencia-humanitaria-donada-por-la-alcaldia-de-la-paz\/#primaryimage"},"thumbnailUrl":"https:\/\/www.eldiario.net\/portal\/wp-content\/uploads\/2024\/09\/LLEGA-FOTO.jpg","datePublished":"2024-09-19T10:05:51+00:00","breadcrumb":{"@id":"https:\/\/www.eldiario.net\/portal\/2024\/09\/19\/llega-a-santa-cruz-7-8-toneladas-de-asistencia-humanitaria-donada-por-la-alcaldia-de-la-paz\/#breadcrumb"},"inLanguage":"es","potentialAction":[{"@type":"ReadAction","target":["https:\/\/www.eldiario.net\/portal\/2024\/09\/19\/llega-a-santa-cruz-7-8-toneladas-de-asistencia-humanitaria-donada-por-la-alcaldia-de-la-paz\/"]}]},{"@type":"ImageObject","inLanguage":"es","@id":"https:\/\/www.eldiario.net\/portal\/2024\/09\/19\/llega-a-santa-cruz-7-8-toneladas-de-asistencia-humanitaria-donada-por-la-alcaldia-de-la-paz\/#primaryimage","url":"https:\/\/www.eldiario.net\/portal\/wp-content\/uploads\/2024\/09\/LLEGA-FOTO.jpg","contentUrl":"https:\/\/www.eldiario.net\/portal\/wp-content\/uploads\/2024\/09\/LLEGA-FOTO.jpg","width":150,"height":100,"caption":"AYUDA HUMANITARIA DE LA ALCALD\u00cdA DE LA PAZ PARA SANTA CRUZ. FOTO: GSTC"},{"@type":"BreadcrumbList","@id":"https:\/\/www.eldiario.net\/portal\/2024\/09\/19\/llega-a-santa-cruz-7-8-toneladas-de-asistencia-humanitaria-donada-por-la-alcaldia-de-la-paz\/#breadcrumb","itemListElement":[{"@type":"ListItem","position":1,"name":"Portada","item":"https:\/\/www.eldiario.net\/portal\/"},{"@type":"ListItem","position":2,"name":"Llega a Santa Cruz 7.8 toneladas de asistencia humanitaria donada por la Alcald\u00eda de La Paz"}]},{"@type":"WebSite","@id":"https:\/\/www.eldiario.net\/portal\/#website","url":"https:\/\/www.eldiario.net\/portal\/","name":"El Diario - Decano de la prensa nacional","description":"El Diario - Decano de la prensa nacional","publisher":{"@id":"https:\/\/www.eldiario.net\/portal\/#organization"},"potentialAction":[{"@type":"SearchAction","target":{"@type":"EntryPoint","urlTemplate":"https:\/\/www.eldiario.net\/portal\/?s={search_term_string}"},"query-input":{"@type":"PropertyValueSpecification","valueRequired":true,"valueName":"search_term_string"}}],"inLanguage":"es"},{"@type":"Organization","@id":"https:\/\/www.eldiario.net\/portal\/#organization","name":"El Diario - Decano de la prensa nacional","url":"https:\/\/www.eldiario.net\/portal\/","logo":{"@type":"ImageObject","inLanguage":"es","@id":"https:\/\/www.eldiario.net\/portal\/#\/schema\/logo\/image\/","url":"https:\/\/www.eldiario.net\/portal\/wp-content\/uploads\/2023\/07\/logo_ED.jpg","contentUrl":"https:\/\/www.eldiario.net\/portal\/wp-content\/uploads\/2023\/07\/logo_ED.jpg","width":272,"height":52,"caption":"El Diario - Decano de la prensa nacional"},"image":{"@id":"https:\/\/www.eldiario.net\/portal\/#\/schema\/logo\/image\/"},"sameAs":["https:\/\/www.facebook.com\/eldiario.bolivia\/","https:\/\/x.com\/eldiario_net"]},{"@type":"Person","@id":"https:\/\/www.eldiario.net\/portal\/#\/schema\/person\/f46445640444750d7d753ccd04ae01b7","name":"Jeanette","image":{"@type":"ImageObject","inLanguage":"es","@id":"https:\/\/secure.gravatar.com\/avatar\/3ea2118a5f7dad2b7138b1187a6b7ee55f160b9968b66013c3a3ef39dd7e5798?s=96&d=mm&r=g","url":"https:\/\/secure.gravatar.com\/avatar\/3ea2118a5f7dad2b7138b1187a6b7ee55f160b9968b66013c3a3ef39dd7e5798?s=96&d=mm&r=g","contentUrl":"https:\/\/secure.gravatar.com\/avatar\/3ea2118a5f7dad2b7138b1187a6b7ee55f160b9968b66013c3a3ef39dd7e5798?s=96&d=mm&r=g","caption":"Jeanette"},"sameAs":["https:\/\/www.eldiario.net\/portal"],"url":"https:\/\/www.eldiario.net\/portal\/author\/jeanette\/"}]}},"_links":{"self":[{"href":"https:\/\/www.eldiario.net\/portal\/wp-json\/wp\/v2\/posts\/248448","targetHints":{"allow":["GET"]}}],"collection":[{"href":"https:\/\/www.eldiario.net\/portal\/wp-json\/wp\/v2\/posts"}],"about":[{"href":"https:\/\/www.eldiario.net\/portal\/wp-json\/wp\/v2\/types\/post"}],"author":[{"embeddable":true,"href":"https:\/\/www.eldiario.net\/portal\/wp-json\/wp\/v2\/users\/1"}],"replies":[{"embeddable":true,"href":"https:\/\/www.eldiario.net\/portal\/wp-json\/wp\/v2\/comments?post=248448"}],"version-history":[{"count":1,"href":"https:\/\/www.eldiario.net\/portal\/wp-json\/wp\/v2\/posts\/248448\/revisions"}],"predecessor-version":[{"id":248450,"href":"https:\/\/www.eldiario.net\/portal\/wp-json\/wp\/v2\/posts\/248448\/revisions\/248450"}],"wp:featuredmedia":[{"embeddable":true,"href":"https:\/\/www.eldiario.net\/portal\/wp-json\/wp\/v2\/media\/248449"}],"wp:attachment":[{"href":"https:\/\/www.eldiario.net\/portal\/wp-json\/wp\/v2\/media?parent=248448"}],"wp:term":[{"taxonomy":"category","embeddable":true,"href":"https:\/\/www.eldiario.net\/portal\/wp-json\/wp\/v2\/categories?post=248448"},{"taxonomy":"post_tag","embeddable":true,"href":"https:\/\/www.eldiario.net\/portal\/wp-json\/wp\/v2\/tags?post=248448"}],"curies":[{"name":"wp","href":"https:\/\/api.w.org\/{rel}","templated":true}]}}