{"id":248433,"date":"2024-09-19T06:01:51","date_gmt":"2024-09-19T10:01:51","guid":{"rendered":"https:\/\/www.eldiario.net\/portal\/?p=248433"},"modified":"2024-09-19T06:01:51","modified_gmt":"2024-09-19T10:01:51","slug":"fejuve-de-juan-saucedo-toma-sede-central","status":"publish","type":"post","link":"https:\/\/www.eldiario.net\/portal\/2024\/09\/19\/fejuve-de-juan-saucedo-toma-sede-central\/","title":{"rendered":"Fejuve de Juan Saucedo  toma sede central"},"content":{"rendered":"<p>De forma sorpresiva, un grupo de representantes vecinales y vecinos afiliados al sector de Juan Saucedo, presidente de una de las Federaciones de Juntas Vecinales (Fejuve) de la ciudad de El Alto, tomaron las instalaciones de la casa matriz de ese ente ubicadas en la avenida 6 de Marzo.<\/p>\n<p>Cerca de las 13:00 horas, los afiliados tomaron la sede ubicada en la calle 2 de la Ceja, avenida 6 de marzo, en El Alto. Una vez dentro, se advierte que por las ventanas de esas instalaciones comienzan a botar papeles, cajas de cerveza y algunos elementos de computadoras, a\u00a0 la calle.<\/p>\n<p>Pese a videos que circulan en redes sociales, donde se advierte a personas que estaban en el lugar salen desesperados por la puerta trasera y otros, incluso, saltan de un techo y un var\u00f3n cae, Saucedo asegur\u00f3 que la toma de esa edificaci\u00f3n fue pac\u00edfica.<\/p>\n<p>Argument\u00f3 que el lugar era utilizado como casa de campa\u00f1a, y \u201cpara la prostituci\u00f3n pol\u00edtica\u201d, por lo que recuperaron un emblema de las juntas vecinales alte\u00f1as.<\/p>\n<p>\u201cEstas oficinas de la gloriosa Fejuve El Alto m\u00e1s de 14 a\u00f1os han sido utilizada como casa de campa\u00f1a de los partidos pol\u00edticos, como casa de campa\u00f1a de algunos politiqueros (\u2026) ha sido utilizado como bunker, como un bar, ya no tiene que ser utilizado por partidos pol\u00edticos de los supuestos dirigentes que representaban a la ciudad de El Alto, no han sido dirigentes han sido delincuentes que han apoyado a algunos partidos pol\u00edticos (\u2026) ahora es cuando estas oficinas de la Fejuve El Alto, de 6 de Marzo tiene que ser utilizado por los verdaderos dirigentes (\u2026) para el desarrollo de El Alto, para trabajar. A partir de ahora tiene que ser para los 14 distritos\u201d, manifest\u00f3 el dirigente.<\/p>\n<p>Los dirigentes que acompa\u00f1aron a esa Fejuve, casi de inmediato cambiaron letreros y se posesionaron en el lugar que muestra destrozos, como ventanas rotas, la puerta principal se nota que fue forzada y en el piso se ve gotas de sangre.<\/p>\n","protected":false},"excerpt":{"rendered":"<p>De forma sorpresiva, un grupo de representantes vecinales y vecinos afiliados al sector de Juan Saucedo, presidente de una de las Federaciones de Juntas Vecinales (Fejuve) de la ciudad de El Alto, tomaron las instalaciones de la casa matriz de ese ente ubicadas en la avenida 6 de Marzo. Cerca de las 13:00 horas, los [&hellip;]<\/p>\n","protected":false},"author":1,"featured_media":248434,"comment_status":"open","ping_status":"open","sticky":false,"template":"","format":"standard","meta":{"_acf_changed":false,"footnotes":""},"categories":[12],"tags":[],"class_list":["post-248433","post","type-post","status-publish","format-standard","has-post-thumbnail","category-nacional"],"acf":{"antetitulo":""},"yoast_head":"<!-- This site is optimized with the Yoast SEO plugin v28.3 - https:\/\/yoast.com\/product\/yoast-seo-wordpress\/ -->\n<title>Fejuve de Juan Saucedo toma sede central - El Diario - Bolivia<\/title>\n<meta name=\"robots\" content=\"index, follow, max-snippet:-1, max-image-preview:large, max-video-preview:-1\" \/>\n<link rel=\"canonical\" href=\"https:\/\/www.eldiario.net\/portal\/2024\/09\/19\/fejuve-de-juan-saucedo-toma-sede-central\/\" \/>\n<meta property=\"og:locale\" content=\"es_ES\" \/>\n<meta property=\"og:type\" content=\"article\" \/>\n<meta property=\"og:title\" content=\"Fejuve de Juan Saucedo toma sede central - El Diario - Bolivia\" \/>\n<meta property=\"og:description\" content=\"De forma sorpresiva, un grupo de representantes vecinales y vecinos afiliados al sector de Juan Saucedo, presidente de una de las Federaciones de Juntas Vecinales (Fejuve) de la ciudad de El Alto, tomaron las instalaciones de la casa matriz de ese ente ubicadas en la avenida 6 de Marzo. Cerca de las 13:00 horas, los [&hellip;]\" \/>\n<meta property=\"og:url\" content=\"https:\/\/www.eldiario.net\/portal\/2024\/09\/19\/fejuve-de-juan-saucedo-toma-sede-central\/\" \/>\n<meta property=\"og:site_name\" content=\"El Diario - Bolivia\" \/>\n<meta property=\"article:publisher\" content=\"https:\/\/www.facebook.com\/eldiario.bolivia\/\" \/>\n<meta property=\"article:published_time\" content=\"2024-09-19T10:01:51+00:00\" \/>\n<meta property=\"og:image\" content=\"https:\/\/www.eldiario.net\/portal\/wp-content\/uploads\/2024\/09\/TOMA-FOTO.jpeg\" \/>\n\t<meta property=\"og:image:width\" content=\"945\" \/>\n\t<meta property=\"og:image:height\" content=\"523\" \/>\n\t<meta property=\"og:image:type\" content=\"image\/jpeg\" \/>\n<meta name=\"author\" content=\"Jeanette\" \/>\n<meta name=\"twitter:card\" content=\"summary_large_image\" \/>\n<meta name=\"twitter:creator\" content=\"@eldiario_net\" \/>\n<meta name=\"twitter:site\" content=\"@eldiario_net\" \/>\n<meta name=\"twitter:label1\" content=\"Escrito por\" \/>\n\t<meta name=\"twitter:data1\" content=\"Jeanette\" \/>\n\t<meta name=\"twitter:label2\" content=\"Tiempo de lectura\" \/>\n\t<meta name=\"twitter:data2\" content=\"2 minutos\" \/>\n<script type=\"application\/ld+json\" class=\"yoast-schema-graph\">{\"@context\":\"https:\\\/\\\/schema.org\",\"@graph\":[{\"@type\":\"Article\",\"@id\":\"https:\\\/\\\/www.eldiario.net\\\/portal\\\/2024\\\/09\\\/19\\\/fejuve-de-juan-saucedo-toma-sede-central\\\/#article\",\"isPartOf\":{\"@id\":\"https:\\\/\\\/www.eldiario.net\\\/portal\\\/2024\\\/09\\\/19\\\/fejuve-de-juan-saucedo-toma-sede-central\\\/\"},\"author\":{\"name\":\"Jeanette\",\"@id\":\"https:\\\/\\\/www.eldiario.net\\\/portal\\\/#\\\/schema\\\/person\\\/f46445640444750d7d753ccd04ae01b7\"},\"headline\":\"Fejuve de Juan Saucedo toma sede central\",\"datePublished\":\"2024-09-19T10:01:51+00:00\",\"mainEntityOfPage\":{\"@id\":\"https:\\\/\\\/www.eldiario.net\\\/portal\\\/2024\\\/09\\\/19\\\/fejuve-de-juan-saucedo-toma-sede-central\\\/\"},\"wordCount\":345,\"commentCount\":0,\"publisher\":{\"@id\":\"https:\\\/\\\/www.eldiario.net\\\/portal\\\/#organization\"},\"image\":{\"@id\":\"https:\\\/\\\/www.eldiario.net\\\/portal\\\/2024\\\/09\\\/19\\\/fejuve-de-juan-saucedo-toma-sede-central\\\/#primaryimage\"},\"thumbnailUrl\":\"https:\\\/\\\/www.eldiario.net\\\/portal\\\/wp-content\\\/uploads\\\/2024\\\/09\\\/TOMA-FOTO.jpeg\",\"articleSection\":[\"Nacional\"],\"inLanguage\":\"es\",\"potentialAction\":[{\"@type\":\"CommentAction\",\"name\":\"Comment\",\"target\":[\"https:\\\/\\\/www.eldiario.net\\\/portal\\\/2024\\\/09\\\/19\\\/fejuve-de-juan-saucedo-toma-sede-central\\\/#respond\"]}]},{\"@type\":\"WebPage\",\"@id\":\"https:\\\/\\\/www.eldiario.net\\\/portal\\\/2024\\\/09\\\/19\\\/fejuve-de-juan-saucedo-toma-sede-central\\\/\",\"url\":\"https:\\\/\\\/www.eldiario.net\\\/portal\\\/2024\\\/09\\\/19\\\/fejuve-de-juan-saucedo-toma-sede-central\\\/\",\"name\":\"Fejuve de Juan Saucedo toma sede central - El Diario - Bolivia\",\"isPartOf\":{\"@id\":\"https:\\\/\\\/www.eldiario.net\\\/portal\\\/#website\"},\"primaryImageOfPage\":{\"@id\":\"https:\\\/\\\/www.eldiario.net\\\/portal\\\/2024\\\/09\\\/19\\\/fejuve-de-juan-saucedo-toma-sede-central\\\/#primaryimage\"},\"image\":{\"@id\":\"https:\\\/\\\/www.eldiario.net\\\/portal\\\/2024\\\/09\\\/19\\\/fejuve-de-juan-saucedo-toma-sede-central\\\/#primaryimage\"},\"thumbnailUrl\":\"https:\\\/\\\/www.eldiario.net\\\/portal\\\/wp-content\\\/uploads\\\/2024\\\/09\\\/TOMA-FOTO.jpeg\",\"datePublished\":\"2024-09-19T10:01:51+00:00\",\"breadcrumb\":{\"@id\":\"https:\\\/\\\/www.eldiario.net\\\/portal\\\/2024\\\/09\\\/19\\\/fejuve-de-juan-saucedo-toma-sede-central\\\/#breadcrumb\"},\"inLanguage\":\"es\",\"potentialAction\":[{\"@type\":\"ReadAction\",\"target\":[\"https:\\\/\\\/www.eldiario.net\\\/portal\\\/2024\\\/09\\\/19\\\/fejuve-de-juan-saucedo-toma-sede-central\\\/\"]}]},{\"@type\":\"ImageObject\",\"inLanguage\":\"es\",\"@id\":\"https:\\\/\\\/www.eldiario.net\\\/portal\\\/2024\\\/09\\\/19\\\/fejuve-de-juan-saucedo-toma-sede-central\\\/#primaryimage\",\"url\":\"https:\\\/\\\/www.eldiario.net\\\/portal\\\/wp-content\\\/uploads\\\/2024\\\/09\\\/TOMA-FOTO.jpeg\",\"contentUrl\":\"https:\\\/\\\/www.eldiario.net\\\/portal\\\/wp-content\\\/uploads\\\/2024\\\/09\\\/TOMA-FOTO.jpeg\",\"width\":945,\"height\":523,\"caption\":\"Quemaron documentos que lanzaron por las ventanas. Cr\u00e9dito: RRSS\"},{\"@type\":\"BreadcrumbList\",\"@id\":\"https:\\\/\\\/www.eldiario.net\\\/portal\\\/2024\\\/09\\\/19\\\/fejuve-de-juan-saucedo-toma-sede-central\\\/#breadcrumb\",\"itemListElement\":[{\"@type\":\"ListItem\",\"position\":1,\"name\":\"Portada\",\"item\":\"https:\\\/\\\/www.eldiario.net\\\/portal\\\/\"},{\"@type\":\"ListItem\",\"position\":2,\"name\":\"Fejuve de Juan Saucedo toma sede central\"}]},{\"@type\":\"WebSite\",\"@id\":\"https:\\\/\\\/www.eldiario.net\\\/portal\\\/#website\",\"url\":\"https:\\\/\\\/www.eldiario.net\\\/portal\\\/\",\"name\":\"El Diario - Decano de la prensa nacional\",\"description\":\"El Diario - Decano de la prensa nacional\",\"publisher\":{\"@id\":\"https:\\\/\\\/www.eldiario.net\\\/portal\\\/#organization\"},\"potentialAction\":[{\"@type\":\"SearchAction\",\"target\":{\"@type\":\"EntryPoint\",\"urlTemplate\":\"https:\\\/\\\/www.eldiario.net\\\/portal\\\/?s={search_term_string}\"},\"query-input\":{\"@type\":\"PropertyValueSpecification\",\"valueRequired\":true,\"valueName\":\"search_term_string\"}}],\"inLanguage\":\"es\"},{\"@type\":\"Organization\",\"@id\":\"https:\\\/\\\/www.eldiario.net\\\/portal\\\/#organization\",\"name\":\"El Diario - Decano de la prensa nacional\",\"url\":\"https:\\\/\\\/www.eldiario.net\\\/portal\\\/\",\"logo\":{\"@type\":\"ImageObject\",\"inLanguage\":\"es\",\"@id\":\"https:\\\/\\\/www.eldiario.net\\\/portal\\\/#\\\/schema\\\/logo\\\/image\\\/\",\"url\":\"https:\\\/\\\/www.eldiario.net\\\/portal\\\/wp-content\\\/uploads\\\/2023\\\/07\\\/logo_ED.jpg\",\"contentUrl\":\"https:\\\/\\\/www.eldiario.net\\\/portal\\\/wp-content\\\/uploads\\\/2023\\\/07\\\/logo_ED.jpg\",\"width\":272,\"height\":52,\"caption\":\"El Diario - Decano de la prensa nacional\"},\"image\":{\"@id\":\"https:\\\/\\\/www.eldiario.net\\\/portal\\\/#\\\/schema\\\/logo\\\/image\\\/\"},\"sameAs\":[\"https:\\\/\\\/www.facebook.com\\\/eldiario.bolivia\\\/\",\"https:\\\/\\\/x.com\\\/eldiario_net\"]},{\"@type\":\"Person\",\"@id\":\"https:\\\/\\\/www.eldiario.net\\\/portal\\\/#\\\/schema\\\/person\\\/f46445640444750d7d753ccd04ae01b7\",\"name\":\"Jeanette\",\"image\":{\"@type\":\"ImageObject\",\"inLanguage\":\"es\",\"@id\":\"https:\\\/\\\/secure.gravatar.com\\\/avatar\\\/3ea2118a5f7dad2b7138b1187a6b7ee55f160b9968b66013c3a3ef39dd7e5798?s=96&d=mm&r=g\",\"url\":\"https:\\\/\\\/secure.gravatar.com\\\/avatar\\\/3ea2118a5f7dad2b7138b1187a6b7ee55f160b9968b66013c3a3ef39dd7e5798?s=96&d=mm&r=g\",\"contentUrl\":\"https:\\\/\\\/secure.gravatar.com\\\/avatar\\\/3ea2118a5f7dad2b7138b1187a6b7ee55f160b9968b66013c3a3ef39dd7e5798?s=96&d=mm&r=g\",\"caption\":\"Jeanette\"},\"sameAs\":[\"https:\\\/\\\/www.eldiario.net\\\/portal\"],\"url\":\"https:\\\/\\\/www.eldiario.net\\\/portal\\\/author\\\/jeanette\\\/\"}]}<\/script>\n<!-- \/ Yoast SEO plugin. -->","yoast_head_json":{"title":"Fejuve de Juan Saucedo toma sede central - El Diario - Bolivia","robots":{"index":"index","follow":"follow","max-snippet":"max-snippet:-1","max-image-preview":"max-image-preview:large","max-video-preview":"max-video-preview:-1"},"canonical":"https:\/\/www.eldiario.net\/portal\/2024\/09\/19\/fejuve-de-juan-saucedo-toma-sede-central\/","og_locale":"es_ES","og_type":"article","og_title":"Fejuve de Juan Saucedo toma sede central - El Diario - Bolivia","og_description":"De forma sorpresiva, un grupo de representantes vecinales y vecinos afiliados al sector de Juan Saucedo, presidente de una de las Federaciones de Juntas Vecinales (Fejuve) de la ciudad de El Alto, tomaron las instalaciones de la casa matriz de ese ente ubicadas en la avenida 6 de Marzo. Cerca de las 13:00 horas, los [&hellip;]","og_url":"https:\/\/www.eldiario.net\/portal\/2024\/09\/19\/fejuve-de-juan-saucedo-toma-sede-central\/","og_site_name":"El Diario - Bolivia","article_publisher":"https:\/\/www.facebook.com\/eldiario.bolivia\/","article_published_time":"2024-09-19T10:01:51+00:00","og_image":[{"width":945,"height":523,"url":"https:\/\/www.eldiario.net\/portal\/wp-content\/uploads\/2024\/09\/TOMA-FOTO.jpeg","type":"image\/jpeg"}],"author":"Jeanette","twitter_card":"summary_large_image","twitter_creator":"@eldiario_net","twitter_site":"@eldiario_net","twitter_misc":{"Escrito por":"Jeanette","Tiempo de lectura":"2 minutos"},"schema":{"@context":"https:\/\/schema.org","@graph":[{"@type":"Article","@id":"https:\/\/www.eldiario.net\/portal\/2024\/09\/19\/fejuve-de-juan-saucedo-toma-sede-central\/#article","isPartOf":{"@id":"https:\/\/www.eldiario.net\/portal\/2024\/09\/19\/fejuve-de-juan-saucedo-toma-sede-central\/"},"author":{"name":"Jeanette","@id":"https:\/\/www.eldiario.net\/portal\/#\/schema\/person\/f46445640444750d7d753ccd04ae01b7"},"headline":"Fejuve de Juan Saucedo toma sede central","datePublished":"2024-09-19T10:01:51+00:00","mainEntityOfPage":{"@id":"https:\/\/www.eldiario.net\/portal\/2024\/09\/19\/fejuve-de-juan-saucedo-toma-sede-central\/"},"wordCount":345,"commentCount":0,"publisher":{"@id":"https:\/\/www.eldiario.net\/portal\/#organization"},"image":{"@id":"https:\/\/www.eldiario.net\/portal\/2024\/09\/19\/fejuve-de-juan-saucedo-toma-sede-central\/#primaryimage"},"thumbnailUrl":"https:\/\/www.eldiario.net\/portal\/wp-content\/uploads\/2024\/09\/TOMA-FOTO.jpeg","articleSection":["Nacional"],"inLanguage":"es","potentialAction":[{"@type":"CommentAction","name":"Comment","target":["https:\/\/www.eldiario.net\/portal\/2024\/09\/19\/fejuve-de-juan-saucedo-toma-sede-central\/#respond"]}]},{"@type":"WebPage","@id":"https:\/\/www.eldiario.net\/portal\/2024\/09\/19\/fejuve-de-juan-saucedo-toma-sede-central\/","url":"https:\/\/www.eldiario.net\/portal\/2024\/09\/19\/fejuve-de-juan-saucedo-toma-sede-central\/","name":"Fejuve de Juan Saucedo toma sede central - El Diario - Bolivia","isPartOf":{"@id":"https:\/\/www.eldiario.net\/portal\/#website"},"primaryImageOfPage":{"@id":"https:\/\/www.eldiario.net\/portal\/2024\/09\/19\/fejuve-de-juan-saucedo-toma-sede-central\/#primaryimage"},"image":{"@id":"https:\/\/www.eldiario.net\/portal\/2024\/09\/19\/fejuve-de-juan-saucedo-toma-sede-central\/#primaryimage"},"thumbnailUrl":"https:\/\/www.eldiario.net\/portal\/wp-content\/uploads\/2024\/09\/TOMA-FOTO.jpeg","datePublished":"2024-09-19T10:01:51+00:00","breadcrumb":{"@id":"https:\/\/www.eldiario.net\/portal\/2024\/09\/19\/fejuve-de-juan-saucedo-toma-sede-central\/#breadcrumb"},"inLanguage":"es","potentialAction":[{"@type":"ReadAction","target":["https:\/\/www.eldiario.net\/portal\/2024\/09\/19\/fejuve-de-juan-saucedo-toma-sede-central\/"]}]},{"@type":"ImageObject","inLanguage":"es","@id":"https:\/\/www.eldiario.net\/portal\/2024\/09\/19\/fejuve-de-juan-saucedo-toma-sede-central\/#primaryimage","url":"https:\/\/www.eldiario.net\/portal\/wp-content\/uploads\/2024\/09\/TOMA-FOTO.jpeg","contentUrl":"https:\/\/www.eldiario.net\/portal\/wp-content\/uploads\/2024\/09\/TOMA-FOTO.jpeg","width":945,"height":523,"caption":"Quemaron documentos que lanzaron por las ventanas. Cr\u00e9dito: RRSS"},{"@type":"BreadcrumbList","@id":"https:\/\/www.eldiario.net\/portal\/2024\/09\/19\/fejuve-de-juan-saucedo-toma-sede-central\/#breadcrumb","itemListElement":[{"@type":"ListItem","position":1,"name":"Portada","item":"https:\/\/www.eldiario.net\/portal\/"},{"@type":"ListItem","position":2,"name":"Fejuve de Juan Saucedo toma sede central"}]},{"@type":"WebSite","@id":"https:\/\/www.eldiario.net\/portal\/#website","url":"https:\/\/www.eldiario.net\/portal\/","name":"El Diario - Decano de la prensa nacional","description":"El Diario - Decano de la prensa nacional","publisher":{"@id":"https:\/\/www.eldiario.net\/portal\/#organization"},"potentialAction":[{"@type":"SearchAction","target":{"@type":"EntryPoint","urlTemplate":"https:\/\/www.eldiario.net\/portal\/?s={search_term_string}"},"query-input":{"@type":"PropertyValueSpecification","valueRequired":true,"valueName":"search_term_string"}}],"inLanguage":"es"},{"@type":"Organization","@id":"https:\/\/www.eldiario.net\/portal\/#organization","name":"El Diario - Decano de la prensa nacional","url":"https:\/\/www.eldiario.net\/portal\/","logo":{"@type":"ImageObject","inLanguage":"es","@id":"https:\/\/www.eldiario.net\/portal\/#\/schema\/logo\/image\/","url":"https:\/\/www.eldiario.net\/portal\/wp-content\/uploads\/2023\/07\/logo_ED.jpg","contentUrl":"https:\/\/www.eldiario.net\/portal\/wp-content\/uploads\/2023\/07\/logo_ED.jpg","width":272,"height":52,"caption":"El Diario - Decano de la prensa nacional"},"image":{"@id":"https:\/\/www.eldiario.net\/portal\/#\/schema\/logo\/image\/"},"sameAs":["https:\/\/www.facebook.com\/eldiario.bolivia\/","https:\/\/x.com\/eldiario_net"]},{"@type":"Person","@id":"https:\/\/www.eldiario.net\/portal\/#\/schema\/person\/f46445640444750d7d753ccd04ae01b7","name":"Jeanette","image":{"@type":"ImageObject","inLanguage":"es","@id":"https:\/\/secure.gravatar.com\/avatar\/3ea2118a5f7dad2b7138b1187a6b7ee55f160b9968b66013c3a3ef39dd7e5798?s=96&d=mm&r=g","url":"https:\/\/secure.gravatar.com\/avatar\/3ea2118a5f7dad2b7138b1187a6b7ee55f160b9968b66013c3a3ef39dd7e5798?s=96&d=mm&r=g","contentUrl":"https:\/\/secure.gravatar.com\/avatar\/3ea2118a5f7dad2b7138b1187a6b7ee55f160b9968b66013c3a3ef39dd7e5798?s=96&d=mm&r=g","caption":"Jeanette"},"sameAs":["https:\/\/www.eldiario.net\/portal"],"url":"https:\/\/www.eldiario.net\/portal\/author\/jeanette\/"}]}},"_links":{"self":[{"href":"https:\/\/www.eldiario.net\/portal\/wp-json\/wp\/v2\/posts\/248433","targetHints":{"allow":["GET"]}}],"collection":[{"href":"https:\/\/www.eldiario.net\/portal\/wp-json\/wp\/v2\/posts"}],"about":[{"href":"https:\/\/www.eldiario.net\/portal\/wp-json\/wp\/v2\/types\/post"}],"author":[{"embeddable":true,"href":"https:\/\/www.eldiario.net\/portal\/wp-json\/wp\/v2\/users\/1"}],"replies":[{"embeddable":true,"href":"https:\/\/www.eldiario.net\/portal\/wp-json\/wp\/v2\/comments?post=248433"}],"version-history":[{"count":1,"href":"https:\/\/www.eldiario.net\/portal\/wp-json\/wp\/v2\/posts\/248433\/revisions"}],"predecessor-version":[{"id":248435,"href":"https:\/\/www.eldiario.net\/portal\/wp-json\/wp\/v2\/posts\/248433\/revisions\/248435"}],"wp:featuredmedia":[{"embeddable":true,"href":"https:\/\/www.eldiario.net\/portal\/wp-json\/wp\/v2\/media\/248434"}],"wp:attachment":[{"href":"https:\/\/www.eldiario.net\/portal\/wp-json\/wp\/v2\/media?parent=248433"}],"wp:term":[{"taxonomy":"category","embeddable":true,"href":"https:\/\/www.eldiario.net\/portal\/wp-json\/wp\/v2\/categories?post=248433"},{"taxonomy":"post_tag","embeddable":true,"href":"https:\/\/www.eldiario.net\/portal\/wp-json\/wp\/v2\/tags?post=248433"}],"curies":[{"name":"wp","href":"https:\/\/api.w.org\/{rel}","templated":true}]}}