{"id":248430,"date":"2024-09-19T06:00:58","date_gmt":"2024-09-19T10:00:58","guid":{"rendered":"https:\/\/www.eldiario.net\/portal\/?p=248430"},"modified":"2024-09-19T06:00:58","modified_gmt":"2024-09-19T10:00:58","slug":"desafian-al-gobierno-a-apresar-a-morales","status":"publish","type":"post","link":"https:\/\/www.eldiario.net\/portal\/2024\/09\/19\/desafian-al-gobierno-a-apresar-a-morales\/","title":{"rendered":"Desaf\u00edan al Gobierno  a apresar a Morales"},"content":{"rendered":"<p>Haciendo referencia a las constantes denuncias del Gobierno sobre presuntos intentos de golpe promovidos por el \u201cevismo\u201d para acortar la actual gesti\u00f3n de Luis Arce, el jefe de bancada por Creemos en Senadores, Henry Montero, desafi\u00f3 al Jefe de Estado a aplicar la Constituci\u00f3n Pol\u00edtica del Estado (CPE) y el C\u00f3digo Penal, en caso de que en el pa\u00eds est\u00e9 en curso un intento de alterar el orden constitucional.<\/p>\n<p>\u201cSi hay el golpe en curso m\u00e9talo preso a Evo Morales o ser\u00e1 que no tiene los pantalones, se lo tendr\u00e9 que prestar yo mis pantalones o los pantalones de Camacho para que pueda asumir de acuerdo a ley\u201d, expres\u00f3 Montero, en declaraciones a medios de prensa.<\/p>\n<p>El senador de Creemos subray\u00f3 que el gobierno de Luis Arce y sus ministros solamente emplean los medios de comunicaci\u00f3n para invocar que van a cumplir la Carta Magna, pero no la aplican cuando hay una persona y sus adherentes anunciando la deposici\u00f3n al gobierno de turno.<\/p>\n<p>El legislador argument\u00f3 que el Gobernador de Santa Cruz, Fernando Camacho, se encuentra en calidad de preso pol\u00edtico solamente con argucias judiciales en base a los recortes de los peri\u00f3dicos; mientras, Morales todos los d\u00edas desaf\u00eda al jefe de Estado y no hace nada.<\/p>\n<p>\u201cLa pelea interna del MAS por el poder seguir\u00e1 destruyendo; aqu\u00ed se pelean por qui\u00e9n destruye m\u00e1s este pa\u00eds, \u00bfSi fuera as\u00ed el posible golpe por qu\u00e9 no est\u00e1 preso Evo Morales? Con todos los delitos cometidos; incluso por los antecedentes de la violaci\u00f3n del art\u00edculo 168, de la CPE, la burla a la decisi\u00f3n soberana del 21F, el fraude electoral y otros\u201d, argumento Montero.<\/p>\n<p>Ayer, sin hacer alusiones personales, mediante sus redes sociales, el vicepresidente del Estado, David Choquehuanca, puntualiz\u00f3 que todos los ciudadanos est\u00e1n en la obligaci\u00f3n de cumplir con el sistema legal nacional y el no hacerlo se constituye en un delito.<\/p>\n<p>\u201cSi violas la Constituci\u00f3n Pol\u00edtica del Estado, est\u00e1s violando el sistema legal y la institucionalidad democr\u00e1tica, lo cual constituye un delito que est\u00e1 penado por la ley. Y ante la ley, todos somos iguales\u201d, expres\u00f3 la autoridad.<\/p>\n","protected":false},"excerpt":{"rendered":"<p>Haciendo referencia a las constantes denuncias del Gobierno sobre presuntos intentos de golpe promovidos por el \u201cevismo\u201d para acortar la actual gesti\u00f3n de Luis Arce, el jefe de bancada por Creemos en Senadores, Henry Montero, desafi\u00f3 al Jefe de Estado a aplicar la Constituci\u00f3n Pol\u00edtica del Estado (CPE) y el C\u00f3digo Penal, en caso de [&hellip;]<\/p>\n","protected":false},"author":1,"featured_media":248431,"comment_status":"open","ping_status":"open","sticky":false,"template":"","format":"standard","meta":{"_acf_changed":false,"footnotes":""},"categories":[14],"tags":[],"class_list":["post-248430","post","type-post","status-publish","format-standard","has-post-thumbnail","category-politica"],"acf":{"antetitulo":"Por amenazar el orden constitucional"},"yoast_head":"<!-- This site is optimized with the Yoast SEO plugin v28.3 - https:\/\/yoast.com\/product\/yoast-seo-wordpress\/ -->\n<title>Desaf\u00edan al Gobierno a apresar a Morales - El Diario - Bolivia<\/title>\n<meta name=\"robots\" content=\"index, follow, max-snippet:-1, max-image-preview:large, max-video-preview:-1\" \/>\n<link rel=\"canonical\" href=\"https:\/\/www.eldiario.net\/portal\/2024\/09\/19\/desafian-al-gobierno-a-apresar-a-morales\/\" \/>\n<meta property=\"og:locale\" content=\"es_ES\" \/>\n<meta property=\"og:type\" content=\"article\" \/>\n<meta property=\"og:title\" content=\"Desaf\u00edan al Gobierno a apresar a Morales - El Diario - Bolivia\" \/>\n<meta property=\"og:description\" content=\"Haciendo referencia a las constantes denuncias del Gobierno sobre presuntos intentos de golpe promovidos por el \u201cevismo\u201d para acortar la actual gesti\u00f3n de Luis Arce, el jefe de bancada por Creemos en Senadores, Henry Montero, desafi\u00f3 al Jefe de Estado a aplicar la Constituci\u00f3n Pol\u00edtica del Estado (CPE) y el C\u00f3digo Penal, en caso de [&hellip;]\" \/>\n<meta property=\"og:url\" content=\"https:\/\/www.eldiario.net\/portal\/2024\/09\/19\/desafian-al-gobierno-a-apresar-a-morales\/\" \/>\n<meta property=\"og:site_name\" content=\"El Diario - Bolivia\" \/>\n<meta property=\"article:publisher\" content=\"https:\/\/www.facebook.com\/eldiario.bolivia\/\" \/>\n<meta property=\"article:published_time\" content=\"2024-09-19T10:00:58+00:00\" \/>\n<meta property=\"og:image\" content=\"https:\/\/www.eldiario.net\/portal\/wp-content\/uploads\/2024\/09\/APRESAR-FOTO.jpg\" \/>\n\t<meta property=\"og:image:width\" content=\"750\" \/>\n\t<meta property=\"og:image:height\" content=\"375\" \/>\n\t<meta property=\"og:image:type\" content=\"image\/jpeg\" \/>\n<meta name=\"author\" content=\"Jeanette\" \/>\n<meta name=\"twitter:card\" content=\"summary_large_image\" \/>\n<meta name=\"twitter:creator\" content=\"@eldiario_net\" \/>\n<meta name=\"twitter:site\" content=\"@eldiario_net\" \/>\n<meta name=\"twitter:label1\" content=\"Escrito por\" \/>\n\t<meta name=\"twitter:data1\" content=\"Jeanette\" \/>\n\t<meta name=\"twitter:label2\" content=\"Tiempo de lectura\" \/>\n\t<meta name=\"twitter:data2\" content=\"2 minutos\" \/>\n<script type=\"application\/ld+json\" class=\"yoast-schema-graph\">{\"@context\":\"https:\\\/\\\/schema.org\",\"@graph\":[{\"@type\":\"Article\",\"@id\":\"https:\\\/\\\/www.eldiario.net\\\/portal\\\/2024\\\/09\\\/19\\\/desafian-al-gobierno-a-apresar-a-morales\\\/#article\",\"isPartOf\":{\"@id\":\"https:\\\/\\\/www.eldiario.net\\\/portal\\\/2024\\\/09\\\/19\\\/desafian-al-gobierno-a-apresar-a-morales\\\/\"},\"author\":{\"name\":\"Jeanette\",\"@id\":\"https:\\\/\\\/www.eldiario.net\\\/portal\\\/#\\\/schema\\\/person\\\/f46445640444750d7d753ccd04ae01b7\"},\"headline\":\"Desaf\u00edan al Gobierno a apresar a Morales\",\"datePublished\":\"2024-09-19T10:00:58+00:00\",\"mainEntityOfPage\":{\"@id\":\"https:\\\/\\\/www.eldiario.net\\\/portal\\\/2024\\\/09\\\/19\\\/desafian-al-gobierno-a-apresar-a-morales\\\/\"},\"wordCount\":380,\"commentCount\":0,\"publisher\":{\"@id\":\"https:\\\/\\\/www.eldiario.net\\\/portal\\\/#organization\"},\"image\":{\"@id\":\"https:\\\/\\\/www.eldiario.net\\\/portal\\\/2024\\\/09\\\/19\\\/desafian-al-gobierno-a-apresar-a-morales\\\/#primaryimage\"},\"thumbnailUrl\":\"https:\\\/\\\/www.eldiario.net\\\/portal\\\/wp-content\\\/uploads\\\/2024\\\/09\\\/APRESAR-FOTO.jpg\",\"articleSection\":[\"Pol\u00edtica\"],\"inLanguage\":\"es\",\"potentialAction\":[{\"@type\":\"CommentAction\",\"name\":\"Comment\",\"target\":[\"https:\\\/\\\/www.eldiario.net\\\/portal\\\/2024\\\/09\\\/19\\\/desafian-al-gobierno-a-apresar-a-morales\\\/#respond\"]}]},{\"@type\":\"WebPage\",\"@id\":\"https:\\\/\\\/www.eldiario.net\\\/portal\\\/2024\\\/09\\\/19\\\/desafian-al-gobierno-a-apresar-a-morales\\\/\",\"url\":\"https:\\\/\\\/www.eldiario.net\\\/portal\\\/2024\\\/09\\\/19\\\/desafian-al-gobierno-a-apresar-a-morales\\\/\",\"name\":\"Desaf\u00edan al Gobierno a apresar a Morales - El Diario - Bolivia\",\"isPartOf\":{\"@id\":\"https:\\\/\\\/www.eldiario.net\\\/portal\\\/#website\"},\"primaryImageOfPage\":{\"@id\":\"https:\\\/\\\/www.eldiario.net\\\/portal\\\/2024\\\/09\\\/19\\\/desafian-al-gobierno-a-apresar-a-morales\\\/#primaryimage\"},\"image\":{\"@id\":\"https:\\\/\\\/www.eldiario.net\\\/portal\\\/2024\\\/09\\\/19\\\/desafian-al-gobierno-a-apresar-a-morales\\\/#primaryimage\"},\"thumbnailUrl\":\"https:\\\/\\\/www.eldiario.net\\\/portal\\\/wp-content\\\/uploads\\\/2024\\\/09\\\/APRESAR-FOTO.jpg\",\"datePublished\":\"2024-09-19T10:00:58+00:00\",\"breadcrumb\":{\"@id\":\"https:\\\/\\\/www.eldiario.net\\\/portal\\\/2024\\\/09\\\/19\\\/desafian-al-gobierno-a-apresar-a-morales\\\/#breadcrumb\"},\"inLanguage\":\"es\",\"potentialAction\":[{\"@type\":\"ReadAction\",\"target\":[\"https:\\\/\\\/www.eldiario.net\\\/portal\\\/2024\\\/09\\\/19\\\/desafian-al-gobierno-a-apresar-a-morales\\\/\"]}]},{\"@type\":\"ImageObject\",\"inLanguage\":\"es\",\"@id\":\"https:\\\/\\\/www.eldiario.net\\\/portal\\\/2024\\\/09\\\/19\\\/desafian-al-gobierno-a-apresar-a-morales\\\/#primaryimage\",\"url\":\"https:\\\/\\\/www.eldiario.net\\\/portal\\\/wp-content\\\/uploads\\\/2024\\\/09\\\/APRESAR-FOTO.jpg\",\"contentUrl\":\"https:\\\/\\\/www.eldiario.net\\\/portal\\\/wp-content\\\/uploads\\\/2024\\\/09\\\/APRESAR-FOTO.jpg\",\"width\":750,\"height\":375,\"caption\":\"Senador Henry Montero (Creemos) CREDITOS \\\/ RRSS\"},{\"@type\":\"BreadcrumbList\",\"@id\":\"https:\\\/\\\/www.eldiario.net\\\/portal\\\/2024\\\/09\\\/19\\\/desafian-al-gobierno-a-apresar-a-morales\\\/#breadcrumb\",\"itemListElement\":[{\"@type\":\"ListItem\",\"position\":1,\"name\":\"Portada\",\"item\":\"https:\\\/\\\/www.eldiario.net\\\/portal\\\/\"},{\"@type\":\"ListItem\",\"position\":2,\"name\":\"Desaf\u00edan al Gobierno a apresar a Morales\"}]},{\"@type\":\"WebSite\",\"@id\":\"https:\\\/\\\/www.eldiario.net\\\/portal\\\/#website\",\"url\":\"https:\\\/\\\/www.eldiario.net\\\/portal\\\/\",\"name\":\"El Diario - Decano de la prensa nacional\",\"description\":\"El Diario - Decano de la prensa nacional\",\"publisher\":{\"@id\":\"https:\\\/\\\/www.eldiario.net\\\/portal\\\/#organization\"},\"potentialAction\":[{\"@type\":\"SearchAction\",\"target\":{\"@type\":\"EntryPoint\",\"urlTemplate\":\"https:\\\/\\\/www.eldiario.net\\\/portal\\\/?s={search_term_string}\"},\"query-input\":{\"@type\":\"PropertyValueSpecification\",\"valueRequired\":true,\"valueName\":\"search_term_string\"}}],\"inLanguage\":\"es\"},{\"@type\":\"Organization\",\"@id\":\"https:\\\/\\\/www.eldiario.net\\\/portal\\\/#organization\",\"name\":\"El Diario - Decano de la prensa nacional\",\"url\":\"https:\\\/\\\/www.eldiario.net\\\/portal\\\/\",\"logo\":{\"@type\":\"ImageObject\",\"inLanguage\":\"es\",\"@id\":\"https:\\\/\\\/www.eldiario.net\\\/portal\\\/#\\\/schema\\\/logo\\\/image\\\/\",\"url\":\"https:\\\/\\\/www.eldiario.net\\\/portal\\\/wp-content\\\/uploads\\\/2023\\\/07\\\/logo_ED.jpg\",\"contentUrl\":\"https:\\\/\\\/www.eldiario.net\\\/portal\\\/wp-content\\\/uploads\\\/2023\\\/07\\\/logo_ED.jpg\",\"width\":272,\"height\":52,\"caption\":\"El Diario - Decano de la prensa nacional\"},\"image\":{\"@id\":\"https:\\\/\\\/www.eldiario.net\\\/portal\\\/#\\\/schema\\\/logo\\\/image\\\/\"},\"sameAs\":[\"https:\\\/\\\/www.facebook.com\\\/eldiario.bolivia\\\/\",\"https:\\\/\\\/x.com\\\/eldiario_net\"]},{\"@type\":\"Person\",\"@id\":\"https:\\\/\\\/www.eldiario.net\\\/portal\\\/#\\\/schema\\\/person\\\/f46445640444750d7d753ccd04ae01b7\",\"name\":\"Jeanette\",\"image\":{\"@type\":\"ImageObject\",\"inLanguage\":\"es\",\"@id\":\"https:\\\/\\\/secure.gravatar.com\\\/avatar\\\/3ea2118a5f7dad2b7138b1187a6b7ee55f160b9968b66013c3a3ef39dd7e5798?s=96&d=mm&r=g\",\"url\":\"https:\\\/\\\/secure.gravatar.com\\\/avatar\\\/3ea2118a5f7dad2b7138b1187a6b7ee55f160b9968b66013c3a3ef39dd7e5798?s=96&d=mm&r=g\",\"contentUrl\":\"https:\\\/\\\/secure.gravatar.com\\\/avatar\\\/3ea2118a5f7dad2b7138b1187a6b7ee55f160b9968b66013c3a3ef39dd7e5798?s=96&d=mm&r=g\",\"caption\":\"Jeanette\"},\"sameAs\":[\"https:\\\/\\\/www.eldiario.net\\\/portal\"],\"url\":\"https:\\\/\\\/www.eldiario.net\\\/portal\\\/author\\\/jeanette\\\/\"}]}<\/script>\n<!-- \/ Yoast SEO plugin. -->","yoast_head_json":{"title":"Desaf\u00edan al Gobierno a apresar a Morales - El Diario - Bolivia","robots":{"index":"index","follow":"follow","max-snippet":"max-snippet:-1","max-image-preview":"max-image-preview:large","max-video-preview":"max-video-preview:-1"},"canonical":"https:\/\/www.eldiario.net\/portal\/2024\/09\/19\/desafian-al-gobierno-a-apresar-a-morales\/","og_locale":"es_ES","og_type":"article","og_title":"Desaf\u00edan al Gobierno a apresar a Morales - El Diario - Bolivia","og_description":"Haciendo referencia a las constantes denuncias del Gobierno sobre presuntos intentos de golpe promovidos por el \u201cevismo\u201d para acortar la actual gesti\u00f3n de Luis Arce, el jefe de bancada por Creemos en Senadores, Henry Montero, desafi\u00f3 al Jefe de Estado a aplicar la Constituci\u00f3n Pol\u00edtica del Estado (CPE) y el C\u00f3digo Penal, en caso de [&hellip;]","og_url":"https:\/\/www.eldiario.net\/portal\/2024\/09\/19\/desafian-al-gobierno-a-apresar-a-morales\/","og_site_name":"El Diario - Bolivia","article_publisher":"https:\/\/www.facebook.com\/eldiario.bolivia\/","article_published_time":"2024-09-19T10:00:58+00:00","og_image":[{"width":750,"height":375,"url":"https:\/\/www.eldiario.net\/portal\/wp-content\/uploads\/2024\/09\/APRESAR-FOTO.jpg","type":"image\/jpeg"}],"author":"Jeanette","twitter_card":"summary_large_image","twitter_creator":"@eldiario_net","twitter_site":"@eldiario_net","twitter_misc":{"Escrito por":"Jeanette","Tiempo de lectura":"2 minutos"},"schema":{"@context":"https:\/\/schema.org","@graph":[{"@type":"Article","@id":"https:\/\/www.eldiario.net\/portal\/2024\/09\/19\/desafian-al-gobierno-a-apresar-a-morales\/#article","isPartOf":{"@id":"https:\/\/www.eldiario.net\/portal\/2024\/09\/19\/desafian-al-gobierno-a-apresar-a-morales\/"},"author":{"name":"Jeanette","@id":"https:\/\/www.eldiario.net\/portal\/#\/schema\/person\/f46445640444750d7d753ccd04ae01b7"},"headline":"Desaf\u00edan al Gobierno a apresar a Morales","datePublished":"2024-09-19T10:00:58+00:00","mainEntityOfPage":{"@id":"https:\/\/www.eldiario.net\/portal\/2024\/09\/19\/desafian-al-gobierno-a-apresar-a-morales\/"},"wordCount":380,"commentCount":0,"publisher":{"@id":"https:\/\/www.eldiario.net\/portal\/#organization"},"image":{"@id":"https:\/\/www.eldiario.net\/portal\/2024\/09\/19\/desafian-al-gobierno-a-apresar-a-morales\/#primaryimage"},"thumbnailUrl":"https:\/\/www.eldiario.net\/portal\/wp-content\/uploads\/2024\/09\/APRESAR-FOTO.jpg","articleSection":["Pol\u00edtica"],"inLanguage":"es","potentialAction":[{"@type":"CommentAction","name":"Comment","target":["https:\/\/www.eldiario.net\/portal\/2024\/09\/19\/desafian-al-gobierno-a-apresar-a-morales\/#respond"]}]},{"@type":"WebPage","@id":"https:\/\/www.eldiario.net\/portal\/2024\/09\/19\/desafian-al-gobierno-a-apresar-a-morales\/","url":"https:\/\/www.eldiario.net\/portal\/2024\/09\/19\/desafian-al-gobierno-a-apresar-a-morales\/","name":"Desaf\u00edan al Gobierno a apresar a Morales - El Diario - Bolivia","isPartOf":{"@id":"https:\/\/www.eldiario.net\/portal\/#website"},"primaryImageOfPage":{"@id":"https:\/\/www.eldiario.net\/portal\/2024\/09\/19\/desafian-al-gobierno-a-apresar-a-morales\/#primaryimage"},"image":{"@id":"https:\/\/www.eldiario.net\/portal\/2024\/09\/19\/desafian-al-gobierno-a-apresar-a-morales\/#primaryimage"},"thumbnailUrl":"https:\/\/www.eldiario.net\/portal\/wp-content\/uploads\/2024\/09\/APRESAR-FOTO.jpg","datePublished":"2024-09-19T10:00:58+00:00","breadcrumb":{"@id":"https:\/\/www.eldiario.net\/portal\/2024\/09\/19\/desafian-al-gobierno-a-apresar-a-morales\/#breadcrumb"},"inLanguage":"es","potentialAction":[{"@type":"ReadAction","target":["https:\/\/www.eldiario.net\/portal\/2024\/09\/19\/desafian-al-gobierno-a-apresar-a-morales\/"]}]},{"@type":"ImageObject","inLanguage":"es","@id":"https:\/\/www.eldiario.net\/portal\/2024\/09\/19\/desafian-al-gobierno-a-apresar-a-morales\/#primaryimage","url":"https:\/\/www.eldiario.net\/portal\/wp-content\/uploads\/2024\/09\/APRESAR-FOTO.jpg","contentUrl":"https:\/\/www.eldiario.net\/portal\/wp-content\/uploads\/2024\/09\/APRESAR-FOTO.jpg","width":750,"height":375,"caption":"Senador Henry Montero (Creemos) CREDITOS \/ RRSS"},{"@type":"BreadcrumbList","@id":"https:\/\/www.eldiario.net\/portal\/2024\/09\/19\/desafian-al-gobierno-a-apresar-a-morales\/#breadcrumb","itemListElement":[{"@type":"ListItem","position":1,"name":"Portada","item":"https:\/\/www.eldiario.net\/portal\/"},{"@type":"ListItem","position":2,"name":"Desaf\u00edan al Gobierno a apresar a Morales"}]},{"@type":"WebSite","@id":"https:\/\/www.eldiario.net\/portal\/#website","url":"https:\/\/www.eldiario.net\/portal\/","name":"El Diario - Decano de la prensa nacional","description":"El Diario - Decano de la prensa nacional","publisher":{"@id":"https:\/\/www.eldiario.net\/portal\/#organization"},"potentialAction":[{"@type":"SearchAction","target":{"@type":"EntryPoint","urlTemplate":"https:\/\/www.eldiario.net\/portal\/?s={search_term_string}"},"query-input":{"@type":"PropertyValueSpecification","valueRequired":true,"valueName":"search_term_string"}}],"inLanguage":"es"},{"@type":"Organization","@id":"https:\/\/www.eldiario.net\/portal\/#organization","name":"El Diario - Decano de la prensa nacional","url":"https:\/\/www.eldiario.net\/portal\/","logo":{"@type":"ImageObject","inLanguage":"es","@id":"https:\/\/www.eldiario.net\/portal\/#\/schema\/logo\/image\/","url":"https:\/\/www.eldiario.net\/portal\/wp-content\/uploads\/2023\/07\/logo_ED.jpg","contentUrl":"https:\/\/www.eldiario.net\/portal\/wp-content\/uploads\/2023\/07\/logo_ED.jpg","width":272,"height":52,"caption":"El Diario - Decano de la prensa nacional"},"image":{"@id":"https:\/\/www.eldiario.net\/portal\/#\/schema\/logo\/image\/"},"sameAs":["https:\/\/www.facebook.com\/eldiario.bolivia\/","https:\/\/x.com\/eldiario_net"]},{"@type":"Person","@id":"https:\/\/www.eldiario.net\/portal\/#\/schema\/person\/f46445640444750d7d753ccd04ae01b7","name":"Jeanette","image":{"@type":"ImageObject","inLanguage":"es","@id":"https:\/\/secure.gravatar.com\/avatar\/3ea2118a5f7dad2b7138b1187a6b7ee55f160b9968b66013c3a3ef39dd7e5798?s=96&d=mm&r=g","url":"https:\/\/secure.gravatar.com\/avatar\/3ea2118a5f7dad2b7138b1187a6b7ee55f160b9968b66013c3a3ef39dd7e5798?s=96&d=mm&r=g","contentUrl":"https:\/\/secure.gravatar.com\/avatar\/3ea2118a5f7dad2b7138b1187a6b7ee55f160b9968b66013c3a3ef39dd7e5798?s=96&d=mm&r=g","caption":"Jeanette"},"sameAs":["https:\/\/www.eldiario.net\/portal"],"url":"https:\/\/www.eldiario.net\/portal\/author\/jeanette\/"}]}},"_links":{"self":[{"href":"https:\/\/www.eldiario.net\/portal\/wp-json\/wp\/v2\/posts\/248430","targetHints":{"allow":["GET"]}}],"collection":[{"href":"https:\/\/www.eldiario.net\/portal\/wp-json\/wp\/v2\/posts"}],"about":[{"href":"https:\/\/www.eldiario.net\/portal\/wp-json\/wp\/v2\/types\/post"}],"author":[{"embeddable":true,"href":"https:\/\/www.eldiario.net\/portal\/wp-json\/wp\/v2\/users\/1"}],"replies":[{"embeddable":true,"href":"https:\/\/www.eldiario.net\/portal\/wp-json\/wp\/v2\/comments?post=248430"}],"version-history":[{"count":1,"href":"https:\/\/www.eldiario.net\/portal\/wp-json\/wp\/v2\/posts\/248430\/revisions"}],"predecessor-version":[{"id":248432,"href":"https:\/\/www.eldiario.net\/portal\/wp-json\/wp\/v2\/posts\/248430\/revisions\/248432"}],"wp:featuredmedia":[{"embeddable":true,"href":"https:\/\/www.eldiario.net\/portal\/wp-json\/wp\/v2\/media\/248431"}],"wp:attachment":[{"href":"https:\/\/www.eldiario.net\/portal\/wp-json\/wp\/v2\/media?parent=248430"}],"wp:term":[{"taxonomy":"category","embeddable":true,"href":"https:\/\/www.eldiario.net\/portal\/wp-json\/wp\/v2\/categories?post=248430"},{"taxonomy":"post_tag","embeddable":true,"href":"https:\/\/www.eldiario.net\/portal\/wp-json\/wp\/v2\/tags?post=248430"}],"curies":[{"name":"wp","href":"https:\/\/api.w.org\/{rel}","templated":true}]}}