{"id":248427,"date":"2024-09-19T06:00:27","date_gmt":"2024-09-19T10:00:27","guid":{"rendered":"https:\/\/www.eldiario.net\/portal\/?p=248427"},"modified":"2024-09-19T06:00:27","modified_gmt":"2024-09-19T10:00:27","slug":"morales-vuelve-a-huir-y-deja-a-sus-bases-marchando","status":"publish","type":"post","link":"https:\/\/www.eldiario.net\/portal\/2024\/09\/19\/morales-vuelve-a-huir-y-deja-a-sus-bases-marchando\/","title":{"rendered":"Morales vuelve a huir y  deja a sus bases marchando"},"content":{"rendered":"<p>Luego que el jefe del Movimiento al Socialismo (MAS), Evo Morales, anunci\u00f3 su retiro de la denominada \u201cMarcha para Salvar la Patria\u201d, pol\u00edticos y asamble\u00edstas se\u00f1alaron que, como ya ocurri\u00f3 en 2019, el l\u00edder cocalero opt\u00f3 por volver a huir, dejando abandonadas a sus bases.<\/p>\n<p>\u201cEsto se ve\u00eda venir y, como siempre, el cobarde se escapa. Ya pas\u00f3 el 2019\u201d, afirmo el exdiputado Am\u00edlcar Barral, quien d\u00edas atr\u00e1s gestion\u00f3 una Resoluci\u00f3n Constitucional en la que se conmina al l\u00edder cocalero y sus movimientos sociales a no bloquear ni vulnerar los derechos de la poblaci\u00f3n.<\/p>\n<p>En criterio de Barral, la determinaci\u00f3n de la exautoridad responde a su constante manipulaci\u00f3n de sectores sociales que lo siguen por intereses econ\u00f3micos y otro tipo de compromisos de car\u00e1cter pol\u00edtico.<\/p>\n<p>Asimismo, cuestion\u00f3 que Morales haya anunciado sembrar sangre y luto en el pa\u00eds para posteriormente abandonar la medida despu\u00e9s de un d\u00eda de caminata, todo ante la seguridad de una inminente aprehensi\u00f3n por todo el perjuicio provocado al pa\u00eds.<\/p>\n<p>\u201cTiene que huir como lo que es, una rata. Ah\u00ed est\u00e1 el \u00eddolo de los \u2018evistas\u2019, un \u00eddolo de barro que al primer momento en que sabe que el Gobierno est\u00e1 obligado a detenerlo se escapa\u201d, sostuvo el exdiputado.<\/p>\n<p>Parta el senador Henry Montero, de Creemos, la decisi\u00f3n del l\u00edder cocalero responde a la cobard\u00eda de un personaje acostumbrado a \u201clanzar la piedra y esconder la mano\u201d y por usar a la gente para buscar intereses personales.<\/p>\n<p>\u201cArrea a su gente como carne de ca\u00f1\u00f3n para que lo postulen como candidato, mientras el \u2018arcismo\u2019 solo amenaza, pelea de perros, en medio de una vidriera\u201d, expres\u00f3 el Parlamentario.<\/p>\n<p>Por su parte, la senadora por Cochabamba, Andrea Barrientos, afirm\u00f3 que una actitud t\u00edpica en la exautoridad es \u201chuir cobardemente\u201d abandonando a sus bases despu\u00e9s de haber llamado a una convulsi\u00f3n que tambi\u00e9n es responsabilidad de la actual administraci\u00f3n de gobierno.<\/p>\n","protected":false},"excerpt":{"rendered":"<p>Luego que el jefe del Movimiento al Socialismo (MAS), Evo Morales, anunci\u00f3 su retiro de la denominada \u201cMarcha para Salvar la Patria\u201d, pol\u00edticos y asamble\u00edstas se\u00f1alaron que, como ya ocurri\u00f3 en 2019, el l\u00edder cocalero opt\u00f3 por volver a huir, dejando abandonadas a sus bases. \u201cEsto se ve\u00eda venir y, como siempre, el cobarde se [&hellip;]<\/p>\n","protected":false},"author":1,"featured_media":248428,"comment_status":"open","ping_status":"open","sticky":false,"template":"","format":"standard","meta":{"_acf_changed":false,"footnotes":""},"categories":[14],"tags":[],"class_list":["post-248427","post","type-post","status-publish","format-standard","has-post-thumbnail","category-politica"],"acf":{"antetitulo":"Como en ocurri\u00f3 en 2019"},"yoast_head":"<!-- This site is optimized with the Yoast SEO plugin v28.3 - https:\/\/yoast.com\/product\/yoast-seo-wordpress\/ -->\n<title>Morales vuelve a huir y deja a sus bases marchando - El Diario - Bolivia<\/title>\n<meta name=\"robots\" content=\"index, follow, max-snippet:-1, max-image-preview:large, max-video-preview:-1\" \/>\n<link rel=\"canonical\" href=\"https:\/\/www.eldiario.net\/portal\/2024\/09\/19\/morales-vuelve-a-huir-y-deja-a-sus-bases-marchando\/\" \/>\n<meta property=\"og:locale\" content=\"es_ES\" \/>\n<meta property=\"og:type\" content=\"article\" \/>\n<meta property=\"og:title\" content=\"Morales vuelve a huir y deja a sus bases marchando - El Diario - Bolivia\" \/>\n<meta property=\"og:description\" content=\"Luego que el jefe del Movimiento al Socialismo (MAS), Evo Morales, anunci\u00f3 su retiro de la denominada \u201cMarcha para Salvar la Patria\u201d, pol\u00edticos y asamble\u00edstas se\u00f1alaron que, como ya ocurri\u00f3 en 2019, el l\u00edder cocalero opt\u00f3 por volver a huir, dejando abandonadas a sus bases. \u201cEsto se ve\u00eda venir y, como siempre, el cobarde se [&hellip;]\" \/>\n<meta property=\"og:url\" content=\"https:\/\/www.eldiario.net\/portal\/2024\/09\/19\/morales-vuelve-a-huir-y-deja-a-sus-bases-marchando\/\" \/>\n<meta property=\"og:site_name\" content=\"El Diario - Bolivia\" \/>\n<meta property=\"article:publisher\" content=\"https:\/\/www.facebook.com\/eldiario.bolivia\/\" \/>\n<meta property=\"article:published_time\" content=\"2024-09-19T10:00:27+00:00\" \/>\n<meta property=\"og:image\" content=\"https:\/\/www.eldiario.net\/portal\/wp-content\/uploads\/2024\/09\/HUIR-FOTO.jpg\" \/>\n\t<meta property=\"og:image:width\" content=\"1600\" \/>\n\t<meta property=\"og:image:height\" content=\"1052\" \/>\n\t<meta property=\"og:image:type\" content=\"image\/jpeg\" \/>\n<meta name=\"author\" content=\"Jeanette\" \/>\n<meta name=\"twitter:card\" content=\"summary_large_image\" \/>\n<meta name=\"twitter:creator\" content=\"@eldiario_net\" \/>\n<meta name=\"twitter:site\" content=\"@eldiario_net\" \/>\n<meta name=\"twitter:label1\" content=\"Escrito por\" \/>\n\t<meta name=\"twitter:data1\" content=\"Jeanette\" \/>\n\t<meta name=\"twitter:label2\" content=\"Tiempo de lectura\" \/>\n\t<meta name=\"twitter:data2\" content=\"2 minutos\" \/>\n<script type=\"application\/ld+json\" class=\"yoast-schema-graph\">{\"@context\":\"https:\\\/\\\/schema.org\",\"@graph\":[{\"@type\":\"Article\",\"@id\":\"https:\\\/\\\/www.eldiario.net\\\/portal\\\/2024\\\/09\\\/19\\\/morales-vuelve-a-huir-y-deja-a-sus-bases-marchando\\\/#article\",\"isPartOf\":{\"@id\":\"https:\\\/\\\/www.eldiario.net\\\/portal\\\/2024\\\/09\\\/19\\\/morales-vuelve-a-huir-y-deja-a-sus-bases-marchando\\\/\"},\"author\":{\"name\":\"Jeanette\",\"@id\":\"https:\\\/\\\/www.eldiario.net\\\/portal\\\/#\\\/schema\\\/person\\\/f46445640444750d7d753ccd04ae01b7\"},\"headline\":\"Morales vuelve a huir y deja a sus bases marchando\",\"datePublished\":\"2024-09-19T10:00:27+00:00\",\"mainEntityOfPage\":{\"@id\":\"https:\\\/\\\/www.eldiario.net\\\/portal\\\/2024\\\/09\\\/19\\\/morales-vuelve-a-huir-y-deja-a-sus-bases-marchando\\\/\"},\"wordCount\":350,\"commentCount\":0,\"publisher\":{\"@id\":\"https:\\\/\\\/www.eldiario.net\\\/portal\\\/#organization\"},\"image\":{\"@id\":\"https:\\\/\\\/www.eldiario.net\\\/portal\\\/2024\\\/09\\\/19\\\/morales-vuelve-a-huir-y-deja-a-sus-bases-marchando\\\/#primaryimage\"},\"thumbnailUrl\":\"https:\\\/\\\/www.eldiario.net\\\/portal\\\/wp-content\\\/uploads\\\/2024\\\/09\\\/HUIR-FOTO.jpg\",\"articleSection\":[\"Pol\u00edtica\"],\"inLanguage\":\"es\",\"potentialAction\":[{\"@type\":\"CommentAction\",\"name\":\"Comment\",\"target\":[\"https:\\\/\\\/www.eldiario.net\\\/portal\\\/2024\\\/09\\\/19\\\/morales-vuelve-a-huir-y-deja-a-sus-bases-marchando\\\/#respond\"]}]},{\"@type\":\"WebPage\",\"@id\":\"https:\\\/\\\/www.eldiario.net\\\/portal\\\/2024\\\/09\\\/19\\\/morales-vuelve-a-huir-y-deja-a-sus-bases-marchando\\\/\",\"url\":\"https:\\\/\\\/www.eldiario.net\\\/portal\\\/2024\\\/09\\\/19\\\/morales-vuelve-a-huir-y-deja-a-sus-bases-marchando\\\/\",\"name\":\"Morales vuelve a huir y deja a sus bases marchando - El Diario - Bolivia\",\"isPartOf\":{\"@id\":\"https:\\\/\\\/www.eldiario.net\\\/portal\\\/#website\"},\"primaryImageOfPage\":{\"@id\":\"https:\\\/\\\/www.eldiario.net\\\/portal\\\/2024\\\/09\\\/19\\\/morales-vuelve-a-huir-y-deja-a-sus-bases-marchando\\\/#primaryimage\"},\"image\":{\"@id\":\"https:\\\/\\\/www.eldiario.net\\\/portal\\\/2024\\\/09\\\/19\\\/morales-vuelve-a-huir-y-deja-a-sus-bases-marchando\\\/#primaryimage\"},\"thumbnailUrl\":\"https:\\\/\\\/www.eldiario.net\\\/portal\\\/wp-content\\\/uploads\\\/2024\\\/09\\\/HUIR-FOTO.jpg\",\"datePublished\":\"2024-09-19T10:00:27+00:00\",\"breadcrumb\":{\"@id\":\"https:\\\/\\\/www.eldiario.net\\\/portal\\\/2024\\\/09\\\/19\\\/morales-vuelve-a-huir-y-deja-a-sus-bases-marchando\\\/#breadcrumb\"},\"inLanguage\":\"es\",\"potentialAction\":[{\"@type\":\"ReadAction\",\"target\":[\"https:\\\/\\\/www.eldiario.net\\\/portal\\\/2024\\\/09\\\/19\\\/morales-vuelve-a-huir-y-deja-a-sus-bases-marchando\\\/\"]}]},{\"@type\":\"ImageObject\",\"inLanguage\":\"es\",\"@id\":\"https:\\\/\\\/www.eldiario.net\\\/portal\\\/2024\\\/09\\\/19\\\/morales-vuelve-a-huir-y-deja-a-sus-bases-marchando\\\/#primaryimage\",\"url\":\"https:\\\/\\\/www.eldiario.net\\\/portal\\\/wp-content\\\/uploads\\\/2024\\\/09\\\/HUIR-FOTO.jpg\",\"contentUrl\":\"https:\\\/\\\/www.eldiario.net\\\/portal\\\/wp-content\\\/uploads\\\/2024\\\/09\\\/HUIR-FOTO.jpg\",\"width\":1600,\"height\":1052,\"caption\":\"Referencial CREDITOS \\\/ RRSS\"},{\"@type\":\"BreadcrumbList\",\"@id\":\"https:\\\/\\\/www.eldiario.net\\\/portal\\\/2024\\\/09\\\/19\\\/morales-vuelve-a-huir-y-deja-a-sus-bases-marchando\\\/#breadcrumb\",\"itemListElement\":[{\"@type\":\"ListItem\",\"position\":1,\"name\":\"Portada\",\"item\":\"https:\\\/\\\/www.eldiario.net\\\/portal\\\/\"},{\"@type\":\"ListItem\",\"position\":2,\"name\":\"Morales vuelve a huir y deja a sus bases marchando\"}]},{\"@type\":\"WebSite\",\"@id\":\"https:\\\/\\\/www.eldiario.net\\\/portal\\\/#website\",\"url\":\"https:\\\/\\\/www.eldiario.net\\\/portal\\\/\",\"name\":\"El Diario - Decano de la prensa nacional\",\"description\":\"El Diario - Decano de la prensa nacional\",\"publisher\":{\"@id\":\"https:\\\/\\\/www.eldiario.net\\\/portal\\\/#organization\"},\"potentialAction\":[{\"@type\":\"SearchAction\",\"target\":{\"@type\":\"EntryPoint\",\"urlTemplate\":\"https:\\\/\\\/www.eldiario.net\\\/portal\\\/?s={search_term_string}\"},\"query-input\":{\"@type\":\"PropertyValueSpecification\",\"valueRequired\":true,\"valueName\":\"search_term_string\"}}],\"inLanguage\":\"es\"},{\"@type\":\"Organization\",\"@id\":\"https:\\\/\\\/www.eldiario.net\\\/portal\\\/#organization\",\"name\":\"El Diario - Decano de la prensa nacional\",\"url\":\"https:\\\/\\\/www.eldiario.net\\\/portal\\\/\",\"logo\":{\"@type\":\"ImageObject\",\"inLanguage\":\"es\",\"@id\":\"https:\\\/\\\/www.eldiario.net\\\/portal\\\/#\\\/schema\\\/logo\\\/image\\\/\",\"url\":\"https:\\\/\\\/www.eldiario.net\\\/portal\\\/wp-content\\\/uploads\\\/2023\\\/07\\\/logo_ED.jpg\",\"contentUrl\":\"https:\\\/\\\/www.eldiario.net\\\/portal\\\/wp-content\\\/uploads\\\/2023\\\/07\\\/logo_ED.jpg\",\"width\":272,\"height\":52,\"caption\":\"El Diario - Decano de la prensa nacional\"},\"image\":{\"@id\":\"https:\\\/\\\/www.eldiario.net\\\/portal\\\/#\\\/schema\\\/logo\\\/image\\\/\"},\"sameAs\":[\"https:\\\/\\\/www.facebook.com\\\/eldiario.bolivia\\\/\",\"https:\\\/\\\/x.com\\\/eldiario_net\"]},{\"@type\":\"Person\",\"@id\":\"https:\\\/\\\/www.eldiario.net\\\/portal\\\/#\\\/schema\\\/person\\\/f46445640444750d7d753ccd04ae01b7\",\"name\":\"Jeanette\",\"image\":{\"@type\":\"ImageObject\",\"inLanguage\":\"es\",\"@id\":\"https:\\\/\\\/secure.gravatar.com\\\/avatar\\\/3ea2118a5f7dad2b7138b1187a6b7ee55f160b9968b66013c3a3ef39dd7e5798?s=96&d=mm&r=g\",\"url\":\"https:\\\/\\\/secure.gravatar.com\\\/avatar\\\/3ea2118a5f7dad2b7138b1187a6b7ee55f160b9968b66013c3a3ef39dd7e5798?s=96&d=mm&r=g\",\"contentUrl\":\"https:\\\/\\\/secure.gravatar.com\\\/avatar\\\/3ea2118a5f7dad2b7138b1187a6b7ee55f160b9968b66013c3a3ef39dd7e5798?s=96&d=mm&r=g\",\"caption\":\"Jeanette\"},\"sameAs\":[\"https:\\\/\\\/www.eldiario.net\\\/portal\"],\"url\":\"https:\\\/\\\/www.eldiario.net\\\/portal\\\/author\\\/jeanette\\\/\"}]}<\/script>\n<!-- \/ Yoast SEO plugin. -->","yoast_head_json":{"title":"Morales vuelve a huir y deja a sus bases marchando - El Diario - Bolivia","robots":{"index":"index","follow":"follow","max-snippet":"max-snippet:-1","max-image-preview":"max-image-preview:large","max-video-preview":"max-video-preview:-1"},"canonical":"https:\/\/www.eldiario.net\/portal\/2024\/09\/19\/morales-vuelve-a-huir-y-deja-a-sus-bases-marchando\/","og_locale":"es_ES","og_type":"article","og_title":"Morales vuelve a huir y deja a sus bases marchando - El Diario - Bolivia","og_description":"Luego que el jefe del Movimiento al Socialismo (MAS), Evo Morales, anunci\u00f3 su retiro de la denominada \u201cMarcha para Salvar la Patria\u201d, pol\u00edticos y asamble\u00edstas se\u00f1alaron que, como ya ocurri\u00f3 en 2019, el l\u00edder cocalero opt\u00f3 por volver a huir, dejando abandonadas a sus bases. \u201cEsto se ve\u00eda venir y, como siempre, el cobarde se [&hellip;]","og_url":"https:\/\/www.eldiario.net\/portal\/2024\/09\/19\/morales-vuelve-a-huir-y-deja-a-sus-bases-marchando\/","og_site_name":"El Diario - Bolivia","article_publisher":"https:\/\/www.facebook.com\/eldiario.bolivia\/","article_published_time":"2024-09-19T10:00:27+00:00","og_image":[{"width":1600,"height":1052,"url":"https:\/\/www.eldiario.net\/portal\/wp-content\/uploads\/2024\/09\/HUIR-FOTO.jpg","type":"image\/jpeg"}],"author":"Jeanette","twitter_card":"summary_large_image","twitter_creator":"@eldiario_net","twitter_site":"@eldiario_net","twitter_misc":{"Escrito por":"Jeanette","Tiempo de lectura":"2 minutos"},"schema":{"@context":"https:\/\/schema.org","@graph":[{"@type":"Article","@id":"https:\/\/www.eldiario.net\/portal\/2024\/09\/19\/morales-vuelve-a-huir-y-deja-a-sus-bases-marchando\/#article","isPartOf":{"@id":"https:\/\/www.eldiario.net\/portal\/2024\/09\/19\/morales-vuelve-a-huir-y-deja-a-sus-bases-marchando\/"},"author":{"name":"Jeanette","@id":"https:\/\/www.eldiario.net\/portal\/#\/schema\/person\/f46445640444750d7d753ccd04ae01b7"},"headline":"Morales vuelve a huir y deja a sus bases marchando","datePublished":"2024-09-19T10:00:27+00:00","mainEntityOfPage":{"@id":"https:\/\/www.eldiario.net\/portal\/2024\/09\/19\/morales-vuelve-a-huir-y-deja-a-sus-bases-marchando\/"},"wordCount":350,"commentCount":0,"publisher":{"@id":"https:\/\/www.eldiario.net\/portal\/#organization"},"image":{"@id":"https:\/\/www.eldiario.net\/portal\/2024\/09\/19\/morales-vuelve-a-huir-y-deja-a-sus-bases-marchando\/#primaryimage"},"thumbnailUrl":"https:\/\/www.eldiario.net\/portal\/wp-content\/uploads\/2024\/09\/HUIR-FOTO.jpg","articleSection":["Pol\u00edtica"],"inLanguage":"es","potentialAction":[{"@type":"CommentAction","name":"Comment","target":["https:\/\/www.eldiario.net\/portal\/2024\/09\/19\/morales-vuelve-a-huir-y-deja-a-sus-bases-marchando\/#respond"]}]},{"@type":"WebPage","@id":"https:\/\/www.eldiario.net\/portal\/2024\/09\/19\/morales-vuelve-a-huir-y-deja-a-sus-bases-marchando\/","url":"https:\/\/www.eldiario.net\/portal\/2024\/09\/19\/morales-vuelve-a-huir-y-deja-a-sus-bases-marchando\/","name":"Morales vuelve a huir y deja a sus bases marchando - El Diario - Bolivia","isPartOf":{"@id":"https:\/\/www.eldiario.net\/portal\/#website"},"primaryImageOfPage":{"@id":"https:\/\/www.eldiario.net\/portal\/2024\/09\/19\/morales-vuelve-a-huir-y-deja-a-sus-bases-marchando\/#primaryimage"},"image":{"@id":"https:\/\/www.eldiario.net\/portal\/2024\/09\/19\/morales-vuelve-a-huir-y-deja-a-sus-bases-marchando\/#primaryimage"},"thumbnailUrl":"https:\/\/www.eldiario.net\/portal\/wp-content\/uploads\/2024\/09\/HUIR-FOTO.jpg","datePublished":"2024-09-19T10:00:27+00:00","breadcrumb":{"@id":"https:\/\/www.eldiario.net\/portal\/2024\/09\/19\/morales-vuelve-a-huir-y-deja-a-sus-bases-marchando\/#breadcrumb"},"inLanguage":"es","potentialAction":[{"@type":"ReadAction","target":["https:\/\/www.eldiario.net\/portal\/2024\/09\/19\/morales-vuelve-a-huir-y-deja-a-sus-bases-marchando\/"]}]},{"@type":"ImageObject","inLanguage":"es","@id":"https:\/\/www.eldiario.net\/portal\/2024\/09\/19\/morales-vuelve-a-huir-y-deja-a-sus-bases-marchando\/#primaryimage","url":"https:\/\/www.eldiario.net\/portal\/wp-content\/uploads\/2024\/09\/HUIR-FOTO.jpg","contentUrl":"https:\/\/www.eldiario.net\/portal\/wp-content\/uploads\/2024\/09\/HUIR-FOTO.jpg","width":1600,"height":1052,"caption":"Referencial CREDITOS \/ RRSS"},{"@type":"BreadcrumbList","@id":"https:\/\/www.eldiario.net\/portal\/2024\/09\/19\/morales-vuelve-a-huir-y-deja-a-sus-bases-marchando\/#breadcrumb","itemListElement":[{"@type":"ListItem","position":1,"name":"Portada","item":"https:\/\/www.eldiario.net\/portal\/"},{"@type":"ListItem","position":2,"name":"Morales vuelve a huir y deja a sus bases marchando"}]},{"@type":"WebSite","@id":"https:\/\/www.eldiario.net\/portal\/#website","url":"https:\/\/www.eldiario.net\/portal\/","name":"El Diario - Decano de la prensa nacional","description":"El Diario - Decano de la prensa nacional","publisher":{"@id":"https:\/\/www.eldiario.net\/portal\/#organization"},"potentialAction":[{"@type":"SearchAction","target":{"@type":"EntryPoint","urlTemplate":"https:\/\/www.eldiario.net\/portal\/?s={search_term_string}"},"query-input":{"@type":"PropertyValueSpecification","valueRequired":true,"valueName":"search_term_string"}}],"inLanguage":"es"},{"@type":"Organization","@id":"https:\/\/www.eldiario.net\/portal\/#organization","name":"El Diario - Decano de la prensa nacional","url":"https:\/\/www.eldiario.net\/portal\/","logo":{"@type":"ImageObject","inLanguage":"es","@id":"https:\/\/www.eldiario.net\/portal\/#\/schema\/logo\/image\/","url":"https:\/\/www.eldiario.net\/portal\/wp-content\/uploads\/2023\/07\/logo_ED.jpg","contentUrl":"https:\/\/www.eldiario.net\/portal\/wp-content\/uploads\/2023\/07\/logo_ED.jpg","width":272,"height":52,"caption":"El Diario - Decano de la prensa nacional"},"image":{"@id":"https:\/\/www.eldiario.net\/portal\/#\/schema\/logo\/image\/"},"sameAs":["https:\/\/www.facebook.com\/eldiario.bolivia\/","https:\/\/x.com\/eldiario_net"]},{"@type":"Person","@id":"https:\/\/www.eldiario.net\/portal\/#\/schema\/person\/f46445640444750d7d753ccd04ae01b7","name":"Jeanette","image":{"@type":"ImageObject","inLanguage":"es","@id":"https:\/\/secure.gravatar.com\/avatar\/3ea2118a5f7dad2b7138b1187a6b7ee55f160b9968b66013c3a3ef39dd7e5798?s=96&d=mm&r=g","url":"https:\/\/secure.gravatar.com\/avatar\/3ea2118a5f7dad2b7138b1187a6b7ee55f160b9968b66013c3a3ef39dd7e5798?s=96&d=mm&r=g","contentUrl":"https:\/\/secure.gravatar.com\/avatar\/3ea2118a5f7dad2b7138b1187a6b7ee55f160b9968b66013c3a3ef39dd7e5798?s=96&d=mm&r=g","caption":"Jeanette"},"sameAs":["https:\/\/www.eldiario.net\/portal"],"url":"https:\/\/www.eldiario.net\/portal\/author\/jeanette\/"}]}},"_links":{"self":[{"href":"https:\/\/www.eldiario.net\/portal\/wp-json\/wp\/v2\/posts\/248427","targetHints":{"allow":["GET"]}}],"collection":[{"href":"https:\/\/www.eldiario.net\/portal\/wp-json\/wp\/v2\/posts"}],"about":[{"href":"https:\/\/www.eldiario.net\/portal\/wp-json\/wp\/v2\/types\/post"}],"author":[{"embeddable":true,"href":"https:\/\/www.eldiario.net\/portal\/wp-json\/wp\/v2\/users\/1"}],"replies":[{"embeddable":true,"href":"https:\/\/www.eldiario.net\/portal\/wp-json\/wp\/v2\/comments?post=248427"}],"version-history":[{"count":1,"href":"https:\/\/www.eldiario.net\/portal\/wp-json\/wp\/v2\/posts\/248427\/revisions"}],"predecessor-version":[{"id":248429,"href":"https:\/\/www.eldiario.net\/portal\/wp-json\/wp\/v2\/posts\/248427\/revisions\/248429"}],"wp:featuredmedia":[{"embeddable":true,"href":"https:\/\/www.eldiario.net\/portal\/wp-json\/wp\/v2\/media\/248428"}],"wp:attachment":[{"href":"https:\/\/www.eldiario.net\/portal\/wp-json\/wp\/v2\/media?parent=248427"}],"wp:term":[{"taxonomy":"category","embeddable":true,"href":"https:\/\/www.eldiario.net\/portal\/wp-json\/wp\/v2\/categories?post=248427"},{"taxonomy":"post_tag","embeddable":true,"href":"https:\/\/www.eldiario.net\/portal\/wp-json\/wp\/v2\/tags?post=248427"}],"curies":[{"name":"wp","href":"https:\/\/api.w.org\/{rel}","templated":true}]}}