{"id":248424,"date":"2024-09-19T05:59:49","date_gmt":"2024-09-19T09:59:49","guid":{"rendered":"https:\/\/www.eldiario.net\/portal\/?p=248424"},"modified":"2024-09-19T05:59:49","modified_gmt":"2024-09-19T09:59:49","slug":"advierten-que-evistas-prepararan-estallido-de-violencia-para-octubre","status":"publish","type":"post","link":"https:\/\/www.eldiario.net\/portal\/2024\/09\/19\/advierten-que-evistas-prepararan-estallido-de-violencia-para-octubre\/","title":{"rendered":"Advierten que \u201cevistas\u201d prepararan  estallido de violencia para octubre"},"content":{"rendered":"<p>Asegurando que Evo Morales est\u00e1 dispuesto a incendiar el pa\u00eds para cumplir con su af\u00e1n de postular a la presidencia, pese a que la Carta Magna no lo permite, la diputada por Comunidad Ciudadana (CC) Alejandra Camargo, advirti\u00f3 que la violencia y la confrontaci\u00f3n promovida por el dirigente cocalero tiene como fin estallar en el mes de octubre.<\/p>\n<p>La diputada por Cochabamba reproch\u00f3 que sectores afines al \u201cevismo\u201d mantengan medidas de presi\u00f3n en distintos departamentos del pa\u00eds como \u00fanica forma de imponer intereses pol\u00edticos a costa de una poblaci\u00f3n que trata de salir adelante para superar la crisis.<\/p>\n<p>En ese contexto, se\u00f1al\u00f3 que los hechos han demostrado que la marca del l\u00edder cocalero es la crisis, y sus intereses pol\u00edticos personales son la prioridad para sus grupos de choque.<\/p>\n<p>\u201cAfines al jefazo procedentes del Chapare, en Cochabamba, nos est\u00e1n bloqueando con basura y asfixiado con humo. Adem\u00e1s, incendian Bolivia en su necio af\u00e1n por su candidatura\u201d, sostuvo Camargo, advirtiendo que la violencia, confrontaci\u00f3n y separatismo promovida por Morales y sus denominados movimientos sociales, \u201ctienen como objetivo estallar en octubre\u201d.<\/p>\n<p>Ante las recientes declaraciones de Morales, sobre la posibilidad de que el presidente del Senado asuma la presidencia del Estado, la asamble\u00edsta de oposici\u00f3n cuestiono que el dirigente cocalero persista en la estrategia del golpe como forma para retornar al poder, intensiones que solo perjudican la estabilidad del pa\u00eds en momentos cr\u00edticos, sobre todo en el capo de la econom\u00eda.<\/p>\n<p>\u201cA confesi\u00f3n de parte, relevo de prueba. Evo es el verdadero golpista de la historia contempor\u00e1nea de Bolivia. A 11 meses de las elecciones recordemos que los masistas nos gobiernan hace casi 2 d\u00e9cadas y la crisis de hoy es la prueba\u201d, sostuvo.<\/p>\n","protected":false},"excerpt":{"rendered":"<p>Asegurando que Evo Morales est\u00e1 dispuesto a incendiar el pa\u00eds para cumplir con su af\u00e1n de postular a la presidencia, pese a que la Carta Magna no lo permite, la diputada por Comunidad Ciudadana (CC) Alejandra Camargo, advirti\u00f3 que la violencia y la confrontaci\u00f3n promovida por el dirigente cocalero tiene como fin estallar en el [&hellip;]<\/p>\n","protected":false},"author":1,"featured_media":248425,"comment_status":"open","ping_status":"open","sticky":false,"template":"","format":"standard","meta":{"_acf_changed":false,"footnotes":""},"categories":[14],"tags":[],"class_list":["post-248424","post","type-post","status-publish","format-standard","has-post-thumbnail","category-politica"],"acf":{"antetitulo":"Por afanes electorales"},"yoast_head":"<!-- This site is optimized with the Yoast SEO plugin v28.4 - https:\/\/yoast.com\/product\/yoast-seo-wordpress\/ -->\n<title>Advierten que \u201cevistas\u201d prepararan estallido de violencia para octubre - El Diario - Bolivia<\/title>\n<meta name=\"robots\" content=\"index, follow, max-snippet:-1, max-image-preview:large, max-video-preview:-1\" \/>\n<link rel=\"canonical\" href=\"https:\/\/www.eldiario.net\/portal\/2024\/09\/19\/advierten-que-evistas-prepararan-estallido-de-violencia-para-octubre\/\" \/>\n<meta property=\"og:locale\" content=\"es_ES\" \/>\n<meta property=\"og:type\" content=\"article\" \/>\n<meta property=\"og:title\" content=\"Advierten que \u201cevistas\u201d prepararan estallido de violencia para octubre - El Diario - Bolivia\" \/>\n<meta property=\"og:description\" content=\"Asegurando que Evo Morales est\u00e1 dispuesto a incendiar el pa\u00eds para cumplir con su af\u00e1n de postular a la presidencia, pese a que la Carta Magna no lo permite, la diputada por Comunidad Ciudadana (CC) Alejandra Camargo, advirti\u00f3 que la violencia y la confrontaci\u00f3n promovida por el dirigente cocalero tiene como fin estallar en el [&hellip;]\" \/>\n<meta property=\"og:url\" content=\"https:\/\/www.eldiario.net\/portal\/2024\/09\/19\/advierten-que-evistas-prepararan-estallido-de-violencia-para-octubre\/\" \/>\n<meta property=\"og:site_name\" content=\"El Diario - Bolivia\" \/>\n<meta property=\"article:publisher\" content=\"https:\/\/www.facebook.com\/eldiario.bolivia\/\" \/>\n<meta property=\"article:published_time\" content=\"2024-09-19T09:59:49+00:00\" \/>\n<meta property=\"og:image\" content=\"https:\/\/www.eldiario.net\/portal\/wp-content\/uploads\/2024\/09\/LLIDO-FOTO.jpg\" \/>\n\t<meta property=\"og:image:width\" content=\"1459\" \/>\n\t<meta property=\"og:image:height\" content=\"907\" \/>\n\t<meta property=\"og:image:type\" content=\"image\/jpeg\" \/>\n<meta name=\"author\" content=\"Jeanette\" \/>\n<meta name=\"twitter:card\" content=\"summary_large_image\" \/>\n<meta name=\"twitter:creator\" content=\"@eldiario_net\" \/>\n<meta name=\"twitter:site\" content=\"@eldiario_net\" \/>\n<meta name=\"twitter:label1\" content=\"Escrito por\" \/>\n\t<meta name=\"twitter:data1\" content=\"Jeanette\" \/>\n\t<meta name=\"twitter:label2\" content=\"Tiempo de lectura\" \/>\n\t<meta name=\"twitter:data2\" content=\"2 minutos\" \/>\n<script type=\"application\/ld+json\" class=\"yoast-schema-graph\">{\"@context\":\"https:\\\/\\\/schema.org\",\"@graph\":[{\"@type\":\"Article\",\"@id\":\"https:\\\/\\\/www.eldiario.net\\\/portal\\\/2024\\\/09\\\/19\\\/advierten-que-evistas-prepararan-estallido-de-violencia-para-octubre\\\/#article\",\"isPartOf\":{\"@id\":\"https:\\\/\\\/www.eldiario.net\\\/portal\\\/2024\\\/09\\\/19\\\/advierten-que-evistas-prepararan-estallido-de-violencia-para-octubre\\\/\"},\"author\":{\"name\":\"Jeanette\",\"@id\":\"https:\\\/\\\/www.eldiario.net\\\/portal\\\/#\\\/schema\\\/person\\\/f46445640444750d7d753ccd04ae01b7\"},\"headline\":\"Advierten que \u201cevistas\u201d prepararan estallido de violencia para octubre\",\"datePublished\":\"2024-09-19T09:59:49+00:00\",\"mainEntityOfPage\":{\"@id\":\"https:\\\/\\\/www.eldiario.net\\\/portal\\\/2024\\\/09\\\/19\\\/advierten-que-evistas-prepararan-estallido-de-violencia-para-octubre\\\/\"},\"wordCount\":311,\"commentCount\":0,\"publisher\":{\"@id\":\"https:\\\/\\\/www.eldiario.net\\\/portal\\\/#organization\"},\"image\":{\"@id\":\"https:\\\/\\\/www.eldiario.net\\\/portal\\\/2024\\\/09\\\/19\\\/advierten-que-evistas-prepararan-estallido-de-violencia-para-octubre\\\/#primaryimage\"},\"thumbnailUrl\":\"https:\\\/\\\/www.eldiario.net\\\/portal\\\/wp-content\\\/uploads\\\/2024\\\/09\\\/LLIDO-FOTO.jpg\",\"articleSection\":[\"Pol\u00edtica\"],\"inLanguage\":\"es\",\"potentialAction\":[{\"@type\":\"CommentAction\",\"name\":\"Comment\",\"target\":[\"https:\\\/\\\/www.eldiario.net\\\/portal\\\/2024\\\/09\\\/19\\\/advierten-que-evistas-prepararan-estallido-de-violencia-para-octubre\\\/#respond\"]}]},{\"@type\":\"WebPage\",\"@id\":\"https:\\\/\\\/www.eldiario.net\\\/portal\\\/2024\\\/09\\\/19\\\/advierten-que-evistas-prepararan-estallido-de-violencia-para-octubre\\\/\",\"url\":\"https:\\\/\\\/www.eldiario.net\\\/portal\\\/2024\\\/09\\\/19\\\/advierten-que-evistas-prepararan-estallido-de-violencia-para-octubre\\\/\",\"name\":\"Advierten que \u201cevistas\u201d prepararan estallido de violencia para octubre - El Diario - Bolivia\",\"isPartOf\":{\"@id\":\"https:\\\/\\\/www.eldiario.net\\\/portal\\\/#website\"},\"primaryImageOfPage\":{\"@id\":\"https:\\\/\\\/www.eldiario.net\\\/portal\\\/2024\\\/09\\\/19\\\/advierten-que-evistas-prepararan-estallido-de-violencia-para-octubre\\\/#primaryimage\"},\"image\":{\"@id\":\"https:\\\/\\\/www.eldiario.net\\\/portal\\\/2024\\\/09\\\/19\\\/advierten-que-evistas-prepararan-estallido-de-violencia-para-octubre\\\/#primaryimage\"},\"thumbnailUrl\":\"https:\\\/\\\/www.eldiario.net\\\/portal\\\/wp-content\\\/uploads\\\/2024\\\/09\\\/LLIDO-FOTO.jpg\",\"datePublished\":\"2024-09-19T09:59:49+00:00\",\"breadcrumb\":{\"@id\":\"https:\\\/\\\/www.eldiario.net\\\/portal\\\/2024\\\/09\\\/19\\\/advierten-que-evistas-prepararan-estallido-de-violencia-para-octubre\\\/#breadcrumb\"},\"inLanguage\":\"es\",\"potentialAction\":[{\"@type\":\"ReadAction\",\"target\":[\"https:\\\/\\\/www.eldiario.net\\\/portal\\\/2024\\\/09\\\/19\\\/advierten-que-evistas-prepararan-estallido-de-violencia-para-octubre\\\/\"]}]},{\"@type\":\"ImageObject\",\"inLanguage\":\"es\",\"@id\":\"https:\\\/\\\/www.eldiario.net\\\/portal\\\/2024\\\/09\\\/19\\\/advierten-que-evistas-prepararan-estallido-de-violencia-para-octubre\\\/#primaryimage\",\"url\":\"https:\\\/\\\/www.eldiario.net\\\/portal\\\/wp-content\\\/uploads\\\/2024\\\/09\\\/LLIDO-FOTO.jpg\",\"contentUrl\":\"https:\\\/\\\/www.eldiario.net\\\/portal\\\/wp-content\\\/uploads\\\/2024\\\/09\\\/LLIDO-FOTO.jpg\",\"width\":1459,\"height\":907,\"caption\":\"Diputada Alejandra Camargo (CC) CREDITOS \\\/ RRSS\"},{\"@type\":\"BreadcrumbList\",\"@id\":\"https:\\\/\\\/www.eldiario.net\\\/portal\\\/2024\\\/09\\\/19\\\/advierten-que-evistas-prepararan-estallido-de-violencia-para-octubre\\\/#breadcrumb\",\"itemListElement\":[{\"@type\":\"ListItem\",\"position\":1,\"name\":\"Portada\",\"item\":\"https:\\\/\\\/www.eldiario.net\\\/portal\\\/\"},{\"@type\":\"ListItem\",\"position\":2,\"name\":\"Advierten que \u201cevistas\u201d prepararan estallido de violencia para octubre\"}]},{\"@type\":\"WebSite\",\"@id\":\"https:\\\/\\\/www.eldiario.net\\\/portal\\\/#website\",\"url\":\"https:\\\/\\\/www.eldiario.net\\\/portal\\\/\",\"name\":\"El Diario - Decano de la prensa nacional\",\"description\":\"El Diario - Decano de la prensa nacional\",\"publisher\":{\"@id\":\"https:\\\/\\\/www.eldiario.net\\\/portal\\\/#organization\"},\"potentialAction\":[{\"@type\":\"SearchAction\",\"target\":{\"@type\":\"EntryPoint\",\"urlTemplate\":\"https:\\\/\\\/www.eldiario.net\\\/portal\\\/?s={search_term_string}\"},\"query-input\":{\"@type\":\"PropertyValueSpecification\",\"valueRequired\":true,\"valueName\":\"search_term_string\"}}],\"inLanguage\":\"es\"},{\"@type\":\"Organization\",\"@id\":\"https:\\\/\\\/www.eldiario.net\\\/portal\\\/#organization\",\"name\":\"El Diario - Decano de la prensa nacional\",\"url\":\"https:\\\/\\\/www.eldiario.net\\\/portal\\\/\",\"logo\":{\"@type\":\"ImageObject\",\"inLanguage\":\"es\",\"@id\":\"https:\\\/\\\/www.eldiario.net\\\/portal\\\/#\\\/schema\\\/logo\\\/image\\\/\",\"url\":\"https:\\\/\\\/www.eldiario.net\\\/portal\\\/wp-content\\\/uploads\\\/2023\\\/07\\\/logo_ED.jpg\",\"contentUrl\":\"https:\\\/\\\/www.eldiario.net\\\/portal\\\/wp-content\\\/uploads\\\/2023\\\/07\\\/logo_ED.jpg\",\"width\":272,\"height\":52,\"caption\":\"El Diario - Decano de la prensa nacional\"},\"image\":{\"@id\":\"https:\\\/\\\/www.eldiario.net\\\/portal\\\/#\\\/schema\\\/logo\\\/image\\\/\"},\"sameAs\":[\"https:\\\/\\\/www.facebook.com\\\/eldiario.bolivia\\\/\",\"https:\\\/\\\/x.com\\\/eldiario_net\"]},{\"@type\":\"Person\",\"@id\":\"https:\\\/\\\/www.eldiario.net\\\/portal\\\/#\\\/schema\\\/person\\\/f46445640444750d7d753ccd04ae01b7\",\"name\":\"Jeanette\",\"image\":{\"@type\":\"ImageObject\",\"inLanguage\":\"es\",\"@id\":\"https:\\\/\\\/secure.gravatar.com\\\/avatar\\\/3ea2118a5f7dad2b7138b1187a6b7ee55f160b9968b66013c3a3ef39dd7e5798?s=96&d=mm&r=g\",\"url\":\"https:\\\/\\\/secure.gravatar.com\\\/avatar\\\/3ea2118a5f7dad2b7138b1187a6b7ee55f160b9968b66013c3a3ef39dd7e5798?s=96&d=mm&r=g\",\"contentUrl\":\"https:\\\/\\\/secure.gravatar.com\\\/avatar\\\/3ea2118a5f7dad2b7138b1187a6b7ee55f160b9968b66013c3a3ef39dd7e5798?s=96&d=mm&r=g\",\"caption\":\"Jeanette\"},\"sameAs\":[\"https:\\\/\\\/www.eldiario.net\\\/portal\"],\"url\":\"https:\\\/\\\/www.eldiario.net\\\/portal\\\/author\\\/jeanette\\\/\"}]}<\/script>\n<!-- \/ Yoast SEO plugin. -->","yoast_head_json":{"title":"Advierten que \u201cevistas\u201d prepararan estallido de violencia para octubre - El Diario - Bolivia","robots":{"index":"index","follow":"follow","max-snippet":"max-snippet:-1","max-image-preview":"max-image-preview:large","max-video-preview":"max-video-preview:-1"},"canonical":"https:\/\/www.eldiario.net\/portal\/2024\/09\/19\/advierten-que-evistas-prepararan-estallido-de-violencia-para-octubre\/","og_locale":"es_ES","og_type":"article","og_title":"Advierten que \u201cevistas\u201d prepararan estallido de violencia para octubre - El Diario - Bolivia","og_description":"Asegurando que Evo Morales est\u00e1 dispuesto a incendiar el pa\u00eds para cumplir con su af\u00e1n de postular a la presidencia, pese a que la Carta Magna no lo permite, la diputada por Comunidad Ciudadana (CC) Alejandra Camargo, advirti\u00f3 que la violencia y la confrontaci\u00f3n promovida por el dirigente cocalero tiene como fin estallar en el [&hellip;]","og_url":"https:\/\/www.eldiario.net\/portal\/2024\/09\/19\/advierten-que-evistas-prepararan-estallido-de-violencia-para-octubre\/","og_site_name":"El Diario - Bolivia","article_publisher":"https:\/\/www.facebook.com\/eldiario.bolivia\/","article_published_time":"2024-09-19T09:59:49+00:00","og_image":[{"width":1459,"height":907,"url":"https:\/\/www.eldiario.net\/portal\/wp-content\/uploads\/2024\/09\/LLIDO-FOTO.jpg","type":"image\/jpeg"}],"author":"Jeanette","twitter_card":"summary_large_image","twitter_creator":"@eldiario_net","twitter_site":"@eldiario_net","twitter_misc":{"Escrito por":"Jeanette","Tiempo de lectura":"2 minutos"},"schema":{"@context":"https:\/\/schema.org","@graph":[{"@type":"Article","@id":"https:\/\/www.eldiario.net\/portal\/2024\/09\/19\/advierten-que-evistas-prepararan-estallido-de-violencia-para-octubre\/#article","isPartOf":{"@id":"https:\/\/www.eldiario.net\/portal\/2024\/09\/19\/advierten-que-evistas-prepararan-estallido-de-violencia-para-octubre\/"},"author":{"name":"Jeanette","@id":"https:\/\/www.eldiario.net\/portal\/#\/schema\/person\/f46445640444750d7d753ccd04ae01b7"},"headline":"Advierten que \u201cevistas\u201d prepararan estallido de violencia para octubre","datePublished":"2024-09-19T09:59:49+00:00","mainEntityOfPage":{"@id":"https:\/\/www.eldiario.net\/portal\/2024\/09\/19\/advierten-que-evistas-prepararan-estallido-de-violencia-para-octubre\/"},"wordCount":311,"commentCount":0,"publisher":{"@id":"https:\/\/www.eldiario.net\/portal\/#organization"},"image":{"@id":"https:\/\/www.eldiario.net\/portal\/2024\/09\/19\/advierten-que-evistas-prepararan-estallido-de-violencia-para-octubre\/#primaryimage"},"thumbnailUrl":"https:\/\/www.eldiario.net\/portal\/wp-content\/uploads\/2024\/09\/LLIDO-FOTO.jpg","articleSection":["Pol\u00edtica"],"inLanguage":"es","potentialAction":[{"@type":"CommentAction","name":"Comment","target":["https:\/\/www.eldiario.net\/portal\/2024\/09\/19\/advierten-que-evistas-prepararan-estallido-de-violencia-para-octubre\/#respond"]}]},{"@type":"WebPage","@id":"https:\/\/www.eldiario.net\/portal\/2024\/09\/19\/advierten-que-evistas-prepararan-estallido-de-violencia-para-octubre\/","url":"https:\/\/www.eldiario.net\/portal\/2024\/09\/19\/advierten-que-evistas-prepararan-estallido-de-violencia-para-octubre\/","name":"Advierten que \u201cevistas\u201d prepararan estallido de violencia para octubre - El Diario - Bolivia","isPartOf":{"@id":"https:\/\/www.eldiario.net\/portal\/#website"},"primaryImageOfPage":{"@id":"https:\/\/www.eldiario.net\/portal\/2024\/09\/19\/advierten-que-evistas-prepararan-estallido-de-violencia-para-octubre\/#primaryimage"},"image":{"@id":"https:\/\/www.eldiario.net\/portal\/2024\/09\/19\/advierten-que-evistas-prepararan-estallido-de-violencia-para-octubre\/#primaryimage"},"thumbnailUrl":"https:\/\/www.eldiario.net\/portal\/wp-content\/uploads\/2024\/09\/LLIDO-FOTO.jpg","datePublished":"2024-09-19T09:59:49+00:00","breadcrumb":{"@id":"https:\/\/www.eldiario.net\/portal\/2024\/09\/19\/advierten-que-evistas-prepararan-estallido-de-violencia-para-octubre\/#breadcrumb"},"inLanguage":"es","potentialAction":[{"@type":"ReadAction","target":["https:\/\/www.eldiario.net\/portal\/2024\/09\/19\/advierten-que-evistas-prepararan-estallido-de-violencia-para-octubre\/"]}]},{"@type":"ImageObject","inLanguage":"es","@id":"https:\/\/www.eldiario.net\/portal\/2024\/09\/19\/advierten-que-evistas-prepararan-estallido-de-violencia-para-octubre\/#primaryimage","url":"https:\/\/www.eldiario.net\/portal\/wp-content\/uploads\/2024\/09\/LLIDO-FOTO.jpg","contentUrl":"https:\/\/www.eldiario.net\/portal\/wp-content\/uploads\/2024\/09\/LLIDO-FOTO.jpg","width":1459,"height":907,"caption":"Diputada Alejandra Camargo (CC) CREDITOS \/ RRSS"},{"@type":"BreadcrumbList","@id":"https:\/\/www.eldiario.net\/portal\/2024\/09\/19\/advierten-que-evistas-prepararan-estallido-de-violencia-para-octubre\/#breadcrumb","itemListElement":[{"@type":"ListItem","position":1,"name":"Portada","item":"https:\/\/www.eldiario.net\/portal\/"},{"@type":"ListItem","position":2,"name":"Advierten que \u201cevistas\u201d prepararan estallido de violencia para octubre"}]},{"@type":"WebSite","@id":"https:\/\/www.eldiario.net\/portal\/#website","url":"https:\/\/www.eldiario.net\/portal\/","name":"El Diario - Decano de la prensa nacional","description":"El Diario - Decano de la prensa nacional","publisher":{"@id":"https:\/\/www.eldiario.net\/portal\/#organization"},"potentialAction":[{"@type":"SearchAction","target":{"@type":"EntryPoint","urlTemplate":"https:\/\/www.eldiario.net\/portal\/?s={search_term_string}"},"query-input":{"@type":"PropertyValueSpecification","valueRequired":true,"valueName":"search_term_string"}}],"inLanguage":"es"},{"@type":"Organization","@id":"https:\/\/www.eldiario.net\/portal\/#organization","name":"El Diario - Decano de la prensa nacional","url":"https:\/\/www.eldiario.net\/portal\/","logo":{"@type":"ImageObject","inLanguage":"es","@id":"https:\/\/www.eldiario.net\/portal\/#\/schema\/logo\/image\/","url":"https:\/\/www.eldiario.net\/portal\/wp-content\/uploads\/2023\/07\/logo_ED.jpg","contentUrl":"https:\/\/www.eldiario.net\/portal\/wp-content\/uploads\/2023\/07\/logo_ED.jpg","width":272,"height":52,"caption":"El Diario - Decano de la prensa nacional"},"image":{"@id":"https:\/\/www.eldiario.net\/portal\/#\/schema\/logo\/image\/"},"sameAs":["https:\/\/www.facebook.com\/eldiario.bolivia\/","https:\/\/x.com\/eldiario_net"]},{"@type":"Person","@id":"https:\/\/www.eldiario.net\/portal\/#\/schema\/person\/f46445640444750d7d753ccd04ae01b7","name":"Jeanette","image":{"@type":"ImageObject","inLanguage":"es","@id":"https:\/\/secure.gravatar.com\/avatar\/3ea2118a5f7dad2b7138b1187a6b7ee55f160b9968b66013c3a3ef39dd7e5798?s=96&d=mm&r=g","url":"https:\/\/secure.gravatar.com\/avatar\/3ea2118a5f7dad2b7138b1187a6b7ee55f160b9968b66013c3a3ef39dd7e5798?s=96&d=mm&r=g","contentUrl":"https:\/\/secure.gravatar.com\/avatar\/3ea2118a5f7dad2b7138b1187a6b7ee55f160b9968b66013c3a3ef39dd7e5798?s=96&d=mm&r=g","caption":"Jeanette"},"sameAs":["https:\/\/www.eldiario.net\/portal"],"url":"https:\/\/www.eldiario.net\/portal\/author\/jeanette\/"}]}},"_links":{"self":[{"href":"https:\/\/www.eldiario.net\/portal\/wp-json\/wp\/v2\/posts\/248424","targetHints":{"allow":["GET"]}}],"collection":[{"href":"https:\/\/www.eldiario.net\/portal\/wp-json\/wp\/v2\/posts"}],"about":[{"href":"https:\/\/www.eldiario.net\/portal\/wp-json\/wp\/v2\/types\/post"}],"author":[{"embeddable":true,"href":"https:\/\/www.eldiario.net\/portal\/wp-json\/wp\/v2\/users\/1"}],"replies":[{"embeddable":true,"href":"https:\/\/www.eldiario.net\/portal\/wp-json\/wp\/v2\/comments?post=248424"}],"version-history":[{"count":1,"href":"https:\/\/www.eldiario.net\/portal\/wp-json\/wp\/v2\/posts\/248424\/revisions"}],"predecessor-version":[{"id":248426,"href":"https:\/\/www.eldiario.net\/portal\/wp-json\/wp\/v2\/posts\/248424\/revisions\/248426"}],"wp:featuredmedia":[{"embeddable":true,"href":"https:\/\/www.eldiario.net\/portal\/wp-json\/wp\/v2\/media\/248425"}],"wp:attachment":[{"href":"https:\/\/www.eldiario.net\/portal\/wp-json\/wp\/v2\/media?parent=248424"}],"wp:term":[{"taxonomy":"category","embeddable":true,"href":"https:\/\/www.eldiario.net\/portal\/wp-json\/wp\/v2\/categories?post=248424"},{"taxonomy":"post_tag","embeddable":true,"href":"https:\/\/www.eldiario.net\/portal\/wp-json\/wp\/v2\/tags?post=248424"}],"curies":[{"name":"wp","href":"https:\/\/api.w.org\/{rel}","templated":true}]}}