{"id":248421,"date":"2024-09-19T05:59:18","date_gmt":"2024-09-19T09:59:18","guid":{"rendered":"https:\/\/www.eldiario.net\/portal\/?p=248421"},"modified":"2024-09-19T05:59:18","modified_gmt":"2024-09-19T09:59:18","slug":"tse-sortea-este-viernes-ubicacion-de-candidatos-en-la-papeleta","status":"publish","type":"post","link":"https:\/\/www.eldiario.net\/portal\/2024\/09\/19\/tse-sortea-este-viernes-ubicacion-de-candidatos-en-la-papeleta\/","title":{"rendered":"TSE sortea este viernes ubicaci\u00f3n  de candidatos en la papeleta"},"content":{"rendered":"<p>El vicepresidente del Tribunal Supremo Electoral (TSE), Francisco Vargas, inform\u00f3 que este viernes se realizar\u00e1 un sorteo p\u00fablico para definir la ubicaci\u00f3n en las papeletas de los candidatos para las elecciones judiciales.<\/p>\n<p>Explic\u00f3 que habr\u00e1 dos papeletas, una para los cargos nacionales y otra, para los departamentales.<\/p>\n<p>El 1 de diciembre se elegir\u00e1n a las m\u00e1ximas autoridades del Tribunal Supremo de Justicia, Consejo de la Magistratura, del Tribunal Agroambiental y del Tribunal Constitucional Plurinacional.<\/p>\n<p>\u201cEste d\u00eda viernes lo que vamos a hacer es definir, a trav\u00e9s de un sorteo p\u00fablico, transparente, d\u00f3nde van a estar ubicados los ciudadanos, los candidatos y candidatas en estas dos papeletas de sufragio (\u2026) para que los ciudadanos puedan elegir a las m\u00e1ximas autoridades del \u00d3rgano Judicial y del Tribunal Constitucional. Del \u00d3rgano Judicial estar\u00edamos hablando de tres instancias, Tribunal Supremo de Justicia, Consejo de la Magistratura y Tribunal Agroambiental\u201d, dijo Vargas.<\/p>\n<p>Agreg\u00f3 que ahora se trabaja el procesamiento de los nuevos empadronados, durante el registro masivo que se ejecut\u00f3 desde el 21 al 31 de agosto.<\/p>\n<p>\u201cLuego (se) va a pasar a la fase de la conformaci\u00f3n del padr\u00f3n electoral, que es el que se va a utilizar y se va a hacer conocer a los nueve tribunales electorales departamentales del pa\u00eds\u201d.<\/p>\n<p>MOLESTIA<\/p>\n<p>En otro orden de cosas, el vicepresidente del Tribunal Supremo Electoral (TSE), Francisco Vargas, cuestion\u00f3 este los pedidos de la facci\u00f3n \u201cevista\u201d del MAS que buscan la habilitaci\u00f3n de Evo Morales como candidato a las elecciones generales cuando todav\u00eda no existe una convocatoria a ese proceso.<\/p>\n<p>A t\u00edtulo personal, afirm\u00f3 que el TSE \u201cno act\u00faa bajo ning\u00fan tipo de presi\u00f3n\u201d para asumir sus decisiones ni mucho menos de un proceso electoral que hasta el momento no se encuentra en curso.<\/p>\n<p>\u201cNos sorprende y nos llama la atenci\u00f3n que se hable de habilitaci\u00f3n o inhabilitaci\u00f3n cuando no se est\u00e1 en un proceso electoral y la \u00fanica autoridad competente para definir la habilitaci\u00f3n y la inhabilitaci\u00f3n de candidatos en proceso electoral es el \u00d3rgano Electoral\u201d, dijo.<\/p>\n<p>Dirigentes de sectores sociales \u201cevistas\u201d demandaron en varias ocasiones el respeto al congreso de Lauca \u00d1, Cochabamba, donde se ratific\u00f3 a Morales como el presidente del partido y adem\u00e1s se lo eligi\u00f3 como candidato para las elecciones generales de 2025.<\/p>\n<p>Sin embargo, Vargas asegur\u00f3 que, en su momento, el TSE se pronunciar\u00e1 sobre las candidaturas para esas elecciones, ya que se deben cumplir ciertos requisitos, demandas de inhabilitaci\u00f3n, entre otros.<\/p>\n<p>\u201cMientras no exista un proceso electoral en curso, no existe una convocatoria o un calendario electoral no se podr\u00eda hablar de candidaturas porque es este \u00f3rgano el competente de definir cada una de las candidaturas\u201d, reiter\u00f3.<\/p>\n<p>De acuerdo al TSE, las elecciones generales se realizar\u00e1n en agosto del pr\u00f3ximo a\u00f1o. (Br\u00fajula Digital\/Erbol)<\/p>\n","protected":false},"excerpt":{"rendered":"<p>El vicepresidente del Tribunal Supremo Electoral (TSE), Francisco Vargas, inform\u00f3 que este viernes se realizar\u00e1 un sorteo p\u00fablico para definir la ubicaci\u00f3n en las papeletas de los candidatos para las elecciones judiciales. Explic\u00f3 que habr\u00e1 dos papeletas, una para los cargos nacionales y otra, para los departamentales. El 1 de diciembre se elegir\u00e1n a las [&hellip;]<\/p>\n","protected":false},"author":1,"featured_media":248422,"comment_status":"open","ping_status":"open","sticky":false,"template":"","format":"standard","meta":{"_acf_changed":false,"footnotes":""},"categories":[14],"tags":[],"class_list":["post-248421","post","type-post","status-publish","format-standard","has-post-thumbnail","category-politica"],"acf":{"antetitulo":""},"yoast_head":"<!-- This site is optimized with the Yoast SEO plugin v28.4 - https:\/\/yoast.com\/product\/yoast-seo-wordpress\/ -->\n<title>TSE sortea este viernes ubicaci\u00f3n de candidatos en la papeleta - El Diario - Bolivia<\/title>\n<meta name=\"robots\" content=\"index, follow, max-snippet:-1, max-image-preview:large, max-video-preview:-1\" \/>\n<link rel=\"canonical\" href=\"https:\/\/www.eldiario.net\/portal\/2024\/09\/19\/tse-sortea-este-viernes-ubicacion-de-candidatos-en-la-papeleta\/\" \/>\n<meta property=\"og:locale\" content=\"es_ES\" \/>\n<meta property=\"og:type\" content=\"article\" \/>\n<meta property=\"og:title\" content=\"TSE sortea este viernes ubicaci\u00f3n de candidatos en la papeleta - El Diario - Bolivia\" \/>\n<meta property=\"og:description\" content=\"El vicepresidente del Tribunal Supremo Electoral (TSE), Francisco Vargas, inform\u00f3 que este viernes se realizar\u00e1 un sorteo p\u00fablico para definir la ubicaci\u00f3n en las papeletas de los candidatos para las elecciones judiciales. Explic\u00f3 que habr\u00e1 dos papeletas, una para los cargos nacionales y otra, para los departamentales. El 1 de diciembre se elegir\u00e1n a las [&hellip;]\" \/>\n<meta property=\"og:url\" content=\"https:\/\/www.eldiario.net\/portal\/2024\/09\/19\/tse-sortea-este-viernes-ubicacion-de-candidatos-en-la-papeleta\/\" \/>\n<meta property=\"og:site_name\" content=\"El Diario - Bolivia\" \/>\n<meta property=\"article:publisher\" content=\"https:\/\/www.facebook.com\/eldiario.bolivia\/\" \/>\n<meta property=\"article:published_time\" content=\"2024-09-19T09:59:18+00:00\" \/>\n<meta property=\"og:image\" content=\"https:\/\/www.eldiario.net\/portal\/wp-content\/uploads\/2024\/09\/SORTEO-FOTO.jpg\" \/>\n\t<meta property=\"og:image:width\" content=\"720\" \/>\n\t<meta property=\"og:image:height\" content=\"399\" \/>\n\t<meta property=\"og:image:type\" content=\"image\/jpeg\" \/>\n<meta name=\"author\" content=\"Jeanette\" \/>\n<meta name=\"twitter:card\" content=\"summary_large_image\" \/>\n<meta name=\"twitter:creator\" content=\"@eldiario_net\" \/>\n<meta name=\"twitter:site\" content=\"@eldiario_net\" \/>\n<meta name=\"twitter:label1\" content=\"Escrito por\" \/>\n\t<meta name=\"twitter:data1\" content=\"Jeanette\" \/>\n\t<meta name=\"twitter:label2\" content=\"Tiempo de lectura\" \/>\n\t<meta name=\"twitter:data2\" content=\"3 minutos\" \/>\n<script type=\"application\/ld+json\" class=\"yoast-schema-graph\">{\"@context\":\"https:\\\/\\\/schema.org\",\"@graph\":[{\"@type\":\"Article\",\"@id\":\"https:\\\/\\\/www.eldiario.net\\\/portal\\\/2024\\\/09\\\/19\\\/tse-sortea-este-viernes-ubicacion-de-candidatos-en-la-papeleta\\\/#article\",\"isPartOf\":{\"@id\":\"https:\\\/\\\/www.eldiario.net\\\/portal\\\/2024\\\/09\\\/19\\\/tse-sortea-este-viernes-ubicacion-de-candidatos-en-la-papeleta\\\/\"},\"author\":{\"name\":\"Jeanette\",\"@id\":\"https:\\\/\\\/www.eldiario.net\\\/portal\\\/#\\\/schema\\\/person\\\/f46445640444750d7d753ccd04ae01b7\"},\"headline\":\"TSE sortea este viernes ubicaci\u00f3n de candidatos en la papeleta\",\"datePublished\":\"2024-09-19T09:59:18+00:00\",\"mainEntityOfPage\":{\"@id\":\"https:\\\/\\\/www.eldiario.net\\\/portal\\\/2024\\\/09\\\/19\\\/tse-sortea-este-viernes-ubicacion-de-candidatos-en-la-papeleta\\\/\"},\"wordCount\":493,\"commentCount\":0,\"publisher\":{\"@id\":\"https:\\\/\\\/www.eldiario.net\\\/portal\\\/#organization\"},\"image\":{\"@id\":\"https:\\\/\\\/www.eldiario.net\\\/portal\\\/2024\\\/09\\\/19\\\/tse-sortea-este-viernes-ubicacion-de-candidatos-en-la-papeleta\\\/#primaryimage\"},\"thumbnailUrl\":\"https:\\\/\\\/www.eldiario.net\\\/portal\\\/wp-content\\\/uploads\\\/2024\\\/09\\\/SORTEO-FOTO.jpg\",\"articleSection\":[\"Pol\u00edtica\"],\"inLanguage\":\"es\",\"potentialAction\":[{\"@type\":\"CommentAction\",\"name\":\"Comment\",\"target\":[\"https:\\\/\\\/www.eldiario.net\\\/portal\\\/2024\\\/09\\\/19\\\/tse-sortea-este-viernes-ubicacion-de-candidatos-en-la-papeleta\\\/#respond\"]}]},{\"@type\":\"WebPage\",\"@id\":\"https:\\\/\\\/www.eldiario.net\\\/portal\\\/2024\\\/09\\\/19\\\/tse-sortea-este-viernes-ubicacion-de-candidatos-en-la-papeleta\\\/\",\"url\":\"https:\\\/\\\/www.eldiario.net\\\/portal\\\/2024\\\/09\\\/19\\\/tse-sortea-este-viernes-ubicacion-de-candidatos-en-la-papeleta\\\/\",\"name\":\"TSE sortea este viernes ubicaci\u00f3n de candidatos en la papeleta - El Diario - Bolivia\",\"isPartOf\":{\"@id\":\"https:\\\/\\\/www.eldiario.net\\\/portal\\\/#website\"},\"primaryImageOfPage\":{\"@id\":\"https:\\\/\\\/www.eldiario.net\\\/portal\\\/2024\\\/09\\\/19\\\/tse-sortea-este-viernes-ubicacion-de-candidatos-en-la-papeleta\\\/#primaryimage\"},\"image\":{\"@id\":\"https:\\\/\\\/www.eldiario.net\\\/portal\\\/2024\\\/09\\\/19\\\/tse-sortea-este-viernes-ubicacion-de-candidatos-en-la-papeleta\\\/#primaryimage\"},\"thumbnailUrl\":\"https:\\\/\\\/www.eldiario.net\\\/portal\\\/wp-content\\\/uploads\\\/2024\\\/09\\\/SORTEO-FOTO.jpg\",\"datePublished\":\"2024-09-19T09:59:18+00:00\",\"breadcrumb\":{\"@id\":\"https:\\\/\\\/www.eldiario.net\\\/portal\\\/2024\\\/09\\\/19\\\/tse-sortea-este-viernes-ubicacion-de-candidatos-en-la-papeleta\\\/#breadcrumb\"},\"inLanguage\":\"es\",\"potentialAction\":[{\"@type\":\"ReadAction\",\"target\":[\"https:\\\/\\\/www.eldiario.net\\\/portal\\\/2024\\\/09\\\/19\\\/tse-sortea-este-viernes-ubicacion-de-candidatos-en-la-papeleta\\\/\"]}]},{\"@type\":\"ImageObject\",\"inLanguage\":\"es\",\"@id\":\"https:\\\/\\\/www.eldiario.net\\\/portal\\\/2024\\\/09\\\/19\\\/tse-sortea-este-viernes-ubicacion-de-candidatos-en-la-papeleta\\\/#primaryimage\",\"url\":\"https:\\\/\\\/www.eldiario.net\\\/portal\\\/wp-content\\\/uploads\\\/2024\\\/09\\\/SORTEO-FOTO.jpg\",\"contentUrl\":\"https:\\\/\\\/www.eldiario.net\\\/portal\\\/wp-content\\\/uploads\\\/2024\\\/09\\\/SORTEO-FOTO.jpg\",\"width\":720,\"height\":399,\"caption\":\"El vicepresidente del TSE, Francisco Vargas, habl\u00f3 ayer con los medios. Foto: BD\"},{\"@type\":\"BreadcrumbList\",\"@id\":\"https:\\\/\\\/www.eldiario.net\\\/portal\\\/2024\\\/09\\\/19\\\/tse-sortea-este-viernes-ubicacion-de-candidatos-en-la-papeleta\\\/#breadcrumb\",\"itemListElement\":[{\"@type\":\"ListItem\",\"position\":1,\"name\":\"Portada\",\"item\":\"https:\\\/\\\/www.eldiario.net\\\/portal\\\/\"},{\"@type\":\"ListItem\",\"position\":2,\"name\":\"TSE sortea este viernes ubicaci\u00f3n de candidatos en la papeleta\"}]},{\"@type\":\"WebSite\",\"@id\":\"https:\\\/\\\/www.eldiario.net\\\/portal\\\/#website\",\"url\":\"https:\\\/\\\/www.eldiario.net\\\/portal\\\/\",\"name\":\"El Diario - Decano de la prensa nacional\",\"description\":\"El Diario - Decano de la prensa nacional\",\"publisher\":{\"@id\":\"https:\\\/\\\/www.eldiario.net\\\/portal\\\/#organization\"},\"potentialAction\":[{\"@type\":\"SearchAction\",\"target\":{\"@type\":\"EntryPoint\",\"urlTemplate\":\"https:\\\/\\\/www.eldiario.net\\\/portal\\\/?s={search_term_string}\"},\"query-input\":{\"@type\":\"PropertyValueSpecification\",\"valueRequired\":true,\"valueName\":\"search_term_string\"}}],\"inLanguage\":\"es\"},{\"@type\":\"Organization\",\"@id\":\"https:\\\/\\\/www.eldiario.net\\\/portal\\\/#organization\",\"name\":\"El Diario - Decano de la prensa nacional\",\"url\":\"https:\\\/\\\/www.eldiario.net\\\/portal\\\/\",\"logo\":{\"@type\":\"ImageObject\",\"inLanguage\":\"es\",\"@id\":\"https:\\\/\\\/www.eldiario.net\\\/portal\\\/#\\\/schema\\\/logo\\\/image\\\/\",\"url\":\"https:\\\/\\\/www.eldiario.net\\\/portal\\\/wp-content\\\/uploads\\\/2023\\\/07\\\/logo_ED.jpg\",\"contentUrl\":\"https:\\\/\\\/www.eldiario.net\\\/portal\\\/wp-content\\\/uploads\\\/2023\\\/07\\\/logo_ED.jpg\",\"width\":272,\"height\":52,\"caption\":\"El Diario - Decano de la prensa nacional\"},\"image\":{\"@id\":\"https:\\\/\\\/www.eldiario.net\\\/portal\\\/#\\\/schema\\\/logo\\\/image\\\/\"},\"sameAs\":[\"https:\\\/\\\/www.facebook.com\\\/eldiario.bolivia\\\/\",\"https:\\\/\\\/x.com\\\/eldiario_net\"]},{\"@type\":\"Person\",\"@id\":\"https:\\\/\\\/www.eldiario.net\\\/portal\\\/#\\\/schema\\\/person\\\/f46445640444750d7d753ccd04ae01b7\",\"name\":\"Jeanette\",\"image\":{\"@type\":\"ImageObject\",\"inLanguage\":\"es\",\"@id\":\"https:\\\/\\\/secure.gravatar.com\\\/avatar\\\/3ea2118a5f7dad2b7138b1187a6b7ee55f160b9968b66013c3a3ef39dd7e5798?s=96&d=mm&r=g\",\"url\":\"https:\\\/\\\/secure.gravatar.com\\\/avatar\\\/3ea2118a5f7dad2b7138b1187a6b7ee55f160b9968b66013c3a3ef39dd7e5798?s=96&d=mm&r=g\",\"contentUrl\":\"https:\\\/\\\/secure.gravatar.com\\\/avatar\\\/3ea2118a5f7dad2b7138b1187a6b7ee55f160b9968b66013c3a3ef39dd7e5798?s=96&d=mm&r=g\",\"caption\":\"Jeanette\"},\"sameAs\":[\"https:\\\/\\\/www.eldiario.net\\\/portal\"],\"url\":\"https:\\\/\\\/www.eldiario.net\\\/portal\\\/author\\\/jeanette\\\/\"}]}<\/script>\n<!-- \/ Yoast SEO plugin. -->","yoast_head_json":{"title":"TSE sortea este viernes ubicaci\u00f3n de candidatos en la papeleta - El Diario - Bolivia","robots":{"index":"index","follow":"follow","max-snippet":"max-snippet:-1","max-image-preview":"max-image-preview:large","max-video-preview":"max-video-preview:-1"},"canonical":"https:\/\/www.eldiario.net\/portal\/2024\/09\/19\/tse-sortea-este-viernes-ubicacion-de-candidatos-en-la-papeleta\/","og_locale":"es_ES","og_type":"article","og_title":"TSE sortea este viernes ubicaci\u00f3n de candidatos en la papeleta - El Diario - Bolivia","og_description":"El vicepresidente del Tribunal Supremo Electoral (TSE), Francisco Vargas, inform\u00f3 que este viernes se realizar\u00e1 un sorteo p\u00fablico para definir la ubicaci\u00f3n en las papeletas de los candidatos para las elecciones judiciales. Explic\u00f3 que habr\u00e1 dos papeletas, una para los cargos nacionales y otra, para los departamentales. El 1 de diciembre se elegir\u00e1n a las [&hellip;]","og_url":"https:\/\/www.eldiario.net\/portal\/2024\/09\/19\/tse-sortea-este-viernes-ubicacion-de-candidatos-en-la-papeleta\/","og_site_name":"El Diario - Bolivia","article_publisher":"https:\/\/www.facebook.com\/eldiario.bolivia\/","article_published_time":"2024-09-19T09:59:18+00:00","og_image":[{"width":720,"height":399,"url":"https:\/\/www.eldiario.net\/portal\/wp-content\/uploads\/2024\/09\/SORTEO-FOTO.jpg","type":"image\/jpeg"}],"author":"Jeanette","twitter_card":"summary_large_image","twitter_creator":"@eldiario_net","twitter_site":"@eldiario_net","twitter_misc":{"Escrito por":"Jeanette","Tiempo de lectura":"3 minutos"},"schema":{"@context":"https:\/\/schema.org","@graph":[{"@type":"Article","@id":"https:\/\/www.eldiario.net\/portal\/2024\/09\/19\/tse-sortea-este-viernes-ubicacion-de-candidatos-en-la-papeleta\/#article","isPartOf":{"@id":"https:\/\/www.eldiario.net\/portal\/2024\/09\/19\/tse-sortea-este-viernes-ubicacion-de-candidatos-en-la-papeleta\/"},"author":{"name":"Jeanette","@id":"https:\/\/www.eldiario.net\/portal\/#\/schema\/person\/f46445640444750d7d753ccd04ae01b7"},"headline":"TSE sortea este viernes ubicaci\u00f3n de candidatos en la papeleta","datePublished":"2024-09-19T09:59:18+00:00","mainEntityOfPage":{"@id":"https:\/\/www.eldiario.net\/portal\/2024\/09\/19\/tse-sortea-este-viernes-ubicacion-de-candidatos-en-la-papeleta\/"},"wordCount":493,"commentCount":0,"publisher":{"@id":"https:\/\/www.eldiario.net\/portal\/#organization"},"image":{"@id":"https:\/\/www.eldiario.net\/portal\/2024\/09\/19\/tse-sortea-este-viernes-ubicacion-de-candidatos-en-la-papeleta\/#primaryimage"},"thumbnailUrl":"https:\/\/www.eldiario.net\/portal\/wp-content\/uploads\/2024\/09\/SORTEO-FOTO.jpg","articleSection":["Pol\u00edtica"],"inLanguage":"es","potentialAction":[{"@type":"CommentAction","name":"Comment","target":["https:\/\/www.eldiario.net\/portal\/2024\/09\/19\/tse-sortea-este-viernes-ubicacion-de-candidatos-en-la-papeleta\/#respond"]}]},{"@type":"WebPage","@id":"https:\/\/www.eldiario.net\/portal\/2024\/09\/19\/tse-sortea-este-viernes-ubicacion-de-candidatos-en-la-papeleta\/","url":"https:\/\/www.eldiario.net\/portal\/2024\/09\/19\/tse-sortea-este-viernes-ubicacion-de-candidatos-en-la-papeleta\/","name":"TSE sortea este viernes ubicaci\u00f3n de candidatos en la papeleta - El Diario - Bolivia","isPartOf":{"@id":"https:\/\/www.eldiario.net\/portal\/#website"},"primaryImageOfPage":{"@id":"https:\/\/www.eldiario.net\/portal\/2024\/09\/19\/tse-sortea-este-viernes-ubicacion-de-candidatos-en-la-papeleta\/#primaryimage"},"image":{"@id":"https:\/\/www.eldiario.net\/portal\/2024\/09\/19\/tse-sortea-este-viernes-ubicacion-de-candidatos-en-la-papeleta\/#primaryimage"},"thumbnailUrl":"https:\/\/www.eldiario.net\/portal\/wp-content\/uploads\/2024\/09\/SORTEO-FOTO.jpg","datePublished":"2024-09-19T09:59:18+00:00","breadcrumb":{"@id":"https:\/\/www.eldiario.net\/portal\/2024\/09\/19\/tse-sortea-este-viernes-ubicacion-de-candidatos-en-la-papeleta\/#breadcrumb"},"inLanguage":"es","potentialAction":[{"@type":"ReadAction","target":["https:\/\/www.eldiario.net\/portal\/2024\/09\/19\/tse-sortea-este-viernes-ubicacion-de-candidatos-en-la-papeleta\/"]}]},{"@type":"ImageObject","inLanguage":"es","@id":"https:\/\/www.eldiario.net\/portal\/2024\/09\/19\/tse-sortea-este-viernes-ubicacion-de-candidatos-en-la-papeleta\/#primaryimage","url":"https:\/\/www.eldiario.net\/portal\/wp-content\/uploads\/2024\/09\/SORTEO-FOTO.jpg","contentUrl":"https:\/\/www.eldiario.net\/portal\/wp-content\/uploads\/2024\/09\/SORTEO-FOTO.jpg","width":720,"height":399,"caption":"El vicepresidente del TSE, Francisco Vargas, habl\u00f3 ayer con los medios. Foto: BD"},{"@type":"BreadcrumbList","@id":"https:\/\/www.eldiario.net\/portal\/2024\/09\/19\/tse-sortea-este-viernes-ubicacion-de-candidatos-en-la-papeleta\/#breadcrumb","itemListElement":[{"@type":"ListItem","position":1,"name":"Portada","item":"https:\/\/www.eldiario.net\/portal\/"},{"@type":"ListItem","position":2,"name":"TSE sortea este viernes ubicaci\u00f3n de candidatos en la papeleta"}]},{"@type":"WebSite","@id":"https:\/\/www.eldiario.net\/portal\/#website","url":"https:\/\/www.eldiario.net\/portal\/","name":"El Diario - Decano de la prensa nacional","description":"El Diario - Decano de la prensa nacional","publisher":{"@id":"https:\/\/www.eldiario.net\/portal\/#organization"},"potentialAction":[{"@type":"SearchAction","target":{"@type":"EntryPoint","urlTemplate":"https:\/\/www.eldiario.net\/portal\/?s={search_term_string}"},"query-input":{"@type":"PropertyValueSpecification","valueRequired":true,"valueName":"search_term_string"}}],"inLanguage":"es"},{"@type":"Organization","@id":"https:\/\/www.eldiario.net\/portal\/#organization","name":"El Diario - Decano de la prensa nacional","url":"https:\/\/www.eldiario.net\/portal\/","logo":{"@type":"ImageObject","inLanguage":"es","@id":"https:\/\/www.eldiario.net\/portal\/#\/schema\/logo\/image\/","url":"https:\/\/www.eldiario.net\/portal\/wp-content\/uploads\/2023\/07\/logo_ED.jpg","contentUrl":"https:\/\/www.eldiario.net\/portal\/wp-content\/uploads\/2023\/07\/logo_ED.jpg","width":272,"height":52,"caption":"El Diario - Decano de la prensa nacional"},"image":{"@id":"https:\/\/www.eldiario.net\/portal\/#\/schema\/logo\/image\/"},"sameAs":["https:\/\/www.facebook.com\/eldiario.bolivia\/","https:\/\/x.com\/eldiario_net"]},{"@type":"Person","@id":"https:\/\/www.eldiario.net\/portal\/#\/schema\/person\/f46445640444750d7d753ccd04ae01b7","name":"Jeanette","image":{"@type":"ImageObject","inLanguage":"es","@id":"https:\/\/secure.gravatar.com\/avatar\/3ea2118a5f7dad2b7138b1187a6b7ee55f160b9968b66013c3a3ef39dd7e5798?s=96&d=mm&r=g","url":"https:\/\/secure.gravatar.com\/avatar\/3ea2118a5f7dad2b7138b1187a6b7ee55f160b9968b66013c3a3ef39dd7e5798?s=96&d=mm&r=g","contentUrl":"https:\/\/secure.gravatar.com\/avatar\/3ea2118a5f7dad2b7138b1187a6b7ee55f160b9968b66013c3a3ef39dd7e5798?s=96&d=mm&r=g","caption":"Jeanette"},"sameAs":["https:\/\/www.eldiario.net\/portal"],"url":"https:\/\/www.eldiario.net\/portal\/author\/jeanette\/"}]}},"_links":{"self":[{"href":"https:\/\/www.eldiario.net\/portal\/wp-json\/wp\/v2\/posts\/248421","targetHints":{"allow":["GET"]}}],"collection":[{"href":"https:\/\/www.eldiario.net\/portal\/wp-json\/wp\/v2\/posts"}],"about":[{"href":"https:\/\/www.eldiario.net\/portal\/wp-json\/wp\/v2\/types\/post"}],"author":[{"embeddable":true,"href":"https:\/\/www.eldiario.net\/portal\/wp-json\/wp\/v2\/users\/1"}],"replies":[{"embeddable":true,"href":"https:\/\/www.eldiario.net\/portal\/wp-json\/wp\/v2\/comments?post=248421"}],"version-history":[{"count":1,"href":"https:\/\/www.eldiario.net\/portal\/wp-json\/wp\/v2\/posts\/248421\/revisions"}],"predecessor-version":[{"id":248423,"href":"https:\/\/www.eldiario.net\/portal\/wp-json\/wp\/v2\/posts\/248421\/revisions\/248423"}],"wp:featuredmedia":[{"embeddable":true,"href":"https:\/\/www.eldiario.net\/portal\/wp-json\/wp\/v2\/media\/248422"}],"wp:attachment":[{"href":"https:\/\/www.eldiario.net\/portal\/wp-json\/wp\/v2\/media?parent=248421"}],"wp:term":[{"taxonomy":"category","embeddable":true,"href":"https:\/\/www.eldiario.net\/portal\/wp-json\/wp\/v2\/categories?post=248421"},{"taxonomy":"post_tag","embeddable":true,"href":"https:\/\/www.eldiario.net\/portal\/wp-json\/wp\/v2\/tags?post=248421"}],"curies":[{"name":"wp","href":"https:\/\/api.w.org\/{rel}","templated":true}]}}