{"id":248418,"date":"2024-09-19T05:58:49","date_gmt":"2024-09-19T09:58:49","guid":{"rendered":"https:\/\/www.eldiario.net\/portal\/?p=248418"},"modified":"2024-09-19T05:58:49","modified_gmt":"2024-09-19T09:58:49","slug":"oposicion-rechaza-posible-sucesion-en-favor-de-andronico-rodriguez","status":"publish","type":"post","link":"https:\/\/www.eldiario.net\/portal\/2024\/09\/19\/oposicion-rechaza-posible-sucesion-en-favor-de-andronico-rodriguez\/","title":{"rendered":"Oposici\u00f3n rechaza posible sucesi\u00f3n  en favor de Andr\u00f3nico Rodriguez"},"content":{"rendered":"<p>Exigiendo que el Movimiento al Socialismo (MAS) deje de hacer da\u00f1o al pa\u00eds a trav\u00e9s de pugnas de poder y medidas de presi\u00f3n que afectan a toda la poblaci\u00f3n boliviana, la senadora por Comunidad Ciudadana (CC), Cecilia Requena, rechaz\u00f3 un posible acortamiento de mandato y una sucesi\u00f3n constitucional en favor del presidente del Senado.<\/p>\n<p>En declaraciones a medios de prensa, Requena puntualiz\u00f3 que existieron acuerdos pol\u00edticos para posibilitar la presidencia de Rodr\u00edguez en el Senado, sin embargo, eso no significa que fuerzas de oposici\u00f3n respalden una posible sucesi\u00f3n en la que se involucre al titular de esta instancia.<\/p>\n<p>\u201cNosotros no vamos a apoyar ning\u00fan acortamiento de mandato, una cosa es que hayamos apoyado con nuestro voto en el marco de acuerdos y agendas (\u2026). De ning\u00fan modo esto quiere decir que nosotros apoyemos la sucesi\u00f3n para Andr\u00f3nico Rodriguez, en absoluto\u201d, asegur\u00f3<\/p>\n<p>La senadora por La Paz, afirm\u00f3 que el actual gobierno debe cumplir con su tiempo de mandato y priorizar la atenci\u00f3n de las necesidades del pa\u00eds, sobre todo en el campo econ\u00f3mico.<\/p>\n<p>\u201cEl presidente Arce tiene que cumplir su mandato constitucional, aqu\u00ed no se puede jugar m\u00e1s con este pa\u00eds. Es el colmo esta situaci\u00f3n, pero tambi\u00e9n es necesario que se d\u00e9 respuestas a los problemas, sobre todo econ\u00f3micos del pa\u00eds. Tiene que quedarse, pero no para llevarnos al precipicio\u201d, sostuvo Requena.<\/p>\n<p>Por lo se\u00f1alado, apunt\u00f3 que parte de la responsabilidad de un Gobierno es tomar decisiones dif\u00edciles, lo que implica tener el coraje para hacer frente a la actual coyuntura.<\/p>\n<p>El pasado lunes, Orlando Ceballos, miembro del equipo jur\u00eddico de Evo Morales, revel\u00f3 que se pretende buscar la sucesi\u00f3n presidencial para que el titular del Senado, asuma la presidencia del Estado. \u201cDebemos empezar a imaginar la sucesi\u00f3n presidencial establecida en la Constituci\u00f3n, no hay otra (&#8230;) La sucesi\u00f3n presidencial tiene que llegar hasta el presidente del Senado\u201d, dijo.<\/p>\n<p>Ante estas declaraciones, el titular de Justicia Iv\u00e1n Lima, asegur\u00f3 que detr\u00e1s de esas palabras se esconde \u201cel capricho de un ser ambicioso, al que no le importa la incertidumbre del pueblo boliviano\u201d.<\/p>\n<p>Ayer, Andr\u00f3nico Rodriguez, neg\u00f3 ser parte de dicho plan, rechazando cualquier tipo de acortamiento de mandato. \u201cNo soy parte de este plan y no me voy a prestar a este hecho maquiav\u00e9lico\u201d, dijo.<\/p>\n","protected":false},"excerpt":{"rendered":"<p>Exigiendo que el Movimiento al Socialismo (MAS) deje de hacer da\u00f1o al pa\u00eds a trav\u00e9s de pugnas de poder y medidas de presi\u00f3n que afectan a toda la poblaci\u00f3n boliviana, la senadora por Comunidad Ciudadana (CC), Cecilia Requena, rechaz\u00f3 un posible acortamiento de mandato y una sucesi\u00f3n constitucional en favor del presidente del Senado. En [&hellip;]<\/p>\n","protected":false},"author":1,"featured_media":248419,"comment_status":"open","ping_status":"open","sticky":false,"template":"","format":"standard","meta":{"_acf_changed":false,"footnotes":""},"categories":[14],"tags":[],"class_list":["post-248418","post","type-post","status-publish","format-standard","has-post-thumbnail","category-politica"],"acf":{"antetitulo":"Hay otras necesidades urgentes"},"yoast_head":"<!-- This site is optimized with the Yoast SEO plugin v28.4 - https:\/\/yoast.com\/product\/yoast-seo-wordpress\/ -->\n<title>Oposici\u00f3n rechaza posible sucesi\u00f3n en favor de Andr\u00f3nico Rodriguez - El Diario - Bolivia<\/title>\n<meta name=\"robots\" content=\"index, follow, max-snippet:-1, max-image-preview:large, max-video-preview:-1\" \/>\n<link rel=\"canonical\" href=\"https:\/\/www.eldiario.net\/portal\/2024\/09\/19\/oposicion-rechaza-posible-sucesion-en-favor-de-andronico-rodriguez\/\" \/>\n<meta property=\"og:locale\" content=\"es_ES\" \/>\n<meta property=\"og:type\" content=\"article\" \/>\n<meta property=\"og:title\" content=\"Oposici\u00f3n rechaza posible sucesi\u00f3n en favor de Andr\u00f3nico Rodriguez - El Diario - Bolivia\" \/>\n<meta property=\"og:description\" content=\"Exigiendo que el Movimiento al Socialismo (MAS) deje de hacer da\u00f1o al pa\u00eds a trav\u00e9s de pugnas de poder y medidas de presi\u00f3n que afectan a toda la poblaci\u00f3n boliviana, la senadora por Comunidad Ciudadana (CC), Cecilia Requena, rechaz\u00f3 un posible acortamiento de mandato y una sucesi\u00f3n constitucional en favor del presidente del Senado. En [&hellip;]\" \/>\n<meta property=\"og:url\" content=\"https:\/\/www.eldiario.net\/portal\/2024\/09\/19\/oposicion-rechaza-posible-sucesion-en-favor-de-andronico-rodriguez\/\" \/>\n<meta property=\"og:site_name\" content=\"El Diario - Bolivia\" \/>\n<meta property=\"article:publisher\" content=\"https:\/\/www.facebook.com\/eldiario.bolivia\/\" \/>\n<meta property=\"article:published_time\" content=\"2024-09-19T09:58:49+00:00\" \/>\n<meta property=\"og:image\" content=\"https:\/\/www.eldiario.net\/portal\/wp-content\/uploads\/2024\/09\/SUCE-FOTO.jpg\" \/>\n\t<meta property=\"og:image:width\" content=\"1600\" \/>\n\t<meta property=\"og:image:height\" content=\"975\" \/>\n\t<meta property=\"og:image:type\" content=\"image\/jpeg\" \/>\n<meta name=\"author\" content=\"Jeanette\" \/>\n<meta name=\"twitter:card\" content=\"summary_large_image\" \/>\n<meta name=\"twitter:creator\" content=\"@eldiario_net\" \/>\n<meta name=\"twitter:site\" content=\"@eldiario_net\" \/>\n<meta name=\"twitter:label1\" content=\"Escrito por\" \/>\n\t<meta name=\"twitter:data1\" content=\"Jeanette\" \/>\n\t<meta name=\"twitter:label2\" content=\"Tiempo de lectura\" \/>\n\t<meta name=\"twitter:data2\" content=\"2 minutos\" \/>\n<script type=\"application\/ld+json\" class=\"yoast-schema-graph\">{\"@context\":\"https:\\\/\\\/schema.org\",\"@graph\":[{\"@type\":\"Article\",\"@id\":\"https:\\\/\\\/www.eldiario.net\\\/portal\\\/2024\\\/09\\\/19\\\/oposicion-rechaza-posible-sucesion-en-favor-de-andronico-rodriguez\\\/#article\",\"isPartOf\":{\"@id\":\"https:\\\/\\\/www.eldiario.net\\\/portal\\\/2024\\\/09\\\/19\\\/oposicion-rechaza-posible-sucesion-en-favor-de-andronico-rodriguez\\\/\"},\"author\":{\"name\":\"Jeanette\",\"@id\":\"https:\\\/\\\/www.eldiario.net\\\/portal\\\/#\\\/schema\\\/person\\\/f46445640444750d7d753ccd04ae01b7\"},\"headline\":\"Oposici\u00f3n rechaza posible sucesi\u00f3n en favor de Andr\u00f3nico Rodriguez\",\"datePublished\":\"2024-09-19T09:58:49+00:00\",\"mainEntityOfPage\":{\"@id\":\"https:\\\/\\\/www.eldiario.net\\\/portal\\\/2024\\\/09\\\/19\\\/oposicion-rechaza-posible-sucesion-en-favor-de-andronico-rodriguez\\\/\"},\"wordCount\":420,\"commentCount\":0,\"publisher\":{\"@id\":\"https:\\\/\\\/www.eldiario.net\\\/portal\\\/#organization\"},\"image\":{\"@id\":\"https:\\\/\\\/www.eldiario.net\\\/portal\\\/2024\\\/09\\\/19\\\/oposicion-rechaza-posible-sucesion-en-favor-de-andronico-rodriguez\\\/#primaryimage\"},\"thumbnailUrl\":\"https:\\\/\\\/www.eldiario.net\\\/portal\\\/wp-content\\\/uploads\\\/2024\\\/09\\\/SUCE-FOTO.jpg\",\"articleSection\":[\"Pol\u00edtica\"],\"inLanguage\":\"es\",\"potentialAction\":[{\"@type\":\"CommentAction\",\"name\":\"Comment\",\"target\":[\"https:\\\/\\\/www.eldiario.net\\\/portal\\\/2024\\\/09\\\/19\\\/oposicion-rechaza-posible-sucesion-en-favor-de-andronico-rodriguez\\\/#respond\"]}]},{\"@type\":\"WebPage\",\"@id\":\"https:\\\/\\\/www.eldiario.net\\\/portal\\\/2024\\\/09\\\/19\\\/oposicion-rechaza-posible-sucesion-en-favor-de-andronico-rodriguez\\\/\",\"url\":\"https:\\\/\\\/www.eldiario.net\\\/portal\\\/2024\\\/09\\\/19\\\/oposicion-rechaza-posible-sucesion-en-favor-de-andronico-rodriguez\\\/\",\"name\":\"Oposici\u00f3n rechaza posible sucesi\u00f3n en favor de Andr\u00f3nico Rodriguez - El Diario - Bolivia\",\"isPartOf\":{\"@id\":\"https:\\\/\\\/www.eldiario.net\\\/portal\\\/#website\"},\"primaryImageOfPage\":{\"@id\":\"https:\\\/\\\/www.eldiario.net\\\/portal\\\/2024\\\/09\\\/19\\\/oposicion-rechaza-posible-sucesion-en-favor-de-andronico-rodriguez\\\/#primaryimage\"},\"image\":{\"@id\":\"https:\\\/\\\/www.eldiario.net\\\/portal\\\/2024\\\/09\\\/19\\\/oposicion-rechaza-posible-sucesion-en-favor-de-andronico-rodriguez\\\/#primaryimage\"},\"thumbnailUrl\":\"https:\\\/\\\/www.eldiario.net\\\/portal\\\/wp-content\\\/uploads\\\/2024\\\/09\\\/SUCE-FOTO.jpg\",\"datePublished\":\"2024-09-19T09:58:49+00:00\",\"breadcrumb\":{\"@id\":\"https:\\\/\\\/www.eldiario.net\\\/portal\\\/2024\\\/09\\\/19\\\/oposicion-rechaza-posible-sucesion-en-favor-de-andronico-rodriguez\\\/#breadcrumb\"},\"inLanguage\":\"es\",\"potentialAction\":[{\"@type\":\"ReadAction\",\"target\":[\"https:\\\/\\\/www.eldiario.net\\\/portal\\\/2024\\\/09\\\/19\\\/oposicion-rechaza-posible-sucesion-en-favor-de-andronico-rodriguez\\\/\"]}]},{\"@type\":\"ImageObject\",\"inLanguage\":\"es\",\"@id\":\"https:\\\/\\\/www.eldiario.net\\\/portal\\\/2024\\\/09\\\/19\\\/oposicion-rechaza-posible-sucesion-en-favor-de-andronico-rodriguez\\\/#primaryimage\",\"url\":\"https:\\\/\\\/www.eldiario.net\\\/portal\\\/wp-content\\\/uploads\\\/2024\\\/09\\\/SUCE-FOTO.jpg\",\"contentUrl\":\"https:\\\/\\\/www.eldiario.net\\\/portal\\\/wp-content\\\/uploads\\\/2024\\\/09\\\/SUCE-FOTO.jpg\",\"width\":1600,\"height\":975,\"caption\":\"Senadora Cecilia Requena (CC) CREDITOS \\\/ RRSS\"},{\"@type\":\"BreadcrumbList\",\"@id\":\"https:\\\/\\\/www.eldiario.net\\\/portal\\\/2024\\\/09\\\/19\\\/oposicion-rechaza-posible-sucesion-en-favor-de-andronico-rodriguez\\\/#breadcrumb\",\"itemListElement\":[{\"@type\":\"ListItem\",\"position\":1,\"name\":\"Portada\",\"item\":\"https:\\\/\\\/www.eldiario.net\\\/portal\\\/\"},{\"@type\":\"ListItem\",\"position\":2,\"name\":\"Oposici\u00f3n rechaza posible sucesi\u00f3n en favor de Andr\u00f3nico Rodriguez\"}]},{\"@type\":\"WebSite\",\"@id\":\"https:\\\/\\\/www.eldiario.net\\\/portal\\\/#website\",\"url\":\"https:\\\/\\\/www.eldiario.net\\\/portal\\\/\",\"name\":\"El Diario - Decano de la prensa nacional\",\"description\":\"El Diario - Decano de la prensa nacional\",\"publisher\":{\"@id\":\"https:\\\/\\\/www.eldiario.net\\\/portal\\\/#organization\"},\"potentialAction\":[{\"@type\":\"SearchAction\",\"target\":{\"@type\":\"EntryPoint\",\"urlTemplate\":\"https:\\\/\\\/www.eldiario.net\\\/portal\\\/?s={search_term_string}\"},\"query-input\":{\"@type\":\"PropertyValueSpecification\",\"valueRequired\":true,\"valueName\":\"search_term_string\"}}],\"inLanguage\":\"es\"},{\"@type\":\"Organization\",\"@id\":\"https:\\\/\\\/www.eldiario.net\\\/portal\\\/#organization\",\"name\":\"El Diario - Decano de la prensa nacional\",\"url\":\"https:\\\/\\\/www.eldiario.net\\\/portal\\\/\",\"logo\":{\"@type\":\"ImageObject\",\"inLanguage\":\"es\",\"@id\":\"https:\\\/\\\/www.eldiario.net\\\/portal\\\/#\\\/schema\\\/logo\\\/image\\\/\",\"url\":\"https:\\\/\\\/www.eldiario.net\\\/portal\\\/wp-content\\\/uploads\\\/2023\\\/07\\\/logo_ED.jpg\",\"contentUrl\":\"https:\\\/\\\/www.eldiario.net\\\/portal\\\/wp-content\\\/uploads\\\/2023\\\/07\\\/logo_ED.jpg\",\"width\":272,\"height\":52,\"caption\":\"El Diario - Decano de la prensa nacional\"},\"image\":{\"@id\":\"https:\\\/\\\/www.eldiario.net\\\/portal\\\/#\\\/schema\\\/logo\\\/image\\\/\"},\"sameAs\":[\"https:\\\/\\\/www.facebook.com\\\/eldiario.bolivia\\\/\",\"https:\\\/\\\/x.com\\\/eldiario_net\"]},{\"@type\":\"Person\",\"@id\":\"https:\\\/\\\/www.eldiario.net\\\/portal\\\/#\\\/schema\\\/person\\\/f46445640444750d7d753ccd04ae01b7\",\"name\":\"Jeanette\",\"image\":{\"@type\":\"ImageObject\",\"inLanguage\":\"es\",\"@id\":\"https:\\\/\\\/secure.gravatar.com\\\/avatar\\\/3ea2118a5f7dad2b7138b1187a6b7ee55f160b9968b66013c3a3ef39dd7e5798?s=96&d=mm&r=g\",\"url\":\"https:\\\/\\\/secure.gravatar.com\\\/avatar\\\/3ea2118a5f7dad2b7138b1187a6b7ee55f160b9968b66013c3a3ef39dd7e5798?s=96&d=mm&r=g\",\"contentUrl\":\"https:\\\/\\\/secure.gravatar.com\\\/avatar\\\/3ea2118a5f7dad2b7138b1187a6b7ee55f160b9968b66013c3a3ef39dd7e5798?s=96&d=mm&r=g\",\"caption\":\"Jeanette\"},\"sameAs\":[\"https:\\\/\\\/www.eldiario.net\\\/portal\"],\"url\":\"https:\\\/\\\/www.eldiario.net\\\/portal\\\/author\\\/jeanette\\\/\"}]}<\/script>\n<!-- \/ Yoast SEO plugin. -->","yoast_head_json":{"title":"Oposici\u00f3n rechaza posible sucesi\u00f3n en favor de Andr\u00f3nico Rodriguez - El Diario - Bolivia","robots":{"index":"index","follow":"follow","max-snippet":"max-snippet:-1","max-image-preview":"max-image-preview:large","max-video-preview":"max-video-preview:-1"},"canonical":"https:\/\/www.eldiario.net\/portal\/2024\/09\/19\/oposicion-rechaza-posible-sucesion-en-favor-de-andronico-rodriguez\/","og_locale":"es_ES","og_type":"article","og_title":"Oposici\u00f3n rechaza posible sucesi\u00f3n en favor de Andr\u00f3nico Rodriguez - El Diario - Bolivia","og_description":"Exigiendo que el Movimiento al Socialismo (MAS) deje de hacer da\u00f1o al pa\u00eds a trav\u00e9s de pugnas de poder y medidas de presi\u00f3n que afectan a toda la poblaci\u00f3n boliviana, la senadora por Comunidad Ciudadana (CC), Cecilia Requena, rechaz\u00f3 un posible acortamiento de mandato y una sucesi\u00f3n constitucional en favor del presidente del Senado. En [&hellip;]","og_url":"https:\/\/www.eldiario.net\/portal\/2024\/09\/19\/oposicion-rechaza-posible-sucesion-en-favor-de-andronico-rodriguez\/","og_site_name":"El Diario - Bolivia","article_publisher":"https:\/\/www.facebook.com\/eldiario.bolivia\/","article_published_time":"2024-09-19T09:58:49+00:00","og_image":[{"width":1600,"height":975,"url":"https:\/\/www.eldiario.net\/portal\/wp-content\/uploads\/2024\/09\/SUCE-FOTO.jpg","type":"image\/jpeg"}],"author":"Jeanette","twitter_card":"summary_large_image","twitter_creator":"@eldiario_net","twitter_site":"@eldiario_net","twitter_misc":{"Escrito por":"Jeanette","Tiempo de lectura":"2 minutos"},"schema":{"@context":"https:\/\/schema.org","@graph":[{"@type":"Article","@id":"https:\/\/www.eldiario.net\/portal\/2024\/09\/19\/oposicion-rechaza-posible-sucesion-en-favor-de-andronico-rodriguez\/#article","isPartOf":{"@id":"https:\/\/www.eldiario.net\/portal\/2024\/09\/19\/oposicion-rechaza-posible-sucesion-en-favor-de-andronico-rodriguez\/"},"author":{"name":"Jeanette","@id":"https:\/\/www.eldiario.net\/portal\/#\/schema\/person\/f46445640444750d7d753ccd04ae01b7"},"headline":"Oposici\u00f3n rechaza posible sucesi\u00f3n en favor de Andr\u00f3nico Rodriguez","datePublished":"2024-09-19T09:58:49+00:00","mainEntityOfPage":{"@id":"https:\/\/www.eldiario.net\/portal\/2024\/09\/19\/oposicion-rechaza-posible-sucesion-en-favor-de-andronico-rodriguez\/"},"wordCount":420,"commentCount":0,"publisher":{"@id":"https:\/\/www.eldiario.net\/portal\/#organization"},"image":{"@id":"https:\/\/www.eldiario.net\/portal\/2024\/09\/19\/oposicion-rechaza-posible-sucesion-en-favor-de-andronico-rodriguez\/#primaryimage"},"thumbnailUrl":"https:\/\/www.eldiario.net\/portal\/wp-content\/uploads\/2024\/09\/SUCE-FOTO.jpg","articleSection":["Pol\u00edtica"],"inLanguage":"es","potentialAction":[{"@type":"CommentAction","name":"Comment","target":["https:\/\/www.eldiario.net\/portal\/2024\/09\/19\/oposicion-rechaza-posible-sucesion-en-favor-de-andronico-rodriguez\/#respond"]}]},{"@type":"WebPage","@id":"https:\/\/www.eldiario.net\/portal\/2024\/09\/19\/oposicion-rechaza-posible-sucesion-en-favor-de-andronico-rodriguez\/","url":"https:\/\/www.eldiario.net\/portal\/2024\/09\/19\/oposicion-rechaza-posible-sucesion-en-favor-de-andronico-rodriguez\/","name":"Oposici\u00f3n rechaza posible sucesi\u00f3n en favor de Andr\u00f3nico Rodriguez - El Diario - Bolivia","isPartOf":{"@id":"https:\/\/www.eldiario.net\/portal\/#website"},"primaryImageOfPage":{"@id":"https:\/\/www.eldiario.net\/portal\/2024\/09\/19\/oposicion-rechaza-posible-sucesion-en-favor-de-andronico-rodriguez\/#primaryimage"},"image":{"@id":"https:\/\/www.eldiario.net\/portal\/2024\/09\/19\/oposicion-rechaza-posible-sucesion-en-favor-de-andronico-rodriguez\/#primaryimage"},"thumbnailUrl":"https:\/\/www.eldiario.net\/portal\/wp-content\/uploads\/2024\/09\/SUCE-FOTO.jpg","datePublished":"2024-09-19T09:58:49+00:00","breadcrumb":{"@id":"https:\/\/www.eldiario.net\/portal\/2024\/09\/19\/oposicion-rechaza-posible-sucesion-en-favor-de-andronico-rodriguez\/#breadcrumb"},"inLanguage":"es","potentialAction":[{"@type":"ReadAction","target":["https:\/\/www.eldiario.net\/portal\/2024\/09\/19\/oposicion-rechaza-posible-sucesion-en-favor-de-andronico-rodriguez\/"]}]},{"@type":"ImageObject","inLanguage":"es","@id":"https:\/\/www.eldiario.net\/portal\/2024\/09\/19\/oposicion-rechaza-posible-sucesion-en-favor-de-andronico-rodriguez\/#primaryimage","url":"https:\/\/www.eldiario.net\/portal\/wp-content\/uploads\/2024\/09\/SUCE-FOTO.jpg","contentUrl":"https:\/\/www.eldiario.net\/portal\/wp-content\/uploads\/2024\/09\/SUCE-FOTO.jpg","width":1600,"height":975,"caption":"Senadora Cecilia Requena (CC) CREDITOS \/ RRSS"},{"@type":"BreadcrumbList","@id":"https:\/\/www.eldiario.net\/portal\/2024\/09\/19\/oposicion-rechaza-posible-sucesion-en-favor-de-andronico-rodriguez\/#breadcrumb","itemListElement":[{"@type":"ListItem","position":1,"name":"Portada","item":"https:\/\/www.eldiario.net\/portal\/"},{"@type":"ListItem","position":2,"name":"Oposici\u00f3n rechaza posible sucesi\u00f3n en favor de Andr\u00f3nico Rodriguez"}]},{"@type":"WebSite","@id":"https:\/\/www.eldiario.net\/portal\/#website","url":"https:\/\/www.eldiario.net\/portal\/","name":"El Diario - Decano de la prensa nacional","description":"El Diario - Decano de la prensa nacional","publisher":{"@id":"https:\/\/www.eldiario.net\/portal\/#organization"},"potentialAction":[{"@type":"SearchAction","target":{"@type":"EntryPoint","urlTemplate":"https:\/\/www.eldiario.net\/portal\/?s={search_term_string}"},"query-input":{"@type":"PropertyValueSpecification","valueRequired":true,"valueName":"search_term_string"}}],"inLanguage":"es"},{"@type":"Organization","@id":"https:\/\/www.eldiario.net\/portal\/#organization","name":"El Diario - Decano de la prensa nacional","url":"https:\/\/www.eldiario.net\/portal\/","logo":{"@type":"ImageObject","inLanguage":"es","@id":"https:\/\/www.eldiario.net\/portal\/#\/schema\/logo\/image\/","url":"https:\/\/www.eldiario.net\/portal\/wp-content\/uploads\/2023\/07\/logo_ED.jpg","contentUrl":"https:\/\/www.eldiario.net\/portal\/wp-content\/uploads\/2023\/07\/logo_ED.jpg","width":272,"height":52,"caption":"El Diario - Decano de la prensa nacional"},"image":{"@id":"https:\/\/www.eldiario.net\/portal\/#\/schema\/logo\/image\/"},"sameAs":["https:\/\/www.facebook.com\/eldiario.bolivia\/","https:\/\/x.com\/eldiario_net"]},{"@type":"Person","@id":"https:\/\/www.eldiario.net\/portal\/#\/schema\/person\/f46445640444750d7d753ccd04ae01b7","name":"Jeanette","image":{"@type":"ImageObject","inLanguage":"es","@id":"https:\/\/secure.gravatar.com\/avatar\/3ea2118a5f7dad2b7138b1187a6b7ee55f160b9968b66013c3a3ef39dd7e5798?s=96&d=mm&r=g","url":"https:\/\/secure.gravatar.com\/avatar\/3ea2118a5f7dad2b7138b1187a6b7ee55f160b9968b66013c3a3ef39dd7e5798?s=96&d=mm&r=g","contentUrl":"https:\/\/secure.gravatar.com\/avatar\/3ea2118a5f7dad2b7138b1187a6b7ee55f160b9968b66013c3a3ef39dd7e5798?s=96&d=mm&r=g","caption":"Jeanette"},"sameAs":["https:\/\/www.eldiario.net\/portal"],"url":"https:\/\/www.eldiario.net\/portal\/author\/jeanette\/"}]}},"_links":{"self":[{"href":"https:\/\/www.eldiario.net\/portal\/wp-json\/wp\/v2\/posts\/248418","targetHints":{"allow":["GET"]}}],"collection":[{"href":"https:\/\/www.eldiario.net\/portal\/wp-json\/wp\/v2\/posts"}],"about":[{"href":"https:\/\/www.eldiario.net\/portal\/wp-json\/wp\/v2\/types\/post"}],"author":[{"embeddable":true,"href":"https:\/\/www.eldiario.net\/portal\/wp-json\/wp\/v2\/users\/1"}],"replies":[{"embeddable":true,"href":"https:\/\/www.eldiario.net\/portal\/wp-json\/wp\/v2\/comments?post=248418"}],"version-history":[{"count":1,"href":"https:\/\/www.eldiario.net\/portal\/wp-json\/wp\/v2\/posts\/248418\/revisions"}],"predecessor-version":[{"id":248420,"href":"https:\/\/www.eldiario.net\/portal\/wp-json\/wp\/v2\/posts\/248418\/revisions\/248420"}],"wp:featuredmedia":[{"embeddable":true,"href":"https:\/\/www.eldiario.net\/portal\/wp-json\/wp\/v2\/media\/248419"}],"wp:attachment":[{"href":"https:\/\/www.eldiario.net\/portal\/wp-json\/wp\/v2\/media?parent=248418"}],"wp:term":[{"taxonomy":"category","embeddable":true,"href":"https:\/\/www.eldiario.net\/portal\/wp-json\/wp\/v2\/categories?post=248418"},{"taxonomy":"post_tag","embeddable":true,"href":"https:\/\/www.eldiario.net\/portal\/wp-json\/wp\/v2\/tags?post=248418"}],"curies":[{"name":"wp","href":"https:\/\/api.w.org\/{rel}","templated":true}]}}