{"id":248412,"date":"2024-09-19T05:54:59","date_gmt":"2024-09-19T09:54:59","guid":{"rendered":"https:\/\/www.eldiario.net\/portal\/?p=248412"},"modified":"2024-09-19T05:54:59","modified_gmt":"2024-09-19T09:54:59","slug":"felcn-realiza-microaspirado-a-26-maletas-de-tripulantes","status":"publish","type":"post","link":"https:\/\/www.eldiario.net\/portal\/2024\/09\/19\/felcn-realiza-microaspirado-a-26-maletas-de-tripulantes\/","title":{"rendered":"Felcn realiza microaspirado a 26 maletas de tripulantes"},"content":{"rendered":"<p>La Fuerza Especial de Lucha Contra el Narcotr\u00e1fico (Felcn) realiz\u00f3 ayer un microaspirado de 26 maletas pertenecientes a la tripulaci\u00f3n del avi\u00f3n de Boliviana de Aviaci\u00f3n (BoA) investigado\u00a0por el hallazgo de 12 paquetes de droga en su interior, en el Aeropuerto Viru Viru de Santa Cruz.<\/p>\n<p>El fiscal del caso, Juan Pablo S\u00e1nchez, explic\u00f3 que la medida es parte de la investigaci\u00f3n para determinar si en las maletas de la tripulaci\u00f3n se introdujo alg\u00fan tipo de sustancia controlada.<\/p>\n<p>\u201cSe tiene se\u00f1alada audiencia de microaspirado ya que se tiene conocimiento que el d\u00eda de los hechos se hab\u00edan secuestrado las maletas de todo el personal de la tripulaci\u00f3n que fue la que ingres\u00f3 al avi\u00f3n. Es ante esta situaci\u00f3n que se tiene asignado un perito para realizar el microaspirado\u201d, coment\u00f3 ayer S\u00e1nchez.<\/p>\n<p>El caso ha llevado a que m\u00e1s de 30 personas sean investigadas. Leidy G. S. y Rita C. M., dos trabajadoras de limpieza del Aeropuerto de Viru Viru, han sido enviadas a la prisi\u00f3n de Palmasola por 180 d\u00edas, acusadas de tr\u00e1fico de sustancias controladas, asociaci\u00f3n delictuosa y confabulaci\u00f3n.<\/p>\n<p>S\u00e1nchez tambi\u00e9n inform\u00f3 que, en el marco de la investigaci\u00f3n, se tomar\u00e1n declaraciones de manera paulatina a las 26 personas involucradas. \u201cEstamos hablando de 26 maletas secuestradas que corresponden a los 26 tripulantes, dado que en cada vuelo hay 13 tripulantes\u201d, detall\u00f3 el fiscal. (Red Uno)<\/p>\n","protected":false},"excerpt":{"rendered":"<p>La Fuerza Especial de Lucha Contra el Narcotr\u00e1fico (Felcn) realiz\u00f3 ayer un microaspirado de 26 maletas pertenecientes a la tripulaci\u00f3n del avi\u00f3n de Boliviana de Aviaci\u00f3n (BoA) investigado\u00a0por el hallazgo de 12 paquetes de droga en su interior, en el Aeropuerto Viru Viru de Santa Cruz. El fiscal del caso, Juan Pablo S\u00e1nchez, explic\u00f3 que [&hellip;]<\/p>\n","protected":false},"author":1,"featured_media":248413,"comment_status":"open","ping_status":"open","sticky":false,"template":"","format":"standard","meta":{"_acf_changed":false,"footnotes":""},"categories":[39],"tags":[],"class_list":["post-248412","post","type-post","status-publish","format-standard","has-post-thumbnail","category-sociedad"],"acf":{"antetitulo":"Caso avi\u00f3n de BoA con droga"},"yoast_head":"<!-- This site is optimized with the Yoast SEO plugin v28.4 - https:\/\/yoast.com\/product\/yoast-seo-wordpress\/ -->\n<title>Felcn realiza microaspirado a 26 maletas de tripulantes - El Diario - Bolivia<\/title>\n<meta name=\"robots\" content=\"index, follow, max-snippet:-1, max-image-preview:large, max-video-preview:-1\" \/>\n<link rel=\"canonical\" href=\"https:\/\/www.eldiario.net\/portal\/2024\/09\/19\/felcn-realiza-microaspirado-a-26-maletas-de-tripulantes\/\" \/>\n<meta property=\"og:locale\" content=\"es_ES\" \/>\n<meta property=\"og:type\" content=\"article\" \/>\n<meta property=\"og:title\" content=\"Felcn realiza microaspirado a 26 maletas de tripulantes - El Diario - Bolivia\" \/>\n<meta property=\"og:description\" content=\"La Fuerza Especial de Lucha Contra el Narcotr\u00e1fico (Felcn) realiz\u00f3 ayer un microaspirado de 26 maletas pertenecientes a la tripulaci\u00f3n del avi\u00f3n de Boliviana de Aviaci\u00f3n (BoA) investigado\u00a0por el hallazgo de 12 paquetes de droga en su interior, en el Aeropuerto Viru Viru de Santa Cruz. El fiscal del caso, Juan Pablo S\u00e1nchez, explic\u00f3 que [&hellip;]\" \/>\n<meta property=\"og:url\" content=\"https:\/\/www.eldiario.net\/portal\/2024\/09\/19\/felcn-realiza-microaspirado-a-26-maletas-de-tripulantes\/\" \/>\n<meta property=\"og:site_name\" content=\"El Diario - Bolivia\" \/>\n<meta property=\"article:publisher\" content=\"https:\/\/www.facebook.com\/eldiario.bolivia\/\" \/>\n<meta property=\"article:published_time\" content=\"2024-09-19T09:54:59+00:00\" \/>\n<meta property=\"og:image\" content=\"https:\/\/www.eldiario.net\/portal\/wp-content\/uploads\/2024\/09\/BOA-FOTO.jpg\" \/>\n\t<meta property=\"og:image:width\" content=\"1280\" \/>\n\t<meta property=\"og:image:height\" content=\"960\" \/>\n\t<meta property=\"og:image:type\" content=\"image\/jpeg\" \/>\n<meta name=\"author\" content=\"Jeanette\" \/>\n<meta name=\"twitter:card\" content=\"summary_large_image\" \/>\n<meta name=\"twitter:creator\" content=\"@eldiario_net\" \/>\n<meta name=\"twitter:site\" content=\"@eldiario_net\" \/>\n<meta name=\"twitter:label1\" content=\"Escrito por\" \/>\n\t<meta name=\"twitter:data1\" content=\"Jeanette\" \/>\n\t<meta name=\"twitter:label2\" content=\"Tiempo de lectura\" \/>\n\t<meta name=\"twitter:data2\" content=\"2 minutos\" \/>\n<script type=\"application\/ld+json\" class=\"yoast-schema-graph\">{\"@context\":\"https:\\\/\\\/schema.org\",\"@graph\":[{\"@type\":\"Article\",\"@id\":\"https:\\\/\\\/www.eldiario.net\\\/portal\\\/2024\\\/09\\\/19\\\/felcn-realiza-microaspirado-a-26-maletas-de-tripulantes\\\/#article\",\"isPartOf\":{\"@id\":\"https:\\\/\\\/www.eldiario.net\\\/portal\\\/2024\\\/09\\\/19\\\/felcn-realiza-microaspirado-a-26-maletas-de-tripulantes\\\/\"},\"author\":{\"name\":\"Jeanette\",\"@id\":\"https:\\\/\\\/www.eldiario.net\\\/portal\\\/#\\\/schema\\\/person\\\/f46445640444750d7d753ccd04ae01b7\"},\"headline\":\"Felcn realiza microaspirado a 26 maletas de tripulantes\",\"datePublished\":\"2024-09-19T09:54:59+00:00\",\"mainEntityOfPage\":{\"@id\":\"https:\\\/\\\/www.eldiario.net\\\/portal\\\/2024\\\/09\\\/19\\\/felcn-realiza-microaspirado-a-26-maletas-de-tripulantes\\\/\"},\"wordCount\":251,\"commentCount\":0,\"publisher\":{\"@id\":\"https:\\\/\\\/www.eldiario.net\\\/portal\\\/#organization\"},\"image\":{\"@id\":\"https:\\\/\\\/www.eldiario.net\\\/portal\\\/2024\\\/09\\\/19\\\/felcn-realiza-microaspirado-a-26-maletas-de-tripulantes\\\/#primaryimage\"},\"thumbnailUrl\":\"https:\\\/\\\/www.eldiario.net\\\/portal\\\/wp-content\\\/uploads\\\/2024\\\/09\\\/BOA-FOTO.jpg\",\"articleSection\":[\"Sociedad - Seguridad\"],\"inLanguage\":\"es\",\"potentialAction\":[{\"@type\":\"CommentAction\",\"name\":\"Comment\",\"target\":[\"https:\\\/\\\/www.eldiario.net\\\/portal\\\/2024\\\/09\\\/19\\\/felcn-realiza-microaspirado-a-26-maletas-de-tripulantes\\\/#respond\"]}]},{\"@type\":\"WebPage\",\"@id\":\"https:\\\/\\\/www.eldiario.net\\\/portal\\\/2024\\\/09\\\/19\\\/felcn-realiza-microaspirado-a-26-maletas-de-tripulantes\\\/\",\"url\":\"https:\\\/\\\/www.eldiario.net\\\/portal\\\/2024\\\/09\\\/19\\\/felcn-realiza-microaspirado-a-26-maletas-de-tripulantes\\\/\",\"name\":\"Felcn realiza microaspirado a 26 maletas de tripulantes - El Diario - Bolivia\",\"isPartOf\":{\"@id\":\"https:\\\/\\\/www.eldiario.net\\\/portal\\\/#website\"},\"primaryImageOfPage\":{\"@id\":\"https:\\\/\\\/www.eldiario.net\\\/portal\\\/2024\\\/09\\\/19\\\/felcn-realiza-microaspirado-a-26-maletas-de-tripulantes\\\/#primaryimage\"},\"image\":{\"@id\":\"https:\\\/\\\/www.eldiario.net\\\/portal\\\/2024\\\/09\\\/19\\\/felcn-realiza-microaspirado-a-26-maletas-de-tripulantes\\\/#primaryimage\"},\"thumbnailUrl\":\"https:\\\/\\\/www.eldiario.net\\\/portal\\\/wp-content\\\/uploads\\\/2024\\\/09\\\/BOA-FOTO.jpg\",\"datePublished\":\"2024-09-19T09:54:59+00:00\",\"breadcrumb\":{\"@id\":\"https:\\\/\\\/www.eldiario.net\\\/portal\\\/2024\\\/09\\\/19\\\/felcn-realiza-microaspirado-a-26-maletas-de-tripulantes\\\/#breadcrumb\"},\"inLanguage\":\"es\",\"potentialAction\":[{\"@type\":\"ReadAction\",\"target\":[\"https:\\\/\\\/www.eldiario.net\\\/portal\\\/2024\\\/09\\\/19\\\/felcn-realiza-microaspirado-a-26-maletas-de-tripulantes\\\/\"]}]},{\"@type\":\"ImageObject\",\"inLanguage\":\"es\",\"@id\":\"https:\\\/\\\/www.eldiario.net\\\/portal\\\/2024\\\/09\\\/19\\\/felcn-realiza-microaspirado-a-26-maletas-de-tripulantes\\\/#primaryimage\",\"url\":\"https:\\\/\\\/www.eldiario.net\\\/portal\\\/wp-content\\\/uploads\\\/2024\\\/09\\\/BOA-FOTO.jpg\",\"contentUrl\":\"https:\\\/\\\/www.eldiario.net\\\/portal\\\/wp-content\\\/uploads\\\/2024\\\/09\\\/BOA-FOTO.jpg\",\"width\":1280,\"height\":960,\"caption\":\"Se tomar\u00e1n declaraciones de 26 personas. Foto: Ministerio de Gobierno\"},{\"@type\":\"BreadcrumbList\",\"@id\":\"https:\\\/\\\/www.eldiario.net\\\/portal\\\/2024\\\/09\\\/19\\\/felcn-realiza-microaspirado-a-26-maletas-de-tripulantes\\\/#breadcrumb\",\"itemListElement\":[{\"@type\":\"ListItem\",\"position\":1,\"name\":\"Portada\",\"item\":\"https:\\\/\\\/www.eldiario.net\\\/portal\\\/\"},{\"@type\":\"ListItem\",\"position\":2,\"name\":\"Felcn realiza microaspirado a 26 maletas de tripulantes\"}]},{\"@type\":\"WebSite\",\"@id\":\"https:\\\/\\\/www.eldiario.net\\\/portal\\\/#website\",\"url\":\"https:\\\/\\\/www.eldiario.net\\\/portal\\\/\",\"name\":\"El Diario - Decano de la prensa nacional\",\"description\":\"El Diario - Decano de la prensa nacional\",\"publisher\":{\"@id\":\"https:\\\/\\\/www.eldiario.net\\\/portal\\\/#organization\"},\"potentialAction\":[{\"@type\":\"SearchAction\",\"target\":{\"@type\":\"EntryPoint\",\"urlTemplate\":\"https:\\\/\\\/www.eldiario.net\\\/portal\\\/?s={search_term_string}\"},\"query-input\":{\"@type\":\"PropertyValueSpecification\",\"valueRequired\":true,\"valueName\":\"search_term_string\"}}],\"inLanguage\":\"es\"},{\"@type\":\"Organization\",\"@id\":\"https:\\\/\\\/www.eldiario.net\\\/portal\\\/#organization\",\"name\":\"El Diario - Decano de la prensa nacional\",\"url\":\"https:\\\/\\\/www.eldiario.net\\\/portal\\\/\",\"logo\":{\"@type\":\"ImageObject\",\"inLanguage\":\"es\",\"@id\":\"https:\\\/\\\/www.eldiario.net\\\/portal\\\/#\\\/schema\\\/logo\\\/image\\\/\",\"url\":\"https:\\\/\\\/www.eldiario.net\\\/portal\\\/wp-content\\\/uploads\\\/2023\\\/07\\\/logo_ED.jpg\",\"contentUrl\":\"https:\\\/\\\/www.eldiario.net\\\/portal\\\/wp-content\\\/uploads\\\/2023\\\/07\\\/logo_ED.jpg\",\"width\":272,\"height\":52,\"caption\":\"El Diario - Decano de la prensa nacional\"},\"image\":{\"@id\":\"https:\\\/\\\/www.eldiario.net\\\/portal\\\/#\\\/schema\\\/logo\\\/image\\\/\"},\"sameAs\":[\"https:\\\/\\\/www.facebook.com\\\/eldiario.bolivia\\\/\",\"https:\\\/\\\/x.com\\\/eldiario_net\"]},{\"@type\":\"Person\",\"@id\":\"https:\\\/\\\/www.eldiario.net\\\/portal\\\/#\\\/schema\\\/person\\\/f46445640444750d7d753ccd04ae01b7\",\"name\":\"Jeanette\",\"image\":{\"@type\":\"ImageObject\",\"inLanguage\":\"es\",\"@id\":\"https:\\\/\\\/secure.gravatar.com\\\/avatar\\\/3ea2118a5f7dad2b7138b1187a6b7ee55f160b9968b66013c3a3ef39dd7e5798?s=96&d=mm&r=g\",\"url\":\"https:\\\/\\\/secure.gravatar.com\\\/avatar\\\/3ea2118a5f7dad2b7138b1187a6b7ee55f160b9968b66013c3a3ef39dd7e5798?s=96&d=mm&r=g\",\"contentUrl\":\"https:\\\/\\\/secure.gravatar.com\\\/avatar\\\/3ea2118a5f7dad2b7138b1187a6b7ee55f160b9968b66013c3a3ef39dd7e5798?s=96&d=mm&r=g\",\"caption\":\"Jeanette\"},\"sameAs\":[\"https:\\\/\\\/www.eldiario.net\\\/portal\"],\"url\":\"https:\\\/\\\/www.eldiario.net\\\/portal\\\/author\\\/jeanette\\\/\"}]}<\/script>\n<!-- \/ Yoast SEO plugin. -->","yoast_head_json":{"title":"Felcn realiza microaspirado a 26 maletas de tripulantes - El Diario - Bolivia","robots":{"index":"index","follow":"follow","max-snippet":"max-snippet:-1","max-image-preview":"max-image-preview:large","max-video-preview":"max-video-preview:-1"},"canonical":"https:\/\/www.eldiario.net\/portal\/2024\/09\/19\/felcn-realiza-microaspirado-a-26-maletas-de-tripulantes\/","og_locale":"es_ES","og_type":"article","og_title":"Felcn realiza microaspirado a 26 maletas de tripulantes - El Diario - Bolivia","og_description":"La Fuerza Especial de Lucha Contra el Narcotr\u00e1fico (Felcn) realiz\u00f3 ayer un microaspirado de 26 maletas pertenecientes a la tripulaci\u00f3n del avi\u00f3n de Boliviana de Aviaci\u00f3n (BoA) investigado\u00a0por el hallazgo de 12 paquetes de droga en su interior, en el Aeropuerto Viru Viru de Santa Cruz. El fiscal del caso, Juan Pablo S\u00e1nchez, explic\u00f3 que [&hellip;]","og_url":"https:\/\/www.eldiario.net\/portal\/2024\/09\/19\/felcn-realiza-microaspirado-a-26-maletas-de-tripulantes\/","og_site_name":"El Diario - Bolivia","article_publisher":"https:\/\/www.facebook.com\/eldiario.bolivia\/","article_published_time":"2024-09-19T09:54:59+00:00","og_image":[{"width":1280,"height":960,"url":"https:\/\/www.eldiario.net\/portal\/wp-content\/uploads\/2024\/09\/BOA-FOTO.jpg","type":"image\/jpeg"}],"author":"Jeanette","twitter_card":"summary_large_image","twitter_creator":"@eldiario_net","twitter_site":"@eldiario_net","twitter_misc":{"Escrito por":"Jeanette","Tiempo de lectura":"2 minutos"},"schema":{"@context":"https:\/\/schema.org","@graph":[{"@type":"Article","@id":"https:\/\/www.eldiario.net\/portal\/2024\/09\/19\/felcn-realiza-microaspirado-a-26-maletas-de-tripulantes\/#article","isPartOf":{"@id":"https:\/\/www.eldiario.net\/portal\/2024\/09\/19\/felcn-realiza-microaspirado-a-26-maletas-de-tripulantes\/"},"author":{"name":"Jeanette","@id":"https:\/\/www.eldiario.net\/portal\/#\/schema\/person\/f46445640444750d7d753ccd04ae01b7"},"headline":"Felcn realiza microaspirado a 26 maletas de tripulantes","datePublished":"2024-09-19T09:54:59+00:00","mainEntityOfPage":{"@id":"https:\/\/www.eldiario.net\/portal\/2024\/09\/19\/felcn-realiza-microaspirado-a-26-maletas-de-tripulantes\/"},"wordCount":251,"commentCount":0,"publisher":{"@id":"https:\/\/www.eldiario.net\/portal\/#organization"},"image":{"@id":"https:\/\/www.eldiario.net\/portal\/2024\/09\/19\/felcn-realiza-microaspirado-a-26-maletas-de-tripulantes\/#primaryimage"},"thumbnailUrl":"https:\/\/www.eldiario.net\/portal\/wp-content\/uploads\/2024\/09\/BOA-FOTO.jpg","articleSection":["Sociedad - Seguridad"],"inLanguage":"es","potentialAction":[{"@type":"CommentAction","name":"Comment","target":["https:\/\/www.eldiario.net\/portal\/2024\/09\/19\/felcn-realiza-microaspirado-a-26-maletas-de-tripulantes\/#respond"]}]},{"@type":"WebPage","@id":"https:\/\/www.eldiario.net\/portal\/2024\/09\/19\/felcn-realiza-microaspirado-a-26-maletas-de-tripulantes\/","url":"https:\/\/www.eldiario.net\/portal\/2024\/09\/19\/felcn-realiza-microaspirado-a-26-maletas-de-tripulantes\/","name":"Felcn realiza microaspirado a 26 maletas de tripulantes - El Diario - Bolivia","isPartOf":{"@id":"https:\/\/www.eldiario.net\/portal\/#website"},"primaryImageOfPage":{"@id":"https:\/\/www.eldiario.net\/portal\/2024\/09\/19\/felcn-realiza-microaspirado-a-26-maletas-de-tripulantes\/#primaryimage"},"image":{"@id":"https:\/\/www.eldiario.net\/portal\/2024\/09\/19\/felcn-realiza-microaspirado-a-26-maletas-de-tripulantes\/#primaryimage"},"thumbnailUrl":"https:\/\/www.eldiario.net\/portal\/wp-content\/uploads\/2024\/09\/BOA-FOTO.jpg","datePublished":"2024-09-19T09:54:59+00:00","breadcrumb":{"@id":"https:\/\/www.eldiario.net\/portal\/2024\/09\/19\/felcn-realiza-microaspirado-a-26-maletas-de-tripulantes\/#breadcrumb"},"inLanguage":"es","potentialAction":[{"@type":"ReadAction","target":["https:\/\/www.eldiario.net\/portal\/2024\/09\/19\/felcn-realiza-microaspirado-a-26-maletas-de-tripulantes\/"]}]},{"@type":"ImageObject","inLanguage":"es","@id":"https:\/\/www.eldiario.net\/portal\/2024\/09\/19\/felcn-realiza-microaspirado-a-26-maletas-de-tripulantes\/#primaryimage","url":"https:\/\/www.eldiario.net\/portal\/wp-content\/uploads\/2024\/09\/BOA-FOTO.jpg","contentUrl":"https:\/\/www.eldiario.net\/portal\/wp-content\/uploads\/2024\/09\/BOA-FOTO.jpg","width":1280,"height":960,"caption":"Se tomar\u00e1n declaraciones de 26 personas. Foto: Ministerio de Gobierno"},{"@type":"BreadcrumbList","@id":"https:\/\/www.eldiario.net\/portal\/2024\/09\/19\/felcn-realiza-microaspirado-a-26-maletas-de-tripulantes\/#breadcrumb","itemListElement":[{"@type":"ListItem","position":1,"name":"Portada","item":"https:\/\/www.eldiario.net\/portal\/"},{"@type":"ListItem","position":2,"name":"Felcn realiza microaspirado a 26 maletas de tripulantes"}]},{"@type":"WebSite","@id":"https:\/\/www.eldiario.net\/portal\/#website","url":"https:\/\/www.eldiario.net\/portal\/","name":"El Diario - Decano de la prensa nacional","description":"El Diario - Decano de la prensa nacional","publisher":{"@id":"https:\/\/www.eldiario.net\/portal\/#organization"},"potentialAction":[{"@type":"SearchAction","target":{"@type":"EntryPoint","urlTemplate":"https:\/\/www.eldiario.net\/portal\/?s={search_term_string}"},"query-input":{"@type":"PropertyValueSpecification","valueRequired":true,"valueName":"search_term_string"}}],"inLanguage":"es"},{"@type":"Organization","@id":"https:\/\/www.eldiario.net\/portal\/#organization","name":"El Diario - Decano de la prensa nacional","url":"https:\/\/www.eldiario.net\/portal\/","logo":{"@type":"ImageObject","inLanguage":"es","@id":"https:\/\/www.eldiario.net\/portal\/#\/schema\/logo\/image\/","url":"https:\/\/www.eldiario.net\/portal\/wp-content\/uploads\/2023\/07\/logo_ED.jpg","contentUrl":"https:\/\/www.eldiario.net\/portal\/wp-content\/uploads\/2023\/07\/logo_ED.jpg","width":272,"height":52,"caption":"El Diario - Decano de la prensa nacional"},"image":{"@id":"https:\/\/www.eldiario.net\/portal\/#\/schema\/logo\/image\/"},"sameAs":["https:\/\/www.facebook.com\/eldiario.bolivia\/","https:\/\/x.com\/eldiario_net"]},{"@type":"Person","@id":"https:\/\/www.eldiario.net\/portal\/#\/schema\/person\/f46445640444750d7d753ccd04ae01b7","name":"Jeanette","image":{"@type":"ImageObject","inLanguage":"es","@id":"https:\/\/secure.gravatar.com\/avatar\/3ea2118a5f7dad2b7138b1187a6b7ee55f160b9968b66013c3a3ef39dd7e5798?s=96&d=mm&r=g","url":"https:\/\/secure.gravatar.com\/avatar\/3ea2118a5f7dad2b7138b1187a6b7ee55f160b9968b66013c3a3ef39dd7e5798?s=96&d=mm&r=g","contentUrl":"https:\/\/secure.gravatar.com\/avatar\/3ea2118a5f7dad2b7138b1187a6b7ee55f160b9968b66013c3a3ef39dd7e5798?s=96&d=mm&r=g","caption":"Jeanette"},"sameAs":["https:\/\/www.eldiario.net\/portal"],"url":"https:\/\/www.eldiario.net\/portal\/author\/jeanette\/"}]}},"_links":{"self":[{"href":"https:\/\/www.eldiario.net\/portal\/wp-json\/wp\/v2\/posts\/248412","targetHints":{"allow":["GET"]}}],"collection":[{"href":"https:\/\/www.eldiario.net\/portal\/wp-json\/wp\/v2\/posts"}],"about":[{"href":"https:\/\/www.eldiario.net\/portal\/wp-json\/wp\/v2\/types\/post"}],"author":[{"embeddable":true,"href":"https:\/\/www.eldiario.net\/portal\/wp-json\/wp\/v2\/users\/1"}],"replies":[{"embeddable":true,"href":"https:\/\/www.eldiario.net\/portal\/wp-json\/wp\/v2\/comments?post=248412"}],"version-history":[{"count":1,"href":"https:\/\/www.eldiario.net\/portal\/wp-json\/wp\/v2\/posts\/248412\/revisions"}],"predecessor-version":[{"id":248414,"href":"https:\/\/www.eldiario.net\/portal\/wp-json\/wp\/v2\/posts\/248412\/revisions\/248414"}],"wp:featuredmedia":[{"embeddable":true,"href":"https:\/\/www.eldiario.net\/portal\/wp-json\/wp\/v2\/media\/248413"}],"wp:attachment":[{"href":"https:\/\/www.eldiario.net\/portal\/wp-json\/wp\/v2\/media?parent=248412"}],"wp:term":[{"taxonomy":"category","embeddable":true,"href":"https:\/\/www.eldiario.net\/portal\/wp-json\/wp\/v2\/categories?post=248412"},{"taxonomy":"post_tag","embeddable":true,"href":"https:\/\/www.eldiario.net\/portal\/wp-json\/wp\/v2\/tags?post=248412"}],"curies":[{"name":"wp","href":"https:\/\/api.w.org\/{rel}","templated":true}]}}