{"id":248409,"date":"2024-09-19T05:54:20","date_gmt":"2024-09-19T09:54:20","guid":{"rendered":"https:\/\/www.eldiario.net\/portal\/?p=248409"},"modified":"2024-09-19T05:54:20","modified_gmt":"2024-09-19T09:54:20","slug":"campesinos-cumplen-tercer-dia-de-bloqueos","status":"publish","type":"post","link":"https:\/\/www.eldiario.net\/portal\/2024\/09\/19\/campesinos-cumplen-tercer-dia-de-bloqueos\/","title":{"rendered":"Campesinos cumplen tercer d\u00eda de bloqueos"},"content":{"rendered":"<p>La Federaci\u00f3n Departamental \u00danica de Trabajadores Campesinos de La Paz T\u00fapac Katari, af\u00edn a la facci\u00f3n del Movimiento al Socialismo (MAS) \u201cevista\u201d, cumpli\u00f3 ayer su tercer d\u00eda de bloqueos apostados en carreteras rumbo al lago Titicaca.<\/p>\n<p>De acuerdo con el mapa de transitabilidad de la Administradora Boliviana de Carreteras (ABC), se registr\u00f3 siete puntos de bloqueos en la zona hasta las 18:00 de este mi\u00e9rcoles. Los puntos est\u00e1n instalados cerca de Ancoraimes, Huarina, Pucarani, Patamanta, Tiquina al ingreso a Copacabana y en San Andr\u00e9s de Machaca.<\/p>\n<p>Los campesinos de la T\u00fapac Katari, mejor conocidos como Ponchos Rojos, exigen la renuncia de los dignatarios de Estado, Luis Arce y David Choquehuanca, bajo el argumento de que no pueden solucionar la crisis econ\u00f3mica expresada en escasez de carburantes e iliquidez de divisas, entre otros problemas.<\/p>\n<p>Reportes de medios televisivos mostraron tramos interrumpidos por tierra y escombros para impedir el paso de veh\u00edculos en algunas localidades, los cuales no obstante no impidieron el de motocicletas o peatones. Asimismo, se report\u00f3 algunos problemas en Catara Grande y cerca de la poblaci\u00f3n de Chisi, de acuerdo con el portal noticioso Br\u00fajula Digital.<\/p>\n<p>Esta medida de presi\u00f3n se adhiere a una marcha \u201cevista\u201d que parti\u00f3 el martes desde Caracollo hacia la capital pace\u00f1a, la que cont\u00f3, hasta ayer, con la presencia de Morales y hasta senadores masistas, con similares demandas a las que alegan sus aliados campesinos de La Paz. Morales, tras anunciar su retiro de la marcha, fue duramente criticado por la oposici\u00f3n y el oficialismo.<\/p>\n<p>De acuerdo con un comunicado emitido por el MAS, el bloqueo no tiene tintes pol\u00edticos ni pretende catapultar al m\u00e1ximo l\u00edder de la facci\u00f3n radical, Evo Morales, sino que es una manifestaci\u00f3n en reclamo por la crisis institucional y la incapacidad del Gobierno de Arce de manejar la econom\u00eda.<\/p>\n","protected":false},"excerpt":{"rendered":"<p>La Federaci\u00f3n Departamental \u00danica de Trabajadores Campesinos de La Paz T\u00fapac Katari, af\u00edn a la facci\u00f3n del Movimiento al Socialismo (MAS) \u201cevista\u201d, cumpli\u00f3 ayer su tercer d\u00eda de bloqueos apostados en carreteras rumbo al lago Titicaca. De acuerdo con el mapa de transitabilidad de la Administradora Boliviana de Carreteras (ABC), se registr\u00f3 siete puntos de [&hellip;]<\/p>\n","protected":false},"author":1,"featured_media":248410,"comment_status":"open","ping_status":"open","sticky":false,"template":"","format":"standard","meta":{"_acf_changed":false,"footnotes":""},"categories":[39],"tags":[],"class_list":["post-248409","post","type-post","status-publish","format-standard","has-post-thumbnail","category-sociedad"],"acf":{"antetitulo":""},"yoast_head":"<!-- This site is optimized with the Yoast SEO plugin v28.4 - https:\/\/yoast.com\/product\/yoast-seo-wordpress\/ -->\n<title>Campesinos cumplen tercer d\u00eda de bloqueos - El Diario - Bolivia<\/title>\n<meta name=\"robots\" content=\"index, follow, max-snippet:-1, max-image-preview:large, max-video-preview:-1\" \/>\n<link rel=\"canonical\" href=\"https:\/\/www.eldiario.net\/portal\/2024\/09\/19\/campesinos-cumplen-tercer-dia-de-bloqueos\/\" \/>\n<meta property=\"og:locale\" content=\"es_ES\" \/>\n<meta property=\"og:type\" content=\"article\" \/>\n<meta property=\"og:title\" content=\"Campesinos cumplen tercer d\u00eda de bloqueos - El Diario - Bolivia\" \/>\n<meta property=\"og:description\" content=\"La Federaci\u00f3n Departamental \u00danica de Trabajadores Campesinos de La Paz T\u00fapac Katari, af\u00edn a la facci\u00f3n del Movimiento al Socialismo (MAS) \u201cevista\u201d, cumpli\u00f3 ayer su tercer d\u00eda de bloqueos apostados en carreteras rumbo al lago Titicaca. De acuerdo con el mapa de transitabilidad de la Administradora Boliviana de Carreteras (ABC), se registr\u00f3 siete puntos de [&hellip;]\" \/>\n<meta property=\"og:url\" content=\"https:\/\/www.eldiario.net\/portal\/2024\/09\/19\/campesinos-cumplen-tercer-dia-de-bloqueos\/\" \/>\n<meta property=\"og:site_name\" content=\"El Diario - Bolivia\" \/>\n<meta property=\"article:publisher\" content=\"https:\/\/www.facebook.com\/eldiario.bolivia\/\" \/>\n<meta property=\"article:published_time\" content=\"2024-09-19T09:54:20+00:00\" \/>\n<meta property=\"og:image\" content=\"https:\/\/www.eldiario.net\/portal\/wp-content\/uploads\/2024\/09\/KAT-FOTO.jpg\" \/>\n\t<meta property=\"og:image:width\" content=\"1500\" \/>\n\t<meta property=\"og:image:height\" content=\"1000\" \/>\n\t<meta property=\"og:image:type\" content=\"image\/jpeg\" \/>\n<meta name=\"author\" content=\"Jeanette\" \/>\n<meta name=\"twitter:card\" content=\"summary_large_image\" \/>\n<meta name=\"twitter:creator\" content=\"@eldiario_net\" \/>\n<meta name=\"twitter:site\" content=\"@eldiario_net\" \/>\n<meta name=\"twitter:label1\" content=\"Escrito por\" \/>\n\t<meta name=\"twitter:data1\" content=\"Jeanette\" \/>\n\t<meta name=\"twitter:label2\" content=\"Tiempo de lectura\" \/>\n\t<meta name=\"twitter:data2\" content=\"2 minutos\" \/>\n<script type=\"application\/ld+json\" class=\"yoast-schema-graph\">{\"@context\":\"https:\\\/\\\/schema.org\",\"@graph\":[{\"@type\":\"Article\",\"@id\":\"https:\\\/\\\/www.eldiario.net\\\/portal\\\/2024\\\/09\\\/19\\\/campesinos-cumplen-tercer-dia-de-bloqueos\\\/#article\",\"isPartOf\":{\"@id\":\"https:\\\/\\\/www.eldiario.net\\\/portal\\\/2024\\\/09\\\/19\\\/campesinos-cumplen-tercer-dia-de-bloqueos\\\/\"},\"author\":{\"name\":\"Jeanette\",\"@id\":\"https:\\\/\\\/www.eldiario.net\\\/portal\\\/#\\\/schema\\\/person\\\/f46445640444750d7d753ccd04ae01b7\"},\"headline\":\"Campesinos cumplen tercer d\u00eda de bloqueos\",\"datePublished\":\"2024-09-19T09:54:20+00:00\",\"mainEntityOfPage\":{\"@id\":\"https:\\\/\\\/www.eldiario.net\\\/portal\\\/2024\\\/09\\\/19\\\/campesinos-cumplen-tercer-dia-de-bloqueos\\\/\"},\"wordCount\":328,\"commentCount\":0,\"publisher\":{\"@id\":\"https:\\\/\\\/www.eldiario.net\\\/portal\\\/#organization\"},\"image\":{\"@id\":\"https:\\\/\\\/www.eldiario.net\\\/portal\\\/2024\\\/09\\\/19\\\/campesinos-cumplen-tercer-dia-de-bloqueos\\\/#primaryimage\"},\"thumbnailUrl\":\"https:\\\/\\\/www.eldiario.net\\\/portal\\\/wp-content\\\/uploads\\\/2024\\\/09\\\/KAT-FOTO.jpg\",\"articleSection\":[\"Sociedad - Seguridad\"],\"inLanguage\":\"es\",\"potentialAction\":[{\"@type\":\"CommentAction\",\"name\":\"Comment\",\"target\":[\"https:\\\/\\\/www.eldiario.net\\\/portal\\\/2024\\\/09\\\/19\\\/campesinos-cumplen-tercer-dia-de-bloqueos\\\/#respond\"]}]},{\"@type\":\"WebPage\",\"@id\":\"https:\\\/\\\/www.eldiario.net\\\/portal\\\/2024\\\/09\\\/19\\\/campesinos-cumplen-tercer-dia-de-bloqueos\\\/\",\"url\":\"https:\\\/\\\/www.eldiario.net\\\/portal\\\/2024\\\/09\\\/19\\\/campesinos-cumplen-tercer-dia-de-bloqueos\\\/\",\"name\":\"Campesinos cumplen tercer d\u00eda de bloqueos - El Diario - Bolivia\",\"isPartOf\":{\"@id\":\"https:\\\/\\\/www.eldiario.net\\\/portal\\\/#website\"},\"primaryImageOfPage\":{\"@id\":\"https:\\\/\\\/www.eldiario.net\\\/portal\\\/2024\\\/09\\\/19\\\/campesinos-cumplen-tercer-dia-de-bloqueos\\\/#primaryimage\"},\"image\":{\"@id\":\"https:\\\/\\\/www.eldiario.net\\\/portal\\\/2024\\\/09\\\/19\\\/campesinos-cumplen-tercer-dia-de-bloqueos\\\/#primaryimage\"},\"thumbnailUrl\":\"https:\\\/\\\/www.eldiario.net\\\/portal\\\/wp-content\\\/uploads\\\/2024\\\/09\\\/KAT-FOTO.jpg\",\"datePublished\":\"2024-09-19T09:54:20+00:00\",\"breadcrumb\":{\"@id\":\"https:\\\/\\\/www.eldiario.net\\\/portal\\\/2024\\\/09\\\/19\\\/campesinos-cumplen-tercer-dia-de-bloqueos\\\/#breadcrumb\"},\"inLanguage\":\"es\",\"potentialAction\":[{\"@type\":\"ReadAction\",\"target\":[\"https:\\\/\\\/www.eldiario.net\\\/portal\\\/2024\\\/09\\\/19\\\/campesinos-cumplen-tercer-dia-de-bloqueos\\\/\"]}]},{\"@type\":\"ImageObject\",\"inLanguage\":\"es\",\"@id\":\"https:\\\/\\\/www.eldiario.net\\\/portal\\\/2024\\\/09\\\/19\\\/campesinos-cumplen-tercer-dia-de-bloqueos\\\/#primaryimage\",\"url\":\"https:\\\/\\\/www.eldiario.net\\\/portal\\\/wp-content\\\/uploads\\\/2024\\\/09\\\/KAT-FOTO.jpg\",\"contentUrl\":\"https:\\\/\\\/www.eldiario.net\\\/portal\\\/wp-content\\\/uploads\\\/2024\\\/09\\\/KAT-FOTO.jpg\",\"width\":1500,\"height\":1000,\"caption\":\"Bloqueos registrados en el altiplano del pa\u00eds. Foto: APG\"},{\"@type\":\"BreadcrumbList\",\"@id\":\"https:\\\/\\\/www.eldiario.net\\\/portal\\\/2024\\\/09\\\/19\\\/campesinos-cumplen-tercer-dia-de-bloqueos\\\/#breadcrumb\",\"itemListElement\":[{\"@type\":\"ListItem\",\"position\":1,\"name\":\"Portada\",\"item\":\"https:\\\/\\\/www.eldiario.net\\\/portal\\\/\"},{\"@type\":\"ListItem\",\"position\":2,\"name\":\"Campesinos cumplen tercer d\u00eda de bloqueos\"}]},{\"@type\":\"WebSite\",\"@id\":\"https:\\\/\\\/www.eldiario.net\\\/portal\\\/#website\",\"url\":\"https:\\\/\\\/www.eldiario.net\\\/portal\\\/\",\"name\":\"El Diario - Decano de la prensa nacional\",\"description\":\"El Diario - Decano de la prensa nacional\",\"publisher\":{\"@id\":\"https:\\\/\\\/www.eldiario.net\\\/portal\\\/#organization\"},\"potentialAction\":[{\"@type\":\"SearchAction\",\"target\":{\"@type\":\"EntryPoint\",\"urlTemplate\":\"https:\\\/\\\/www.eldiario.net\\\/portal\\\/?s={search_term_string}\"},\"query-input\":{\"@type\":\"PropertyValueSpecification\",\"valueRequired\":true,\"valueName\":\"search_term_string\"}}],\"inLanguage\":\"es\"},{\"@type\":\"Organization\",\"@id\":\"https:\\\/\\\/www.eldiario.net\\\/portal\\\/#organization\",\"name\":\"El Diario - Decano de la prensa nacional\",\"url\":\"https:\\\/\\\/www.eldiario.net\\\/portal\\\/\",\"logo\":{\"@type\":\"ImageObject\",\"inLanguage\":\"es\",\"@id\":\"https:\\\/\\\/www.eldiario.net\\\/portal\\\/#\\\/schema\\\/logo\\\/image\\\/\",\"url\":\"https:\\\/\\\/www.eldiario.net\\\/portal\\\/wp-content\\\/uploads\\\/2023\\\/07\\\/logo_ED.jpg\",\"contentUrl\":\"https:\\\/\\\/www.eldiario.net\\\/portal\\\/wp-content\\\/uploads\\\/2023\\\/07\\\/logo_ED.jpg\",\"width\":272,\"height\":52,\"caption\":\"El Diario - Decano de la prensa nacional\"},\"image\":{\"@id\":\"https:\\\/\\\/www.eldiario.net\\\/portal\\\/#\\\/schema\\\/logo\\\/image\\\/\"},\"sameAs\":[\"https:\\\/\\\/www.facebook.com\\\/eldiario.bolivia\\\/\",\"https:\\\/\\\/x.com\\\/eldiario_net\"]},{\"@type\":\"Person\",\"@id\":\"https:\\\/\\\/www.eldiario.net\\\/portal\\\/#\\\/schema\\\/person\\\/f46445640444750d7d753ccd04ae01b7\",\"name\":\"Jeanette\",\"image\":{\"@type\":\"ImageObject\",\"inLanguage\":\"es\",\"@id\":\"https:\\\/\\\/secure.gravatar.com\\\/avatar\\\/3ea2118a5f7dad2b7138b1187a6b7ee55f160b9968b66013c3a3ef39dd7e5798?s=96&d=mm&r=g\",\"url\":\"https:\\\/\\\/secure.gravatar.com\\\/avatar\\\/3ea2118a5f7dad2b7138b1187a6b7ee55f160b9968b66013c3a3ef39dd7e5798?s=96&d=mm&r=g\",\"contentUrl\":\"https:\\\/\\\/secure.gravatar.com\\\/avatar\\\/3ea2118a5f7dad2b7138b1187a6b7ee55f160b9968b66013c3a3ef39dd7e5798?s=96&d=mm&r=g\",\"caption\":\"Jeanette\"},\"sameAs\":[\"https:\\\/\\\/www.eldiario.net\\\/portal\"],\"url\":\"https:\\\/\\\/www.eldiario.net\\\/portal\\\/author\\\/jeanette\\\/\"}]}<\/script>\n<!-- \/ Yoast SEO plugin. -->","yoast_head_json":{"title":"Campesinos cumplen tercer d\u00eda de bloqueos - El Diario - Bolivia","robots":{"index":"index","follow":"follow","max-snippet":"max-snippet:-1","max-image-preview":"max-image-preview:large","max-video-preview":"max-video-preview:-1"},"canonical":"https:\/\/www.eldiario.net\/portal\/2024\/09\/19\/campesinos-cumplen-tercer-dia-de-bloqueos\/","og_locale":"es_ES","og_type":"article","og_title":"Campesinos cumplen tercer d\u00eda de bloqueos - El Diario - Bolivia","og_description":"La Federaci\u00f3n Departamental \u00danica de Trabajadores Campesinos de La Paz T\u00fapac Katari, af\u00edn a la facci\u00f3n del Movimiento al Socialismo (MAS) \u201cevista\u201d, cumpli\u00f3 ayer su tercer d\u00eda de bloqueos apostados en carreteras rumbo al lago Titicaca. De acuerdo con el mapa de transitabilidad de la Administradora Boliviana de Carreteras (ABC), se registr\u00f3 siete puntos de [&hellip;]","og_url":"https:\/\/www.eldiario.net\/portal\/2024\/09\/19\/campesinos-cumplen-tercer-dia-de-bloqueos\/","og_site_name":"El Diario - Bolivia","article_publisher":"https:\/\/www.facebook.com\/eldiario.bolivia\/","article_published_time":"2024-09-19T09:54:20+00:00","og_image":[{"width":1500,"height":1000,"url":"https:\/\/www.eldiario.net\/portal\/wp-content\/uploads\/2024\/09\/KAT-FOTO.jpg","type":"image\/jpeg"}],"author":"Jeanette","twitter_card":"summary_large_image","twitter_creator":"@eldiario_net","twitter_site":"@eldiario_net","twitter_misc":{"Escrito por":"Jeanette","Tiempo de lectura":"2 minutos"},"schema":{"@context":"https:\/\/schema.org","@graph":[{"@type":"Article","@id":"https:\/\/www.eldiario.net\/portal\/2024\/09\/19\/campesinos-cumplen-tercer-dia-de-bloqueos\/#article","isPartOf":{"@id":"https:\/\/www.eldiario.net\/portal\/2024\/09\/19\/campesinos-cumplen-tercer-dia-de-bloqueos\/"},"author":{"name":"Jeanette","@id":"https:\/\/www.eldiario.net\/portal\/#\/schema\/person\/f46445640444750d7d753ccd04ae01b7"},"headline":"Campesinos cumplen tercer d\u00eda de bloqueos","datePublished":"2024-09-19T09:54:20+00:00","mainEntityOfPage":{"@id":"https:\/\/www.eldiario.net\/portal\/2024\/09\/19\/campesinos-cumplen-tercer-dia-de-bloqueos\/"},"wordCount":328,"commentCount":0,"publisher":{"@id":"https:\/\/www.eldiario.net\/portal\/#organization"},"image":{"@id":"https:\/\/www.eldiario.net\/portal\/2024\/09\/19\/campesinos-cumplen-tercer-dia-de-bloqueos\/#primaryimage"},"thumbnailUrl":"https:\/\/www.eldiario.net\/portal\/wp-content\/uploads\/2024\/09\/KAT-FOTO.jpg","articleSection":["Sociedad - Seguridad"],"inLanguage":"es","potentialAction":[{"@type":"CommentAction","name":"Comment","target":["https:\/\/www.eldiario.net\/portal\/2024\/09\/19\/campesinos-cumplen-tercer-dia-de-bloqueos\/#respond"]}]},{"@type":"WebPage","@id":"https:\/\/www.eldiario.net\/portal\/2024\/09\/19\/campesinos-cumplen-tercer-dia-de-bloqueos\/","url":"https:\/\/www.eldiario.net\/portal\/2024\/09\/19\/campesinos-cumplen-tercer-dia-de-bloqueos\/","name":"Campesinos cumplen tercer d\u00eda de bloqueos - El Diario - Bolivia","isPartOf":{"@id":"https:\/\/www.eldiario.net\/portal\/#website"},"primaryImageOfPage":{"@id":"https:\/\/www.eldiario.net\/portal\/2024\/09\/19\/campesinos-cumplen-tercer-dia-de-bloqueos\/#primaryimage"},"image":{"@id":"https:\/\/www.eldiario.net\/portal\/2024\/09\/19\/campesinos-cumplen-tercer-dia-de-bloqueos\/#primaryimage"},"thumbnailUrl":"https:\/\/www.eldiario.net\/portal\/wp-content\/uploads\/2024\/09\/KAT-FOTO.jpg","datePublished":"2024-09-19T09:54:20+00:00","breadcrumb":{"@id":"https:\/\/www.eldiario.net\/portal\/2024\/09\/19\/campesinos-cumplen-tercer-dia-de-bloqueos\/#breadcrumb"},"inLanguage":"es","potentialAction":[{"@type":"ReadAction","target":["https:\/\/www.eldiario.net\/portal\/2024\/09\/19\/campesinos-cumplen-tercer-dia-de-bloqueos\/"]}]},{"@type":"ImageObject","inLanguage":"es","@id":"https:\/\/www.eldiario.net\/portal\/2024\/09\/19\/campesinos-cumplen-tercer-dia-de-bloqueos\/#primaryimage","url":"https:\/\/www.eldiario.net\/portal\/wp-content\/uploads\/2024\/09\/KAT-FOTO.jpg","contentUrl":"https:\/\/www.eldiario.net\/portal\/wp-content\/uploads\/2024\/09\/KAT-FOTO.jpg","width":1500,"height":1000,"caption":"Bloqueos registrados en el altiplano del pa\u00eds. Foto: APG"},{"@type":"BreadcrumbList","@id":"https:\/\/www.eldiario.net\/portal\/2024\/09\/19\/campesinos-cumplen-tercer-dia-de-bloqueos\/#breadcrumb","itemListElement":[{"@type":"ListItem","position":1,"name":"Portada","item":"https:\/\/www.eldiario.net\/portal\/"},{"@type":"ListItem","position":2,"name":"Campesinos cumplen tercer d\u00eda de bloqueos"}]},{"@type":"WebSite","@id":"https:\/\/www.eldiario.net\/portal\/#website","url":"https:\/\/www.eldiario.net\/portal\/","name":"El Diario - Decano de la prensa nacional","description":"El Diario - Decano de la prensa nacional","publisher":{"@id":"https:\/\/www.eldiario.net\/portal\/#organization"},"potentialAction":[{"@type":"SearchAction","target":{"@type":"EntryPoint","urlTemplate":"https:\/\/www.eldiario.net\/portal\/?s={search_term_string}"},"query-input":{"@type":"PropertyValueSpecification","valueRequired":true,"valueName":"search_term_string"}}],"inLanguage":"es"},{"@type":"Organization","@id":"https:\/\/www.eldiario.net\/portal\/#organization","name":"El Diario - Decano de la prensa nacional","url":"https:\/\/www.eldiario.net\/portal\/","logo":{"@type":"ImageObject","inLanguage":"es","@id":"https:\/\/www.eldiario.net\/portal\/#\/schema\/logo\/image\/","url":"https:\/\/www.eldiario.net\/portal\/wp-content\/uploads\/2023\/07\/logo_ED.jpg","contentUrl":"https:\/\/www.eldiario.net\/portal\/wp-content\/uploads\/2023\/07\/logo_ED.jpg","width":272,"height":52,"caption":"El Diario - Decano de la prensa nacional"},"image":{"@id":"https:\/\/www.eldiario.net\/portal\/#\/schema\/logo\/image\/"},"sameAs":["https:\/\/www.facebook.com\/eldiario.bolivia\/","https:\/\/x.com\/eldiario_net"]},{"@type":"Person","@id":"https:\/\/www.eldiario.net\/portal\/#\/schema\/person\/f46445640444750d7d753ccd04ae01b7","name":"Jeanette","image":{"@type":"ImageObject","inLanguage":"es","@id":"https:\/\/secure.gravatar.com\/avatar\/3ea2118a5f7dad2b7138b1187a6b7ee55f160b9968b66013c3a3ef39dd7e5798?s=96&d=mm&r=g","url":"https:\/\/secure.gravatar.com\/avatar\/3ea2118a5f7dad2b7138b1187a6b7ee55f160b9968b66013c3a3ef39dd7e5798?s=96&d=mm&r=g","contentUrl":"https:\/\/secure.gravatar.com\/avatar\/3ea2118a5f7dad2b7138b1187a6b7ee55f160b9968b66013c3a3ef39dd7e5798?s=96&d=mm&r=g","caption":"Jeanette"},"sameAs":["https:\/\/www.eldiario.net\/portal"],"url":"https:\/\/www.eldiario.net\/portal\/author\/jeanette\/"}]}},"_links":{"self":[{"href":"https:\/\/www.eldiario.net\/portal\/wp-json\/wp\/v2\/posts\/248409","targetHints":{"allow":["GET"]}}],"collection":[{"href":"https:\/\/www.eldiario.net\/portal\/wp-json\/wp\/v2\/posts"}],"about":[{"href":"https:\/\/www.eldiario.net\/portal\/wp-json\/wp\/v2\/types\/post"}],"author":[{"embeddable":true,"href":"https:\/\/www.eldiario.net\/portal\/wp-json\/wp\/v2\/users\/1"}],"replies":[{"embeddable":true,"href":"https:\/\/www.eldiario.net\/portal\/wp-json\/wp\/v2\/comments?post=248409"}],"version-history":[{"count":1,"href":"https:\/\/www.eldiario.net\/portal\/wp-json\/wp\/v2\/posts\/248409\/revisions"}],"predecessor-version":[{"id":248411,"href":"https:\/\/www.eldiario.net\/portal\/wp-json\/wp\/v2\/posts\/248409\/revisions\/248411"}],"wp:featuredmedia":[{"embeddable":true,"href":"https:\/\/www.eldiario.net\/portal\/wp-json\/wp\/v2\/media\/248410"}],"wp:attachment":[{"href":"https:\/\/www.eldiario.net\/portal\/wp-json\/wp\/v2\/media?parent=248409"}],"wp:term":[{"taxonomy":"category","embeddable":true,"href":"https:\/\/www.eldiario.net\/portal\/wp-json\/wp\/v2\/categories?post=248409"},{"taxonomy":"post_tag","embeddable":true,"href":"https:\/\/www.eldiario.net\/portal\/wp-json\/wp\/v2\/tags?post=248409"}],"curies":[{"name":"wp","href":"https:\/\/api.w.org\/{rel}","templated":true}]}}