{"id":248405,"date":"2024-09-19T05:53:47","date_gmt":"2024-09-19T09:53:47","guid":{"rendered":"https:\/\/www.eldiario.net\/portal\/?p=248405"},"modified":"2024-09-19T05:53:47","modified_gmt":"2024-09-19T09:53:47","slug":"cuatro-heridos-tras-choque-de-minibus-con-postes-electricos","status":"publish","type":"post","link":"https:\/\/www.eldiario.net\/portal\/2024\/09\/19\/cuatro-heridos-tras-choque-de-minibus-con-postes-electricos\/","title":{"rendered":"Cuatro heridos tras choque de minib\u00fas con postes el\u00e9ctricos"},"content":{"rendered":"<p>Luego de perder el control de su veh\u00edculo por una aparente falla mec\u00e1nica, el conductor de un minib\u00fas de transporte p\u00fablico impact\u00f3 contra dos postes de energ\u00eda el\u00e9ctrica en la zona de Miraflores, La Paz, dejando un saldo de cuatro personas heridas.<\/p>\n<p>Sin control por parte del conductor, el minib\u00fas zigzague\u00f3 por la avenida Illimani, llegando a impactar dos postes y finalmente un \u00e1rbol. La Polic\u00eda indic\u00f3 que cuatro personas heridas fueron evacuadas a un centro hospitalario.<\/p>\n<p>\u201cEs un choque a objeto fijo, el conductor esta sobrio.\u00a0Tenemos cuatro heridos y fueron evacuados.\u00a0Aparentemente es una falla mec\u00e1nica en los frenos, por eso ha chocado a dos postes y luego choc\u00f3 contra el \u00e1rbol\u201d, inform\u00f3 el investigador de Tr\u00e1nsito, Ronald de la Cruz, a Unitel.<\/p>\n<p>Medios locales se\u00f1alan que una mujer que vend\u00eda tucumanas se salv\u00f3 milagrosamente de ser embestida por el motorizado, seg\u00fan testigos, pues segundos antes de que el veh\u00edculo impactara su puesto, ella se levant\u00f3 a recoger una sombrilla.<\/p>\n<p>El minib\u00fas termin\u00f3 con serios da\u00f1os materiales en los parabrisas y parachoques, mientras que el conductor fue trasladado a dependencias de Tr\u00e1nsito para prestar su declaraci\u00f3n. La Polic\u00eda presume que el accidente ocurri\u00f3 por una posible falla en los frenos.<\/p>\n","protected":false},"excerpt":{"rendered":"<p>Luego de perder el control de su veh\u00edculo por una aparente falla mec\u00e1nica, el conductor de un minib\u00fas de transporte p\u00fablico impact\u00f3 contra dos postes de energ\u00eda el\u00e9ctrica en la zona de Miraflores, La Paz, dejando un saldo de cuatro personas heridas. Sin control por parte del conductor, el minib\u00fas zigzague\u00f3 por la avenida Illimani, [&hellip;]<\/p>\n","protected":false},"author":1,"featured_media":248406,"comment_status":"open","ping_status":"open","sticky":false,"template":"","format":"standard","meta":{"_acf_changed":false,"footnotes":""},"categories":[39],"tags":[],"class_list":["post-248405","post","type-post","status-publish","format-standard","has-post-thumbnail","category-sociedad"],"acf":{"antetitulo":"La Paz"},"yoast_head":"<!-- This site is optimized with the Yoast SEO plugin v28.4 - https:\/\/yoast.com\/product\/yoast-seo-wordpress\/ -->\n<title>Cuatro heridos tras choque de minib\u00fas con postes el\u00e9ctricos - El Diario - Bolivia<\/title>\n<meta name=\"robots\" content=\"index, follow, max-snippet:-1, max-image-preview:large, max-video-preview:-1\" \/>\n<link rel=\"canonical\" href=\"https:\/\/www.eldiario.net\/portal\/2024\/09\/19\/cuatro-heridos-tras-choque-de-minibus-con-postes-electricos\/\" \/>\n<meta property=\"og:locale\" content=\"es_ES\" \/>\n<meta property=\"og:type\" content=\"article\" \/>\n<meta property=\"og:title\" content=\"Cuatro heridos tras choque de minib\u00fas con postes el\u00e9ctricos - El Diario - Bolivia\" \/>\n<meta property=\"og:description\" content=\"Luego de perder el control de su veh\u00edculo por una aparente falla mec\u00e1nica, el conductor de un minib\u00fas de transporte p\u00fablico impact\u00f3 contra dos postes de energ\u00eda el\u00e9ctrica en la zona de Miraflores, La Paz, dejando un saldo de cuatro personas heridas. Sin control por parte del conductor, el minib\u00fas zigzague\u00f3 por la avenida Illimani, [&hellip;]\" \/>\n<meta property=\"og:url\" content=\"https:\/\/www.eldiario.net\/portal\/2024\/09\/19\/cuatro-heridos-tras-choque-de-minibus-con-postes-electricos\/\" \/>\n<meta property=\"og:site_name\" content=\"El Diario - Bolivia\" \/>\n<meta property=\"article:publisher\" content=\"https:\/\/www.facebook.com\/eldiario.bolivia\/\" \/>\n<meta property=\"article:published_time\" content=\"2024-09-19T09:53:47+00:00\" \/>\n<meta property=\"og:image\" content=\"https:\/\/www.eldiario.net\/portal\/wp-content\/uploads\/2024\/09\/POSTE-FOTO.jpg\" \/>\n\t<meta property=\"og:image:width\" content=\"1200\" \/>\n\t<meta property=\"og:image:height\" content=\"665\" \/>\n\t<meta property=\"og:image:type\" content=\"image\/jpeg\" \/>\n<meta name=\"author\" content=\"Jeanette\" \/>\n<meta name=\"twitter:card\" content=\"summary_large_image\" \/>\n<meta name=\"twitter:creator\" content=\"@eldiario_net\" \/>\n<meta name=\"twitter:site\" content=\"@eldiario_net\" \/>\n<meta name=\"twitter:label1\" content=\"Escrito por\" \/>\n\t<meta name=\"twitter:data1\" content=\"Jeanette\" \/>\n\t<meta name=\"twitter:label2\" content=\"Tiempo de lectura\" \/>\n\t<meta name=\"twitter:data2\" content=\"2 minutos\" \/>\n<script type=\"application\/ld+json\" class=\"yoast-schema-graph\">{\"@context\":\"https:\\\/\\\/schema.org\",\"@graph\":[{\"@type\":\"Article\",\"@id\":\"https:\\\/\\\/www.eldiario.net\\\/portal\\\/2024\\\/09\\\/19\\\/cuatro-heridos-tras-choque-de-minibus-con-postes-electricos\\\/#article\",\"isPartOf\":{\"@id\":\"https:\\\/\\\/www.eldiario.net\\\/portal\\\/2024\\\/09\\\/19\\\/cuatro-heridos-tras-choque-de-minibus-con-postes-electricos\\\/\"},\"author\":{\"name\":\"Jeanette\",\"@id\":\"https:\\\/\\\/www.eldiario.net\\\/portal\\\/#\\\/schema\\\/person\\\/f46445640444750d7d753ccd04ae01b7\"},\"headline\":\"Cuatro heridos tras choque de minib\u00fas con postes el\u00e9ctricos\",\"datePublished\":\"2024-09-19T09:53:47+00:00\",\"mainEntityOfPage\":{\"@id\":\"https:\\\/\\\/www.eldiario.net\\\/portal\\\/2024\\\/09\\\/19\\\/cuatro-heridos-tras-choque-de-minibus-con-postes-electricos\\\/\"},\"wordCount\":232,\"commentCount\":0,\"publisher\":{\"@id\":\"https:\\\/\\\/www.eldiario.net\\\/portal\\\/#organization\"},\"image\":{\"@id\":\"https:\\\/\\\/www.eldiario.net\\\/portal\\\/2024\\\/09\\\/19\\\/cuatro-heridos-tras-choque-de-minibus-con-postes-electricos\\\/#primaryimage\"},\"thumbnailUrl\":\"https:\\\/\\\/www.eldiario.net\\\/portal\\\/wp-content\\\/uploads\\\/2024\\\/09\\\/POSTE-FOTO.jpg\",\"articleSection\":[\"Sociedad - Seguridad\"],\"inLanguage\":\"es\",\"potentialAction\":[{\"@type\":\"CommentAction\",\"name\":\"Comment\",\"target\":[\"https:\\\/\\\/www.eldiario.net\\\/portal\\\/2024\\\/09\\\/19\\\/cuatro-heridos-tras-choque-de-minibus-con-postes-electricos\\\/#respond\"]}]},{\"@type\":\"WebPage\",\"@id\":\"https:\\\/\\\/www.eldiario.net\\\/portal\\\/2024\\\/09\\\/19\\\/cuatro-heridos-tras-choque-de-minibus-con-postes-electricos\\\/\",\"url\":\"https:\\\/\\\/www.eldiario.net\\\/portal\\\/2024\\\/09\\\/19\\\/cuatro-heridos-tras-choque-de-minibus-con-postes-electricos\\\/\",\"name\":\"Cuatro heridos tras choque de minib\u00fas con postes el\u00e9ctricos - El Diario - Bolivia\",\"isPartOf\":{\"@id\":\"https:\\\/\\\/www.eldiario.net\\\/portal\\\/#website\"},\"primaryImageOfPage\":{\"@id\":\"https:\\\/\\\/www.eldiario.net\\\/portal\\\/2024\\\/09\\\/19\\\/cuatro-heridos-tras-choque-de-minibus-con-postes-electricos\\\/#primaryimage\"},\"image\":{\"@id\":\"https:\\\/\\\/www.eldiario.net\\\/portal\\\/2024\\\/09\\\/19\\\/cuatro-heridos-tras-choque-de-minibus-con-postes-electricos\\\/#primaryimage\"},\"thumbnailUrl\":\"https:\\\/\\\/www.eldiario.net\\\/portal\\\/wp-content\\\/uploads\\\/2024\\\/09\\\/POSTE-FOTO.jpg\",\"datePublished\":\"2024-09-19T09:53:47+00:00\",\"breadcrumb\":{\"@id\":\"https:\\\/\\\/www.eldiario.net\\\/portal\\\/2024\\\/09\\\/19\\\/cuatro-heridos-tras-choque-de-minibus-con-postes-electricos\\\/#breadcrumb\"},\"inLanguage\":\"es\",\"potentialAction\":[{\"@type\":\"ReadAction\",\"target\":[\"https:\\\/\\\/www.eldiario.net\\\/portal\\\/2024\\\/09\\\/19\\\/cuatro-heridos-tras-choque-de-minibus-con-postes-electricos\\\/\"]}]},{\"@type\":\"ImageObject\",\"inLanguage\":\"es\",\"@id\":\"https:\\\/\\\/www.eldiario.net\\\/portal\\\/2024\\\/09\\\/19\\\/cuatro-heridos-tras-choque-de-minibus-con-postes-electricos\\\/#primaryimage\",\"url\":\"https:\\\/\\\/www.eldiario.net\\\/portal\\\/wp-content\\\/uploads\\\/2024\\\/09\\\/POSTE-FOTO.jpg\",\"contentUrl\":\"https:\\\/\\\/www.eldiario.net\\\/portal\\\/wp-content\\\/uploads\\\/2024\\\/09\\\/POSTE-FOTO.jpg\",\"width\":1200,\"height\":665,\"caption\":\"El veh\u00edculo impact\u00f3 contra dos postes y un \u00e1rbol. Foto: Unitel\"},{\"@type\":\"BreadcrumbList\",\"@id\":\"https:\\\/\\\/www.eldiario.net\\\/portal\\\/2024\\\/09\\\/19\\\/cuatro-heridos-tras-choque-de-minibus-con-postes-electricos\\\/#breadcrumb\",\"itemListElement\":[{\"@type\":\"ListItem\",\"position\":1,\"name\":\"Portada\",\"item\":\"https:\\\/\\\/www.eldiario.net\\\/portal\\\/\"},{\"@type\":\"ListItem\",\"position\":2,\"name\":\"Cuatro heridos tras choque de minib\u00fas con postes el\u00e9ctricos\"}]},{\"@type\":\"WebSite\",\"@id\":\"https:\\\/\\\/www.eldiario.net\\\/portal\\\/#website\",\"url\":\"https:\\\/\\\/www.eldiario.net\\\/portal\\\/\",\"name\":\"El Diario - Decano de la prensa nacional\",\"description\":\"El Diario - Decano de la prensa nacional\",\"publisher\":{\"@id\":\"https:\\\/\\\/www.eldiario.net\\\/portal\\\/#organization\"},\"potentialAction\":[{\"@type\":\"SearchAction\",\"target\":{\"@type\":\"EntryPoint\",\"urlTemplate\":\"https:\\\/\\\/www.eldiario.net\\\/portal\\\/?s={search_term_string}\"},\"query-input\":{\"@type\":\"PropertyValueSpecification\",\"valueRequired\":true,\"valueName\":\"search_term_string\"}}],\"inLanguage\":\"es\"},{\"@type\":\"Organization\",\"@id\":\"https:\\\/\\\/www.eldiario.net\\\/portal\\\/#organization\",\"name\":\"El Diario - Decano de la prensa nacional\",\"url\":\"https:\\\/\\\/www.eldiario.net\\\/portal\\\/\",\"logo\":{\"@type\":\"ImageObject\",\"inLanguage\":\"es\",\"@id\":\"https:\\\/\\\/www.eldiario.net\\\/portal\\\/#\\\/schema\\\/logo\\\/image\\\/\",\"url\":\"https:\\\/\\\/www.eldiario.net\\\/portal\\\/wp-content\\\/uploads\\\/2023\\\/07\\\/logo_ED.jpg\",\"contentUrl\":\"https:\\\/\\\/www.eldiario.net\\\/portal\\\/wp-content\\\/uploads\\\/2023\\\/07\\\/logo_ED.jpg\",\"width\":272,\"height\":52,\"caption\":\"El Diario - Decano de la prensa nacional\"},\"image\":{\"@id\":\"https:\\\/\\\/www.eldiario.net\\\/portal\\\/#\\\/schema\\\/logo\\\/image\\\/\"},\"sameAs\":[\"https:\\\/\\\/www.facebook.com\\\/eldiario.bolivia\\\/\",\"https:\\\/\\\/x.com\\\/eldiario_net\"]},{\"@type\":\"Person\",\"@id\":\"https:\\\/\\\/www.eldiario.net\\\/portal\\\/#\\\/schema\\\/person\\\/f46445640444750d7d753ccd04ae01b7\",\"name\":\"Jeanette\",\"image\":{\"@type\":\"ImageObject\",\"inLanguage\":\"es\",\"@id\":\"https:\\\/\\\/secure.gravatar.com\\\/avatar\\\/3ea2118a5f7dad2b7138b1187a6b7ee55f160b9968b66013c3a3ef39dd7e5798?s=96&d=mm&r=g\",\"url\":\"https:\\\/\\\/secure.gravatar.com\\\/avatar\\\/3ea2118a5f7dad2b7138b1187a6b7ee55f160b9968b66013c3a3ef39dd7e5798?s=96&d=mm&r=g\",\"contentUrl\":\"https:\\\/\\\/secure.gravatar.com\\\/avatar\\\/3ea2118a5f7dad2b7138b1187a6b7ee55f160b9968b66013c3a3ef39dd7e5798?s=96&d=mm&r=g\",\"caption\":\"Jeanette\"},\"sameAs\":[\"https:\\\/\\\/www.eldiario.net\\\/portal\"],\"url\":\"https:\\\/\\\/www.eldiario.net\\\/portal\\\/author\\\/jeanette\\\/\"}]}<\/script>\n<!-- \/ Yoast SEO plugin. -->","yoast_head_json":{"title":"Cuatro heridos tras choque de minib\u00fas con postes el\u00e9ctricos - El Diario - Bolivia","robots":{"index":"index","follow":"follow","max-snippet":"max-snippet:-1","max-image-preview":"max-image-preview:large","max-video-preview":"max-video-preview:-1"},"canonical":"https:\/\/www.eldiario.net\/portal\/2024\/09\/19\/cuatro-heridos-tras-choque-de-minibus-con-postes-electricos\/","og_locale":"es_ES","og_type":"article","og_title":"Cuatro heridos tras choque de minib\u00fas con postes el\u00e9ctricos - El Diario - Bolivia","og_description":"Luego de perder el control de su veh\u00edculo por una aparente falla mec\u00e1nica, el conductor de un minib\u00fas de transporte p\u00fablico impact\u00f3 contra dos postes de energ\u00eda el\u00e9ctrica en la zona de Miraflores, La Paz, dejando un saldo de cuatro personas heridas. Sin control por parte del conductor, el minib\u00fas zigzague\u00f3 por la avenida Illimani, [&hellip;]","og_url":"https:\/\/www.eldiario.net\/portal\/2024\/09\/19\/cuatro-heridos-tras-choque-de-minibus-con-postes-electricos\/","og_site_name":"El Diario - Bolivia","article_publisher":"https:\/\/www.facebook.com\/eldiario.bolivia\/","article_published_time":"2024-09-19T09:53:47+00:00","og_image":[{"width":1200,"height":665,"url":"https:\/\/www.eldiario.net\/portal\/wp-content\/uploads\/2024\/09\/POSTE-FOTO.jpg","type":"image\/jpeg"}],"author":"Jeanette","twitter_card":"summary_large_image","twitter_creator":"@eldiario_net","twitter_site":"@eldiario_net","twitter_misc":{"Escrito por":"Jeanette","Tiempo de lectura":"2 minutos"},"schema":{"@context":"https:\/\/schema.org","@graph":[{"@type":"Article","@id":"https:\/\/www.eldiario.net\/portal\/2024\/09\/19\/cuatro-heridos-tras-choque-de-minibus-con-postes-electricos\/#article","isPartOf":{"@id":"https:\/\/www.eldiario.net\/portal\/2024\/09\/19\/cuatro-heridos-tras-choque-de-minibus-con-postes-electricos\/"},"author":{"name":"Jeanette","@id":"https:\/\/www.eldiario.net\/portal\/#\/schema\/person\/f46445640444750d7d753ccd04ae01b7"},"headline":"Cuatro heridos tras choque de minib\u00fas con postes el\u00e9ctricos","datePublished":"2024-09-19T09:53:47+00:00","mainEntityOfPage":{"@id":"https:\/\/www.eldiario.net\/portal\/2024\/09\/19\/cuatro-heridos-tras-choque-de-minibus-con-postes-electricos\/"},"wordCount":232,"commentCount":0,"publisher":{"@id":"https:\/\/www.eldiario.net\/portal\/#organization"},"image":{"@id":"https:\/\/www.eldiario.net\/portal\/2024\/09\/19\/cuatro-heridos-tras-choque-de-minibus-con-postes-electricos\/#primaryimage"},"thumbnailUrl":"https:\/\/www.eldiario.net\/portal\/wp-content\/uploads\/2024\/09\/POSTE-FOTO.jpg","articleSection":["Sociedad - Seguridad"],"inLanguage":"es","potentialAction":[{"@type":"CommentAction","name":"Comment","target":["https:\/\/www.eldiario.net\/portal\/2024\/09\/19\/cuatro-heridos-tras-choque-de-minibus-con-postes-electricos\/#respond"]}]},{"@type":"WebPage","@id":"https:\/\/www.eldiario.net\/portal\/2024\/09\/19\/cuatro-heridos-tras-choque-de-minibus-con-postes-electricos\/","url":"https:\/\/www.eldiario.net\/portal\/2024\/09\/19\/cuatro-heridos-tras-choque-de-minibus-con-postes-electricos\/","name":"Cuatro heridos tras choque de minib\u00fas con postes el\u00e9ctricos - El Diario - Bolivia","isPartOf":{"@id":"https:\/\/www.eldiario.net\/portal\/#website"},"primaryImageOfPage":{"@id":"https:\/\/www.eldiario.net\/portal\/2024\/09\/19\/cuatro-heridos-tras-choque-de-minibus-con-postes-electricos\/#primaryimage"},"image":{"@id":"https:\/\/www.eldiario.net\/portal\/2024\/09\/19\/cuatro-heridos-tras-choque-de-minibus-con-postes-electricos\/#primaryimage"},"thumbnailUrl":"https:\/\/www.eldiario.net\/portal\/wp-content\/uploads\/2024\/09\/POSTE-FOTO.jpg","datePublished":"2024-09-19T09:53:47+00:00","breadcrumb":{"@id":"https:\/\/www.eldiario.net\/portal\/2024\/09\/19\/cuatro-heridos-tras-choque-de-minibus-con-postes-electricos\/#breadcrumb"},"inLanguage":"es","potentialAction":[{"@type":"ReadAction","target":["https:\/\/www.eldiario.net\/portal\/2024\/09\/19\/cuatro-heridos-tras-choque-de-minibus-con-postes-electricos\/"]}]},{"@type":"ImageObject","inLanguage":"es","@id":"https:\/\/www.eldiario.net\/portal\/2024\/09\/19\/cuatro-heridos-tras-choque-de-minibus-con-postes-electricos\/#primaryimage","url":"https:\/\/www.eldiario.net\/portal\/wp-content\/uploads\/2024\/09\/POSTE-FOTO.jpg","contentUrl":"https:\/\/www.eldiario.net\/portal\/wp-content\/uploads\/2024\/09\/POSTE-FOTO.jpg","width":1200,"height":665,"caption":"El veh\u00edculo impact\u00f3 contra dos postes y un \u00e1rbol. Foto: Unitel"},{"@type":"BreadcrumbList","@id":"https:\/\/www.eldiario.net\/portal\/2024\/09\/19\/cuatro-heridos-tras-choque-de-minibus-con-postes-electricos\/#breadcrumb","itemListElement":[{"@type":"ListItem","position":1,"name":"Portada","item":"https:\/\/www.eldiario.net\/portal\/"},{"@type":"ListItem","position":2,"name":"Cuatro heridos tras choque de minib\u00fas con postes el\u00e9ctricos"}]},{"@type":"WebSite","@id":"https:\/\/www.eldiario.net\/portal\/#website","url":"https:\/\/www.eldiario.net\/portal\/","name":"El Diario - Decano de la prensa nacional","description":"El Diario - Decano de la prensa nacional","publisher":{"@id":"https:\/\/www.eldiario.net\/portal\/#organization"},"potentialAction":[{"@type":"SearchAction","target":{"@type":"EntryPoint","urlTemplate":"https:\/\/www.eldiario.net\/portal\/?s={search_term_string}"},"query-input":{"@type":"PropertyValueSpecification","valueRequired":true,"valueName":"search_term_string"}}],"inLanguage":"es"},{"@type":"Organization","@id":"https:\/\/www.eldiario.net\/portal\/#organization","name":"El Diario - Decano de la prensa nacional","url":"https:\/\/www.eldiario.net\/portal\/","logo":{"@type":"ImageObject","inLanguage":"es","@id":"https:\/\/www.eldiario.net\/portal\/#\/schema\/logo\/image\/","url":"https:\/\/www.eldiario.net\/portal\/wp-content\/uploads\/2023\/07\/logo_ED.jpg","contentUrl":"https:\/\/www.eldiario.net\/portal\/wp-content\/uploads\/2023\/07\/logo_ED.jpg","width":272,"height":52,"caption":"El Diario - Decano de la prensa nacional"},"image":{"@id":"https:\/\/www.eldiario.net\/portal\/#\/schema\/logo\/image\/"},"sameAs":["https:\/\/www.facebook.com\/eldiario.bolivia\/","https:\/\/x.com\/eldiario_net"]},{"@type":"Person","@id":"https:\/\/www.eldiario.net\/portal\/#\/schema\/person\/f46445640444750d7d753ccd04ae01b7","name":"Jeanette","image":{"@type":"ImageObject","inLanguage":"es","@id":"https:\/\/secure.gravatar.com\/avatar\/3ea2118a5f7dad2b7138b1187a6b7ee55f160b9968b66013c3a3ef39dd7e5798?s=96&d=mm&r=g","url":"https:\/\/secure.gravatar.com\/avatar\/3ea2118a5f7dad2b7138b1187a6b7ee55f160b9968b66013c3a3ef39dd7e5798?s=96&d=mm&r=g","contentUrl":"https:\/\/secure.gravatar.com\/avatar\/3ea2118a5f7dad2b7138b1187a6b7ee55f160b9968b66013c3a3ef39dd7e5798?s=96&d=mm&r=g","caption":"Jeanette"},"sameAs":["https:\/\/www.eldiario.net\/portal"],"url":"https:\/\/www.eldiario.net\/portal\/author\/jeanette\/"}]}},"_links":{"self":[{"href":"https:\/\/www.eldiario.net\/portal\/wp-json\/wp\/v2\/posts\/248405","targetHints":{"allow":["GET"]}}],"collection":[{"href":"https:\/\/www.eldiario.net\/portal\/wp-json\/wp\/v2\/posts"}],"about":[{"href":"https:\/\/www.eldiario.net\/portal\/wp-json\/wp\/v2\/types\/post"}],"author":[{"embeddable":true,"href":"https:\/\/www.eldiario.net\/portal\/wp-json\/wp\/v2\/users\/1"}],"replies":[{"embeddable":true,"href":"https:\/\/www.eldiario.net\/portal\/wp-json\/wp\/v2\/comments?post=248405"}],"version-history":[{"count":2,"href":"https:\/\/www.eldiario.net\/portal\/wp-json\/wp\/v2\/posts\/248405\/revisions"}],"predecessor-version":[{"id":248408,"href":"https:\/\/www.eldiario.net\/portal\/wp-json\/wp\/v2\/posts\/248405\/revisions\/248408"}],"wp:featuredmedia":[{"embeddable":true,"href":"https:\/\/www.eldiario.net\/portal\/wp-json\/wp\/v2\/media\/248406"}],"wp:attachment":[{"href":"https:\/\/www.eldiario.net\/portal\/wp-json\/wp\/v2\/media?parent=248405"}],"wp:term":[{"taxonomy":"category","embeddable":true,"href":"https:\/\/www.eldiario.net\/portal\/wp-json\/wp\/v2\/categories?post=248405"},{"taxonomy":"post_tag","embeddable":true,"href":"https:\/\/www.eldiario.net\/portal\/wp-json\/wp\/v2\/tags?post=248405"}],"curies":[{"name":"wp","href":"https:\/\/api.w.org\/{rel}","templated":true}]}}