{"id":248249,"date":"2024-09-18T06:10:21","date_gmt":"2024-09-18T10:10:21","guid":{"rendered":"https:\/\/www.eldiario.net\/portal\/?p=248249"},"modified":"2024-09-18T06:10:21","modified_gmt":"2024-09-18T10:10:21","slug":"la-peligrosa-vigencia-del-populismo","status":"publish","type":"post","link":"https:\/\/www.eldiario.net\/portal\/2024\/09\/18\/la-peligrosa-vigencia-del-populismo\/","title":{"rendered":"La peligrosa vigencia del populismo"},"content":{"rendered":"<p>La situaci\u00f3n de profunda crisis que vive nuestro pa\u00eds, admitida recientemente por el Presidente del Estado, adem\u00e1s de reflejar el fracaso del modelo econ\u00f3mico vigente, es el resultado de la imposici\u00f3n del populismo, una estrategia de gesti\u00f3n del poder que ha producido graves da\u00f1os en nuestra institucionalidad.<br \/>\nEl populismo no puede considerarse una ideolog\u00eda, es m\u00e1s bien una forma de hacer pol\u00edtica que se impone con mayor facilidad en pa\u00edses que padecen crisis en sus sistemas de partidos y tienen elevados \u00edndices de desigualdad. Utiliza los mecanismos democr\u00e1ticos, aunque apela a t\u00e9cnicas de propaganda totalitaria para consolidarse como la mejor opci\u00f3n electoral, especialmente en los estratos m\u00e1s pobres, logrando imponer su propia narrativa como el relato dominante de la sociedad.<br \/>\nSu discurso, basado en la confrontaci\u00f3n entre el pueblo \u201csabio, honesto y explotado\u201d y una clase dominante \u201cabusiva, corrupta y envilecida\u201d, es promovido por un caudillo que se presenta como salvador y representante \u00fanico del pueblo, al que promete eliminar la desigualdad, la injusticia y la pobreza, a trav\u00e9s de medidas r\u00e1pidas y dr\u00e1sticas, aunque para ello demanda a su favor el reconocimiento de poderes extraordinarios que eludan a las normas y las instituciones.<br \/>\nLos populistas apelan a las emociones negativas como el miedo, la indignaci\u00f3n o la xenofobia, buscando construir un v\u00ednculo profundo y activo entre el l\u00edder y sus seguidores, ofreciendo soluciones r\u00e1pidas y simplistas para problemas complejos, que muchas veces resultan inviables o contraproducentes.<br \/>\nAl ser cortoplacista y poco consistente, la estrategia populista debe ajustar su discurso de manera constante, pero adem\u00e1s tiene que neutralizar a las instituciones y acallar las voces cr\u00edticas, para ello recurre constantemente a la consulta directa al \u201cpueblo\u201d a trav\u00e9s de referendos, asambleas o congresos (normalmente controlados) que justifiquen sus decisiones impopulares o ilegales. \u201cAqu\u00ed estoy parado firme. M\u00e1ndeme el pueblo, que yo sabr\u00e9 obedecer. Soldado soy del pueblo, ustedes son mi jefe\u201d, dijo Ch\u00e1vez en 2009.<br \/>\nUno de los efectos inevitables del populismo es el colapso que genera en la econom\u00eda. Dondequiera que se ha impuesto, el populismo cre\u00f3 un ciclo vicioso en el que las pol\u00edticas de efecto inmediato causaron inflaci\u00f3n descontrolada, devaluaci\u00f3n de la moneda y aumento de la deuda externa, adem\u00e1s de destruir el aparato productivo, generar desequilibrios macroecon\u00f3micos dif\u00edciles de revertir, descuidando las pol\u00edticas estructurales y sostenibles.<br \/>\nAunque los m\u00e9todos del populismo son usados preferentemente en procesos electorales, el mayor riesgo es que sean aplicados en la gesti\u00f3n de gobierno, ya que su persistencia y duraci\u00f3n distorsionan los principios de la democracia, y destruyen sistem\u00e1ticamente los pilares sobre los que debe sostenerse la econom\u00eda: estabilidad, seguridad, libertad y propiedad. Los efectos de este proceso pueden ser devastadores para el sistema pol\u00edtico y la armon\u00eda social, ya que resultan muy dif\u00edciles de deconstruir y normalmente conducen a los pa\u00edses a \u00e9pocas de inestabilidad e incluso de violencia, cuando se precisa reponer el orden y la legalidad.<br \/>\nPara los pa\u00edses como Bolivia, que han afrontado por mucho tiempo el esquema populista, la reconstrucci\u00f3n post crisis ser\u00e1 m\u00e1s compleja que dise\u00f1ar un modelo econ\u00f3mico alternativo; se requerir\u00e1 un nuevo pacto social a trav\u00e9s de un cambio constitucional y, sobre todo, un largo proceso de recuperaci\u00f3n de los valores, principios y fundamentos democr\u00e1ticos y racionales que precisa el pa\u00eds para encaminarse hacia el verdadero desarrollo con justicia y sustentabilidad.<br \/>\nDesde esa perspectiva, nuestro mayor desaf\u00edo no es el ajuste fiscal y financiero, sino la ausencia de una articulaci\u00f3n entre el debate pol\u00edtico y el an\u00e1lisis econ\u00f3mico, que busque transformar los mecanismos sociales y culturales que reproducen la estrategia populista. Si no entendemos que el modelo econ\u00f3mico es solo el resultado de un esquema de poder persistente y mayor, vamos a prolongar la crisis, manteniendo como en Venezuela, la base del sistema que la sostiene.<\/p>\n<p>El autor es Industrial y ex Presidente de la Confederaci\u00f3n de Empresarios Privados de Bolivia.<\/p>\n","protected":false},"excerpt":{"rendered":"<p>La situaci\u00f3n de profunda crisis que vive nuestro pa\u00eds, admitida recientemente por el Presidente del Estado, adem\u00e1s de reflejar el fracaso del modelo econ\u00f3mico vigente, es el resultado de la imposici\u00f3n del populismo, una estrategia de gesti\u00f3n del poder que ha producido graves da\u00f1os en nuestra institucionalidad. El populismo no puede considerarse una ideolog\u00eda, es [&hellip;]<\/p>\n","protected":false},"author":1,"featured_media":188324,"comment_status":"open","ping_status":"open","sticky":false,"template":"","format":"standard","meta":{"_acf_changed":false,"footnotes":""},"categories":[9],"tags":[],"class_list":["post-248249","post","type-post","status-publish","format-standard","has-post-thumbnail","category-opinion"],"acf":{"antetitulo":""},"yoast_head":"<!-- This site is optimized with the Yoast SEO plugin v28.4 - https:\/\/yoast.com\/product\/yoast-seo-wordpress\/ -->\n<title>La peligrosa vigencia del populismo - El Diario - Bolivia<\/title>\n<meta name=\"robots\" content=\"index, follow, max-snippet:-1, max-image-preview:large, max-video-preview:-1\" \/>\n<link rel=\"canonical\" href=\"https:\/\/www.eldiario.net\/portal\/2024\/09\/18\/la-peligrosa-vigencia-del-populismo\/\" \/>\n<meta property=\"og:locale\" content=\"es_ES\" \/>\n<meta property=\"og:type\" content=\"article\" \/>\n<meta property=\"og:title\" content=\"La peligrosa vigencia del populismo - El Diario - Bolivia\" \/>\n<meta property=\"og:description\" content=\"La situaci\u00f3n de profunda crisis que vive nuestro pa\u00eds, admitida recientemente por el Presidente del Estado, adem\u00e1s de reflejar el fracaso del modelo econ\u00f3mico vigente, es el resultado de la imposici\u00f3n del populismo, una estrategia de gesti\u00f3n del poder que ha producido graves da\u00f1os en nuestra institucionalidad. El populismo no puede considerarse una ideolog\u00eda, es [&hellip;]\" \/>\n<meta property=\"og:url\" content=\"https:\/\/www.eldiario.net\/portal\/2024\/09\/18\/la-peligrosa-vigencia-del-populismo\/\" \/>\n<meta property=\"og:site_name\" content=\"El Diario - Bolivia\" \/>\n<meta property=\"article:publisher\" content=\"https:\/\/www.facebook.com\/eldiario.bolivia\/\" \/>\n<meta property=\"article:published_time\" content=\"2024-09-18T10:10:21+00:00\" \/>\n<meta property=\"og:image\" content=\"https:\/\/www.eldiario.net\/portal\/wp-content\/uploads\/2023\/11\/Ronald-Nostas-Ardaya.jpg\" \/>\n\t<meta property=\"og:image:width\" content=\"1200\" \/>\n\t<meta property=\"og:image:height\" content=\"628\" \/>\n\t<meta property=\"og:image:type\" content=\"image\/jpeg\" \/>\n<meta name=\"author\" content=\"Jeanette\" \/>\n<meta name=\"twitter:card\" content=\"summary_large_image\" \/>\n<meta name=\"twitter:creator\" content=\"@eldiario_net\" \/>\n<meta name=\"twitter:site\" content=\"@eldiario_net\" \/>\n<meta name=\"twitter:label1\" content=\"Escrito por\" \/>\n\t<meta name=\"twitter:data1\" content=\"Jeanette\" \/>\n\t<meta name=\"twitter:label2\" content=\"Tiempo de lectura\" \/>\n\t<meta name=\"twitter:data2\" content=\"3 minutos\" \/>\n<script type=\"application\/ld+json\" class=\"yoast-schema-graph\">{\"@context\":\"https:\\\/\\\/schema.org\",\"@graph\":[{\"@type\":\"Article\",\"@id\":\"https:\\\/\\\/www.eldiario.net\\\/portal\\\/2024\\\/09\\\/18\\\/la-peligrosa-vigencia-del-populismo\\\/#article\",\"isPartOf\":{\"@id\":\"https:\\\/\\\/www.eldiario.net\\\/portal\\\/2024\\\/09\\\/18\\\/la-peligrosa-vigencia-del-populismo\\\/\"},\"author\":{\"name\":\"Jeanette\",\"@id\":\"https:\\\/\\\/www.eldiario.net\\\/portal\\\/#\\\/schema\\\/person\\\/f46445640444750d7d753ccd04ae01b7\"},\"headline\":\"La peligrosa vigencia del populismo\",\"datePublished\":\"2024-09-18T10:10:21+00:00\",\"mainEntityOfPage\":{\"@id\":\"https:\\\/\\\/www.eldiario.net\\\/portal\\\/2024\\\/09\\\/18\\\/la-peligrosa-vigencia-del-populismo\\\/\"},\"wordCount\":703,\"commentCount\":0,\"publisher\":{\"@id\":\"https:\\\/\\\/www.eldiario.net\\\/portal\\\/#organization\"},\"image\":{\"@id\":\"https:\\\/\\\/www.eldiario.net\\\/portal\\\/2024\\\/09\\\/18\\\/la-peligrosa-vigencia-del-populismo\\\/#primaryimage\"},\"thumbnailUrl\":\"https:\\\/\\\/www.eldiario.net\\\/portal\\\/wp-content\\\/uploads\\\/2023\\\/11\\\/Ronald-Nostas-Ardaya.jpg\",\"articleSection\":[\"Opini\u00f3n\"],\"inLanguage\":\"es\",\"potentialAction\":[{\"@type\":\"CommentAction\",\"name\":\"Comment\",\"target\":[\"https:\\\/\\\/www.eldiario.net\\\/portal\\\/2024\\\/09\\\/18\\\/la-peligrosa-vigencia-del-populismo\\\/#respond\"]}]},{\"@type\":\"WebPage\",\"@id\":\"https:\\\/\\\/www.eldiario.net\\\/portal\\\/2024\\\/09\\\/18\\\/la-peligrosa-vigencia-del-populismo\\\/\",\"url\":\"https:\\\/\\\/www.eldiario.net\\\/portal\\\/2024\\\/09\\\/18\\\/la-peligrosa-vigencia-del-populismo\\\/\",\"name\":\"La peligrosa vigencia del populismo - El Diario - Bolivia\",\"isPartOf\":{\"@id\":\"https:\\\/\\\/www.eldiario.net\\\/portal\\\/#website\"},\"primaryImageOfPage\":{\"@id\":\"https:\\\/\\\/www.eldiario.net\\\/portal\\\/2024\\\/09\\\/18\\\/la-peligrosa-vigencia-del-populismo\\\/#primaryimage\"},\"image\":{\"@id\":\"https:\\\/\\\/www.eldiario.net\\\/portal\\\/2024\\\/09\\\/18\\\/la-peligrosa-vigencia-del-populismo\\\/#primaryimage\"},\"thumbnailUrl\":\"https:\\\/\\\/www.eldiario.net\\\/portal\\\/wp-content\\\/uploads\\\/2023\\\/11\\\/Ronald-Nostas-Ardaya.jpg\",\"datePublished\":\"2024-09-18T10:10:21+00:00\",\"breadcrumb\":{\"@id\":\"https:\\\/\\\/www.eldiario.net\\\/portal\\\/2024\\\/09\\\/18\\\/la-peligrosa-vigencia-del-populismo\\\/#breadcrumb\"},\"inLanguage\":\"es\",\"potentialAction\":[{\"@type\":\"ReadAction\",\"target\":[\"https:\\\/\\\/www.eldiario.net\\\/portal\\\/2024\\\/09\\\/18\\\/la-peligrosa-vigencia-del-populismo\\\/\"]}]},{\"@type\":\"ImageObject\",\"inLanguage\":\"es\",\"@id\":\"https:\\\/\\\/www.eldiario.net\\\/portal\\\/2024\\\/09\\\/18\\\/la-peligrosa-vigencia-del-populismo\\\/#primaryimage\",\"url\":\"https:\\\/\\\/www.eldiario.net\\\/portal\\\/wp-content\\\/uploads\\\/2023\\\/11\\\/Ronald-Nostas-Ardaya.jpg\",\"contentUrl\":\"https:\\\/\\\/www.eldiario.net\\\/portal\\\/wp-content\\\/uploads\\\/2023\\\/11\\\/Ronald-Nostas-Ardaya.jpg\",\"width\":1200,\"height\":628,\"caption\":\"Ronald Nostas Ardaya\"},{\"@type\":\"BreadcrumbList\",\"@id\":\"https:\\\/\\\/www.eldiario.net\\\/portal\\\/2024\\\/09\\\/18\\\/la-peligrosa-vigencia-del-populismo\\\/#breadcrumb\",\"itemListElement\":[{\"@type\":\"ListItem\",\"position\":1,\"name\":\"Portada\",\"item\":\"https:\\\/\\\/www.eldiario.net\\\/portal\\\/\"},{\"@type\":\"ListItem\",\"position\":2,\"name\":\"La peligrosa vigencia del populismo\"}]},{\"@type\":\"WebSite\",\"@id\":\"https:\\\/\\\/www.eldiario.net\\\/portal\\\/#website\",\"url\":\"https:\\\/\\\/www.eldiario.net\\\/portal\\\/\",\"name\":\"El Diario - Decano de la prensa nacional\",\"description\":\"El Diario - Decano de la prensa nacional\",\"publisher\":{\"@id\":\"https:\\\/\\\/www.eldiario.net\\\/portal\\\/#organization\"},\"potentialAction\":[{\"@type\":\"SearchAction\",\"target\":{\"@type\":\"EntryPoint\",\"urlTemplate\":\"https:\\\/\\\/www.eldiario.net\\\/portal\\\/?s={search_term_string}\"},\"query-input\":{\"@type\":\"PropertyValueSpecification\",\"valueRequired\":true,\"valueName\":\"search_term_string\"}}],\"inLanguage\":\"es\"},{\"@type\":\"Organization\",\"@id\":\"https:\\\/\\\/www.eldiario.net\\\/portal\\\/#organization\",\"name\":\"El Diario - Decano de la prensa nacional\",\"url\":\"https:\\\/\\\/www.eldiario.net\\\/portal\\\/\",\"logo\":{\"@type\":\"ImageObject\",\"inLanguage\":\"es\",\"@id\":\"https:\\\/\\\/www.eldiario.net\\\/portal\\\/#\\\/schema\\\/logo\\\/image\\\/\",\"url\":\"https:\\\/\\\/www.eldiario.net\\\/portal\\\/wp-content\\\/uploads\\\/2023\\\/07\\\/logo_ED.jpg\",\"contentUrl\":\"https:\\\/\\\/www.eldiario.net\\\/portal\\\/wp-content\\\/uploads\\\/2023\\\/07\\\/logo_ED.jpg\",\"width\":272,\"height\":52,\"caption\":\"El Diario - Decano de la prensa nacional\"},\"image\":{\"@id\":\"https:\\\/\\\/www.eldiario.net\\\/portal\\\/#\\\/schema\\\/logo\\\/image\\\/\"},\"sameAs\":[\"https:\\\/\\\/www.facebook.com\\\/eldiario.bolivia\\\/\",\"https:\\\/\\\/x.com\\\/eldiario_net\"]},{\"@type\":\"Person\",\"@id\":\"https:\\\/\\\/www.eldiario.net\\\/portal\\\/#\\\/schema\\\/person\\\/f46445640444750d7d753ccd04ae01b7\",\"name\":\"Jeanette\",\"image\":{\"@type\":\"ImageObject\",\"inLanguage\":\"es\",\"@id\":\"https:\\\/\\\/secure.gravatar.com\\\/avatar\\\/3ea2118a5f7dad2b7138b1187a6b7ee55f160b9968b66013c3a3ef39dd7e5798?s=96&d=mm&r=g\",\"url\":\"https:\\\/\\\/secure.gravatar.com\\\/avatar\\\/3ea2118a5f7dad2b7138b1187a6b7ee55f160b9968b66013c3a3ef39dd7e5798?s=96&d=mm&r=g\",\"contentUrl\":\"https:\\\/\\\/secure.gravatar.com\\\/avatar\\\/3ea2118a5f7dad2b7138b1187a6b7ee55f160b9968b66013c3a3ef39dd7e5798?s=96&d=mm&r=g\",\"caption\":\"Jeanette\"},\"sameAs\":[\"https:\\\/\\\/www.eldiario.net\\\/portal\"],\"url\":\"https:\\\/\\\/www.eldiario.net\\\/portal\\\/author\\\/jeanette\\\/\"}]}<\/script>\n<!-- \/ Yoast SEO plugin. -->","yoast_head_json":{"title":"La peligrosa vigencia del populismo - El Diario - Bolivia","robots":{"index":"index","follow":"follow","max-snippet":"max-snippet:-1","max-image-preview":"max-image-preview:large","max-video-preview":"max-video-preview:-1"},"canonical":"https:\/\/www.eldiario.net\/portal\/2024\/09\/18\/la-peligrosa-vigencia-del-populismo\/","og_locale":"es_ES","og_type":"article","og_title":"La peligrosa vigencia del populismo - El Diario - Bolivia","og_description":"La situaci\u00f3n de profunda crisis que vive nuestro pa\u00eds, admitida recientemente por el Presidente del Estado, adem\u00e1s de reflejar el fracaso del modelo econ\u00f3mico vigente, es el resultado de la imposici\u00f3n del populismo, una estrategia de gesti\u00f3n del poder que ha producido graves da\u00f1os en nuestra institucionalidad. El populismo no puede considerarse una ideolog\u00eda, es [&hellip;]","og_url":"https:\/\/www.eldiario.net\/portal\/2024\/09\/18\/la-peligrosa-vigencia-del-populismo\/","og_site_name":"El Diario - Bolivia","article_publisher":"https:\/\/www.facebook.com\/eldiario.bolivia\/","article_published_time":"2024-09-18T10:10:21+00:00","og_image":[{"width":1200,"height":628,"url":"https:\/\/www.eldiario.net\/portal\/wp-content\/uploads\/2023\/11\/Ronald-Nostas-Ardaya.jpg","type":"image\/jpeg"}],"author":"Jeanette","twitter_card":"summary_large_image","twitter_creator":"@eldiario_net","twitter_site":"@eldiario_net","twitter_misc":{"Escrito por":"Jeanette","Tiempo de lectura":"3 minutos"},"schema":{"@context":"https:\/\/schema.org","@graph":[{"@type":"Article","@id":"https:\/\/www.eldiario.net\/portal\/2024\/09\/18\/la-peligrosa-vigencia-del-populismo\/#article","isPartOf":{"@id":"https:\/\/www.eldiario.net\/portal\/2024\/09\/18\/la-peligrosa-vigencia-del-populismo\/"},"author":{"name":"Jeanette","@id":"https:\/\/www.eldiario.net\/portal\/#\/schema\/person\/f46445640444750d7d753ccd04ae01b7"},"headline":"La peligrosa vigencia del populismo","datePublished":"2024-09-18T10:10:21+00:00","mainEntityOfPage":{"@id":"https:\/\/www.eldiario.net\/portal\/2024\/09\/18\/la-peligrosa-vigencia-del-populismo\/"},"wordCount":703,"commentCount":0,"publisher":{"@id":"https:\/\/www.eldiario.net\/portal\/#organization"},"image":{"@id":"https:\/\/www.eldiario.net\/portal\/2024\/09\/18\/la-peligrosa-vigencia-del-populismo\/#primaryimage"},"thumbnailUrl":"https:\/\/www.eldiario.net\/portal\/wp-content\/uploads\/2023\/11\/Ronald-Nostas-Ardaya.jpg","articleSection":["Opini\u00f3n"],"inLanguage":"es","potentialAction":[{"@type":"CommentAction","name":"Comment","target":["https:\/\/www.eldiario.net\/portal\/2024\/09\/18\/la-peligrosa-vigencia-del-populismo\/#respond"]}]},{"@type":"WebPage","@id":"https:\/\/www.eldiario.net\/portal\/2024\/09\/18\/la-peligrosa-vigencia-del-populismo\/","url":"https:\/\/www.eldiario.net\/portal\/2024\/09\/18\/la-peligrosa-vigencia-del-populismo\/","name":"La peligrosa vigencia del populismo - El Diario - Bolivia","isPartOf":{"@id":"https:\/\/www.eldiario.net\/portal\/#website"},"primaryImageOfPage":{"@id":"https:\/\/www.eldiario.net\/portal\/2024\/09\/18\/la-peligrosa-vigencia-del-populismo\/#primaryimage"},"image":{"@id":"https:\/\/www.eldiario.net\/portal\/2024\/09\/18\/la-peligrosa-vigencia-del-populismo\/#primaryimage"},"thumbnailUrl":"https:\/\/www.eldiario.net\/portal\/wp-content\/uploads\/2023\/11\/Ronald-Nostas-Ardaya.jpg","datePublished":"2024-09-18T10:10:21+00:00","breadcrumb":{"@id":"https:\/\/www.eldiario.net\/portal\/2024\/09\/18\/la-peligrosa-vigencia-del-populismo\/#breadcrumb"},"inLanguage":"es","potentialAction":[{"@type":"ReadAction","target":["https:\/\/www.eldiario.net\/portal\/2024\/09\/18\/la-peligrosa-vigencia-del-populismo\/"]}]},{"@type":"ImageObject","inLanguage":"es","@id":"https:\/\/www.eldiario.net\/portal\/2024\/09\/18\/la-peligrosa-vigencia-del-populismo\/#primaryimage","url":"https:\/\/www.eldiario.net\/portal\/wp-content\/uploads\/2023\/11\/Ronald-Nostas-Ardaya.jpg","contentUrl":"https:\/\/www.eldiario.net\/portal\/wp-content\/uploads\/2023\/11\/Ronald-Nostas-Ardaya.jpg","width":1200,"height":628,"caption":"Ronald Nostas Ardaya"},{"@type":"BreadcrumbList","@id":"https:\/\/www.eldiario.net\/portal\/2024\/09\/18\/la-peligrosa-vigencia-del-populismo\/#breadcrumb","itemListElement":[{"@type":"ListItem","position":1,"name":"Portada","item":"https:\/\/www.eldiario.net\/portal\/"},{"@type":"ListItem","position":2,"name":"La peligrosa vigencia del populismo"}]},{"@type":"WebSite","@id":"https:\/\/www.eldiario.net\/portal\/#website","url":"https:\/\/www.eldiario.net\/portal\/","name":"El Diario - Decano de la prensa nacional","description":"El Diario - Decano de la prensa nacional","publisher":{"@id":"https:\/\/www.eldiario.net\/portal\/#organization"},"potentialAction":[{"@type":"SearchAction","target":{"@type":"EntryPoint","urlTemplate":"https:\/\/www.eldiario.net\/portal\/?s={search_term_string}"},"query-input":{"@type":"PropertyValueSpecification","valueRequired":true,"valueName":"search_term_string"}}],"inLanguage":"es"},{"@type":"Organization","@id":"https:\/\/www.eldiario.net\/portal\/#organization","name":"El Diario - Decano de la prensa nacional","url":"https:\/\/www.eldiario.net\/portal\/","logo":{"@type":"ImageObject","inLanguage":"es","@id":"https:\/\/www.eldiario.net\/portal\/#\/schema\/logo\/image\/","url":"https:\/\/www.eldiario.net\/portal\/wp-content\/uploads\/2023\/07\/logo_ED.jpg","contentUrl":"https:\/\/www.eldiario.net\/portal\/wp-content\/uploads\/2023\/07\/logo_ED.jpg","width":272,"height":52,"caption":"El Diario - Decano de la prensa nacional"},"image":{"@id":"https:\/\/www.eldiario.net\/portal\/#\/schema\/logo\/image\/"},"sameAs":["https:\/\/www.facebook.com\/eldiario.bolivia\/","https:\/\/x.com\/eldiario_net"]},{"@type":"Person","@id":"https:\/\/www.eldiario.net\/portal\/#\/schema\/person\/f46445640444750d7d753ccd04ae01b7","name":"Jeanette","image":{"@type":"ImageObject","inLanguage":"es","@id":"https:\/\/secure.gravatar.com\/avatar\/3ea2118a5f7dad2b7138b1187a6b7ee55f160b9968b66013c3a3ef39dd7e5798?s=96&d=mm&r=g","url":"https:\/\/secure.gravatar.com\/avatar\/3ea2118a5f7dad2b7138b1187a6b7ee55f160b9968b66013c3a3ef39dd7e5798?s=96&d=mm&r=g","contentUrl":"https:\/\/secure.gravatar.com\/avatar\/3ea2118a5f7dad2b7138b1187a6b7ee55f160b9968b66013c3a3ef39dd7e5798?s=96&d=mm&r=g","caption":"Jeanette"},"sameAs":["https:\/\/www.eldiario.net\/portal"],"url":"https:\/\/www.eldiario.net\/portal\/author\/jeanette\/"}]}},"_links":{"self":[{"href":"https:\/\/www.eldiario.net\/portal\/wp-json\/wp\/v2\/posts\/248249","targetHints":{"allow":["GET"]}}],"collection":[{"href":"https:\/\/www.eldiario.net\/portal\/wp-json\/wp\/v2\/posts"}],"about":[{"href":"https:\/\/www.eldiario.net\/portal\/wp-json\/wp\/v2\/types\/post"}],"author":[{"embeddable":true,"href":"https:\/\/www.eldiario.net\/portal\/wp-json\/wp\/v2\/users\/1"}],"replies":[{"embeddable":true,"href":"https:\/\/www.eldiario.net\/portal\/wp-json\/wp\/v2\/comments?post=248249"}],"version-history":[{"count":1,"href":"https:\/\/www.eldiario.net\/portal\/wp-json\/wp\/v2\/posts\/248249\/revisions"}],"predecessor-version":[{"id":248250,"href":"https:\/\/www.eldiario.net\/portal\/wp-json\/wp\/v2\/posts\/248249\/revisions\/248250"}],"wp:featuredmedia":[{"embeddable":true,"href":"https:\/\/www.eldiario.net\/portal\/wp-json\/wp\/v2\/media\/188324"}],"wp:attachment":[{"href":"https:\/\/www.eldiario.net\/portal\/wp-json\/wp\/v2\/media?parent=248249"}],"wp:term":[{"taxonomy":"category","embeddable":true,"href":"https:\/\/www.eldiario.net\/portal\/wp-json\/wp\/v2\/categories?post=248249"},{"taxonomy":"post_tag","embeddable":true,"href":"https:\/\/www.eldiario.net\/portal\/wp-json\/wp\/v2\/tags?post=248249"}],"curies":[{"name":"wp","href":"https:\/\/api.w.org\/{rel}","templated":true}]}}