{"id":248247,"date":"2024-09-18T06:10:01","date_gmt":"2024-09-18T10:10:01","guid":{"rendered":"https:\/\/www.eldiario.net\/portal\/?p=248247"},"modified":"2024-09-18T06:10:01","modified_gmt":"2024-09-18T10:10:01","slug":"quieres-saber-que-hace-el-gobierno-lee-la-prensa-pasada","status":"publish","type":"post","link":"https:\/\/www.eldiario.net\/portal\/2024\/09\/18\/quieres-saber-que-hace-el-gobierno-lee-la-prensa-pasada\/","title":{"rendered":"\u00bfQuieres saber qu\u00e9 hace el gobierno?, \u00a1lee la prensa pasada!"},"content":{"rendered":"<p>El 23 de julio de 2020 el periodista Marco A. Ib\u00e1\u00f1ez en un matutino local public\u00f3 una nota titulada: \u201cPromoci\u00f3n del pa\u00eds, por su cuarto intento\u201d, informando que: \u201cLa Canciller\u00eda (del gobierno de Jeanine A\u00f1ez) ha creado Proexport Bolivia para implementar la Diplomacia Comercial e Internacionalizar el pa\u00eds. Agregaba que: \u201cEn tres d\u00e9cadas es el cuarto intento para contar con un organismo s\u00f3lido de promoci\u00f3n comercial que requiere financiamiento y pol\u00edticas de Estado\u201d. La nota finalizaba llamando la atenci\u00f3n sobre que: \u201cLa falta de una pol\u00edtica nacional de promoci\u00f3n comercial y presupuesto para sus actividades provoc\u00f3 que estos organismos no perduraran en el tiempo\u201d.<br \/>\nPues bien, con el reciente anuncio formulado por el presidente Luis Arce Catacora en sentido de que se crear\u00e1 la Agencia de Promoci\u00f3n de Inversiones y Exportaciones, los intentos ya no ser\u00e1n 4 sino 5; y en apego a la historia, no ser\u00e1n 5 sino 6 los ensayos que tuvo el Estado boliviano para concretar una pol\u00edtica de promoci\u00f3n de exportaciones e inversiones.<br \/>\nEn t\u00e9rminos generales, Bolivia hasta 1985 aplic\u00f3 una Estrategia de Sustituci\u00f3n de Importaciones, con una fuerte intervenci\u00f3n del Estado, bajo la premisa de expandir la producci\u00f3n industrial dom\u00e9stica. Esa es la historia pasada que hoy se pretende revivir. Sin embargo, los resultados son dolorosamente conocidos, lo hecho fracas\u00f3 y tuvo que haber un ajuste estructural, materializado con el Decreto Supremo 21.060.<br \/>\nA partir de entonces, el pa\u00eds cambi\u00f3 el modelo de desarrollo econ\u00f3mico y como parte de ello se trabaj\u00f3 en una estrategia de inserci\u00f3n internacional hacia fuera, que inclu\u00eda tareas de promoci\u00f3n econ\u00f3mica comercial.<br \/>\nAs\u00ed, en 1987 se cre\u00f3 el Instituto Nacional de Promoci\u00f3n de Exportaciones (Inpex), en 1993 mediante decreto 23.660 esas funciones pasaron a la Subsecretar\u00eda de Promoci\u00f3n de exportaciones e inversiones. En 1998 el decreto 24.946 cre\u00f3 el Centro de Promoci\u00f3n Bolivia (Ceprobol); nuevamente por decreto 29.727 en 2008 se anul\u00f3 lo anterior y se cre\u00f3 Promueve Bolivia; luego vino Proexport-Bolivia del gobierno de A\u00f1ez y ahora el anuncio de Arce para dar paso a la Agencia de Promoci\u00f3n de Inversiones y Exportaciones.<br \/>\nRecordar estos sucesos hist\u00f3ricos causa angustia, porque en agosto del pr\u00f3ximo a\u00f1o cumpliremos doscientos a\u00f1os de vida independiente y para tragedia de los bolivianos, por ignorancia e irresponsabilidad de muchas de nuestras autoridades, no concretamos cosas tan simples, pero necesarias, como es una instituci\u00f3n de promoci\u00f3n de exportaciones y atracci\u00f3n de inversiones y turismo. En contrario, otros pa\u00edses tienen s\u00f3lidas instituciones, como: Prom Per\u00fa, Apex-Brasil, Proexport en Colombia o Bancomext en M\u00e9xico, entre otros.<br \/>\nEn Chile la entidad encargada de la promoci\u00f3n econ\u00f3mica comercial es Prochile; depende del Ministerio de Relaciones Exteriores y \u00e9ste a\u00f1o cumpli\u00f3 50 a\u00f1os de creaci\u00f3n. El importante trabajo hecho explica en gran medida el desarrollo que tiene Chile en su comercio exterior, que incluye adem\u00e1s nuevas disciplinas, como el comercio de servicios y el comercio electr\u00f3nico.<br \/>\nLas claves del \u00e9xito son simples, institucionalidad, modernizaci\u00f3n ante las realidades comerciales y, por supuesto, un reclutamiento y administraci\u00f3n del personal basado en el m\u00e9rito, la capacidad, el rendimiento y la experiencia acumulada.<br \/>\nEn nuestro caso, el problema es que algunas personas, cuando ocupan altos cargos p\u00fablicos, se creen m\u00e1s competentes, m\u00e1s inteligentes y m\u00e1s capaces que los dem\u00e1s; y supuestamente tienen la soluci\u00f3n en el bolsillo, que pasa por la falsa creencia de que todo lo anterior fue malo, consecuentemente para construir hay que destruir y entonces que empiece la demolici\u00f3n.<br \/>\nEn un mundo caracterizado por la globalizaci\u00f3n, la interdependencia y un creciente dinamismo del comercio exterior, es un suicidio econ\u00f3mico no tener una s\u00f3lida pol\u00edtica comercial, que inclu\u00eda el menor n\u00famero de restricciones al comercio (porque distorsionan los precios), la anulaci\u00f3n de barreras arancelarias y para arancelarias (como permisos, licencias previas o cupos), participaci\u00f3n activa en acuerdos comerciales, la simplificaci\u00f3n y centralizaci\u00f3n de los tr\u00e1mites para la exportaci\u00f3n (ventanilla \u00fanica) y una s\u00f3lida instituci\u00f3n de promoci\u00f3n econ\u00f3mica comercial.<br \/>\nTuc\u00eddides dijo que \u201cla Historia es un incesante volver a empezar\u201d, pero en el caso de nuestra historia econ\u00f3mica boliviana, ya basta. Ojal\u00e1, esta vez, el presidente Arce tenga un plan estrat\u00e9gico para la promoci\u00f3n comercial y sea solo hacer las cosas bien.<\/p>\n<p>El autor es economista y diplom\u00e1tico.<\/p>\n","protected":false},"excerpt":{"rendered":"<p>El 23 de julio de 2020 el periodista Marco A. Ib\u00e1\u00f1ez en un matutino local public\u00f3 una nota titulada: \u201cPromoci\u00f3n del pa\u00eds, por su cuarto intento\u201d, informando que: \u201cLa Canciller\u00eda (del gobierno de Jeanine A\u00f1ez) ha creado Proexport Bolivia para implementar la Diplomacia Comercial e Internacionalizar el pa\u00eds. Agregaba que: \u201cEn tres d\u00e9cadas es el [&hellip;]<\/p>\n","protected":false},"author":1,"featured_media":169916,"comment_status":"open","ping_status":"open","sticky":false,"template":"","format":"standard","meta":{"_acf_changed":false,"footnotes":""},"categories":[9],"tags":[],"class_list":["post-248247","post","type-post","status-publish","format-standard","has-post-thumbnail","category-opinion"],"acf":{"antetitulo":""},"yoast_head":"<!-- This site is optimized with the Yoast SEO plugin v28.4 - https:\/\/yoast.com\/product\/yoast-seo-wordpress\/ -->\n<title>\u00bfQuieres saber qu\u00e9 hace el gobierno?, \u00a1lee la prensa pasada! - El Diario - Bolivia<\/title>\n<meta name=\"robots\" content=\"index, follow, max-snippet:-1, max-image-preview:large, max-video-preview:-1\" \/>\n<link rel=\"canonical\" href=\"https:\/\/www.eldiario.net\/portal\/2024\/09\/18\/quieres-saber-que-hace-el-gobierno-lee-la-prensa-pasada\/\" \/>\n<meta property=\"og:locale\" content=\"es_ES\" \/>\n<meta property=\"og:type\" content=\"article\" \/>\n<meta property=\"og:title\" content=\"\u00bfQuieres saber qu\u00e9 hace el gobierno?, \u00a1lee la prensa pasada! - El Diario - Bolivia\" \/>\n<meta property=\"og:description\" content=\"El 23 de julio de 2020 el periodista Marco A. Ib\u00e1\u00f1ez en un matutino local public\u00f3 una nota titulada: \u201cPromoci\u00f3n del pa\u00eds, por su cuarto intento\u201d, informando que: \u201cLa Canciller\u00eda (del gobierno de Jeanine A\u00f1ez) ha creado Proexport Bolivia para implementar la Diplomacia Comercial e Internacionalizar el pa\u00eds. Agregaba que: \u201cEn tres d\u00e9cadas es el [&hellip;]\" \/>\n<meta property=\"og:url\" content=\"https:\/\/www.eldiario.net\/portal\/2024\/09\/18\/quieres-saber-que-hace-el-gobierno-lee-la-prensa-pasada\/\" \/>\n<meta property=\"og:site_name\" content=\"El Diario - Bolivia\" \/>\n<meta property=\"article:publisher\" content=\"https:\/\/www.facebook.com\/eldiario.bolivia\/\" \/>\n<meta property=\"article:published_time\" content=\"2024-09-18T10:10:01+00:00\" \/>\n<meta property=\"og:image\" content=\"https:\/\/www.eldiario.net\/portal\/wp-content\/uploads\/2023\/08\/Windsor-Hernani-Limarino.jpg\" \/>\n\t<meta property=\"og:image:width\" content=\"1200\" \/>\n\t<meta property=\"og:image:height\" content=\"628\" \/>\n\t<meta property=\"og:image:type\" content=\"image\/jpeg\" \/>\n<meta name=\"author\" content=\"Jeanette\" \/>\n<meta name=\"twitter:card\" content=\"summary_large_image\" \/>\n<meta name=\"twitter:creator\" content=\"@eldiario_net\" \/>\n<meta name=\"twitter:site\" content=\"@eldiario_net\" \/>\n<meta name=\"twitter:label1\" content=\"Escrito por\" \/>\n\t<meta name=\"twitter:data1\" content=\"Jeanette\" \/>\n\t<meta name=\"twitter:label2\" content=\"Tiempo de lectura\" \/>\n\t<meta name=\"twitter:data2\" content=\"4 minutos\" \/>\n<script type=\"application\/ld+json\" class=\"yoast-schema-graph\">{\"@context\":\"https:\\\/\\\/schema.org\",\"@graph\":[{\"@type\":\"Article\",\"@id\":\"https:\\\/\\\/www.eldiario.net\\\/portal\\\/2024\\\/09\\\/18\\\/quieres-saber-que-hace-el-gobierno-lee-la-prensa-pasada\\\/#article\",\"isPartOf\":{\"@id\":\"https:\\\/\\\/www.eldiario.net\\\/portal\\\/2024\\\/09\\\/18\\\/quieres-saber-que-hace-el-gobierno-lee-la-prensa-pasada\\\/\"},\"author\":{\"name\":\"Jeanette\",\"@id\":\"https:\\\/\\\/www.eldiario.net\\\/portal\\\/#\\\/schema\\\/person\\\/f46445640444750d7d753ccd04ae01b7\"},\"headline\":\"\u00bfQuieres saber qu\u00e9 hace el gobierno?, \u00a1lee la prensa pasada!\",\"datePublished\":\"2024-09-18T10:10:01+00:00\",\"mainEntityOfPage\":{\"@id\":\"https:\\\/\\\/www.eldiario.net\\\/portal\\\/2024\\\/09\\\/18\\\/quieres-saber-que-hace-el-gobierno-lee-la-prensa-pasada\\\/\"},\"wordCount\":771,\"commentCount\":0,\"publisher\":{\"@id\":\"https:\\\/\\\/www.eldiario.net\\\/portal\\\/#organization\"},\"image\":{\"@id\":\"https:\\\/\\\/www.eldiario.net\\\/portal\\\/2024\\\/09\\\/18\\\/quieres-saber-que-hace-el-gobierno-lee-la-prensa-pasada\\\/#primaryimage\"},\"thumbnailUrl\":\"https:\\\/\\\/www.eldiario.net\\\/portal\\\/wp-content\\\/uploads\\\/2023\\\/08\\\/Windsor-Hernani-Limarino.jpg\",\"articleSection\":[\"Opini\u00f3n\"],\"inLanguage\":\"es\",\"potentialAction\":[{\"@type\":\"CommentAction\",\"name\":\"Comment\",\"target\":[\"https:\\\/\\\/www.eldiario.net\\\/portal\\\/2024\\\/09\\\/18\\\/quieres-saber-que-hace-el-gobierno-lee-la-prensa-pasada\\\/#respond\"]}]},{\"@type\":\"WebPage\",\"@id\":\"https:\\\/\\\/www.eldiario.net\\\/portal\\\/2024\\\/09\\\/18\\\/quieres-saber-que-hace-el-gobierno-lee-la-prensa-pasada\\\/\",\"url\":\"https:\\\/\\\/www.eldiario.net\\\/portal\\\/2024\\\/09\\\/18\\\/quieres-saber-que-hace-el-gobierno-lee-la-prensa-pasada\\\/\",\"name\":\"\u00bfQuieres saber qu\u00e9 hace el gobierno?, \u00a1lee la prensa pasada! - El Diario - Bolivia\",\"isPartOf\":{\"@id\":\"https:\\\/\\\/www.eldiario.net\\\/portal\\\/#website\"},\"primaryImageOfPage\":{\"@id\":\"https:\\\/\\\/www.eldiario.net\\\/portal\\\/2024\\\/09\\\/18\\\/quieres-saber-que-hace-el-gobierno-lee-la-prensa-pasada\\\/#primaryimage\"},\"image\":{\"@id\":\"https:\\\/\\\/www.eldiario.net\\\/portal\\\/2024\\\/09\\\/18\\\/quieres-saber-que-hace-el-gobierno-lee-la-prensa-pasada\\\/#primaryimage\"},\"thumbnailUrl\":\"https:\\\/\\\/www.eldiario.net\\\/portal\\\/wp-content\\\/uploads\\\/2023\\\/08\\\/Windsor-Hernani-Limarino.jpg\",\"datePublished\":\"2024-09-18T10:10:01+00:00\",\"breadcrumb\":{\"@id\":\"https:\\\/\\\/www.eldiario.net\\\/portal\\\/2024\\\/09\\\/18\\\/quieres-saber-que-hace-el-gobierno-lee-la-prensa-pasada\\\/#breadcrumb\"},\"inLanguage\":\"es\",\"potentialAction\":[{\"@type\":\"ReadAction\",\"target\":[\"https:\\\/\\\/www.eldiario.net\\\/portal\\\/2024\\\/09\\\/18\\\/quieres-saber-que-hace-el-gobierno-lee-la-prensa-pasada\\\/\"]}]},{\"@type\":\"ImageObject\",\"inLanguage\":\"es\",\"@id\":\"https:\\\/\\\/www.eldiario.net\\\/portal\\\/2024\\\/09\\\/18\\\/quieres-saber-que-hace-el-gobierno-lee-la-prensa-pasada\\\/#primaryimage\",\"url\":\"https:\\\/\\\/www.eldiario.net\\\/portal\\\/wp-content\\\/uploads\\\/2023\\\/08\\\/Windsor-Hernani-Limarino.jpg\",\"contentUrl\":\"https:\\\/\\\/www.eldiario.net\\\/portal\\\/wp-content\\\/uploads\\\/2023\\\/08\\\/Windsor-Hernani-Limarino.jpg\",\"width\":1200,\"height\":628},{\"@type\":\"BreadcrumbList\",\"@id\":\"https:\\\/\\\/www.eldiario.net\\\/portal\\\/2024\\\/09\\\/18\\\/quieres-saber-que-hace-el-gobierno-lee-la-prensa-pasada\\\/#breadcrumb\",\"itemListElement\":[{\"@type\":\"ListItem\",\"position\":1,\"name\":\"Portada\",\"item\":\"https:\\\/\\\/www.eldiario.net\\\/portal\\\/\"},{\"@type\":\"ListItem\",\"position\":2,\"name\":\"\u00bfQuieres saber qu\u00e9 hace el gobierno?, \u00a1lee la prensa pasada!\"}]},{\"@type\":\"WebSite\",\"@id\":\"https:\\\/\\\/www.eldiario.net\\\/portal\\\/#website\",\"url\":\"https:\\\/\\\/www.eldiario.net\\\/portal\\\/\",\"name\":\"El Diario - Decano de la prensa nacional\",\"description\":\"El Diario - Decano de la prensa nacional\",\"publisher\":{\"@id\":\"https:\\\/\\\/www.eldiario.net\\\/portal\\\/#organization\"},\"potentialAction\":[{\"@type\":\"SearchAction\",\"target\":{\"@type\":\"EntryPoint\",\"urlTemplate\":\"https:\\\/\\\/www.eldiario.net\\\/portal\\\/?s={search_term_string}\"},\"query-input\":{\"@type\":\"PropertyValueSpecification\",\"valueRequired\":true,\"valueName\":\"search_term_string\"}}],\"inLanguage\":\"es\"},{\"@type\":\"Organization\",\"@id\":\"https:\\\/\\\/www.eldiario.net\\\/portal\\\/#organization\",\"name\":\"El Diario - Decano de la prensa nacional\",\"url\":\"https:\\\/\\\/www.eldiario.net\\\/portal\\\/\",\"logo\":{\"@type\":\"ImageObject\",\"inLanguage\":\"es\",\"@id\":\"https:\\\/\\\/www.eldiario.net\\\/portal\\\/#\\\/schema\\\/logo\\\/image\\\/\",\"url\":\"https:\\\/\\\/www.eldiario.net\\\/portal\\\/wp-content\\\/uploads\\\/2023\\\/07\\\/logo_ED.jpg\",\"contentUrl\":\"https:\\\/\\\/www.eldiario.net\\\/portal\\\/wp-content\\\/uploads\\\/2023\\\/07\\\/logo_ED.jpg\",\"width\":272,\"height\":52,\"caption\":\"El Diario - Decano de la prensa nacional\"},\"image\":{\"@id\":\"https:\\\/\\\/www.eldiario.net\\\/portal\\\/#\\\/schema\\\/logo\\\/image\\\/\"},\"sameAs\":[\"https:\\\/\\\/www.facebook.com\\\/eldiario.bolivia\\\/\",\"https:\\\/\\\/x.com\\\/eldiario_net\"]},{\"@type\":\"Person\",\"@id\":\"https:\\\/\\\/www.eldiario.net\\\/portal\\\/#\\\/schema\\\/person\\\/f46445640444750d7d753ccd04ae01b7\",\"name\":\"Jeanette\",\"image\":{\"@type\":\"ImageObject\",\"inLanguage\":\"es\",\"@id\":\"https:\\\/\\\/secure.gravatar.com\\\/avatar\\\/3ea2118a5f7dad2b7138b1187a6b7ee55f160b9968b66013c3a3ef39dd7e5798?s=96&d=mm&r=g\",\"url\":\"https:\\\/\\\/secure.gravatar.com\\\/avatar\\\/3ea2118a5f7dad2b7138b1187a6b7ee55f160b9968b66013c3a3ef39dd7e5798?s=96&d=mm&r=g\",\"contentUrl\":\"https:\\\/\\\/secure.gravatar.com\\\/avatar\\\/3ea2118a5f7dad2b7138b1187a6b7ee55f160b9968b66013c3a3ef39dd7e5798?s=96&d=mm&r=g\",\"caption\":\"Jeanette\"},\"sameAs\":[\"https:\\\/\\\/www.eldiario.net\\\/portal\"],\"url\":\"https:\\\/\\\/www.eldiario.net\\\/portal\\\/author\\\/jeanette\\\/\"}]}<\/script>\n<!-- \/ Yoast SEO plugin. -->","yoast_head_json":{"title":"\u00bfQuieres saber qu\u00e9 hace el gobierno?, \u00a1lee la prensa pasada! - El Diario - Bolivia","robots":{"index":"index","follow":"follow","max-snippet":"max-snippet:-1","max-image-preview":"max-image-preview:large","max-video-preview":"max-video-preview:-1"},"canonical":"https:\/\/www.eldiario.net\/portal\/2024\/09\/18\/quieres-saber-que-hace-el-gobierno-lee-la-prensa-pasada\/","og_locale":"es_ES","og_type":"article","og_title":"\u00bfQuieres saber qu\u00e9 hace el gobierno?, \u00a1lee la prensa pasada! - El Diario - Bolivia","og_description":"El 23 de julio de 2020 el periodista Marco A. Ib\u00e1\u00f1ez en un matutino local public\u00f3 una nota titulada: \u201cPromoci\u00f3n del pa\u00eds, por su cuarto intento\u201d, informando que: \u201cLa Canciller\u00eda (del gobierno de Jeanine A\u00f1ez) ha creado Proexport Bolivia para implementar la Diplomacia Comercial e Internacionalizar el pa\u00eds. Agregaba que: \u201cEn tres d\u00e9cadas es el [&hellip;]","og_url":"https:\/\/www.eldiario.net\/portal\/2024\/09\/18\/quieres-saber-que-hace-el-gobierno-lee-la-prensa-pasada\/","og_site_name":"El Diario - Bolivia","article_publisher":"https:\/\/www.facebook.com\/eldiario.bolivia\/","article_published_time":"2024-09-18T10:10:01+00:00","og_image":[{"width":1200,"height":628,"url":"https:\/\/www.eldiario.net\/portal\/wp-content\/uploads\/2023\/08\/Windsor-Hernani-Limarino.jpg","type":"image\/jpeg"}],"author":"Jeanette","twitter_card":"summary_large_image","twitter_creator":"@eldiario_net","twitter_site":"@eldiario_net","twitter_misc":{"Escrito por":"Jeanette","Tiempo de lectura":"4 minutos"},"schema":{"@context":"https:\/\/schema.org","@graph":[{"@type":"Article","@id":"https:\/\/www.eldiario.net\/portal\/2024\/09\/18\/quieres-saber-que-hace-el-gobierno-lee-la-prensa-pasada\/#article","isPartOf":{"@id":"https:\/\/www.eldiario.net\/portal\/2024\/09\/18\/quieres-saber-que-hace-el-gobierno-lee-la-prensa-pasada\/"},"author":{"name":"Jeanette","@id":"https:\/\/www.eldiario.net\/portal\/#\/schema\/person\/f46445640444750d7d753ccd04ae01b7"},"headline":"\u00bfQuieres saber qu\u00e9 hace el gobierno?, \u00a1lee la prensa pasada!","datePublished":"2024-09-18T10:10:01+00:00","mainEntityOfPage":{"@id":"https:\/\/www.eldiario.net\/portal\/2024\/09\/18\/quieres-saber-que-hace-el-gobierno-lee-la-prensa-pasada\/"},"wordCount":771,"commentCount":0,"publisher":{"@id":"https:\/\/www.eldiario.net\/portal\/#organization"},"image":{"@id":"https:\/\/www.eldiario.net\/portal\/2024\/09\/18\/quieres-saber-que-hace-el-gobierno-lee-la-prensa-pasada\/#primaryimage"},"thumbnailUrl":"https:\/\/www.eldiario.net\/portal\/wp-content\/uploads\/2023\/08\/Windsor-Hernani-Limarino.jpg","articleSection":["Opini\u00f3n"],"inLanguage":"es","potentialAction":[{"@type":"CommentAction","name":"Comment","target":["https:\/\/www.eldiario.net\/portal\/2024\/09\/18\/quieres-saber-que-hace-el-gobierno-lee-la-prensa-pasada\/#respond"]}]},{"@type":"WebPage","@id":"https:\/\/www.eldiario.net\/portal\/2024\/09\/18\/quieres-saber-que-hace-el-gobierno-lee-la-prensa-pasada\/","url":"https:\/\/www.eldiario.net\/portal\/2024\/09\/18\/quieres-saber-que-hace-el-gobierno-lee-la-prensa-pasada\/","name":"\u00bfQuieres saber qu\u00e9 hace el gobierno?, \u00a1lee la prensa pasada! - El Diario - Bolivia","isPartOf":{"@id":"https:\/\/www.eldiario.net\/portal\/#website"},"primaryImageOfPage":{"@id":"https:\/\/www.eldiario.net\/portal\/2024\/09\/18\/quieres-saber-que-hace-el-gobierno-lee-la-prensa-pasada\/#primaryimage"},"image":{"@id":"https:\/\/www.eldiario.net\/portal\/2024\/09\/18\/quieres-saber-que-hace-el-gobierno-lee-la-prensa-pasada\/#primaryimage"},"thumbnailUrl":"https:\/\/www.eldiario.net\/portal\/wp-content\/uploads\/2023\/08\/Windsor-Hernani-Limarino.jpg","datePublished":"2024-09-18T10:10:01+00:00","breadcrumb":{"@id":"https:\/\/www.eldiario.net\/portal\/2024\/09\/18\/quieres-saber-que-hace-el-gobierno-lee-la-prensa-pasada\/#breadcrumb"},"inLanguage":"es","potentialAction":[{"@type":"ReadAction","target":["https:\/\/www.eldiario.net\/portal\/2024\/09\/18\/quieres-saber-que-hace-el-gobierno-lee-la-prensa-pasada\/"]}]},{"@type":"ImageObject","inLanguage":"es","@id":"https:\/\/www.eldiario.net\/portal\/2024\/09\/18\/quieres-saber-que-hace-el-gobierno-lee-la-prensa-pasada\/#primaryimage","url":"https:\/\/www.eldiario.net\/portal\/wp-content\/uploads\/2023\/08\/Windsor-Hernani-Limarino.jpg","contentUrl":"https:\/\/www.eldiario.net\/portal\/wp-content\/uploads\/2023\/08\/Windsor-Hernani-Limarino.jpg","width":1200,"height":628},{"@type":"BreadcrumbList","@id":"https:\/\/www.eldiario.net\/portal\/2024\/09\/18\/quieres-saber-que-hace-el-gobierno-lee-la-prensa-pasada\/#breadcrumb","itemListElement":[{"@type":"ListItem","position":1,"name":"Portada","item":"https:\/\/www.eldiario.net\/portal\/"},{"@type":"ListItem","position":2,"name":"\u00bfQuieres saber qu\u00e9 hace el gobierno?, \u00a1lee la prensa pasada!"}]},{"@type":"WebSite","@id":"https:\/\/www.eldiario.net\/portal\/#website","url":"https:\/\/www.eldiario.net\/portal\/","name":"El Diario - Decano de la prensa nacional","description":"El Diario - Decano de la prensa nacional","publisher":{"@id":"https:\/\/www.eldiario.net\/portal\/#organization"},"potentialAction":[{"@type":"SearchAction","target":{"@type":"EntryPoint","urlTemplate":"https:\/\/www.eldiario.net\/portal\/?s={search_term_string}"},"query-input":{"@type":"PropertyValueSpecification","valueRequired":true,"valueName":"search_term_string"}}],"inLanguage":"es"},{"@type":"Organization","@id":"https:\/\/www.eldiario.net\/portal\/#organization","name":"El Diario - Decano de la prensa nacional","url":"https:\/\/www.eldiario.net\/portal\/","logo":{"@type":"ImageObject","inLanguage":"es","@id":"https:\/\/www.eldiario.net\/portal\/#\/schema\/logo\/image\/","url":"https:\/\/www.eldiario.net\/portal\/wp-content\/uploads\/2023\/07\/logo_ED.jpg","contentUrl":"https:\/\/www.eldiario.net\/portal\/wp-content\/uploads\/2023\/07\/logo_ED.jpg","width":272,"height":52,"caption":"El Diario - Decano de la prensa nacional"},"image":{"@id":"https:\/\/www.eldiario.net\/portal\/#\/schema\/logo\/image\/"},"sameAs":["https:\/\/www.facebook.com\/eldiario.bolivia\/","https:\/\/x.com\/eldiario_net"]},{"@type":"Person","@id":"https:\/\/www.eldiario.net\/portal\/#\/schema\/person\/f46445640444750d7d753ccd04ae01b7","name":"Jeanette","image":{"@type":"ImageObject","inLanguage":"es","@id":"https:\/\/secure.gravatar.com\/avatar\/3ea2118a5f7dad2b7138b1187a6b7ee55f160b9968b66013c3a3ef39dd7e5798?s=96&d=mm&r=g","url":"https:\/\/secure.gravatar.com\/avatar\/3ea2118a5f7dad2b7138b1187a6b7ee55f160b9968b66013c3a3ef39dd7e5798?s=96&d=mm&r=g","contentUrl":"https:\/\/secure.gravatar.com\/avatar\/3ea2118a5f7dad2b7138b1187a6b7ee55f160b9968b66013c3a3ef39dd7e5798?s=96&d=mm&r=g","caption":"Jeanette"},"sameAs":["https:\/\/www.eldiario.net\/portal"],"url":"https:\/\/www.eldiario.net\/portal\/author\/jeanette\/"}]}},"_links":{"self":[{"href":"https:\/\/www.eldiario.net\/portal\/wp-json\/wp\/v2\/posts\/248247","targetHints":{"allow":["GET"]}}],"collection":[{"href":"https:\/\/www.eldiario.net\/portal\/wp-json\/wp\/v2\/posts"}],"about":[{"href":"https:\/\/www.eldiario.net\/portal\/wp-json\/wp\/v2\/types\/post"}],"author":[{"embeddable":true,"href":"https:\/\/www.eldiario.net\/portal\/wp-json\/wp\/v2\/users\/1"}],"replies":[{"embeddable":true,"href":"https:\/\/www.eldiario.net\/portal\/wp-json\/wp\/v2\/comments?post=248247"}],"version-history":[{"count":1,"href":"https:\/\/www.eldiario.net\/portal\/wp-json\/wp\/v2\/posts\/248247\/revisions"}],"predecessor-version":[{"id":248248,"href":"https:\/\/www.eldiario.net\/portal\/wp-json\/wp\/v2\/posts\/248247\/revisions\/248248"}],"wp:featuredmedia":[{"embeddable":true,"href":"https:\/\/www.eldiario.net\/portal\/wp-json\/wp\/v2\/media\/169916"}],"wp:attachment":[{"href":"https:\/\/www.eldiario.net\/portal\/wp-json\/wp\/v2\/media?parent=248247"}],"wp:term":[{"taxonomy":"category","embeddable":true,"href":"https:\/\/www.eldiario.net\/portal\/wp-json\/wp\/v2\/categories?post=248247"},{"taxonomy":"post_tag","embeddable":true,"href":"https:\/\/www.eldiario.net\/portal\/wp-json\/wp\/v2\/tags?post=248247"}],"curies":[{"name":"wp","href":"https:\/\/api.w.org\/{rel}","templated":true}]}}