{"id":248242,"date":"2024-09-18T06:09:12","date_gmt":"2024-09-18T10:09:12","guid":{"rendered":"https:\/\/www.eldiario.net\/portal\/?p=248242"},"modified":"2024-09-18T06:09:12","modified_gmt":"2024-09-18T10:09:12","slug":"conflictos-provocan-aumento-de-precios-y-mayor-devaluacion-del-boliviano","status":"publish","type":"post","link":"https:\/\/www.eldiario.net\/portal\/2024\/09\/18\/conflictos-provocan-aumento-de-precios-y-mayor-devaluacion-del-boliviano\/","title":{"rendered":"Conflictos provocan aumento de precios  y mayor devaluaci\u00f3n del boliviano"},"content":{"rendered":"<p>Las amenazas de marchas y de bloqueos afines a Evo Morales, ocasionaron un alza de precios de los alimentos para la canasta familiar. La inflaci\u00f3n ir\u00e1 en aumento, ya se estima que superar\u00e1 lo proyectado por el Gobierno. Mientras la devaluaci\u00f3n del boliviano contin\u00faa y super\u00f3 el 30%. La escasez del d\u00f3lar afectar\u00e1 m\u00e1s al tipo de cambio, afirman analistas econ\u00f3micos.<br \/>\nAunque economistas, como Gonzalo Ch\u00e1vez y Gabriel Espinoza, analizaron por separado, que la falta de divisas al tipo de cambio oficial promovi\u00f3 un mercado paralelo.<br \/>\nLos profesionales afirman que su mensaje del presidente de hace dos semanas, habla de medidas estructurales para empezar a estabilizar la econom\u00eda, no mencion\u00f3 sobre el tipo de cambio, el d\u00e9ficit fiscal, pero culp\u00f3 a la anterior gesti\u00f3n sobre la ca\u00edda de la producci\u00f3n de gas.<br \/>\nSin embargo, las amenazas de marchas y bloqueos afines a Evo Morales ocasionaron un alza de precios de los alimentos para la canasta familiar, aseguraron, por separado, el Viceministerio de Defensa del Consumidor y la Empresa de Apoyo a la Producci\u00f3n de Alimentos (Emapa).<br \/>\nConflictos<br \/>\nLos conflictos sociales que empezaron el pasado lunes provocar\u00e1n un incremento de precios de algunos productos de la canasta familiar, de acuerdo a autoridades del Gobierno.<br \/>\nEconomistas, como Beatriz Muriel y Fernando Romero, indicaron por separado, que Bolivia estar\u00eda cerca de una estanflaci\u00f3n, es decir, con un crecimiento cero pero con un incremento de la inflaci\u00f3n.<br \/>\nEl aumento de precios ya provoc\u00f3 la devaluaci\u00f3n del boliviano. El economista Espinoza estim\u00f3 que el valor de los alimentos hasta el primer semestre de la presente gesti\u00f3n aument\u00f3 en 6%, mientras que Ch\u00e1vez sostiene que hasta agosto habr\u00eda alcanzado un 7%.<br \/>\nAsimismo, con respecto al boliviano, este habr\u00eda perdido un valor de alrededor del 30%.<\/p>\n<p>&nbsp;<\/p>\n","protected":false},"excerpt":{"rendered":"<p>Las amenazas de marchas y de bloqueos afines a Evo Morales, ocasionaron un alza de precios de los alimentos para la canasta familiar. La inflaci\u00f3n ir\u00e1 en aumento, ya se estima que superar\u00e1 lo proyectado por el Gobierno. Mientras la devaluaci\u00f3n del boliviano contin\u00faa y super\u00f3 el 30%. La escasez del d\u00f3lar afectar\u00e1 m\u00e1s al [&hellip;]<\/p>\n","protected":false},"author":1,"featured_media":248243,"comment_status":"open","ping_status":"open","sticky":false,"template":"","format":"standard","meta":{"_acf_changed":false,"footnotes":""},"categories":[7],"tags":[],"class_list":["post-248242","post","type-post","status-publish","format-standard","has-post-thumbnail","category-economia"],"acf":{"antetitulo":""},"yoast_head":"<!-- This site is optimized with the Yoast SEO plugin v28.4 - https:\/\/yoast.com\/product\/yoast-seo-wordpress\/ -->\n<title>Conflictos provocan aumento de precios y mayor devaluaci\u00f3n del boliviano - El Diario - Bolivia<\/title>\n<meta name=\"robots\" content=\"index, follow, max-snippet:-1, max-image-preview:large, max-video-preview:-1\" \/>\n<link rel=\"canonical\" href=\"https:\/\/www.eldiario.net\/portal\/2024\/09\/18\/conflictos-provocan-aumento-de-precios-y-mayor-devaluacion-del-boliviano\/\" \/>\n<meta property=\"og:locale\" content=\"es_ES\" \/>\n<meta property=\"og:type\" content=\"article\" \/>\n<meta property=\"og:title\" content=\"Conflictos provocan aumento de precios y mayor devaluaci\u00f3n del boliviano - El Diario - Bolivia\" \/>\n<meta property=\"og:description\" content=\"Las amenazas de marchas y de bloqueos afines a Evo Morales, ocasionaron un alza de precios de los alimentos para la canasta familiar. La inflaci\u00f3n ir\u00e1 en aumento, ya se estima que superar\u00e1 lo proyectado por el Gobierno. Mientras la devaluaci\u00f3n del boliviano contin\u00faa y super\u00f3 el 30%. La escasez del d\u00f3lar afectar\u00e1 m\u00e1s al [&hellip;]\" \/>\n<meta property=\"og:url\" content=\"https:\/\/www.eldiario.net\/portal\/2024\/09\/18\/conflictos-provocan-aumento-de-precios-y-mayor-devaluacion-del-boliviano\/\" \/>\n<meta property=\"og:site_name\" content=\"El Diario - Bolivia\" \/>\n<meta property=\"article:publisher\" content=\"https:\/\/www.facebook.com\/eldiario.bolivia\/\" \/>\n<meta property=\"article:published_time\" content=\"2024-09-18T10:09:12+00:00\" \/>\n<meta property=\"og:image\" content=\"https:\/\/www.eldiario.net\/portal\/wp-content\/uploads\/2024\/09\/precios.jpg\" \/>\n\t<meta property=\"og:image:width\" content=\"800\" \/>\n\t<meta property=\"og:image:height\" content=\"360\" \/>\n\t<meta property=\"og:image:type\" content=\"image\/jpeg\" \/>\n<meta name=\"author\" content=\"Jeanette\" \/>\n<meta name=\"twitter:card\" content=\"summary_large_image\" \/>\n<meta name=\"twitter:creator\" content=\"@eldiario_net\" \/>\n<meta name=\"twitter:site\" content=\"@eldiario_net\" \/>\n<meta name=\"twitter:label1\" content=\"Escrito por\" \/>\n\t<meta name=\"twitter:data1\" content=\"Jeanette\" \/>\n\t<meta name=\"twitter:label2\" content=\"Tiempo de lectura\" \/>\n\t<meta name=\"twitter:data2\" content=\"2 minutos\" \/>\n<script type=\"application\/ld+json\" class=\"yoast-schema-graph\">{\"@context\":\"https:\\\/\\\/schema.org\",\"@graph\":[{\"@type\":\"Article\",\"@id\":\"https:\\\/\\\/www.eldiario.net\\\/portal\\\/2024\\\/09\\\/18\\\/conflictos-provocan-aumento-de-precios-y-mayor-devaluacion-del-boliviano\\\/#article\",\"isPartOf\":{\"@id\":\"https:\\\/\\\/www.eldiario.net\\\/portal\\\/2024\\\/09\\\/18\\\/conflictos-provocan-aumento-de-precios-y-mayor-devaluacion-del-boliviano\\\/\"},\"author\":{\"name\":\"Jeanette\",\"@id\":\"https:\\\/\\\/www.eldiario.net\\\/portal\\\/#\\\/schema\\\/person\\\/f46445640444750d7d753ccd04ae01b7\"},\"headline\":\"Conflictos provocan aumento de precios y mayor devaluaci\u00f3n del boliviano\",\"datePublished\":\"2024-09-18T10:09:12+00:00\",\"mainEntityOfPage\":{\"@id\":\"https:\\\/\\\/www.eldiario.net\\\/portal\\\/2024\\\/09\\\/18\\\/conflictos-provocan-aumento-de-precios-y-mayor-devaluacion-del-boliviano\\\/\"},\"wordCount\":319,\"commentCount\":0,\"publisher\":{\"@id\":\"https:\\\/\\\/www.eldiario.net\\\/portal\\\/#organization\"},\"image\":{\"@id\":\"https:\\\/\\\/www.eldiario.net\\\/portal\\\/2024\\\/09\\\/18\\\/conflictos-provocan-aumento-de-precios-y-mayor-devaluacion-del-boliviano\\\/#primaryimage\"},\"thumbnailUrl\":\"https:\\\/\\\/www.eldiario.net\\\/portal\\\/wp-content\\\/uploads\\\/2024\\\/09\\\/precios.jpg\",\"articleSection\":[\"Econom\u00eda\"],\"inLanguage\":\"es\",\"potentialAction\":[{\"@type\":\"CommentAction\",\"name\":\"Comment\",\"target\":[\"https:\\\/\\\/www.eldiario.net\\\/portal\\\/2024\\\/09\\\/18\\\/conflictos-provocan-aumento-de-precios-y-mayor-devaluacion-del-boliviano\\\/#respond\"]}]},{\"@type\":\"WebPage\",\"@id\":\"https:\\\/\\\/www.eldiario.net\\\/portal\\\/2024\\\/09\\\/18\\\/conflictos-provocan-aumento-de-precios-y-mayor-devaluacion-del-boliviano\\\/\",\"url\":\"https:\\\/\\\/www.eldiario.net\\\/portal\\\/2024\\\/09\\\/18\\\/conflictos-provocan-aumento-de-precios-y-mayor-devaluacion-del-boliviano\\\/\",\"name\":\"Conflictos provocan aumento de precios y mayor devaluaci\u00f3n del boliviano - El Diario - Bolivia\",\"isPartOf\":{\"@id\":\"https:\\\/\\\/www.eldiario.net\\\/portal\\\/#website\"},\"primaryImageOfPage\":{\"@id\":\"https:\\\/\\\/www.eldiario.net\\\/portal\\\/2024\\\/09\\\/18\\\/conflictos-provocan-aumento-de-precios-y-mayor-devaluacion-del-boliviano\\\/#primaryimage\"},\"image\":{\"@id\":\"https:\\\/\\\/www.eldiario.net\\\/portal\\\/2024\\\/09\\\/18\\\/conflictos-provocan-aumento-de-precios-y-mayor-devaluacion-del-boliviano\\\/#primaryimage\"},\"thumbnailUrl\":\"https:\\\/\\\/www.eldiario.net\\\/portal\\\/wp-content\\\/uploads\\\/2024\\\/09\\\/precios.jpg\",\"datePublished\":\"2024-09-18T10:09:12+00:00\",\"breadcrumb\":{\"@id\":\"https:\\\/\\\/www.eldiario.net\\\/portal\\\/2024\\\/09\\\/18\\\/conflictos-provocan-aumento-de-precios-y-mayor-devaluacion-del-boliviano\\\/#breadcrumb\"},\"inLanguage\":\"es\",\"potentialAction\":[{\"@type\":\"ReadAction\",\"target\":[\"https:\\\/\\\/www.eldiario.net\\\/portal\\\/2024\\\/09\\\/18\\\/conflictos-provocan-aumento-de-precios-y-mayor-devaluacion-del-boliviano\\\/\"]}]},{\"@type\":\"ImageObject\",\"inLanguage\":\"es\",\"@id\":\"https:\\\/\\\/www.eldiario.net\\\/portal\\\/2024\\\/09\\\/18\\\/conflictos-provocan-aumento-de-precios-y-mayor-devaluacion-del-boliviano\\\/#primaryimage\",\"url\":\"https:\\\/\\\/www.eldiario.net\\\/portal\\\/wp-content\\\/uploads\\\/2024\\\/09\\\/precios.jpg\",\"contentUrl\":\"https:\\\/\\\/www.eldiario.net\\\/portal\\\/wp-content\\\/uploads\\\/2024\\\/09\\\/precios.jpg\",\"width\":800,\"height\":360,\"caption\":\"Productos agr\u00edcolas afectados por conflictos sociales.\"},{\"@type\":\"BreadcrumbList\",\"@id\":\"https:\\\/\\\/www.eldiario.net\\\/portal\\\/2024\\\/09\\\/18\\\/conflictos-provocan-aumento-de-precios-y-mayor-devaluacion-del-boliviano\\\/#breadcrumb\",\"itemListElement\":[{\"@type\":\"ListItem\",\"position\":1,\"name\":\"Portada\",\"item\":\"https:\\\/\\\/www.eldiario.net\\\/portal\\\/\"},{\"@type\":\"ListItem\",\"position\":2,\"name\":\"Conflictos provocan aumento de precios y mayor devaluaci\u00f3n del boliviano\"}]},{\"@type\":\"WebSite\",\"@id\":\"https:\\\/\\\/www.eldiario.net\\\/portal\\\/#website\",\"url\":\"https:\\\/\\\/www.eldiario.net\\\/portal\\\/\",\"name\":\"El Diario - Decano de la prensa nacional\",\"description\":\"El Diario - Decano de la prensa nacional\",\"publisher\":{\"@id\":\"https:\\\/\\\/www.eldiario.net\\\/portal\\\/#organization\"},\"potentialAction\":[{\"@type\":\"SearchAction\",\"target\":{\"@type\":\"EntryPoint\",\"urlTemplate\":\"https:\\\/\\\/www.eldiario.net\\\/portal\\\/?s={search_term_string}\"},\"query-input\":{\"@type\":\"PropertyValueSpecification\",\"valueRequired\":true,\"valueName\":\"search_term_string\"}}],\"inLanguage\":\"es\"},{\"@type\":\"Organization\",\"@id\":\"https:\\\/\\\/www.eldiario.net\\\/portal\\\/#organization\",\"name\":\"El Diario - Decano de la prensa nacional\",\"url\":\"https:\\\/\\\/www.eldiario.net\\\/portal\\\/\",\"logo\":{\"@type\":\"ImageObject\",\"inLanguage\":\"es\",\"@id\":\"https:\\\/\\\/www.eldiario.net\\\/portal\\\/#\\\/schema\\\/logo\\\/image\\\/\",\"url\":\"https:\\\/\\\/www.eldiario.net\\\/portal\\\/wp-content\\\/uploads\\\/2023\\\/07\\\/logo_ED.jpg\",\"contentUrl\":\"https:\\\/\\\/www.eldiario.net\\\/portal\\\/wp-content\\\/uploads\\\/2023\\\/07\\\/logo_ED.jpg\",\"width\":272,\"height\":52,\"caption\":\"El Diario - Decano de la prensa nacional\"},\"image\":{\"@id\":\"https:\\\/\\\/www.eldiario.net\\\/portal\\\/#\\\/schema\\\/logo\\\/image\\\/\"},\"sameAs\":[\"https:\\\/\\\/www.facebook.com\\\/eldiario.bolivia\\\/\",\"https:\\\/\\\/x.com\\\/eldiario_net\"]},{\"@type\":\"Person\",\"@id\":\"https:\\\/\\\/www.eldiario.net\\\/portal\\\/#\\\/schema\\\/person\\\/f46445640444750d7d753ccd04ae01b7\",\"name\":\"Jeanette\",\"image\":{\"@type\":\"ImageObject\",\"inLanguage\":\"es\",\"@id\":\"https:\\\/\\\/secure.gravatar.com\\\/avatar\\\/3ea2118a5f7dad2b7138b1187a6b7ee55f160b9968b66013c3a3ef39dd7e5798?s=96&d=mm&r=g\",\"url\":\"https:\\\/\\\/secure.gravatar.com\\\/avatar\\\/3ea2118a5f7dad2b7138b1187a6b7ee55f160b9968b66013c3a3ef39dd7e5798?s=96&d=mm&r=g\",\"contentUrl\":\"https:\\\/\\\/secure.gravatar.com\\\/avatar\\\/3ea2118a5f7dad2b7138b1187a6b7ee55f160b9968b66013c3a3ef39dd7e5798?s=96&d=mm&r=g\",\"caption\":\"Jeanette\"},\"sameAs\":[\"https:\\\/\\\/www.eldiario.net\\\/portal\"],\"url\":\"https:\\\/\\\/www.eldiario.net\\\/portal\\\/author\\\/jeanette\\\/\"}]}<\/script>\n<!-- \/ Yoast SEO plugin. -->","yoast_head_json":{"title":"Conflictos provocan aumento de precios y mayor devaluaci\u00f3n del boliviano - El Diario - Bolivia","robots":{"index":"index","follow":"follow","max-snippet":"max-snippet:-1","max-image-preview":"max-image-preview:large","max-video-preview":"max-video-preview:-1"},"canonical":"https:\/\/www.eldiario.net\/portal\/2024\/09\/18\/conflictos-provocan-aumento-de-precios-y-mayor-devaluacion-del-boliviano\/","og_locale":"es_ES","og_type":"article","og_title":"Conflictos provocan aumento de precios y mayor devaluaci\u00f3n del boliviano - El Diario - Bolivia","og_description":"Las amenazas de marchas y de bloqueos afines a Evo Morales, ocasionaron un alza de precios de los alimentos para la canasta familiar. La inflaci\u00f3n ir\u00e1 en aumento, ya se estima que superar\u00e1 lo proyectado por el Gobierno. Mientras la devaluaci\u00f3n del boliviano contin\u00faa y super\u00f3 el 30%. La escasez del d\u00f3lar afectar\u00e1 m\u00e1s al [&hellip;]","og_url":"https:\/\/www.eldiario.net\/portal\/2024\/09\/18\/conflictos-provocan-aumento-de-precios-y-mayor-devaluacion-del-boliviano\/","og_site_name":"El Diario - Bolivia","article_publisher":"https:\/\/www.facebook.com\/eldiario.bolivia\/","article_published_time":"2024-09-18T10:09:12+00:00","og_image":[{"width":800,"height":360,"url":"https:\/\/www.eldiario.net\/portal\/wp-content\/uploads\/2024\/09\/precios.jpg","type":"image\/jpeg"}],"author":"Jeanette","twitter_card":"summary_large_image","twitter_creator":"@eldiario_net","twitter_site":"@eldiario_net","twitter_misc":{"Escrito por":"Jeanette","Tiempo de lectura":"2 minutos"},"schema":{"@context":"https:\/\/schema.org","@graph":[{"@type":"Article","@id":"https:\/\/www.eldiario.net\/portal\/2024\/09\/18\/conflictos-provocan-aumento-de-precios-y-mayor-devaluacion-del-boliviano\/#article","isPartOf":{"@id":"https:\/\/www.eldiario.net\/portal\/2024\/09\/18\/conflictos-provocan-aumento-de-precios-y-mayor-devaluacion-del-boliviano\/"},"author":{"name":"Jeanette","@id":"https:\/\/www.eldiario.net\/portal\/#\/schema\/person\/f46445640444750d7d753ccd04ae01b7"},"headline":"Conflictos provocan aumento de precios y mayor devaluaci\u00f3n del boliviano","datePublished":"2024-09-18T10:09:12+00:00","mainEntityOfPage":{"@id":"https:\/\/www.eldiario.net\/portal\/2024\/09\/18\/conflictos-provocan-aumento-de-precios-y-mayor-devaluacion-del-boliviano\/"},"wordCount":319,"commentCount":0,"publisher":{"@id":"https:\/\/www.eldiario.net\/portal\/#organization"},"image":{"@id":"https:\/\/www.eldiario.net\/portal\/2024\/09\/18\/conflictos-provocan-aumento-de-precios-y-mayor-devaluacion-del-boliviano\/#primaryimage"},"thumbnailUrl":"https:\/\/www.eldiario.net\/portal\/wp-content\/uploads\/2024\/09\/precios.jpg","articleSection":["Econom\u00eda"],"inLanguage":"es","potentialAction":[{"@type":"CommentAction","name":"Comment","target":["https:\/\/www.eldiario.net\/portal\/2024\/09\/18\/conflictos-provocan-aumento-de-precios-y-mayor-devaluacion-del-boliviano\/#respond"]}]},{"@type":"WebPage","@id":"https:\/\/www.eldiario.net\/portal\/2024\/09\/18\/conflictos-provocan-aumento-de-precios-y-mayor-devaluacion-del-boliviano\/","url":"https:\/\/www.eldiario.net\/portal\/2024\/09\/18\/conflictos-provocan-aumento-de-precios-y-mayor-devaluacion-del-boliviano\/","name":"Conflictos provocan aumento de precios y mayor devaluaci\u00f3n del boliviano - El Diario - Bolivia","isPartOf":{"@id":"https:\/\/www.eldiario.net\/portal\/#website"},"primaryImageOfPage":{"@id":"https:\/\/www.eldiario.net\/portal\/2024\/09\/18\/conflictos-provocan-aumento-de-precios-y-mayor-devaluacion-del-boliviano\/#primaryimage"},"image":{"@id":"https:\/\/www.eldiario.net\/portal\/2024\/09\/18\/conflictos-provocan-aumento-de-precios-y-mayor-devaluacion-del-boliviano\/#primaryimage"},"thumbnailUrl":"https:\/\/www.eldiario.net\/portal\/wp-content\/uploads\/2024\/09\/precios.jpg","datePublished":"2024-09-18T10:09:12+00:00","breadcrumb":{"@id":"https:\/\/www.eldiario.net\/portal\/2024\/09\/18\/conflictos-provocan-aumento-de-precios-y-mayor-devaluacion-del-boliviano\/#breadcrumb"},"inLanguage":"es","potentialAction":[{"@type":"ReadAction","target":["https:\/\/www.eldiario.net\/portal\/2024\/09\/18\/conflictos-provocan-aumento-de-precios-y-mayor-devaluacion-del-boliviano\/"]}]},{"@type":"ImageObject","inLanguage":"es","@id":"https:\/\/www.eldiario.net\/portal\/2024\/09\/18\/conflictos-provocan-aumento-de-precios-y-mayor-devaluacion-del-boliviano\/#primaryimage","url":"https:\/\/www.eldiario.net\/portal\/wp-content\/uploads\/2024\/09\/precios.jpg","contentUrl":"https:\/\/www.eldiario.net\/portal\/wp-content\/uploads\/2024\/09\/precios.jpg","width":800,"height":360,"caption":"Productos agr\u00edcolas afectados por conflictos sociales."},{"@type":"BreadcrumbList","@id":"https:\/\/www.eldiario.net\/portal\/2024\/09\/18\/conflictos-provocan-aumento-de-precios-y-mayor-devaluacion-del-boliviano\/#breadcrumb","itemListElement":[{"@type":"ListItem","position":1,"name":"Portada","item":"https:\/\/www.eldiario.net\/portal\/"},{"@type":"ListItem","position":2,"name":"Conflictos provocan aumento de precios y mayor devaluaci\u00f3n del boliviano"}]},{"@type":"WebSite","@id":"https:\/\/www.eldiario.net\/portal\/#website","url":"https:\/\/www.eldiario.net\/portal\/","name":"El Diario - Decano de la prensa nacional","description":"El Diario - Decano de la prensa nacional","publisher":{"@id":"https:\/\/www.eldiario.net\/portal\/#organization"},"potentialAction":[{"@type":"SearchAction","target":{"@type":"EntryPoint","urlTemplate":"https:\/\/www.eldiario.net\/portal\/?s={search_term_string}"},"query-input":{"@type":"PropertyValueSpecification","valueRequired":true,"valueName":"search_term_string"}}],"inLanguage":"es"},{"@type":"Organization","@id":"https:\/\/www.eldiario.net\/portal\/#organization","name":"El Diario - Decano de la prensa nacional","url":"https:\/\/www.eldiario.net\/portal\/","logo":{"@type":"ImageObject","inLanguage":"es","@id":"https:\/\/www.eldiario.net\/portal\/#\/schema\/logo\/image\/","url":"https:\/\/www.eldiario.net\/portal\/wp-content\/uploads\/2023\/07\/logo_ED.jpg","contentUrl":"https:\/\/www.eldiario.net\/portal\/wp-content\/uploads\/2023\/07\/logo_ED.jpg","width":272,"height":52,"caption":"El Diario - Decano de la prensa nacional"},"image":{"@id":"https:\/\/www.eldiario.net\/portal\/#\/schema\/logo\/image\/"},"sameAs":["https:\/\/www.facebook.com\/eldiario.bolivia\/","https:\/\/x.com\/eldiario_net"]},{"@type":"Person","@id":"https:\/\/www.eldiario.net\/portal\/#\/schema\/person\/f46445640444750d7d753ccd04ae01b7","name":"Jeanette","image":{"@type":"ImageObject","inLanguage":"es","@id":"https:\/\/secure.gravatar.com\/avatar\/3ea2118a5f7dad2b7138b1187a6b7ee55f160b9968b66013c3a3ef39dd7e5798?s=96&d=mm&r=g","url":"https:\/\/secure.gravatar.com\/avatar\/3ea2118a5f7dad2b7138b1187a6b7ee55f160b9968b66013c3a3ef39dd7e5798?s=96&d=mm&r=g","contentUrl":"https:\/\/secure.gravatar.com\/avatar\/3ea2118a5f7dad2b7138b1187a6b7ee55f160b9968b66013c3a3ef39dd7e5798?s=96&d=mm&r=g","caption":"Jeanette"},"sameAs":["https:\/\/www.eldiario.net\/portal"],"url":"https:\/\/www.eldiario.net\/portal\/author\/jeanette\/"}]}},"_links":{"self":[{"href":"https:\/\/www.eldiario.net\/portal\/wp-json\/wp\/v2\/posts\/248242","targetHints":{"allow":["GET"]}}],"collection":[{"href":"https:\/\/www.eldiario.net\/portal\/wp-json\/wp\/v2\/posts"}],"about":[{"href":"https:\/\/www.eldiario.net\/portal\/wp-json\/wp\/v2\/types\/post"}],"author":[{"embeddable":true,"href":"https:\/\/www.eldiario.net\/portal\/wp-json\/wp\/v2\/users\/1"}],"replies":[{"embeddable":true,"href":"https:\/\/www.eldiario.net\/portal\/wp-json\/wp\/v2\/comments?post=248242"}],"version-history":[{"count":1,"href":"https:\/\/www.eldiario.net\/portal\/wp-json\/wp\/v2\/posts\/248242\/revisions"}],"predecessor-version":[{"id":248244,"href":"https:\/\/www.eldiario.net\/portal\/wp-json\/wp\/v2\/posts\/248242\/revisions\/248244"}],"wp:featuredmedia":[{"embeddable":true,"href":"https:\/\/www.eldiario.net\/portal\/wp-json\/wp\/v2\/media\/248243"}],"wp:attachment":[{"href":"https:\/\/www.eldiario.net\/portal\/wp-json\/wp\/v2\/media?parent=248242"}],"wp:term":[{"taxonomy":"category","embeddable":true,"href":"https:\/\/www.eldiario.net\/portal\/wp-json\/wp\/v2\/categories?post=248242"},{"taxonomy":"post_tag","embeddable":true,"href":"https:\/\/www.eldiario.net\/portal\/wp-json\/wp\/v2\/tags?post=248242"}],"curies":[{"name":"wp","href":"https:\/\/api.w.org\/{rel}","templated":true}]}}