{"id":248239,"date":"2024-09-18T06:08:47","date_gmt":"2024-09-18T10:08:47","guid":{"rendered":"https:\/\/www.eldiario.net\/portal\/?p=248239"},"modified":"2024-09-18T06:08:47","modified_gmt":"2024-09-18T10:08:47","slug":"bolivia-entre-paises-con-mas-baja-productividad","status":"publish","type":"post","link":"https:\/\/www.eldiario.net\/portal\/2024\/09\/18\/bolivia-entre-paises-con-mas-baja-productividad\/","title":{"rendered":"Bolivia entre pa\u00edses con  m\u00e1s baja productividad"},"content":{"rendered":"<p>De acuerdo al \u00faltimo informe elaborado por la Cepal, denominado Panorama de las Pol\u00edticas de Desarrollo Productivo en Am\u00e9rica Latina y el Caribe 2024 &#8211; \u00bfC\u00f3mo promover la transformaci\u00f3n productiva que requiere la regi\u00f3n?, se midi\u00f3 la productividad en t\u00e9rminos del aporte de la fuerza laboral al Producto Interno Bruto (PIB) de cada pa\u00eds. Bolivia se encuentra en el noveno lugar, entre los m\u00e1s bajos.<\/p>\n<p>Salarios<br \/>\nTanto empresarios como economistas, en su momento indicaron que los aumentos salariales deber\u00edan ser en base a la productividad de cada empresa, con el objetivo de no afectar la situaci\u00f3n econ\u00f3mica de las empresas.<br \/>\nSin embargo, el Gobierno fij\u00f3 un aumento salarial en general, sin tomar en cuenta las sugerencias de los profesionales, as\u00ed como de los emprendedores, en especial de los peque\u00f1os, ya que las medidas afectan m\u00e1s a este sector.<br \/>\nTambi\u00e9n los empresarios expresaron que las leyes sociales incidieron para una mayor informalidad, pues los costos laborales superan a veces a los ingresos de las peque\u00f1as empresas, lo que provoca que se alejen de la informalidad.<br \/>\nPor ello plantearon modificar el C\u00f3digo de Trabajo y una flexibilizaci\u00f3n laboral para aumentar el empleo formal.<\/p>\n<p>Informe<br \/>\nEl presidente del Colegio Departamental de Economistas de Tarija, Fernando Romero, inform\u00f3 que la Comisi\u00f3n Econ\u00f3mica para Am\u00e9rica Latina y el Caribe (Cepal) ubica a Bolivia en el puesto 19 de 22 pa\u00edses de la regi\u00f3n en productividad laboral seg\u00fan aporte al Producto Interno Bruto (PIB).<br \/>\nSeg\u00fan el \u00faltimo informe elaborado por la Cepal, midi\u00f3 la productividad en t\u00e9rminos del aporte de la fuerza laboral al PIB de cada pa\u00eds.<br \/>\nEn primer lugar se encuentra Panam\u00e1 con 45 d\u00f3lares, luego le sigue Uruguay con 31 y Chile con 29. En el \u00faltimo lugar del ranking est\u00e1 ubicado Hait\u00ed con 3,4, luego le sigue Honduras con 6 y Nicaragua con 7.<br \/>\nBolivia se encuentra en el puesto 19, por encima de Nicaragua y por debajo de Jamaica. La Cepal estim\u00f3 que cada boliviano (persona) por hora trabajada aportar\u00e1 con 8 d\u00f3lares al PIB nacional en este 2024, es decir, con 55 bolivianos al tipo de cambio oficial. Esta cifra, ubica a nuestro pa\u00eds en los \u00faltimos lugares de Am\u00e9rica Latina y el Caribe, de acuerdo a Romero.<br \/>\n\u201cEsto se explicar\u00eda por varias razones, una de ellas su baja productividad laboral a favor de nuestro PIB, debido a su alta informalidad y precariedad laboral, adem\u00e1s, otra raz\u00f3n es un bajo salario m\u00ednino nacional, y que nuestro PIB es altamente primario exportador de materias primas, siendo una econom\u00eda poco industrializada\u201d, se\u00f1ala el an\u00e1lisis de Romero.<br \/>\nEl estudio tambi\u00e9n indica que Panam\u00e1 aument\u00f3 la productividad laboral en un 151% entre 2005 y 2024, ya que esta se vio beneficiada por flujos muy fuertes de capital y un ciclo expansivo en la construcci\u00f3n.<br \/>\nEntretanto, la Rep\u00fablica Bolivariana de Venezuela, por su parte, redujo su productividad un 52%, tras una serie de importantes contracciones del PIB. Entre los otros pa\u00edses que lograron un mejor desempe\u00f1o se destacan Costa Rica, Rep\u00fablica Dominicana y Uruguay, con aumentos de m\u00e1s del 50% en la productividad laboral durante el per\u00edodo.<br \/>\nCon mejoras m\u00e1s moderadas se encuentran: Paraguay (49%), Bolivia (Estado Plurinacional) (48%), Colombia (46%), Cuba (42%) y Chile (35%). Por \u00faltimo, por sus bajos niveles de crecimiento de la productividad del trabajo se destacan Jamaica (que decrece un 14%). Honduras (5%), Ecuador (5%), M\u00e9xico (11%), El Salvador (15%), Argentina (15%), Brasil (17%), Trinidad y Tobago (18%) y Guatemala (23%).<\/p>\n<p>Crecimiento<br \/>\nEl mundo debe priorizar las reformas que fomenten la productividad para reactivar el crecimiento a mediano plazo, pero sin medidas ambiciosas que mejoren la productividad, el crecimiento mundial caer\u00e1 muy por debajo de su promedio hist\u00f3rico, seg\u00fan economistas del Fondo Monetario Internacional (FMI), Diaa Noureldin y Nan Li.<br \/>\nUna menor productividad incidir\u00e1 en el crecimiento del PIB. Bolivia reporta una de las m\u00e1s bajas de la regi\u00f3n.<\/p>\n","protected":false},"excerpt":{"rendered":"<p>De acuerdo al \u00faltimo informe elaborado por la Cepal, denominado Panorama de las Pol\u00edticas de Desarrollo Productivo en Am\u00e9rica Latina y el Caribe 2024 &#8211; \u00bfC\u00f3mo promover la transformaci\u00f3n productiva que requiere la regi\u00f3n?, se midi\u00f3 la productividad en t\u00e9rminos del aporte de la fuerza laboral al Producto Interno Bruto (PIB) de cada pa\u00eds. Bolivia [&hellip;]<\/p>\n","protected":false},"author":1,"featured_media":248240,"comment_status":"open","ping_status":"open","sticky":false,"template":"","format":"standard","meta":{"_acf_changed":false,"footnotes":""},"categories":[7],"tags":[],"class_list":["post-248239","post","type-post","status-publish","format-standard","has-post-thumbnail","category-economia"],"acf":{"antetitulo":""},"yoast_head":"<!-- This site is optimized with the Yoast SEO plugin v28.3 - https:\/\/yoast.com\/product\/yoast-seo-wordpress\/ -->\n<title>Bolivia entre pa\u00edses con m\u00e1s baja productividad - El Diario - Bolivia<\/title>\n<meta name=\"robots\" content=\"index, follow, max-snippet:-1, max-image-preview:large, max-video-preview:-1\" \/>\n<link rel=\"canonical\" href=\"https:\/\/www.eldiario.net\/portal\/2024\/09\/18\/bolivia-entre-paises-con-mas-baja-productividad\/\" \/>\n<meta property=\"og:locale\" content=\"es_ES\" \/>\n<meta property=\"og:type\" content=\"article\" \/>\n<meta property=\"og:title\" content=\"Bolivia entre pa\u00edses con m\u00e1s baja productividad - El Diario - Bolivia\" \/>\n<meta property=\"og:description\" content=\"De acuerdo al \u00faltimo informe elaborado por la Cepal, denominado Panorama de las Pol\u00edticas de Desarrollo Productivo en Am\u00e9rica Latina y el Caribe 2024 &#8211; \u00bfC\u00f3mo promover la transformaci\u00f3n productiva que requiere la regi\u00f3n?, se midi\u00f3 la productividad en t\u00e9rminos del aporte de la fuerza laboral al Producto Interno Bruto (PIB) de cada pa\u00eds. Bolivia [&hellip;]\" \/>\n<meta property=\"og:url\" content=\"https:\/\/www.eldiario.net\/portal\/2024\/09\/18\/bolivia-entre-paises-con-mas-baja-productividad\/\" \/>\n<meta property=\"og:site_name\" content=\"El Diario - Bolivia\" \/>\n<meta property=\"article:publisher\" content=\"https:\/\/www.facebook.com\/eldiario.bolivia\/\" \/>\n<meta property=\"article:published_time\" content=\"2024-09-18T10:08:47+00:00\" \/>\n<meta property=\"og:image\" content=\"https:\/\/www.eldiario.net\/portal\/wp-content\/uploads\/2024\/09\/cepal.jpg\" \/>\n\t<meta property=\"og:image:width\" content=\"1280\" \/>\n\t<meta property=\"og:image:height\" content=\"679\" \/>\n\t<meta property=\"og:image:type\" content=\"image\/jpeg\" \/>\n<meta name=\"author\" content=\"Jeanette\" \/>\n<meta name=\"twitter:card\" content=\"summary_large_image\" \/>\n<meta name=\"twitter:creator\" content=\"@eldiario_net\" \/>\n<meta name=\"twitter:site\" content=\"@eldiario_net\" \/>\n<meta name=\"twitter:label1\" content=\"Escrito por\" \/>\n\t<meta name=\"twitter:data1\" content=\"Jeanette\" \/>\n\t<meta name=\"twitter:label2\" content=\"Tiempo de lectura\" \/>\n\t<meta name=\"twitter:data2\" content=\"3 minutos\" \/>\n<script type=\"application\/ld+json\" class=\"yoast-schema-graph\">{\"@context\":\"https:\\\/\\\/schema.org\",\"@graph\":[{\"@type\":\"Article\",\"@id\":\"https:\\\/\\\/www.eldiario.net\\\/portal\\\/2024\\\/09\\\/18\\\/bolivia-entre-paises-con-mas-baja-productividad\\\/#article\",\"isPartOf\":{\"@id\":\"https:\\\/\\\/www.eldiario.net\\\/portal\\\/2024\\\/09\\\/18\\\/bolivia-entre-paises-con-mas-baja-productividad\\\/\"},\"author\":{\"name\":\"Jeanette\",\"@id\":\"https:\\\/\\\/www.eldiario.net\\\/portal\\\/#\\\/schema\\\/person\\\/f46445640444750d7d753ccd04ae01b7\"},\"headline\":\"Bolivia entre pa\u00edses con m\u00e1s baja productividad\",\"datePublished\":\"2024-09-18T10:08:47+00:00\",\"mainEntityOfPage\":{\"@id\":\"https:\\\/\\\/www.eldiario.net\\\/portal\\\/2024\\\/09\\\/18\\\/bolivia-entre-paises-con-mas-baja-productividad\\\/\"},\"wordCount\":667,\"commentCount\":0,\"publisher\":{\"@id\":\"https:\\\/\\\/www.eldiario.net\\\/portal\\\/#organization\"},\"image\":{\"@id\":\"https:\\\/\\\/www.eldiario.net\\\/portal\\\/2024\\\/09\\\/18\\\/bolivia-entre-paises-con-mas-baja-productividad\\\/#primaryimage\"},\"thumbnailUrl\":\"https:\\\/\\\/www.eldiario.net\\\/portal\\\/wp-content\\\/uploads\\\/2024\\\/09\\\/cepal.jpg\",\"articleSection\":[\"Econom\u00eda\"],\"inLanguage\":\"es\",\"potentialAction\":[{\"@type\":\"CommentAction\",\"name\":\"Comment\",\"target\":[\"https:\\\/\\\/www.eldiario.net\\\/portal\\\/2024\\\/09\\\/18\\\/bolivia-entre-paises-con-mas-baja-productividad\\\/#respond\"]}]},{\"@type\":\"WebPage\",\"@id\":\"https:\\\/\\\/www.eldiario.net\\\/portal\\\/2024\\\/09\\\/18\\\/bolivia-entre-paises-con-mas-baja-productividad\\\/\",\"url\":\"https:\\\/\\\/www.eldiario.net\\\/portal\\\/2024\\\/09\\\/18\\\/bolivia-entre-paises-con-mas-baja-productividad\\\/\",\"name\":\"Bolivia entre pa\u00edses con m\u00e1s baja productividad - El Diario - Bolivia\",\"isPartOf\":{\"@id\":\"https:\\\/\\\/www.eldiario.net\\\/portal\\\/#website\"},\"primaryImageOfPage\":{\"@id\":\"https:\\\/\\\/www.eldiario.net\\\/portal\\\/2024\\\/09\\\/18\\\/bolivia-entre-paises-con-mas-baja-productividad\\\/#primaryimage\"},\"image\":{\"@id\":\"https:\\\/\\\/www.eldiario.net\\\/portal\\\/2024\\\/09\\\/18\\\/bolivia-entre-paises-con-mas-baja-productividad\\\/#primaryimage\"},\"thumbnailUrl\":\"https:\\\/\\\/www.eldiario.net\\\/portal\\\/wp-content\\\/uploads\\\/2024\\\/09\\\/cepal.jpg\",\"datePublished\":\"2024-09-18T10:08:47+00:00\",\"breadcrumb\":{\"@id\":\"https:\\\/\\\/www.eldiario.net\\\/portal\\\/2024\\\/09\\\/18\\\/bolivia-entre-paises-con-mas-baja-productividad\\\/#breadcrumb\"},\"inLanguage\":\"es\",\"potentialAction\":[{\"@type\":\"ReadAction\",\"target\":[\"https:\\\/\\\/www.eldiario.net\\\/portal\\\/2024\\\/09\\\/18\\\/bolivia-entre-paises-con-mas-baja-productividad\\\/\"]}]},{\"@type\":\"ImageObject\",\"inLanguage\":\"es\",\"@id\":\"https:\\\/\\\/www.eldiario.net\\\/portal\\\/2024\\\/09\\\/18\\\/bolivia-entre-paises-con-mas-baja-productividad\\\/#primaryimage\",\"url\":\"https:\\\/\\\/www.eldiario.net\\\/portal\\\/wp-content\\\/uploads\\\/2024\\\/09\\\/cepal.jpg\",\"contentUrl\":\"https:\\\/\\\/www.eldiario.net\\\/portal\\\/wp-content\\\/uploads\\\/2024\\\/09\\\/cepal.jpg\",\"width\":1280,\"height\":679},{\"@type\":\"BreadcrumbList\",\"@id\":\"https:\\\/\\\/www.eldiario.net\\\/portal\\\/2024\\\/09\\\/18\\\/bolivia-entre-paises-con-mas-baja-productividad\\\/#breadcrumb\",\"itemListElement\":[{\"@type\":\"ListItem\",\"position\":1,\"name\":\"Portada\",\"item\":\"https:\\\/\\\/www.eldiario.net\\\/portal\\\/\"},{\"@type\":\"ListItem\",\"position\":2,\"name\":\"Bolivia entre pa\u00edses con m\u00e1s baja productividad\"}]},{\"@type\":\"WebSite\",\"@id\":\"https:\\\/\\\/www.eldiario.net\\\/portal\\\/#website\",\"url\":\"https:\\\/\\\/www.eldiario.net\\\/portal\\\/\",\"name\":\"El Diario - Decano de la prensa nacional\",\"description\":\"El Diario - Decano de la prensa nacional\",\"publisher\":{\"@id\":\"https:\\\/\\\/www.eldiario.net\\\/portal\\\/#organization\"},\"potentialAction\":[{\"@type\":\"SearchAction\",\"target\":{\"@type\":\"EntryPoint\",\"urlTemplate\":\"https:\\\/\\\/www.eldiario.net\\\/portal\\\/?s={search_term_string}\"},\"query-input\":{\"@type\":\"PropertyValueSpecification\",\"valueRequired\":true,\"valueName\":\"search_term_string\"}}],\"inLanguage\":\"es\"},{\"@type\":\"Organization\",\"@id\":\"https:\\\/\\\/www.eldiario.net\\\/portal\\\/#organization\",\"name\":\"El Diario - Decano de la prensa nacional\",\"url\":\"https:\\\/\\\/www.eldiario.net\\\/portal\\\/\",\"logo\":{\"@type\":\"ImageObject\",\"inLanguage\":\"es\",\"@id\":\"https:\\\/\\\/www.eldiario.net\\\/portal\\\/#\\\/schema\\\/logo\\\/image\\\/\",\"url\":\"https:\\\/\\\/www.eldiario.net\\\/portal\\\/wp-content\\\/uploads\\\/2023\\\/07\\\/logo_ED.jpg\",\"contentUrl\":\"https:\\\/\\\/www.eldiario.net\\\/portal\\\/wp-content\\\/uploads\\\/2023\\\/07\\\/logo_ED.jpg\",\"width\":272,\"height\":52,\"caption\":\"El Diario - Decano de la prensa nacional\"},\"image\":{\"@id\":\"https:\\\/\\\/www.eldiario.net\\\/portal\\\/#\\\/schema\\\/logo\\\/image\\\/\"},\"sameAs\":[\"https:\\\/\\\/www.facebook.com\\\/eldiario.bolivia\\\/\",\"https:\\\/\\\/x.com\\\/eldiario_net\"]},{\"@type\":\"Person\",\"@id\":\"https:\\\/\\\/www.eldiario.net\\\/portal\\\/#\\\/schema\\\/person\\\/f46445640444750d7d753ccd04ae01b7\",\"name\":\"Jeanette\",\"image\":{\"@type\":\"ImageObject\",\"inLanguage\":\"es\",\"@id\":\"https:\\\/\\\/secure.gravatar.com\\\/avatar\\\/3ea2118a5f7dad2b7138b1187a6b7ee55f160b9968b66013c3a3ef39dd7e5798?s=96&d=mm&r=g\",\"url\":\"https:\\\/\\\/secure.gravatar.com\\\/avatar\\\/3ea2118a5f7dad2b7138b1187a6b7ee55f160b9968b66013c3a3ef39dd7e5798?s=96&d=mm&r=g\",\"contentUrl\":\"https:\\\/\\\/secure.gravatar.com\\\/avatar\\\/3ea2118a5f7dad2b7138b1187a6b7ee55f160b9968b66013c3a3ef39dd7e5798?s=96&d=mm&r=g\",\"caption\":\"Jeanette\"},\"sameAs\":[\"https:\\\/\\\/www.eldiario.net\\\/portal\"],\"url\":\"https:\\\/\\\/www.eldiario.net\\\/portal\\\/author\\\/jeanette\\\/\"}]}<\/script>\n<!-- \/ Yoast SEO plugin. -->","yoast_head_json":{"title":"Bolivia entre pa\u00edses con m\u00e1s baja productividad - El Diario - Bolivia","robots":{"index":"index","follow":"follow","max-snippet":"max-snippet:-1","max-image-preview":"max-image-preview:large","max-video-preview":"max-video-preview:-1"},"canonical":"https:\/\/www.eldiario.net\/portal\/2024\/09\/18\/bolivia-entre-paises-con-mas-baja-productividad\/","og_locale":"es_ES","og_type":"article","og_title":"Bolivia entre pa\u00edses con m\u00e1s baja productividad - El Diario - Bolivia","og_description":"De acuerdo al \u00faltimo informe elaborado por la Cepal, denominado Panorama de las Pol\u00edticas de Desarrollo Productivo en Am\u00e9rica Latina y el Caribe 2024 &#8211; \u00bfC\u00f3mo promover la transformaci\u00f3n productiva que requiere la regi\u00f3n?, se midi\u00f3 la productividad en t\u00e9rminos del aporte de la fuerza laboral al Producto Interno Bruto (PIB) de cada pa\u00eds. Bolivia [&hellip;]","og_url":"https:\/\/www.eldiario.net\/portal\/2024\/09\/18\/bolivia-entre-paises-con-mas-baja-productividad\/","og_site_name":"El Diario - Bolivia","article_publisher":"https:\/\/www.facebook.com\/eldiario.bolivia\/","article_published_time":"2024-09-18T10:08:47+00:00","og_image":[{"width":1280,"height":679,"url":"https:\/\/www.eldiario.net\/portal\/wp-content\/uploads\/2024\/09\/cepal.jpg","type":"image\/jpeg"}],"author":"Jeanette","twitter_card":"summary_large_image","twitter_creator":"@eldiario_net","twitter_site":"@eldiario_net","twitter_misc":{"Escrito por":"Jeanette","Tiempo de lectura":"3 minutos"},"schema":{"@context":"https:\/\/schema.org","@graph":[{"@type":"Article","@id":"https:\/\/www.eldiario.net\/portal\/2024\/09\/18\/bolivia-entre-paises-con-mas-baja-productividad\/#article","isPartOf":{"@id":"https:\/\/www.eldiario.net\/portal\/2024\/09\/18\/bolivia-entre-paises-con-mas-baja-productividad\/"},"author":{"name":"Jeanette","@id":"https:\/\/www.eldiario.net\/portal\/#\/schema\/person\/f46445640444750d7d753ccd04ae01b7"},"headline":"Bolivia entre pa\u00edses con m\u00e1s baja productividad","datePublished":"2024-09-18T10:08:47+00:00","mainEntityOfPage":{"@id":"https:\/\/www.eldiario.net\/portal\/2024\/09\/18\/bolivia-entre-paises-con-mas-baja-productividad\/"},"wordCount":667,"commentCount":0,"publisher":{"@id":"https:\/\/www.eldiario.net\/portal\/#organization"},"image":{"@id":"https:\/\/www.eldiario.net\/portal\/2024\/09\/18\/bolivia-entre-paises-con-mas-baja-productividad\/#primaryimage"},"thumbnailUrl":"https:\/\/www.eldiario.net\/portal\/wp-content\/uploads\/2024\/09\/cepal.jpg","articleSection":["Econom\u00eda"],"inLanguage":"es","potentialAction":[{"@type":"CommentAction","name":"Comment","target":["https:\/\/www.eldiario.net\/portal\/2024\/09\/18\/bolivia-entre-paises-con-mas-baja-productividad\/#respond"]}]},{"@type":"WebPage","@id":"https:\/\/www.eldiario.net\/portal\/2024\/09\/18\/bolivia-entre-paises-con-mas-baja-productividad\/","url":"https:\/\/www.eldiario.net\/portal\/2024\/09\/18\/bolivia-entre-paises-con-mas-baja-productividad\/","name":"Bolivia entre pa\u00edses con m\u00e1s baja productividad - El Diario - Bolivia","isPartOf":{"@id":"https:\/\/www.eldiario.net\/portal\/#website"},"primaryImageOfPage":{"@id":"https:\/\/www.eldiario.net\/portal\/2024\/09\/18\/bolivia-entre-paises-con-mas-baja-productividad\/#primaryimage"},"image":{"@id":"https:\/\/www.eldiario.net\/portal\/2024\/09\/18\/bolivia-entre-paises-con-mas-baja-productividad\/#primaryimage"},"thumbnailUrl":"https:\/\/www.eldiario.net\/portal\/wp-content\/uploads\/2024\/09\/cepal.jpg","datePublished":"2024-09-18T10:08:47+00:00","breadcrumb":{"@id":"https:\/\/www.eldiario.net\/portal\/2024\/09\/18\/bolivia-entre-paises-con-mas-baja-productividad\/#breadcrumb"},"inLanguage":"es","potentialAction":[{"@type":"ReadAction","target":["https:\/\/www.eldiario.net\/portal\/2024\/09\/18\/bolivia-entre-paises-con-mas-baja-productividad\/"]}]},{"@type":"ImageObject","inLanguage":"es","@id":"https:\/\/www.eldiario.net\/portal\/2024\/09\/18\/bolivia-entre-paises-con-mas-baja-productividad\/#primaryimage","url":"https:\/\/www.eldiario.net\/portal\/wp-content\/uploads\/2024\/09\/cepal.jpg","contentUrl":"https:\/\/www.eldiario.net\/portal\/wp-content\/uploads\/2024\/09\/cepal.jpg","width":1280,"height":679},{"@type":"BreadcrumbList","@id":"https:\/\/www.eldiario.net\/portal\/2024\/09\/18\/bolivia-entre-paises-con-mas-baja-productividad\/#breadcrumb","itemListElement":[{"@type":"ListItem","position":1,"name":"Portada","item":"https:\/\/www.eldiario.net\/portal\/"},{"@type":"ListItem","position":2,"name":"Bolivia entre pa\u00edses con m\u00e1s baja productividad"}]},{"@type":"WebSite","@id":"https:\/\/www.eldiario.net\/portal\/#website","url":"https:\/\/www.eldiario.net\/portal\/","name":"El Diario - Decano de la prensa nacional","description":"El Diario - Decano de la prensa nacional","publisher":{"@id":"https:\/\/www.eldiario.net\/portal\/#organization"},"potentialAction":[{"@type":"SearchAction","target":{"@type":"EntryPoint","urlTemplate":"https:\/\/www.eldiario.net\/portal\/?s={search_term_string}"},"query-input":{"@type":"PropertyValueSpecification","valueRequired":true,"valueName":"search_term_string"}}],"inLanguage":"es"},{"@type":"Organization","@id":"https:\/\/www.eldiario.net\/portal\/#organization","name":"El Diario - Decano de la prensa nacional","url":"https:\/\/www.eldiario.net\/portal\/","logo":{"@type":"ImageObject","inLanguage":"es","@id":"https:\/\/www.eldiario.net\/portal\/#\/schema\/logo\/image\/","url":"https:\/\/www.eldiario.net\/portal\/wp-content\/uploads\/2023\/07\/logo_ED.jpg","contentUrl":"https:\/\/www.eldiario.net\/portal\/wp-content\/uploads\/2023\/07\/logo_ED.jpg","width":272,"height":52,"caption":"El Diario - Decano de la prensa nacional"},"image":{"@id":"https:\/\/www.eldiario.net\/portal\/#\/schema\/logo\/image\/"},"sameAs":["https:\/\/www.facebook.com\/eldiario.bolivia\/","https:\/\/x.com\/eldiario_net"]},{"@type":"Person","@id":"https:\/\/www.eldiario.net\/portal\/#\/schema\/person\/f46445640444750d7d753ccd04ae01b7","name":"Jeanette","image":{"@type":"ImageObject","inLanguage":"es","@id":"https:\/\/secure.gravatar.com\/avatar\/3ea2118a5f7dad2b7138b1187a6b7ee55f160b9968b66013c3a3ef39dd7e5798?s=96&d=mm&r=g","url":"https:\/\/secure.gravatar.com\/avatar\/3ea2118a5f7dad2b7138b1187a6b7ee55f160b9968b66013c3a3ef39dd7e5798?s=96&d=mm&r=g","contentUrl":"https:\/\/secure.gravatar.com\/avatar\/3ea2118a5f7dad2b7138b1187a6b7ee55f160b9968b66013c3a3ef39dd7e5798?s=96&d=mm&r=g","caption":"Jeanette"},"sameAs":["https:\/\/www.eldiario.net\/portal"],"url":"https:\/\/www.eldiario.net\/portal\/author\/jeanette\/"}]}},"_links":{"self":[{"href":"https:\/\/www.eldiario.net\/portal\/wp-json\/wp\/v2\/posts\/248239","targetHints":{"allow":["GET"]}}],"collection":[{"href":"https:\/\/www.eldiario.net\/portal\/wp-json\/wp\/v2\/posts"}],"about":[{"href":"https:\/\/www.eldiario.net\/portal\/wp-json\/wp\/v2\/types\/post"}],"author":[{"embeddable":true,"href":"https:\/\/www.eldiario.net\/portal\/wp-json\/wp\/v2\/users\/1"}],"replies":[{"embeddable":true,"href":"https:\/\/www.eldiario.net\/portal\/wp-json\/wp\/v2\/comments?post=248239"}],"version-history":[{"count":1,"href":"https:\/\/www.eldiario.net\/portal\/wp-json\/wp\/v2\/posts\/248239\/revisions"}],"predecessor-version":[{"id":248241,"href":"https:\/\/www.eldiario.net\/portal\/wp-json\/wp\/v2\/posts\/248239\/revisions\/248241"}],"wp:featuredmedia":[{"embeddable":true,"href":"https:\/\/www.eldiario.net\/portal\/wp-json\/wp\/v2\/media\/248240"}],"wp:attachment":[{"href":"https:\/\/www.eldiario.net\/portal\/wp-json\/wp\/v2\/media?parent=248239"}],"wp:term":[{"taxonomy":"category","embeddable":true,"href":"https:\/\/www.eldiario.net\/portal\/wp-json\/wp\/v2\/categories?post=248239"},{"taxonomy":"post_tag","embeddable":true,"href":"https:\/\/www.eldiario.net\/portal\/wp-json\/wp\/v2\/tags?post=248239"}],"curies":[{"name":"wp","href":"https:\/\/api.w.org\/{rel}","templated":true}]}}