{"id":248236,"date":"2024-09-18T06:08:21","date_gmt":"2024-09-18T10:08:21","guid":{"rendered":"https:\/\/www.eldiario.net\/portal\/?p=248236"},"modified":"2024-09-18T06:08:21","modified_gmt":"2024-09-18T10:08:21","slug":"exportadores-exigen-mas-acuerdos-comerciales-para-productos-bolivianos","status":"publish","type":"post","link":"https:\/\/www.eldiario.net\/portal\/2024\/09\/18\/exportadores-exigen-mas-acuerdos-comerciales-para-productos-bolivianos\/","title":{"rendered":"Exportadores exigen m\u00e1s acuerdos  comerciales para productos bolivianos"},"content":{"rendered":"<p>Los exportadores piden m\u00e1s acuerdos comerciales para diversificar la oferta en el mercado internacional. Bolivia se qued\u00f3 en el camino, en las negociaciones con la Uni\u00f3n Europea y la CAN. Danilo Velasco, presidente de la C\u00e1mara Nacional de Exportadores de Bolivia (Caneb), manifest\u00f3 que hay potencial de productos nacionales que demandan los consumidores.<br \/>\nVelasco lament\u00f3 que Bolivia no tenga acuerdos comerciales que permitan a la industria nacional a ser m\u00e1s competitivos, as\u00ed como mayor tecnolog\u00eda e inversi\u00f3n extranjera.<br \/>\nEl titular de la Caneb hizo esas declaraciones en la presentaci\u00f3n de un nuevo producto presentado por la C\u00e1mara Nacional de Exportadores de Bolivia, la C\u00e1mara Nacional de Industrias (CNI) y la empresa Compa\u00f1\u00eda de Alimentos Ltda. (Delizia), una bebida vegetal de quinua desarrollada por cient\u00edficos bolivianos, con un gran potencial para el mercado local e internacional.<br \/>\nLa bebida cumple con altos est\u00e1ndares de calidad y es resultado de la investigaci\u00f3n de 10 a\u00f1os. El producto cuenta con una patente registrada a nivel nacional e internacional, se constituye en una muestra del avance hacia una econom\u00eda m\u00e1s sostenible y con productos con mayor valor agregado.<br \/>\nEl desarrollo de este producto es el fruto de a\u00f1os de investigaci\u00f3n para transformar la quinua, un grano ancestral conocido por sus propiedades nutricionales excepcionales. \u201cEste es un hito clave porque por primera vez llevamos al mundo un producto derivado de la quinua que no s\u00f3lo aprovecha su valor nutricional, sino que se coloca en una posici\u00f3n fortalecida para competir en el mercado internacional\u201d, afirm\u00f3 la CEO de Swebol y parte del equipo de investigaci\u00f3n, Patricia Mollinedo.<br \/>\nPor su parte, el presidente de la C\u00e1mara Nacional de Exportadores de Bolivia manifest\u00f3 que \u201ceste producto representa un cambio de paradigma en nuestra oferta exportable\u201d.<br \/>\nA su turno, el presidente de la CNI, Pablo Camacho, destac\u00f3 la visi\u00f3n de Delizia, que apost\u00f3 por este proyecto innovador para el mercado nacional e internacional.<br \/>\nVelasco dijo que existen oportunidades y la muestra es el producto elaborado por investigadores bolivianos, con apoyo privado y cooperaci\u00f3n internacional.<br \/>\nPero existen deficiencias para aprovechar la oferta nacional, debido a que no se tiene acuerdos comerciales, mayor tecnolog\u00eda e inversi\u00f3n extranjera, reflexion\u00f3 el titular de la Caneb a tiempo de valorar a los investigadores bolivianos para mejorar las exportaciones.<br \/>\nAsegur\u00f3 que el producto es el \u00fanico en el mundo, Bolivia tiene mucho potencial en materia de oferta alimenticia, y esto se mostr\u00f3 en ferias internacionales de Alemania y Jap\u00f3n.<br \/>\n\u201cEsto es una peque\u00f1a muestra de lo que puede hacer Bolivia, cuando se refiri\u00f3 al nuevo producto. Bolivia tiene capacidad de exportar s\u00faper alimentos\u201d, apunt\u00f3.<br \/>\nPor ello solicit\u00f3 que se debe trabajar entre el sector p\u00fablico y privado para promocionar los productos bolivianos en mercados internacionales.<\/p>\n","protected":false},"excerpt":{"rendered":"<p>Los exportadores piden m\u00e1s acuerdos comerciales para diversificar la oferta en el mercado internacional. Bolivia se qued\u00f3 en el camino, en las negociaciones con la Uni\u00f3n Europea y la CAN. Danilo Velasco, presidente de la C\u00e1mara Nacional de Exportadores de Bolivia (Caneb), manifest\u00f3 que hay potencial de productos nacionales que demandan los consumidores. Velasco lament\u00f3 [&hellip;]<\/p>\n","protected":false},"author":1,"featured_media":248237,"comment_status":"open","ping_status":"open","sticky":false,"template":"","format":"standard","meta":{"_acf_changed":false,"footnotes":""},"categories":[7],"tags":[],"class_list":["post-248236","post","type-post","status-publish","format-standard","has-post-thumbnail","category-economia"],"acf":{"antetitulo":""},"yoast_head":"<!-- This site is optimized with the Yoast SEO plugin v28.3 - https:\/\/yoast.com\/product\/yoast-seo-wordpress\/ -->\n<title>Exportadores exigen m\u00e1s acuerdos comerciales para productos bolivianos - El Diario - Bolivia<\/title>\n<meta name=\"robots\" content=\"index, follow, max-snippet:-1, max-image-preview:large, max-video-preview:-1\" \/>\n<link rel=\"canonical\" href=\"https:\/\/www.eldiario.net\/portal\/2024\/09\/18\/exportadores-exigen-mas-acuerdos-comerciales-para-productos-bolivianos\/\" \/>\n<meta property=\"og:locale\" content=\"es_ES\" \/>\n<meta property=\"og:type\" content=\"article\" \/>\n<meta property=\"og:title\" content=\"Exportadores exigen m\u00e1s acuerdos comerciales para productos bolivianos - El Diario - Bolivia\" \/>\n<meta property=\"og:description\" content=\"Los exportadores piden m\u00e1s acuerdos comerciales para diversificar la oferta en el mercado internacional. Bolivia se qued\u00f3 en el camino, en las negociaciones con la Uni\u00f3n Europea y la CAN. Danilo Velasco, presidente de la C\u00e1mara Nacional de Exportadores de Bolivia (Caneb), manifest\u00f3 que hay potencial de productos nacionales que demandan los consumidores. Velasco lament\u00f3 [&hellip;]\" \/>\n<meta property=\"og:url\" content=\"https:\/\/www.eldiario.net\/portal\/2024\/09\/18\/exportadores-exigen-mas-acuerdos-comerciales-para-productos-bolivianos\/\" \/>\n<meta property=\"og:site_name\" content=\"El Diario - Bolivia\" \/>\n<meta property=\"article:publisher\" content=\"https:\/\/www.facebook.com\/eldiario.bolivia\/\" \/>\n<meta property=\"article:published_time\" content=\"2024-09-18T10:08:21+00:00\" \/>\n<meta property=\"og:image\" content=\"https:\/\/www.eldiario.net\/portal\/wp-content\/uploads\/2024\/09\/producto-scaled.jpg\" \/>\n\t<meta property=\"og:image:width\" content=\"2560\" \/>\n\t<meta property=\"og:image:height\" content=\"1707\" \/>\n\t<meta property=\"og:image:type\" content=\"image\/jpeg\" \/>\n<meta name=\"author\" content=\"Jeanette\" \/>\n<meta name=\"twitter:card\" content=\"summary_large_image\" \/>\n<meta name=\"twitter:creator\" content=\"@eldiario_net\" \/>\n<meta name=\"twitter:site\" content=\"@eldiario_net\" \/>\n<meta name=\"twitter:label1\" content=\"Escrito por\" \/>\n\t<meta name=\"twitter:data1\" content=\"Jeanette\" \/>\n\t<meta name=\"twitter:label2\" content=\"Tiempo de lectura\" \/>\n\t<meta name=\"twitter:data2\" content=\"3 minutos\" \/>\n<script type=\"application\/ld+json\" class=\"yoast-schema-graph\">{\"@context\":\"https:\\\/\\\/schema.org\",\"@graph\":[{\"@type\":\"Article\",\"@id\":\"https:\\\/\\\/www.eldiario.net\\\/portal\\\/2024\\\/09\\\/18\\\/exportadores-exigen-mas-acuerdos-comerciales-para-productos-bolivianos\\\/#article\",\"isPartOf\":{\"@id\":\"https:\\\/\\\/www.eldiario.net\\\/portal\\\/2024\\\/09\\\/18\\\/exportadores-exigen-mas-acuerdos-comerciales-para-productos-bolivianos\\\/\"},\"author\":{\"name\":\"Jeanette\",\"@id\":\"https:\\\/\\\/www.eldiario.net\\\/portal\\\/#\\\/schema\\\/person\\\/f46445640444750d7d753ccd04ae01b7\"},\"headline\":\"Exportadores exigen m\u00e1s acuerdos comerciales para productos bolivianos\",\"datePublished\":\"2024-09-18T10:08:21+00:00\",\"mainEntityOfPage\":{\"@id\":\"https:\\\/\\\/www.eldiario.net\\\/portal\\\/2024\\\/09\\\/18\\\/exportadores-exigen-mas-acuerdos-comerciales-para-productos-bolivianos\\\/\"},\"wordCount\":487,\"commentCount\":0,\"publisher\":{\"@id\":\"https:\\\/\\\/www.eldiario.net\\\/portal\\\/#organization\"},\"image\":{\"@id\":\"https:\\\/\\\/www.eldiario.net\\\/portal\\\/2024\\\/09\\\/18\\\/exportadores-exigen-mas-acuerdos-comerciales-para-productos-bolivianos\\\/#primaryimage\"},\"thumbnailUrl\":\"https:\\\/\\\/www.eldiario.net\\\/portal\\\/wp-content\\\/uploads\\\/2024\\\/09\\\/producto-scaled.jpg\",\"articleSection\":[\"Econom\u00eda\"],\"inLanguage\":\"es\",\"potentialAction\":[{\"@type\":\"CommentAction\",\"name\":\"Comment\",\"target\":[\"https:\\\/\\\/www.eldiario.net\\\/portal\\\/2024\\\/09\\\/18\\\/exportadores-exigen-mas-acuerdos-comerciales-para-productos-bolivianos\\\/#respond\"]}]},{\"@type\":\"WebPage\",\"@id\":\"https:\\\/\\\/www.eldiario.net\\\/portal\\\/2024\\\/09\\\/18\\\/exportadores-exigen-mas-acuerdos-comerciales-para-productos-bolivianos\\\/\",\"url\":\"https:\\\/\\\/www.eldiario.net\\\/portal\\\/2024\\\/09\\\/18\\\/exportadores-exigen-mas-acuerdos-comerciales-para-productos-bolivianos\\\/\",\"name\":\"Exportadores exigen m\u00e1s acuerdos comerciales para productos bolivianos - El Diario - Bolivia\",\"isPartOf\":{\"@id\":\"https:\\\/\\\/www.eldiario.net\\\/portal\\\/#website\"},\"primaryImageOfPage\":{\"@id\":\"https:\\\/\\\/www.eldiario.net\\\/portal\\\/2024\\\/09\\\/18\\\/exportadores-exigen-mas-acuerdos-comerciales-para-productos-bolivianos\\\/#primaryimage\"},\"image\":{\"@id\":\"https:\\\/\\\/www.eldiario.net\\\/portal\\\/2024\\\/09\\\/18\\\/exportadores-exigen-mas-acuerdos-comerciales-para-productos-bolivianos\\\/#primaryimage\"},\"thumbnailUrl\":\"https:\\\/\\\/www.eldiario.net\\\/portal\\\/wp-content\\\/uploads\\\/2024\\\/09\\\/producto-scaled.jpg\",\"datePublished\":\"2024-09-18T10:08:21+00:00\",\"breadcrumb\":{\"@id\":\"https:\\\/\\\/www.eldiario.net\\\/portal\\\/2024\\\/09\\\/18\\\/exportadores-exigen-mas-acuerdos-comerciales-para-productos-bolivianos\\\/#breadcrumb\"},\"inLanguage\":\"es\",\"potentialAction\":[{\"@type\":\"ReadAction\",\"target\":[\"https:\\\/\\\/www.eldiario.net\\\/portal\\\/2024\\\/09\\\/18\\\/exportadores-exigen-mas-acuerdos-comerciales-para-productos-bolivianos\\\/\"]}]},{\"@type\":\"ImageObject\",\"inLanguage\":\"es\",\"@id\":\"https:\\\/\\\/www.eldiario.net\\\/portal\\\/2024\\\/09\\\/18\\\/exportadores-exigen-mas-acuerdos-comerciales-para-productos-bolivianos\\\/#primaryimage\",\"url\":\"https:\\\/\\\/www.eldiario.net\\\/portal\\\/wp-content\\\/uploads\\\/2024\\\/09\\\/producto-scaled.jpg\",\"contentUrl\":\"https:\\\/\\\/www.eldiario.net\\\/portal\\\/wp-content\\\/uploads\\\/2024\\\/09\\\/producto-scaled.jpg\",\"width\":2560,\"height\":1707,\"caption\":\"presentaci\u00f3n del nuevo producto.\"},{\"@type\":\"BreadcrumbList\",\"@id\":\"https:\\\/\\\/www.eldiario.net\\\/portal\\\/2024\\\/09\\\/18\\\/exportadores-exigen-mas-acuerdos-comerciales-para-productos-bolivianos\\\/#breadcrumb\",\"itemListElement\":[{\"@type\":\"ListItem\",\"position\":1,\"name\":\"Portada\",\"item\":\"https:\\\/\\\/www.eldiario.net\\\/portal\\\/\"},{\"@type\":\"ListItem\",\"position\":2,\"name\":\"Exportadores exigen m\u00e1s acuerdos comerciales para productos bolivianos\"}]},{\"@type\":\"WebSite\",\"@id\":\"https:\\\/\\\/www.eldiario.net\\\/portal\\\/#website\",\"url\":\"https:\\\/\\\/www.eldiario.net\\\/portal\\\/\",\"name\":\"El Diario - Decano de la prensa nacional\",\"description\":\"El Diario - Decano de la prensa nacional\",\"publisher\":{\"@id\":\"https:\\\/\\\/www.eldiario.net\\\/portal\\\/#organization\"},\"potentialAction\":[{\"@type\":\"SearchAction\",\"target\":{\"@type\":\"EntryPoint\",\"urlTemplate\":\"https:\\\/\\\/www.eldiario.net\\\/portal\\\/?s={search_term_string}\"},\"query-input\":{\"@type\":\"PropertyValueSpecification\",\"valueRequired\":true,\"valueName\":\"search_term_string\"}}],\"inLanguage\":\"es\"},{\"@type\":\"Organization\",\"@id\":\"https:\\\/\\\/www.eldiario.net\\\/portal\\\/#organization\",\"name\":\"El Diario - Decano de la prensa nacional\",\"url\":\"https:\\\/\\\/www.eldiario.net\\\/portal\\\/\",\"logo\":{\"@type\":\"ImageObject\",\"inLanguage\":\"es\",\"@id\":\"https:\\\/\\\/www.eldiario.net\\\/portal\\\/#\\\/schema\\\/logo\\\/image\\\/\",\"url\":\"https:\\\/\\\/www.eldiario.net\\\/portal\\\/wp-content\\\/uploads\\\/2023\\\/07\\\/logo_ED.jpg\",\"contentUrl\":\"https:\\\/\\\/www.eldiario.net\\\/portal\\\/wp-content\\\/uploads\\\/2023\\\/07\\\/logo_ED.jpg\",\"width\":272,\"height\":52,\"caption\":\"El Diario - Decano de la prensa nacional\"},\"image\":{\"@id\":\"https:\\\/\\\/www.eldiario.net\\\/portal\\\/#\\\/schema\\\/logo\\\/image\\\/\"},\"sameAs\":[\"https:\\\/\\\/www.facebook.com\\\/eldiario.bolivia\\\/\",\"https:\\\/\\\/x.com\\\/eldiario_net\"]},{\"@type\":\"Person\",\"@id\":\"https:\\\/\\\/www.eldiario.net\\\/portal\\\/#\\\/schema\\\/person\\\/f46445640444750d7d753ccd04ae01b7\",\"name\":\"Jeanette\",\"image\":{\"@type\":\"ImageObject\",\"inLanguage\":\"es\",\"@id\":\"https:\\\/\\\/secure.gravatar.com\\\/avatar\\\/3ea2118a5f7dad2b7138b1187a6b7ee55f160b9968b66013c3a3ef39dd7e5798?s=96&d=mm&r=g\",\"url\":\"https:\\\/\\\/secure.gravatar.com\\\/avatar\\\/3ea2118a5f7dad2b7138b1187a6b7ee55f160b9968b66013c3a3ef39dd7e5798?s=96&d=mm&r=g\",\"contentUrl\":\"https:\\\/\\\/secure.gravatar.com\\\/avatar\\\/3ea2118a5f7dad2b7138b1187a6b7ee55f160b9968b66013c3a3ef39dd7e5798?s=96&d=mm&r=g\",\"caption\":\"Jeanette\"},\"sameAs\":[\"https:\\\/\\\/www.eldiario.net\\\/portal\"],\"url\":\"https:\\\/\\\/www.eldiario.net\\\/portal\\\/author\\\/jeanette\\\/\"}]}<\/script>\n<!-- \/ Yoast SEO plugin. -->","yoast_head_json":{"title":"Exportadores exigen m\u00e1s acuerdos comerciales para productos bolivianos - El Diario - Bolivia","robots":{"index":"index","follow":"follow","max-snippet":"max-snippet:-1","max-image-preview":"max-image-preview:large","max-video-preview":"max-video-preview:-1"},"canonical":"https:\/\/www.eldiario.net\/portal\/2024\/09\/18\/exportadores-exigen-mas-acuerdos-comerciales-para-productos-bolivianos\/","og_locale":"es_ES","og_type":"article","og_title":"Exportadores exigen m\u00e1s acuerdos comerciales para productos bolivianos - El Diario - Bolivia","og_description":"Los exportadores piden m\u00e1s acuerdos comerciales para diversificar la oferta en el mercado internacional. Bolivia se qued\u00f3 en el camino, en las negociaciones con la Uni\u00f3n Europea y la CAN. Danilo Velasco, presidente de la C\u00e1mara Nacional de Exportadores de Bolivia (Caneb), manifest\u00f3 que hay potencial de productos nacionales que demandan los consumidores. Velasco lament\u00f3 [&hellip;]","og_url":"https:\/\/www.eldiario.net\/portal\/2024\/09\/18\/exportadores-exigen-mas-acuerdos-comerciales-para-productos-bolivianos\/","og_site_name":"El Diario - Bolivia","article_publisher":"https:\/\/www.facebook.com\/eldiario.bolivia\/","article_published_time":"2024-09-18T10:08:21+00:00","og_image":[{"width":2560,"height":1707,"url":"https:\/\/www.eldiario.net\/portal\/wp-content\/uploads\/2024\/09\/producto-scaled.jpg","type":"image\/jpeg"}],"author":"Jeanette","twitter_card":"summary_large_image","twitter_creator":"@eldiario_net","twitter_site":"@eldiario_net","twitter_misc":{"Escrito por":"Jeanette","Tiempo de lectura":"3 minutos"},"schema":{"@context":"https:\/\/schema.org","@graph":[{"@type":"Article","@id":"https:\/\/www.eldiario.net\/portal\/2024\/09\/18\/exportadores-exigen-mas-acuerdos-comerciales-para-productos-bolivianos\/#article","isPartOf":{"@id":"https:\/\/www.eldiario.net\/portal\/2024\/09\/18\/exportadores-exigen-mas-acuerdos-comerciales-para-productos-bolivianos\/"},"author":{"name":"Jeanette","@id":"https:\/\/www.eldiario.net\/portal\/#\/schema\/person\/f46445640444750d7d753ccd04ae01b7"},"headline":"Exportadores exigen m\u00e1s acuerdos comerciales para productos bolivianos","datePublished":"2024-09-18T10:08:21+00:00","mainEntityOfPage":{"@id":"https:\/\/www.eldiario.net\/portal\/2024\/09\/18\/exportadores-exigen-mas-acuerdos-comerciales-para-productos-bolivianos\/"},"wordCount":487,"commentCount":0,"publisher":{"@id":"https:\/\/www.eldiario.net\/portal\/#organization"},"image":{"@id":"https:\/\/www.eldiario.net\/portal\/2024\/09\/18\/exportadores-exigen-mas-acuerdos-comerciales-para-productos-bolivianos\/#primaryimage"},"thumbnailUrl":"https:\/\/www.eldiario.net\/portal\/wp-content\/uploads\/2024\/09\/producto-scaled.jpg","articleSection":["Econom\u00eda"],"inLanguage":"es","potentialAction":[{"@type":"CommentAction","name":"Comment","target":["https:\/\/www.eldiario.net\/portal\/2024\/09\/18\/exportadores-exigen-mas-acuerdos-comerciales-para-productos-bolivianos\/#respond"]}]},{"@type":"WebPage","@id":"https:\/\/www.eldiario.net\/portal\/2024\/09\/18\/exportadores-exigen-mas-acuerdos-comerciales-para-productos-bolivianos\/","url":"https:\/\/www.eldiario.net\/portal\/2024\/09\/18\/exportadores-exigen-mas-acuerdos-comerciales-para-productos-bolivianos\/","name":"Exportadores exigen m\u00e1s acuerdos comerciales para productos bolivianos - El Diario - Bolivia","isPartOf":{"@id":"https:\/\/www.eldiario.net\/portal\/#website"},"primaryImageOfPage":{"@id":"https:\/\/www.eldiario.net\/portal\/2024\/09\/18\/exportadores-exigen-mas-acuerdos-comerciales-para-productos-bolivianos\/#primaryimage"},"image":{"@id":"https:\/\/www.eldiario.net\/portal\/2024\/09\/18\/exportadores-exigen-mas-acuerdos-comerciales-para-productos-bolivianos\/#primaryimage"},"thumbnailUrl":"https:\/\/www.eldiario.net\/portal\/wp-content\/uploads\/2024\/09\/producto-scaled.jpg","datePublished":"2024-09-18T10:08:21+00:00","breadcrumb":{"@id":"https:\/\/www.eldiario.net\/portal\/2024\/09\/18\/exportadores-exigen-mas-acuerdos-comerciales-para-productos-bolivianos\/#breadcrumb"},"inLanguage":"es","potentialAction":[{"@type":"ReadAction","target":["https:\/\/www.eldiario.net\/portal\/2024\/09\/18\/exportadores-exigen-mas-acuerdos-comerciales-para-productos-bolivianos\/"]}]},{"@type":"ImageObject","inLanguage":"es","@id":"https:\/\/www.eldiario.net\/portal\/2024\/09\/18\/exportadores-exigen-mas-acuerdos-comerciales-para-productos-bolivianos\/#primaryimage","url":"https:\/\/www.eldiario.net\/portal\/wp-content\/uploads\/2024\/09\/producto-scaled.jpg","contentUrl":"https:\/\/www.eldiario.net\/portal\/wp-content\/uploads\/2024\/09\/producto-scaled.jpg","width":2560,"height":1707,"caption":"presentaci\u00f3n del nuevo producto."},{"@type":"BreadcrumbList","@id":"https:\/\/www.eldiario.net\/portal\/2024\/09\/18\/exportadores-exigen-mas-acuerdos-comerciales-para-productos-bolivianos\/#breadcrumb","itemListElement":[{"@type":"ListItem","position":1,"name":"Portada","item":"https:\/\/www.eldiario.net\/portal\/"},{"@type":"ListItem","position":2,"name":"Exportadores exigen m\u00e1s acuerdos comerciales para productos bolivianos"}]},{"@type":"WebSite","@id":"https:\/\/www.eldiario.net\/portal\/#website","url":"https:\/\/www.eldiario.net\/portal\/","name":"El Diario - Decano de la prensa nacional","description":"El Diario - Decano de la prensa nacional","publisher":{"@id":"https:\/\/www.eldiario.net\/portal\/#organization"},"potentialAction":[{"@type":"SearchAction","target":{"@type":"EntryPoint","urlTemplate":"https:\/\/www.eldiario.net\/portal\/?s={search_term_string}"},"query-input":{"@type":"PropertyValueSpecification","valueRequired":true,"valueName":"search_term_string"}}],"inLanguage":"es"},{"@type":"Organization","@id":"https:\/\/www.eldiario.net\/portal\/#organization","name":"El Diario - Decano de la prensa nacional","url":"https:\/\/www.eldiario.net\/portal\/","logo":{"@type":"ImageObject","inLanguage":"es","@id":"https:\/\/www.eldiario.net\/portal\/#\/schema\/logo\/image\/","url":"https:\/\/www.eldiario.net\/portal\/wp-content\/uploads\/2023\/07\/logo_ED.jpg","contentUrl":"https:\/\/www.eldiario.net\/portal\/wp-content\/uploads\/2023\/07\/logo_ED.jpg","width":272,"height":52,"caption":"El Diario - Decano de la prensa nacional"},"image":{"@id":"https:\/\/www.eldiario.net\/portal\/#\/schema\/logo\/image\/"},"sameAs":["https:\/\/www.facebook.com\/eldiario.bolivia\/","https:\/\/x.com\/eldiario_net"]},{"@type":"Person","@id":"https:\/\/www.eldiario.net\/portal\/#\/schema\/person\/f46445640444750d7d753ccd04ae01b7","name":"Jeanette","image":{"@type":"ImageObject","inLanguage":"es","@id":"https:\/\/secure.gravatar.com\/avatar\/3ea2118a5f7dad2b7138b1187a6b7ee55f160b9968b66013c3a3ef39dd7e5798?s=96&d=mm&r=g","url":"https:\/\/secure.gravatar.com\/avatar\/3ea2118a5f7dad2b7138b1187a6b7ee55f160b9968b66013c3a3ef39dd7e5798?s=96&d=mm&r=g","contentUrl":"https:\/\/secure.gravatar.com\/avatar\/3ea2118a5f7dad2b7138b1187a6b7ee55f160b9968b66013c3a3ef39dd7e5798?s=96&d=mm&r=g","caption":"Jeanette"},"sameAs":["https:\/\/www.eldiario.net\/portal"],"url":"https:\/\/www.eldiario.net\/portal\/author\/jeanette\/"}]}},"_links":{"self":[{"href":"https:\/\/www.eldiario.net\/portal\/wp-json\/wp\/v2\/posts\/248236","targetHints":{"allow":["GET"]}}],"collection":[{"href":"https:\/\/www.eldiario.net\/portal\/wp-json\/wp\/v2\/posts"}],"about":[{"href":"https:\/\/www.eldiario.net\/portal\/wp-json\/wp\/v2\/types\/post"}],"author":[{"embeddable":true,"href":"https:\/\/www.eldiario.net\/portal\/wp-json\/wp\/v2\/users\/1"}],"replies":[{"embeddable":true,"href":"https:\/\/www.eldiario.net\/portal\/wp-json\/wp\/v2\/comments?post=248236"}],"version-history":[{"count":1,"href":"https:\/\/www.eldiario.net\/portal\/wp-json\/wp\/v2\/posts\/248236\/revisions"}],"predecessor-version":[{"id":248238,"href":"https:\/\/www.eldiario.net\/portal\/wp-json\/wp\/v2\/posts\/248236\/revisions\/248238"}],"wp:featuredmedia":[{"embeddable":true,"href":"https:\/\/www.eldiario.net\/portal\/wp-json\/wp\/v2\/media\/248237"}],"wp:attachment":[{"href":"https:\/\/www.eldiario.net\/portal\/wp-json\/wp\/v2\/media?parent=248236"}],"wp:term":[{"taxonomy":"category","embeddable":true,"href":"https:\/\/www.eldiario.net\/portal\/wp-json\/wp\/v2\/categories?post=248236"},{"taxonomy":"post_tag","embeddable":true,"href":"https:\/\/www.eldiario.net\/portal\/wp-json\/wp\/v2\/tags?post=248236"}],"curies":[{"name":"wp","href":"https:\/\/api.w.org\/{rel}","templated":true}]}}