{"id":248234,"date":"2024-09-18T06:07:37","date_gmt":"2024-09-18T10:07:37","guid":{"rendered":"https:\/\/www.eldiario.net\/portal\/?p=248234"},"modified":"2024-09-18T06:07:37","modified_gmt":"2024-09-18T10:07:37","slug":"elecciones-judiciales-sin-garantia-de-cambio","status":"publish","type":"post","link":"https:\/\/www.eldiario.net\/portal\/2024\/09\/18\/elecciones-judiciales-sin-garantia-de-cambio\/","title":{"rendered":"Elecciones judiciales sin garant\u00eda de cambio"},"content":{"rendered":"<p>Las elecciones judiciales podr\u00edan ser un nuevo intento porfiado para reducir el desprestigio que el Poder Judicial tiene desde hace tiempo. Sin embargo, parece ser que ser\u00e1 una simple sustituci\u00f3n de personas.<br \/>\nA pesar de la expresi\u00f3n democr\u00e1tica que significa votar, existe desde ahora apat\u00eda, frustraci\u00f3n y desencanto: esa elecci\u00f3n no servir\u00e1, seg\u00fan opini\u00f3n de muchos, para conseguir el pretendido prop\u00f3sito de mejorar la administraci\u00f3n de la justicia.<br \/>\nLa justicia en un juicio se manifiesta en lo que decide el juez. El juez es la justicia. Para que eso sea expresi\u00f3n de verdad, se necesita sabidur\u00eda &#8211;el solo conocimiento no basta&#8211;, principios morales, autonom\u00eda, independencia e imparcialidad. Se precisa que el juez est\u00e9 blindado ante la perseverante influencia de los pol\u00edticos, resistir a la gesti\u00f3n de abogados incitadores que nunca faltan, y rechazar las tentaciones que llegan desde los litigantes corruptores. Se requiere ser un juzgador a toda prueba, que reh\u00fase con firmeza las instrucciones de ministros, parlamentarios y movimientos sociales, dando a entender en todo momento que se trata de principios morales: de juzgar con probidad.<br \/>\nSi no fuera de esa manera, es dif\u00edcil tener esperanza para una administraci\u00f3n de justicia sin mancha en todo tiempo. Es p\u00e9rdida de tiempo y dinero, un abuso a la credulidad del pueblo, induci\u00e9ndole a creer en algo que no podr\u00e1 ser.<br \/>\nAdem\u00e1s, los pa\u00edses integrantes del Socialismo del Siglo XXI, se obligan sin alternativa e someter a los Poderes del Estado bajo el dominio de un solo poder: el Ejecutivo; tal como sucede en Cuba, Venezuela y Nicaragua, y se intenta en Colombia y Chile, hasta ahora sin resultado visible.<br \/>\nAdem\u00e1s, si los abogados se postulan bajo el patrocinio de una sigla pol\u00edtica, crece la duda de que sean magistrados id\u00f3neos: ya tienen amos a qui\u00e9nes servir y obedecer. De manera que exigir se cumpla la independencia de poderes no es tarea f\u00e1cil: es luchar arduamente, como queriendo dejar surcos entre las olas del mar.<br \/>\nA pesar de tanto obst\u00e1culo, queda la expectativa &#8211;m\u00e1s bien parece un deseo reprimido&#8211; para que los nuevos magistrados empiecen una nueva versi\u00f3n de hombres y mujeres decididos a cambiar la imagen de la justicia, a lavarle la cara, botar la toga sucia que huele a dinero, trasminada de soborno y corrupci\u00f3n. Porque el primer cambio est\u00e1 en la voluntad de cada magistrado, en la decisi\u00f3n de cada juez, es un paso indispensable para iniciar cualquier reforma; a veces se quiere dar a entender que no existir\u00e1n jueces intachables mientras no sean dictadas leyes nuevas.<br \/>\nEl consuelo tambi\u00e9n puede ser que saldr\u00e1n los ileg\u00edtimos (llamados autoprorrogados) y con eso termine el infamante papel de los actuales impostores (\u201cNadie puede ser juez en causa propia\u201d). Lo importante es que se vayan tan pronto como sea posible.<br \/>\nNo se sabe a ciencia cierta qu\u00e9 cambios habr\u00e1 con los nuevos, si sus actuaciones ser\u00e1n reivindicantes, o ser\u00e1n peores a los actuales; pues como se est\u00e1 viendo la corrupci\u00f3n no tiene l\u00edmites. Sin olvidar que en el instante de aceptar la \u00abmordida\u00bb y de negociar el cohecho, la decisi\u00f3n es del magistrado o del juez. Que sean buenos jueces es la expectativa como un sentimiento de agobio por encontrar justicia en este ambiente donde el acto justo resulta extra\u00f1o.<br \/>\nPorque ninguno de los elegidos entregar\u00e1 en garant\u00eda una \u00abp\u00f3liza para juzgar bien\u00bb, ex\u00e1menes de \u00e9tica no se han tomado, pruebas de honestidad tampoco. Despu\u00e9s de las chicaner\u00edas propias de la pol\u00edtica sucia el intento est\u00e1 consumado; el voto consigna predominar\u00e1 entre los electores y la farsa ser\u00e1 el primer d\u00eda de diciembre.<\/p>\n<p>El autor es periodista.<\/p>\n","protected":false},"excerpt":{"rendered":"<p>Las elecciones judiciales podr\u00edan ser un nuevo intento porfiado para reducir el desprestigio que el Poder Judicial tiene desde hace tiempo. Sin embargo, parece ser que ser\u00e1 una simple sustituci\u00f3n de personas. A pesar de la expresi\u00f3n democr\u00e1tica que significa votar, existe desde ahora apat\u00eda, frustraci\u00f3n y desencanto: esa elecci\u00f3n no servir\u00e1, seg\u00fan opini\u00f3n de [&hellip;]<\/p>\n","protected":false},"author":1,"featured_media":166360,"comment_status":"open","ping_status":"open","sticky":false,"template":"","format":"standard","meta":{"_acf_changed":false,"footnotes":""},"categories":[9],"tags":[],"class_list":["post-248234","post","type-post","status-publish","format-standard","has-post-thumbnail","category-opinion"],"acf":{"antetitulo":""},"yoast_head":"<!-- This site is optimized with the Yoast SEO plugin v28.3 - https:\/\/yoast.com\/product\/yoast-seo-wordpress\/ -->\n<title>Elecciones judiciales sin garant\u00eda de cambio - El Diario - Bolivia<\/title>\n<meta name=\"robots\" content=\"index, follow, max-snippet:-1, max-image-preview:large, max-video-preview:-1\" \/>\n<link rel=\"canonical\" href=\"https:\/\/www.eldiario.net\/portal\/2024\/09\/18\/elecciones-judiciales-sin-garantia-de-cambio\/\" \/>\n<meta property=\"og:locale\" content=\"es_ES\" \/>\n<meta property=\"og:type\" content=\"article\" \/>\n<meta property=\"og:title\" content=\"Elecciones judiciales sin garant\u00eda de cambio - El Diario - Bolivia\" \/>\n<meta property=\"og:description\" content=\"Las elecciones judiciales podr\u00edan ser un nuevo intento porfiado para reducir el desprestigio que el Poder Judicial tiene desde hace tiempo. Sin embargo, parece ser que ser\u00e1 una simple sustituci\u00f3n de personas. A pesar de la expresi\u00f3n democr\u00e1tica que significa votar, existe desde ahora apat\u00eda, frustraci\u00f3n y desencanto: esa elecci\u00f3n no servir\u00e1, seg\u00fan opini\u00f3n de [&hellip;]\" \/>\n<meta property=\"og:url\" content=\"https:\/\/www.eldiario.net\/portal\/2024\/09\/18\/elecciones-judiciales-sin-garantia-de-cambio\/\" \/>\n<meta property=\"og:site_name\" content=\"El Diario - Bolivia\" \/>\n<meta property=\"article:publisher\" content=\"https:\/\/www.facebook.com\/eldiario.bolivia\/\" \/>\n<meta property=\"article:published_time\" content=\"2024-09-18T10:07:37+00:00\" \/>\n<meta property=\"og:image\" content=\"https:\/\/www.eldiario.net\/portal\/wp-content\/uploads\/2023\/07\/Mario-Malpartida.jpg\" \/>\n\t<meta property=\"og:image:width\" content=\"1200\" \/>\n\t<meta property=\"og:image:height\" content=\"628\" \/>\n\t<meta property=\"og:image:type\" content=\"image\/jpeg\" \/>\n<meta name=\"author\" content=\"Jeanette\" \/>\n<meta name=\"twitter:card\" content=\"summary_large_image\" \/>\n<meta name=\"twitter:creator\" content=\"@eldiario_net\" \/>\n<meta name=\"twitter:site\" content=\"@eldiario_net\" \/>\n<meta name=\"twitter:label1\" content=\"Escrito por\" \/>\n\t<meta name=\"twitter:data1\" content=\"Jeanette\" \/>\n\t<meta name=\"twitter:label2\" content=\"Tiempo de lectura\" \/>\n\t<meta name=\"twitter:data2\" content=\"3 minutos\" \/>\n<script type=\"application\/ld+json\" class=\"yoast-schema-graph\">{\"@context\":\"https:\\\/\\\/schema.org\",\"@graph\":[{\"@type\":\"Article\",\"@id\":\"https:\\\/\\\/www.eldiario.net\\\/portal\\\/2024\\\/09\\\/18\\\/elecciones-judiciales-sin-garantia-de-cambio\\\/#article\",\"isPartOf\":{\"@id\":\"https:\\\/\\\/www.eldiario.net\\\/portal\\\/2024\\\/09\\\/18\\\/elecciones-judiciales-sin-garantia-de-cambio\\\/\"},\"author\":{\"name\":\"Jeanette\",\"@id\":\"https:\\\/\\\/www.eldiario.net\\\/portal\\\/#\\\/schema\\\/person\\\/f46445640444750d7d753ccd04ae01b7\"},\"headline\":\"Elecciones judiciales sin garant\u00eda de cambio\",\"datePublished\":\"2024-09-18T10:07:37+00:00\",\"mainEntityOfPage\":{\"@id\":\"https:\\\/\\\/www.eldiario.net\\\/portal\\\/2024\\\/09\\\/18\\\/elecciones-judiciales-sin-garantia-de-cambio\\\/\"},\"wordCount\":652,\"commentCount\":0,\"publisher\":{\"@id\":\"https:\\\/\\\/www.eldiario.net\\\/portal\\\/#organization\"},\"image\":{\"@id\":\"https:\\\/\\\/www.eldiario.net\\\/portal\\\/2024\\\/09\\\/18\\\/elecciones-judiciales-sin-garantia-de-cambio\\\/#primaryimage\"},\"thumbnailUrl\":\"https:\\\/\\\/www.eldiario.net\\\/portal\\\/wp-content\\\/uploads\\\/2023\\\/07\\\/Mario-Malpartida.jpg\",\"articleSection\":[\"Opini\u00f3n\"],\"inLanguage\":\"es\",\"potentialAction\":[{\"@type\":\"CommentAction\",\"name\":\"Comment\",\"target\":[\"https:\\\/\\\/www.eldiario.net\\\/portal\\\/2024\\\/09\\\/18\\\/elecciones-judiciales-sin-garantia-de-cambio\\\/#respond\"]}]},{\"@type\":\"WebPage\",\"@id\":\"https:\\\/\\\/www.eldiario.net\\\/portal\\\/2024\\\/09\\\/18\\\/elecciones-judiciales-sin-garantia-de-cambio\\\/\",\"url\":\"https:\\\/\\\/www.eldiario.net\\\/portal\\\/2024\\\/09\\\/18\\\/elecciones-judiciales-sin-garantia-de-cambio\\\/\",\"name\":\"Elecciones judiciales sin garant\u00eda de cambio - El Diario - Bolivia\",\"isPartOf\":{\"@id\":\"https:\\\/\\\/www.eldiario.net\\\/portal\\\/#website\"},\"primaryImageOfPage\":{\"@id\":\"https:\\\/\\\/www.eldiario.net\\\/portal\\\/2024\\\/09\\\/18\\\/elecciones-judiciales-sin-garantia-de-cambio\\\/#primaryimage\"},\"image\":{\"@id\":\"https:\\\/\\\/www.eldiario.net\\\/portal\\\/2024\\\/09\\\/18\\\/elecciones-judiciales-sin-garantia-de-cambio\\\/#primaryimage\"},\"thumbnailUrl\":\"https:\\\/\\\/www.eldiario.net\\\/portal\\\/wp-content\\\/uploads\\\/2023\\\/07\\\/Mario-Malpartida.jpg\",\"datePublished\":\"2024-09-18T10:07:37+00:00\",\"breadcrumb\":{\"@id\":\"https:\\\/\\\/www.eldiario.net\\\/portal\\\/2024\\\/09\\\/18\\\/elecciones-judiciales-sin-garantia-de-cambio\\\/#breadcrumb\"},\"inLanguage\":\"es\",\"potentialAction\":[{\"@type\":\"ReadAction\",\"target\":[\"https:\\\/\\\/www.eldiario.net\\\/portal\\\/2024\\\/09\\\/18\\\/elecciones-judiciales-sin-garantia-de-cambio\\\/\"]}]},{\"@type\":\"ImageObject\",\"inLanguage\":\"es\",\"@id\":\"https:\\\/\\\/www.eldiario.net\\\/portal\\\/2024\\\/09\\\/18\\\/elecciones-judiciales-sin-garantia-de-cambio\\\/#primaryimage\",\"url\":\"https:\\\/\\\/www.eldiario.net\\\/portal\\\/wp-content\\\/uploads\\\/2023\\\/07\\\/Mario-Malpartida.jpg\",\"contentUrl\":\"https:\\\/\\\/www.eldiario.net\\\/portal\\\/wp-content\\\/uploads\\\/2023\\\/07\\\/Mario-Malpartida.jpg\",\"width\":1200,\"height\":628,\"caption\":\"Mario Malpartida\"},{\"@type\":\"BreadcrumbList\",\"@id\":\"https:\\\/\\\/www.eldiario.net\\\/portal\\\/2024\\\/09\\\/18\\\/elecciones-judiciales-sin-garantia-de-cambio\\\/#breadcrumb\",\"itemListElement\":[{\"@type\":\"ListItem\",\"position\":1,\"name\":\"Portada\",\"item\":\"https:\\\/\\\/www.eldiario.net\\\/portal\\\/\"},{\"@type\":\"ListItem\",\"position\":2,\"name\":\"Elecciones judiciales sin garant\u00eda de cambio\"}]},{\"@type\":\"WebSite\",\"@id\":\"https:\\\/\\\/www.eldiario.net\\\/portal\\\/#website\",\"url\":\"https:\\\/\\\/www.eldiario.net\\\/portal\\\/\",\"name\":\"El Diario - Decano de la prensa nacional\",\"description\":\"El Diario - Decano de la prensa nacional\",\"publisher\":{\"@id\":\"https:\\\/\\\/www.eldiario.net\\\/portal\\\/#organization\"},\"potentialAction\":[{\"@type\":\"SearchAction\",\"target\":{\"@type\":\"EntryPoint\",\"urlTemplate\":\"https:\\\/\\\/www.eldiario.net\\\/portal\\\/?s={search_term_string}\"},\"query-input\":{\"@type\":\"PropertyValueSpecification\",\"valueRequired\":true,\"valueName\":\"search_term_string\"}}],\"inLanguage\":\"es\"},{\"@type\":\"Organization\",\"@id\":\"https:\\\/\\\/www.eldiario.net\\\/portal\\\/#organization\",\"name\":\"El Diario - Decano de la prensa nacional\",\"url\":\"https:\\\/\\\/www.eldiario.net\\\/portal\\\/\",\"logo\":{\"@type\":\"ImageObject\",\"inLanguage\":\"es\",\"@id\":\"https:\\\/\\\/www.eldiario.net\\\/portal\\\/#\\\/schema\\\/logo\\\/image\\\/\",\"url\":\"https:\\\/\\\/www.eldiario.net\\\/portal\\\/wp-content\\\/uploads\\\/2023\\\/07\\\/logo_ED.jpg\",\"contentUrl\":\"https:\\\/\\\/www.eldiario.net\\\/portal\\\/wp-content\\\/uploads\\\/2023\\\/07\\\/logo_ED.jpg\",\"width\":272,\"height\":52,\"caption\":\"El Diario - Decano de la prensa nacional\"},\"image\":{\"@id\":\"https:\\\/\\\/www.eldiario.net\\\/portal\\\/#\\\/schema\\\/logo\\\/image\\\/\"},\"sameAs\":[\"https:\\\/\\\/www.facebook.com\\\/eldiario.bolivia\\\/\",\"https:\\\/\\\/x.com\\\/eldiario_net\"]},{\"@type\":\"Person\",\"@id\":\"https:\\\/\\\/www.eldiario.net\\\/portal\\\/#\\\/schema\\\/person\\\/f46445640444750d7d753ccd04ae01b7\",\"name\":\"Jeanette\",\"image\":{\"@type\":\"ImageObject\",\"inLanguage\":\"es\",\"@id\":\"https:\\\/\\\/secure.gravatar.com\\\/avatar\\\/3ea2118a5f7dad2b7138b1187a6b7ee55f160b9968b66013c3a3ef39dd7e5798?s=96&d=mm&r=g\",\"url\":\"https:\\\/\\\/secure.gravatar.com\\\/avatar\\\/3ea2118a5f7dad2b7138b1187a6b7ee55f160b9968b66013c3a3ef39dd7e5798?s=96&d=mm&r=g\",\"contentUrl\":\"https:\\\/\\\/secure.gravatar.com\\\/avatar\\\/3ea2118a5f7dad2b7138b1187a6b7ee55f160b9968b66013c3a3ef39dd7e5798?s=96&d=mm&r=g\",\"caption\":\"Jeanette\"},\"sameAs\":[\"https:\\\/\\\/www.eldiario.net\\\/portal\"],\"url\":\"https:\\\/\\\/www.eldiario.net\\\/portal\\\/author\\\/jeanette\\\/\"}]}<\/script>\n<!-- \/ Yoast SEO plugin. -->","yoast_head_json":{"title":"Elecciones judiciales sin garant\u00eda de cambio - El Diario - Bolivia","robots":{"index":"index","follow":"follow","max-snippet":"max-snippet:-1","max-image-preview":"max-image-preview:large","max-video-preview":"max-video-preview:-1"},"canonical":"https:\/\/www.eldiario.net\/portal\/2024\/09\/18\/elecciones-judiciales-sin-garantia-de-cambio\/","og_locale":"es_ES","og_type":"article","og_title":"Elecciones judiciales sin garant\u00eda de cambio - El Diario - Bolivia","og_description":"Las elecciones judiciales podr\u00edan ser un nuevo intento porfiado para reducir el desprestigio que el Poder Judicial tiene desde hace tiempo. Sin embargo, parece ser que ser\u00e1 una simple sustituci\u00f3n de personas. A pesar de la expresi\u00f3n democr\u00e1tica que significa votar, existe desde ahora apat\u00eda, frustraci\u00f3n y desencanto: esa elecci\u00f3n no servir\u00e1, seg\u00fan opini\u00f3n de [&hellip;]","og_url":"https:\/\/www.eldiario.net\/portal\/2024\/09\/18\/elecciones-judiciales-sin-garantia-de-cambio\/","og_site_name":"El Diario - Bolivia","article_publisher":"https:\/\/www.facebook.com\/eldiario.bolivia\/","article_published_time":"2024-09-18T10:07:37+00:00","og_image":[{"width":1200,"height":628,"url":"https:\/\/www.eldiario.net\/portal\/wp-content\/uploads\/2023\/07\/Mario-Malpartida.jpg","type":"image\/jpeg"}],"author":"Jeanette","twitter_card":"summary_large_image","twitter_creator":"@eldiario_net","twitter_site":"@eldiario_net","twitter_misc":{"Escrito por":"Jeanette","Tiempo de lectura":"3 minutos"},"schema":{"@context":"https:\/\/schema.org","@graph":[{"@type":"Article","@id":"https:\/\/www.eldiario.net\/portal\/2024\/09\/18\/elecciones-judiciales-sin-garantia-de-cambio\/#article","isPartOf":{"@id":"https:\/\/www.eldiario.net\/portal\/2024\/09\/18\/elecciones-judiciales-sin-garantia-de-cambio\/"},"author":{"name":"Jeanette","@id":"https:\/\/www.eldiario.net\/portal\/#\/schema\/person\/f46445640444750d7d753ccd04ae01b7"},"headline":"Elecciones judiciales sin garant\u00eda de cambio","datePublished":"2024-09-18T10:07:37+00:00","mainEntityOfPage":{"@id":"https:\/\/www.eldiario.net\/portal\/2024\/09\/18\/elecciones-judiciales-sin-garantia-de-cambio\/"},"wordCount":652,"commentCount":0,"publisher":{"@id":"https:\/\/www.eldiario.net\/portal\/#organization"},"image":{"@id":"https:\/\/www.eldiario.net\/portal\/2024\/09\/18\/elecciones-judiciales-sin-garantia-de-cambio\/#primaryimage"},"thumbnailUrl":"https:\/\/www.eldiario.net\/portal\/wp-content\/uploads\/2023\/07\/Mario-Malpartida.jpg","articleSection":["Opini\u00f3n"],"inLanguage":"es","potentialAction":[{"@type":"CommentAction","name":"Comment","target":["https:\/\/www.eldiario.net\/portal\/2024\/09\/18\/elecciones-judiciales-sin-garantia-de-cambio\/#respond"]}]},{"@type":"WebPage","@id":"https:\/\/www.eldiario.net\/portal\/2024\/09\/18\/elecciones-judiciales-sin-garantia-de-cambio\/","url":"https:\/\/www.eldiario.net\/portal\/2024\/09\/18\/elecciones-judiciales-sin-garantia-de-cambio\/","name":"Elecciones judiciales sin garant\u00eda de cambio - El Diario - Bolivia","isPartOf":{"@id":"https:\/\/www.eldiario.net\/portal\/#website"},"primaryImageOfPage":{"@id":"https:\/\/www.eldiario.net\/portal\/2024\/09\/18\/elecciones-judiciales-sin-garantia-de-cambio\/#primaryimage"},"image":{"@id":"https:\/\/www.eldiario.net\/portal\/2024\/09\/18\/elecciones-judiciales-sin-garantia-de-cambio\/#primaryimage"},"thumbnailUrl":"https:\/\/www.eldiario.net\/portal\/wp-content\/uploads\/2023\/07\/Mario-Malpartida.jpg","datePublished":"2024-09-18T10:07:37+00:00","breadcrumb":{"@id":"https:\/\/www.eldiario.net\/portal\/2024\/09\/18\/elecciones-judiciales-sin-garantia-de-cambio\/#breadcrumb"},"inLanguage":"es","potentialAction":[{"@type":"ReadAction","target":["https:\/\/www.eldiario.net\/portal\/2024\/09\/18\/elecciones-judiciales-sin-garantia-de-cambio\/"]}]},{"@type":"ImageObject","inLanguage":"es","@id":"https:\/\/www.eldiario.net\/portal\/2024\/09\/18\/elecciones-judiciales-sin-garantia-de-cambio\/#primaryimage","url":"https:\/\/www.eldiario.net\/portal\/wp-content\/uploads\/2023\/07\/Mario-Malpartida.jpg","contentUrl":"https:\/\/www.eldiario.net\/portal\/wp-content\/uploads\/2023\/07\/Mario-Malpartida.jpg","width":1200,"height":628,"caption":"Mario Malpartida"},{"@type":"BreadcrumbList","@id":"https:\/\/www.eldiario.net\/portal\/2024\/09\/18\/elecciones-judiciales-sin-garantia-de-cambio\/#breadcrumb","itemListElement":[{"@type":"ListItem","position":1,"name":"Portada","item":"https:\/\/www.eldiario.net\/portal\/"},{"@type":"ListItem","position":2,"name":"Elecciones judiciales sin garant\u00eda de cambio"}]},{"@type":"WebSite","@id":"https:\/\/www.eldiario.net\/portal\/#website","url":"https:\/\/www.eldiario.net\/portal\/","name":"El Diario - Decano de la prensa nacional","description":"El Diario - Decano de la prensa nacional","publisher":{"@id":"https:\/\/www.eldiario.net\/portal\/#organization"},"potentialAction":[{"@type":"SearchAction","target":{"@type":"EntryPoint","urlTemplate":"https:\/\/www.eldiario.net\/portal\/?s={search_term_string}"},"query-input":{"@type":"PropertyValueSpecification","valueRequired":true,"valueName":"search_term_string"}}],"inLanguage":"es"},{"@type":"Organization","@id":"https:\/\/www.eldiario.net\/portal\/#organization","name":"El Diario - Decano de la prensa nacional","url":"https:\/\/www.eldiario.net\/portal\/","logo":{"@type":"ImageObject","inLanguage":"es","@id":"https:\/\/www.eldiario.net\/portal\/#\/schema\/logo\/image\/","url":"https:\/\/www.eldiario.net\/portal\/wp-content\/uploads\/2023\/07\/logo_ED.jpg","contentUrl":"https:\/\/www.eldiario.net\/portal\/wp-content\/uploads\/2023\/07\/logo_ED.jpg","width":272,"height":52,"caption":"El Diario - Decano de la prensa nacional"},"image":{"@id":"https:\/\/www.eldiario.net\/portal\/#\/schema\/logo\/image\/"},"sameAs":["https:\/\/www.facebook.com\/eldiario.bolivia\/","https:\/\/x.com\/eldiario_net"]},{"@type":"Person","@id":"https:\/\/www.eldiario.net\/portal\/#\/schema\/person\/f46445640444750d7d753ccd04ae01b7","name":"Jeanette","image":{"@type":"ImageObject","inLanguage":"es","@id":"https:\/\/secure.gravatar.com\/avatar\/3ea2118a5f7dad2b7138b1187a6b7ee55f160b9968b66013c3a3ef39dd7e5798?s=96&d=mm&r=g","url":"https:\/\/secure.gravatar.com\/avatar\/3ea2118a5f7dad2b7138b1187a6b7ee55f160b9968b66013c3a3ef39dd7e5798?s=96&d=mm&r=g","contentUrl":"https:\/\/secure.gravatar.com\/avatar\/3ea2118a5f7dad2b7138b1187a6b7ee55f160b9968b66013c3a3ef39dd7e5798?s=96&d=mm&r=g","caption":"Jeanette"},"sameAs":["https:\/\/www.eldiario.net\/portal"],"url":"https:\/\/www.eldiario.net\/portal\/author\/jeanette\/"}]}},"_links":{"self":[{"href":"https:\/\/www.eldiario.net\/portal\/wp-json\/wp\/v2\/posts\/248234","targetHints":{"allow":["GET"]}}],"collection":[{"href":"https:\/\/www.eldiario.net\/portal\/wp-json\/wp\/v2\/posts"}],"about":[{"href":"https:\/\/www.eldiario.net\/portal\/wp-json\/wp\/v2\/types\/post"}],"author":[{"embeddable":true,"href":"https:\/\/www.eldiario.net\/portal\/wp-json\/wp\/v2\/users\/1"}],"replies":[{"embeddable":true,"href":"https:\/\/www.eldiario.net\/portal\/wp-json\/wp\/v2\/comments?post=248234"}],"version-history":[{"count":1,"href":"https:\/\/www.eldiario.net\/portal\/wp-json\/wp\/v2\/posts\/248234\/revisions"}],"predecessor-version":[{"id":248235,"href":"https:\/\/www.eldiario.net\/portal\/wp-json\/wp\/v2\/posts\/248234\/revisions\/248235"}],"wp:featuredmedia":[{"embeddable":true,"href":"https:\/\/www.eldiario.net\/portal\/wp-json\/wp\/v2\/media\/166360"}],"wp:attachment":[{"href":"https:\/\/www.eldiario.net\/portal\/wp-json\/wp\/v2\/media?parent=248234"}],"wp:term":[{"taxonomy":"category","embeddable":true,"href":"https:\/\/www.eldiario.net\/portal\/wp-json\/wp\/v2\/categories?post=248234"},{"taxonomy":"post_tag","embeddable":true,"href":"https:\/\/www.eldiario.net\/portal\/wp-json\/wp\/v2\/tags?post=248234"}],"curies":[{"name":"wp","href":"https:\/\/api.w.org\/{rel}","templated":true}]}}