{"id":248232,"date":"2024-09-18T06:07:04","date_gmt":"2024-09-18T10:07:04","guid":{"rendered":"https:\/\/www.eldiario.net\/portal\/?p=248232"},"modified":"2024-09-18T06:07:04","modified_gmt":"2024-09-18T10:07:04","slug":"actuar-o-renunciar","status":"publish","type":"post","link":"https:\/\/www.eldiario.net\/portal\/2024\/09\/18\/actuar-o-renunciar\/","title":{"rendered":"Actuar o renunciar"},"content":{"rendered":"<p>Cada d\u00eda que pasa, se hace m\u00e1s evidente la crisis y el empobrecimiento de la ciudadan\u00eda. Cada d\u00eda, m\u00e1s familias bolivianas est\u00e1n en situaci\u00f3n de vulnerabilidad y el \u201ccosto de vida\u201d sigue aumentando. Podemos decir, con seguridad, que las cosas est\u00e1n peor que nunca y que, si el MAS contin\u00faa en el poder, Bolivia solo enfrentar\u00e1 caos, crisis y pobreza en los pr\u00f3ximos a\u00f1os.<br \/>\nLo dije antes y lo repito: en una crisis se debe actuar r\u00e1pidamente. Cada d\u00eda cuenta, se debe evitar a toda costa que la crisis se agrave. El modelo masista de despilfarro dej\u00f3 de \u201cgenerar ganancias fuertes\u201d hace tiempo, lo que result\u00f3 en un fuerte endeudamiento para sostener dicho modelo. Hubo tiempo suficiente para cambiar el modelo econ\u00f3mico de manera que no afectara a los bolivianos como lo hace actualmente. Sin embargo, el MAS, por su miop\u00eda y falta de nacionalismo, decidi\u00f3 continuar con su modelo de endeudamiento y despilfarro, que sigue vigente y es el principal responsable de la crisis inminente. Es inaudito ver c\u00f3mo, a pesar del tiempo que tuvo el MAS para actuar, nada hizo, demostrando que su objetivo siempre fue la destrucci\u00f3n del pa\u00eds.<br \/>\nLa elecci\u00f3n de Luis Arce como presidente planteaba este principal interrogante: si cambiar\u00eda o no el modelo econ\u00f3mico. \u201cLuchito\u201d no solo no actu\u00f3 como cualquier economista lo habr\u00eda hecho, sino que termin\u00f3 siendo un despilfarrador peor que Evo Morales. Como mencion\u00e9 antes, Arce es mucho peor que Evo; es un inconsciente que sigue pensando que estamos en tiempos de bonanza y es el principal responsable del aumento del caos, la miseria y el hambre en Bolivia. No solo fue el principal \u201ccreador\u201d del modelo econ\u00f3mico del MAS, sino que tambi\u00e9n es un presidente incapaz, que no tiene el valor de enfrentar sus acciones. \u00c9l inici\u00f3 la crisis y debe afrontarla, no proponer refer\u00e9ndums para evadir sus responsabilidades.<br \/>\nEs triste ver c\u00f3mo los gobernantes elegidos por el pueblo suelen ser los peores y c\u00f3mo, en lugar de pensar en la Patria, piensan en ellos mismos, destruyendo el verdadero significado de ser pol\u00edtico. Ser pol\u00edtico implica tener \u201cagallas\u201d y determinaci\u00f3n, algo que \u201cLuchito\u201d no tiene y probablemente nunca tendr\u00e1. Incluso podr\u00eda haber iniciado medidas de austeridad al comienzo de su gesti\u00f3n; de esta forma, habr\u00eda evitado el empobrecimiento de los bolivianos y creado un escenario mejor para enfrentar la crisis. En cambio, solo se endeud\u00f3 m\u00e1s y sigui\u00f3 cometiendo \u201cestupidez tras estupidez\u201d, lo que hoy nos tiene al borde de la cat\u00e1strofe y a punto de enfrentar una crisis traum\u00e1tica.<br \/>\nSe ha discutido, por petici\u00f3n de muchos sectores, el \u201cacortamiento de mandato\u201d de Luis Arce, algo con lo que estoy de acuerdo, pero con un planteamiento diferente. Arce tuvo suficiente tiempo para actuar. Est\u00e1 claro que es bueno solo para empobrecer a Bolivia y sumirla en el caos. Su renuncia debe ser inmediata, por su evidente incapacidad para afrontar la crisis; cada d\u00eda que este se\u00f1or siga como presidente es un d\u00eda m\u00e1s de empobrecimiento del pueblo. Si nada va a hacer por la patria, entonces debe dar un paso al costado. Esta ser\u00eda la \u00fanica acci\u00f3n correcta que podr\u00eda tomar.<br \/>\nNo se trata de pedir la renuncia de Arce por capricho, sino porque estamos en tiempos de crisis y \u00e9l nada hace. Su inacci\u00f3n es un grave peligro para el futuro de Bolivia. Hay que actuar lo m\u00e1s r\u00e1pido posible. Personalmente, pido su renuncia y que asuma el \u201csiguiente en la l\u00ednea\u201d, siempre y cuando tenga el valor de enfrentar la crisis y poner fin al modelo de despilfarro. Si los que siguen en la l\u00ednea adoptan la misma postura que el presidente, tambi\u00e9n deben renunciar. En ese caso, solo quedar\u00eda el adelanto de elecciones, algo que tambi\u00e9n traer\u00e1 problemas, debido al posible fraude y al padr\u00f3n mal administrado con el que contamos. Son tiempos oscuros.<\/p>\n","protected":false},"excerpt":{"rendered":"<p>Cada d\u00eda que pasa, se hace m\u00e1s evidente la crisis y el empobrecimiento de la ciudadan\u00eda. Cada d\u00eda, m\u00e1s familias bolivianas est\u00e1n en situaci\u00f3n de vulnerabilidad y el \u201ccosto de vida\u201d sigue aumentando. Podemos decir, con seguridad, que las cosas est\u00e1n peor que nunca y que, si el MAS contin\u00faa en el poder, Bolivia solo [&hellip;]<\/p>\n","protected":false},"author":1,"featured_media":161834,"comment_status":"open","ping_status":"open","sticky":false,"template":"","format":"standard","meta":{"_acf_changed":false,"footnotes":""},"categories":[9],"tags":[],"class_list":["post-248232","post","type-post","status-publish","format-standard","has-post-thumbnail","category-opinion"],"acf":{"antetitulo":""},"yoast_head":"<!-- This site is optimized with the Yoast SEO plugin v28.4 - https:\/\/yoast.com\/product\/yoast-seo-wordpress\/ -->\n<title>Actuar o renunciar - El Diario - Bolivia<\/title>\n<meta name=\"robots\" content=\"index, follow, max-snippet:-1, max-image-preview:large, max-video-preview:-1\" \/>\n<link rel=\"canonical\" href=\"https:\/\/www.eldiario.net\/portal\/2024\/09\/18\/actuar-o-renunciar\/\" \/>\n<meta property=\"og:locale\" content=\"es_ES\" \/>\n<meta property=\"og:type\" content=\"article\" \/>\n<meta property=\"og:title\" content=\"Actuar o renunciar - El Diario - Bolivia\" \/>\n<meta property=\"og:description\" content=\"Cada d\u00eda que pasa, se hace m\u00e1s evidente la crisis y el empobrecimiento de la ciudadan\u00eda. Cada d\u00eda, m\u00e1s familias bolivianas est\u00e1n en situaci\u00f3n de vulnerabilidad y el \u201ccosto de vida\u201d sigue aumentando. Podemos decir, con seguridad, que las cosas est\u00e1n peor que nunca y que, si el MAS contin\u00faa en el poder, Bolivia solo [&hellip;]\" \/>\n<meta property=\"og:url\" content=\"https:\/\/www.eldiario.net\/portal\/2024\/09\/18\/actuar-o-renunciar\/\" \/>\n<meta property=\"og:site_name\" content=\"El Diario - Bolivia\" \/>\n<meta property=\"article:publisher\" content=\"https:\/\/www.facebook.com\/eldiario.bolivia\/\" \/>\n<meta property=\"article:published_time\" content=\"2024-09-18T10:07:04+00:00\" \/>\n<meta property=\"og:image\" content=\"https:\/\/www.eldiario.net\/portal\/wp-content\/uploads\/2023\/06\/Fabian-Freire.jpg\" \/>\n\t<meta property=\"og:image:width\" content=\"1200\" \/>\n\t<meta property=\"og:image:height\" content=\"628\" \/>\n\t<meta property=\"og:image:type\" content=\"image\/jpeg\" \/>\n<meta name=\"author\" content=\"Jeanette\" \/>\n<meta name=\"twitter:card\" content=\"summary_large_image\" \/>\n<meta name=\"twitter:creator\" content=\"@eldiario_net\" \/>\n<meta name=\"twitter:site\" content=\"@eldiario_net\" \/>\n<meta name=\"twitter:label1\" content=\"Escrito por\" \/>\n\t<meta name=\"twitter:data1\" content=\"Jeanette\" \/>\n\t<meta name=\"twitter:label2\" content=\"Tiempo de lectura\" \/>\n\t<meta name=\"twitter:data2\" content=\"3 minutos\" \/>\n<script type=\"application\/ld+json\" class=\"yoast-schema-graph\">{\"@context\":\"https:\\\/\\\/schema.org\",\"@graph\":[{\"@type\":\"Article\",\"@id\":\"https:\\\/\\\/www.eldiario.net\\\/portal\\\/2024\\\/09\\\/18\\\/actuar-o-renunciar\\\/#article\",\"isPartOf\":{\"@id\":\"https:\\\/\\\/www.eldiario.net\\\/portal\\\/2024\\\/09\\\/18\\\/actuar-o-renunciar\\\/\"},\"author\":{\"name\":\"Jeanette\",\"@id\":\"https:\\\/\\\/www.eldiario.net\\\/portal\\\/#\\\/schema\\\/person\\\/f46445640444750d7d753ccd04ae01b7\"},\"headline\":\"Actuar o renunciar\",\"datePublished\":\"2024-09-18T10:07:04+00:00\",\"mainEntityOfPage\":{\"@id\":\"https:\\\/\\\/www.eldiario.net\\\/portal\\\/2024\\\/09\\\/18\\\/actuar-o-renunciar\\\/\"},\"wordCount\":693,\"commentCount\":0,\"publisher\":{\"@id\":\"https:\\\/\\\/www.eldiario.net\\\/portal\\\/#organization\"},\"image\":{\"@id\":\"https:\\\/\\\/www.eldiario.net\\\/portal\\\/2024\\\/09\\\/18\\\/actuar-o-renunciar\\\/#primaryimage\"},\"thumbnailUrl\":\"https:\\\/\\\/www.eldiario.net\\\/portal\\\/wp-content\\\/uploads\\\/2023\\\/06\\\/Fabian-Freire.jpg\",\"articleSection\":[\"Opini\u00f3n\"],\"inLanguage\":\"es\",\"potentialAction\":[{\"@type\":\"CommentAction\",\"name\":\"Comment\",\"target\":[\"https:\\\/\\\/www.eldiario.net\\\/portal\\\/2024\\\/09\\\/18\\\/actuar-o-renunciar\\\/#respond\"]}]},{\"@type\":\"WebPage\",\"@id\":\"https:\\\/\\\/www.eldiario.net\\\/portal\\\/2024\\\/09\\\/18\\\/actuar-o-renunciar\\\/\",\"url\":\"https:\\\/\\\/www.eldiario.net\\\/portal\\\/2024\\\/09\\\/18\\\/actuar-o-renunciar\\\/\",\"name\":\"Actuar o renunciar - El Diario - Bolivia\",\"isPartOf\":{\"@id\":\"https:\\\/\\\/www.eldiario.net\\\/portal\\\/#website\"},\"primaryImageOfPage\":{\"@id\":\"https:\\\/\\\/www.eldiario.net\\\/portal\\\/2024\\\/09\\\/18\\\/actuar-o-renunciar\\\/#primaryimage\"},\"image\":{\"@id\":\"https:\\\/\\\/www.eldiario.net\\\/portal\\\/2024\\\/09\\\/18\\\/actuar-o-renunciar\\\/#primaryimage\"},\"thumbnailUrl\":\"https:\\\/\\\/www.eldiario.net\\\/portal\\\/wp-content\\\/uploads\\\/2023\\\/06\\\/Fabian-Freire.jpg\",\"datePublished\":\"2024-09-18T10:07:04+00:00\",\"breadcrumb\":{\"@id\":\"https:\\\/\\\/www.eldiario.net\\\/portal\\\/2024\\\/09\\\/18\\\/actuar-o-renunciar\\\/#breadcrumb\"},\"inLanguage\":\"es\",\"potentialAction\":[{\"@type\":\"ReadAction\",\"target\":[\"https:\\\/\\\/www.eldiario.net\\\/portal\\\/2024\\\/09\\\/18\\\/actuar-o-renunciar\\\/\"]}]},{\"@type\":\"ImageObject\",\"inLanguage\":\"es\",\"@id\":\"https:\\\/\\\/www.eldiario.net\\\/portal\\\/2024\\\/09\\\/18\\\/actuar-o-renunciar\\\/#primaryimage\",\"url\":\"https:\\\/\\\/www.eldiario.net\\\/portal\\\/wp-content\\\/uploads\\\/2023\\\/06\\\/Fabian-Freire.jpg\",\"contentUrl\":\"https:\\\/\\\/www.eldiario.net\\\/portal\\\/wp-content\\\/uploads\\\/2023\\\/06\\\/Fabian-Freire.jpg\",\"width\":1200,\"height\":628,\"caption\":\"Fabian Freire\"},{\"@type\":\"BreadcrumbList\",\"@id\":\"https:\\\/\\\/www.eldiario.net\\\/portal\\\/2024\\\/09\\\/18\\\/actuar-o-renunciar\\\/#breadcrumb\",\"itemListElement\":[{\"@type\":\"ListItem\",\"position\":1,\"name\":\"Portada\",\"item\":\"https:\\\/\\\/www.eldiario.net\\\/portal\\\/\"},{\"@type\":\"ListItem\",\"position\":2,\"name\":\"Actuar o renunciar\"}]},{\"@type\":\"WebSite\",\"@id\":\"https:\\\/\\\/www.eldiario.net\\\/portal\\\/#website\",\"url\":\"https:\\\/\\\/www.eldiario.net\\\/portal\\\/\",\"name\":\"El Diario - Decano de la prensa nacional\",\"description\":\"El Diario - Decano de la prensa nacional\",\"publisher\":{\"@id\":\"https:\\\/\\\/www.eldiario.net\\\/portal\\\/#organization\"},\"potentialAction\":[{\"@type\":\"SearchAction\",\"target\":{\"@type\":\"EntryPoint\",\"urlTemplate\":\"https:\\\/\\\/www.eldiario.net\\\/portal\\\/?s={search_term_string}\"},\"query-input\":{\"@type\":\"PropertyValueSpecification\",\"valueRequired\":true,\"valueName\":\"search_term_string\"}}],\"inLanguage\":\"es\"},{\"@type\":\"Organization\",\"@id\":\"https:\\\/\\\/www.eldiario.net\\\/portal\\\/#organization\",\"name\":\"El Diario - Decano de la prensa nacional\",\"url\":\"https:\\\/\\\/www.eldiario.net\\\/portal\\\/\",\"logo\":{\"@type\":\"ImageObject\",\"inLanguage\":\"es\",\"@id\":\"https:\\\/\\\/www.eldiario.net\\\/portal\\\/#\\\/schema\\\/logo\\\/image\\\/\",\"url\":\"https:\\\/\\\/www.eldiario.net\\\/portal\\\/wp-content\\\/uploads\\\/2023\\\/07\\\/logo_ED.jpg\",\"contentUrl\":\"https:\\\/\\\/www.eldiario.net\\\/portal\\\/wp-content\\\/uploads\\\/2023\\\/07\\\/logo_ED.jpg\",\"width\":272,\"height\":52,\"caption\":\"El Diario - Decano de la prensa nacional\"},\"image\":{\"@id\":\"https:\\\/\\\/www.eldiario.net\\\/portal\\\/#\\\/schema\\\/logo\\\/image\\\/\"},\"sameAs\":[\"https:\\\/\\\/www.facebook.com\\\/eldiario.bolivia\\\/\",\"https:\\\/\\\/x.com\\\/eldiario_net\"]},{\"@type\":\"Person\",\"@id\":\"https:\\\/\\\/www.eldiario.net\\\/portal\\\/#\\\/schema\\\/person\\\/f46445640444750d7d753ccd04ae01b7\",\"name\":\"Jeanette\",\"image\":{\"@type\":\"ImageObject\",\"inLanguage\":\"es\",\"@id\":\"https:\\\/\\\/secure.gravatar.com\\\/avatar\\\/3ea2118a5f7dad2b7138b1187a6b7ee55f160b9968b66013c3a3ef39dd7e5798?s=96&d=mm&r=g\",\"url\":\"https:\\\/\\\/secure.gravatar.com\\\/avatar\\\/3ea2118a5f7dad2b7138b1187a6b7ee55f160b9968b66013c3a3ef39dd7e5798?s=96&d=mm&r=g\",\"contentUrl\":\"https:\\\/\\\/secure.gravatar.com\\\/avatar\\\/3ea2118a5f7dad2b7138b1187a6b7ee55f160b9968b66013c3a3ef39dd7e5798?s=96&d=mm&r=g\",\"caption\":\"Jeanette\"},\"sameAs\":[\"https:\\\/\\\/www.eldiario.net\\\/portal\"],\"url\":\"https:\\\/\\\/www.eldiario.net\\\/portal\\\/author\\\/jeanette\\\/\"}]}<\/script>\n<!-- \/ Yoast SEO plugin. -->","yoast_head_json":{"title":"Actuar o renunciar - El Diario - Bolivia","robots":{"index":"index","follow":"follow","max-snippet":"max-snippet:-1","max-image-preview":"max-image-preview:large","max-video-preview":"max-video-preview:-1"},"canonical":"https:\/\/www.eldiario.net\/portal\/2024\/09\/18\/actuar-o-renunciar\/","og_locale":"es_ES","og_type":"article","og_title":"Actuar o renunciar - El Diario - Bolivia","og_description":"Cada d\u00eda que pasa, se hace m\u00e1s evidente la crisis y el empobrecimiento de la ciudadan\u00eda. Cada d\u00eda, m\u00e1s familias bolivianas est\u00e1n en situaci\u00f3n de vulnerabilidad y el \u201ccosto de vida\u201d sigue aumentando. Podemos decir, con seguridad, que las cosas est\u00e1n peor que nunca y que, si el MAS contin\u00faa en el poder, Bolivia solo [&hellip;]","og_url":"https:\/\/www.eldiario.net\/portal\/2024\/09\/18\/actuar-o-renunciar\/","og_site_name":"El Diario - Bolivia","article_publisher":"https:\/\/www.facebook.com\/eldiario.bolivia\/","article_published_time":"2024-09-18T10:07:04+00:00","og_image":[{"width":1200,"height":628,"url":"https:\/\/www.eldiario.net\/portal\/wp-content\/uploads\/2023\/06\/Fabian-Freire.jpg","type":"image\/jpeg"}],"author":"Jeanette","twitter_card":"summary_large_image","twitter_creator":"@eldiario_net","twitter_site":"@eldiario_net","twitter_misc":{"Escrito por":"Jeanette","Tiempo de lectura":"3 minutos"},"schema":{"@context":"https:\/\/schema.org","@graph":[{"@type":"Article","@id":"https:\/\/www.eldiario.net\/portal\/2024\/09\/18\/actuar-o-renunciar\/#article","isPartOf":{"@id":"https:\/\/www.eldiario.net\/portal\/2024\/09\/18\/actuar-o-renunciar\/"},"author":{"name":"Jeanette","@id":"https:\/\/www.eldiario.net\/portal\/#\/schema\/person\/f46445640444750d7d753ccd04ae01b7"},"headline":"Actuar o renunciar","datePublished":"2024-09-18T10:07:04+00:00","mainEntityOfPage":{"@id":"https:\/\/www.eldiario.net\/portal\/2024\/09\/18\/actuar-o-renunciar\/"},"wordCount":693,"commentCount":0,"publisher":{"@id":"https:\/\/www.eldiario.net\/portal\/#organization"},"image":{"@id":"https:\/\/www.eldiario.net\/portal\/2024\/09\/18\/actuar-o-renunciar\/#primaryimage"},"thumbnailUrl":"https:\/\/www.eldiario.net\/portal\/wp-content\/uploads\/2023\/06\/Fabian-Freire.jpg","articleSection":["Opini\u00f3n"],"inLanguage":"es","potentialAction":[{"@type":"CommentAction","name":"Comment","target":["https:\/\/www.eldiario.net\/portal\/2024\/09\/18\/actuar-o-renunciar\/#respond"]}]},{"@type":"WebPage","@id":"https:\/\/www.eldiario.net\/portal\/2024\/09\/18\/actuar-o-renunciar\/","url":"https:\/\/www.eldiario.net\/portal\/2024\/09\/18\/actuar-o-renunciar\/","name":"Actuar o renunciar - El Diario - Bolivia","isPartOf":{"@id":"https:\/\/www.eldiario.net\/portal\/#website"},"primaryImageOfPage":{"@id":"https:\/\/www.eldiario.net\/portal\/2024\/09\/18\/actuar-o-renunciar\/#primaryimage"},"image":{"@id":"https:\/\/www.eldiario.net\/portal\/2024\/09\/18\/actuar-o-renunciar\/#primaryimage"},"thumbnailUrl":"https:\/\/www.eldiario.net\/portal\/wp-content\/uploads\/2023\/06\/Fabian-Freire.jpg","datePublished":"2024-09-18T10:07:04+00:00","breadcrumb":{"@id":"https:\/\/www.eldiario.net\/portal\/2024\/09\/18\/actuar-o-renunciar\/#breadcrumb"},"inLanguage":"es","potentialAction":[{"@type":"ReadAction","target":["https:\/\/www.eldiario.net\/portal\/2024\/09\/18\/actuar-o-renunciar\/"]}]},{"@type":"ImageObject","inLanguage":"es","@id":"https:\/\/www.eldiario.net\/portal\/2024\/09\/18\/actuar-o-renunciar\/#primaryimage","url":"https:\/\/www.eldiario.net\/portal\/wp-content\/uploads\/2023\/06\/Fabian-Freire.jpg","contentUrl":"https:\/\/www.eldiario.net\/portal\/wp-content\/uploads\/2023\/06\/Fabian-Freire.jpg","width":1200,"height":628,"caption":"Fabian Freire"},{"@type":"BreadcrumbList","@id":"https:\/\/www.eldiario.net\/portal\/2024\/09\/18\/actuar-o-renunciar\/#breadcrumb","itemListElement":[{"@type":"ListItem","position":1,"name":"Portada","item":"https:\/\/www.eldiario.net\/portal\/"},{"@type":"ListItem","position":2,"name":"Actuar o renunciar"}]},{"@type":"WebSite","@id":"https:\/\/www.eldiario.net\/portal\/#website","url":"https:\/\/www.eldiario.net\/portal\/","name":"El Diario - Decano de la prensa nacional","description":"El Diario - Decano de la prensa nacional","publisher":{"@id":"https:\/\/www.eldiario.net\/portal\/#organization"},"potentialAction":[{"@type":"SearchAction","target":{"@type":"EntryPoint","urlTemplate":"https:\/\/www.eldiario.net\/portal\/?s={search_term_string}"},"query-input":{"@type":"PropertyValueSpecification","valueRequired":true,"valueName":"search_term_string"}}],"inLanguage":"es"},{"@type":"Organization","@id":"https:\/\/www.eldiario.net\/portal\/#organization","name":"El Diario - Decano de la prensa nacional","url":"https:\/\/www.eldiario.net\/portal\/","logo":{"@type":"ImageObject","inLanguage":"es","@id":"https:\/\/www.eldiario.net\/portal\/#\/schema\/logo\/image\/","url":"https:\/\/www.eldiario.net\/portal\/wp-content\/uploads\/2023\/07\/logo_ED.jpg","contentUrl":"https:\/\/www.eldiario.net\/portal\/wp-content\/uploads\/2023\/07\/logo_ED.jpg","width":272,"height":52,"caption":"El Diario - Decano de la prensa nacional"},"image":{"@id":"https:\/\/www.eldiario.net\/portal\/#\/schema\/logo\/image\/"},"sameAs":["https:\/\/www.facebook.com\/eldiario.bolivia\/","https:\/\/x.com\/eldiario_net"]},{"@type":"Person","@id":"https:\/\/www.eldiario.net\/portal\/#\/schema\/person\/f46445640444750d7d753ccd04ae01b7","name":"Jeanette","image":{"@type":"ImageObject","inLanguage":"es","@id":"https:\/\/secure.gravatar.com\/avatar\/3ea2118a5f7dad2b7138b1187a6b7ee55f160b9968b66013c3a3ef39dd7e5798?s=96&d=mm&r=g","url":"https:\/\/secure.gravatar.com\/avatar\/3ea2118a5f7dad2b7138b1187a6b7ee55f160b9968b66013c3a3ef39dd7e5798?s=96&d=mm&r=g","contentUrl":"https:\/\/secure.gravatar.com\/avatar\/3ea2118a5f7dad2b7138b1187a6b7ee55f160b9968b66013c3a3ef39dd7e5798?s=96&d=mm&r=g","caption":"Jeanette"},"sameAs":["https:\/\/www.eldiario.net\/portal"],"url":"https:\/\/www.eldiario.net\/portal\/author\/jeanette\/"}]}},"_links":{"self":[{"href":"https:\/\/www.eldiario.net\/portal\/wp-json\/wp\/v2\/posts\/248232","targetHints":{"allow":["GET"]}}],"collection":[{"href":"https:\/\/www.eldiario.net\/portal\/wp-json\/wp\/v2\/posts"}],"about":[{"href":"https:\/\/www.eldiario.net\/portal\/wp-json\/wp\/v2\/types\/post"}],"author":[{"embeddable":true,"href":"https:\/\/www.eldiario.net\/portal\/wp-json\/wp\/v2\/users\/1"}],"replies":[{"embeddable":true,"href":"https:\/\/www.eldiario.net\/portal\/wp-json\/wp\/v2\/comments?post=248232"}],"version-history":[{"count":1,"href":"https:\/\/www.eldiario.net\/portal\/wp-json\/wp\/v2\/posts\/248232\/revisions"}],"predecessor-version":[{"id":248233,"href":"https:\/\/www.eldiario.net\/portal\/wp-json\/wp\/v2\/posts\/248232\/revisions\/248233"}],"wp:featuredmedia":[{"embeddable":true,"href":"https:\/\/www.eldiario.net\/portal\/wp-json\/wp\/v2\/media\/161834"}],"wp:attachment":[{"href":"https:\/\/www.eldiario.net\/portal\/wp-json\/wp\/v2\/media?parent=248232"}],"wp:term":[{"taxonomy":"category","embeddable":true,"href":"https:\/\/www.eldiario.net\/portal\/wp-json\/wp\/v2\/categories?post=248232"},{"taxonomy":"post_tag","embeddable":true,"href":"https:\/\/www.eldiario.net\/portal\/wp-json\/wp\/v2\/tags?post=248232"}],"curies":[{"name":"wp","href":"https:\/\/api.w.org\/{rel}","templated":true}]}}