{"id":248225,"date":"2024-09-18T06:05:26","date_gmt":"2024-09-18T10:05:26","guid":{"rendered":"https:\/\/www.eldiario.net\/portal\/?p=248225"},"modified":"2024-09-18T06:05:26","modified_gmt":"2024-09-18T10:05:26","slug":"contundente-rechazo-a-credito-para-el-inra","status":"publish","type":"post","link":"https:\/\/www.eldiario.net\/portal\/2024\/09\/18\/contundente-rechazo-a-credito-para-el-inra\/","title":{"rendered":"Contundente rechazo a cr\u00e9dito para el INRA"},"content":{"rendered":"<p><em>Un rechazo categ\u00f3rico acaba de sufrir el ministro de Desarrollo Rural y Tierras, Juan Flores, del gabinete del presidente Luis Arce Catacora, cuando la C\u00e1mara de Diputados no dio curso a una solicitud para desbloquear un cr\u00e9dito de 40 millones de d\u00f3lares, para el \u201cPrograma Boliviano de Administraci\u00f3n de Tierras para el Desarrollo Rural Sustentable\u201d, del Banco Interamericano de Desarrollo (BID). Es decir, dinero que ser\u00eda destinado a gastos burocr\u00e1ticos e in\u00fatiles del Instituto Nacional de Reforma Agraria (INRA), organismo que ya gast\u00f3 millones de d\u00f3lares sin que pueda evitar la aniquilaci\u00f3n de la agricultura del pa\u00eds y que el pueblo boliviano quede casi sin alimentos propios.<\/em><br \/>\n<em>La C\u00e1mara de Diputados comprendi\u00f3 que el INRA deber\u00eda concluir el saneamiento de tierra en diez a\u00f1os y con 30 millones de d\u00f3lares, pero pasaron cerca de cuarenta a\u00f1os y ese Instituto solo pudo avanzar con nuevos financiamientos y ahora pide otros 40 millones, cuando sus necesidades pueden ser financiadas con su prepuesto actual.<\/em><br \/>\n<em>Por otro lado, el INRA no ha tenido el menor \u00e9xito con el saneamiento de tierras y m\u00e1s bien perjudic\u00f3 la econom\u00eda agraria con una medida reaccionaria, falsa. Y es que el llamado saneamiento de tierras ha sido in\u00fatil para la agricultura, as\u00ed como no se ha pasado a la etapa de una moderna distribuci\u00f3n de ese recurso para mejorar el agro.<\/em><br \/>\n<em>De otro lado, el INRA, que depende del Ministerio de Desarrollo Rural y Tierras, tambi\u00e9n es culpable de aplicar a los campesinos la prohibici\u00f3n a la venta de tierras, lo que ha significado quitarles su derecho de propiedad sobre el recurso que les dot\u00f3 la reforma agraria de 1953. Dicha entidad careci\u00f3 de iniciativa para modificar esa medida, complic\u00e1ndose con la pol\u00edtica agraria feudal del r\u00e9gimen de Evo Morales.<\/em><br \/>\n<em>A esa errada pol\u00edtica agraria se estaba sumando el pedido en la Asamblea Legislativa para \u201cdescongelar\u201d un cr\u00e9dito de 40 millones de d\u00f3lares, el mismo que endeudar\u00eda m\u00e1s a\u00fan al pa\u00eds y ser\u00eda para fines burocr\u00e1ticos. Sin verdaderas soluciones, la agricultura se paraliza m\u00e1s y aumenta la necesidad de alimentos del pueblo, lo que incentiva el ingreso de productos mediante el contrabando.<\/em><br \/>\n<em>Ha procedido atinadamente la C\u00e1mara de diputados al rechazar el pedido ministerial para la aprobaci\u00f3n de un nuevo cr\u00e9dito externo, sin que se tenga certeza de que servir\u00e1 para mejorar la pol\u00edtica agraria dominante, por lo que seguir\u00e1 el proceso de atraso a que ha sido condenada la agricultura nacional.<\/em><br \/>\n<em>En todo caso, el ministro Flores deber\u00e1 explicar en detalle y con respaldo su solicitud ante la Asamblea Legislativa, si no quiere ser c\u00f3mplice del fracaso del plan de Seguridad Alimentaria y ser objeto de juicio de responsabilidades cuando se instaure un nuevo gobierno.<\/em><\/p>\n","protected":false},"excerpt":{"rendered":"<p>Un rechazo categ\u00f3rico acaba de sufrir el ministro de Desarrollo Rural y Tierras, Juan Flores, del gabinete del presidente Luis Arce Catacora, cuando la C\u00e1mara de Diputados no dio curso a una solicitud para desbloquear un cr\u00e9dito de 40 millones de d\u00f3lares, para el \u201cPrograma Boliviano de Administraci\u00f3n de Tierras para el Desarrollo Rural Sustentable\u201d, [&hellip;]<\/p>\n","protected":false},"author":1,"featured_media":194776,"comment_status":"open","ping_status":"open","sticky":false,"template":"","format":"standard","meta":{"_acf_changed":false,"footnotes":""},"categories":[4],"tags":[],"class_list":["post-248225","post","type-post","status-publish","format-standard","has-post-thumbnail","category-editorial"],"acf":{"antetitulo":""},"yoast_head":"<!-- This site is optimized with the Yoast SEO plugin v28.4 - https:\/\/yoast.com\/product\/yoast-seo-wordpress\/ -->\n<title>Contundente rechazo a cr\u00e9dito para el INRA - El Diario - Bolivia<\/title>\n<meta name=\"robots\" content=\"index, follow, max-snippet:-1, max-image-preview:large, max-video-preview:-1\" \/>\n<link rel=\"canonical\" href=\"https:\/\/www.eldiario.net\/portal\/2024\/09\/18\/contundente-rechazo-a-credito-para-el-inra\/\" \/>\n<meta property=\"og:locale\" content=\"es_ES\" \/>\n<meta property=\"og:type\" content=\"article\" \/>\n<meta property=\"og:title\" content=\"Contundente rechazo a cr\u00e9dito para el INRA - El Diario - Bolivia\" \/>\n<meta property=\"og:description\" content=\"Un rechazo categ\u00f3rico acaba de sufrir el ministro de Desarrollo Rural y Tierras, Juan Flores, del gabinete del presidente Luis Arce Catacora, cuando la C\u00e1mara de Diputados no dio curso a una solicitud para desbloquear un cr\u00e9dito de 40 millones de d\u00f3lares, para el \u201cPrograma Boliviano de Administraci\u00f3n de Tierras para el Desarrollo Rural Sustentable\u201d, [&hellip;]\" \/>\n<meta property=\"og:url\" content=\"https:\/\/www.eldiario.net\/portal\/2024\/09\/18\/contundente-rechazo-a-credito-para-el-inra\/\" \/>\n<meta property=\"og:site_name\" content=\"El Diario - Bolivia\" \/>\n<meta property=\"article:publisher\" content=\"https:\/\/www.facebook.com\/eldiario.bolivia\/\" \/>\n<meta property=\"article:published_time\" content=\"2024-09-18T10:05:26+00:00\" \/>\n<meta property=\"og:image\" content=\"https:\/\/www.eldiario.net\/portal\/wp-content\/uploads\/2023\/12\/Editorial.jpg\" \/>\n\t<meta property=\"og:image:width\" content=\"800\" \/>\n\t<meta property=\"og:image:height\" content=\"500\" \/>\n\t<meta property=\"og:image:type\" content=\"image\/jpeg\" \/>\n<meta name=\"author\" content=\"Jeanette\" \/>\n<meta name=\"twitter:card\" content=\"summary_large_image\" \/>\n<meta name=\"twitter:creator\" content=\"@eldiario_net\" \/>\n<meta name=\"twitter:site\" content=\"@eldiario_net\" \/>\n<meta name=\"twitter:label1\" content=\"Escrito por\" \/>\n\t<meta name=\"twitter:data1\" content=\"Jeanette\" \/>\n\t<meta name=\"twitter:label2\" content=\"Tiempo de lectura\" \/>\n\t<meta name=\"twitter:data2\" content=\"3 minutos\" \/>\n<script type=\"application\/ld+json\" class=\"yoast-schema-graph\">{\"@context\":\"https:\\\/\\\/schema.org\",\"@graph\":[{\"@type\":\"Article\",\"@id\":\"https:\\\/\\\/www.eldiario.net\\\/portal\\\/2024\\\/09\\\/18\\\/contundente-rechazo-a-credito-para-el-inra\\\/#article\",\"isPartOf\":{\"@id\":\"https:\\\/\\\/www.eldiario.net\\\/portal\\\/2024\\\/09\\\/18\\\/contundente-rechazo-a-credito-para-el-inra\\\/\"},\"author\":{\"name\":\"Jeanette\",\"@id\":\"https:\\\/\\\/www.eldiario.net\\\/portal\\\/#\\\/schema\\\/person\\\/f46445640444750d7d753ccd04ae01b7\"},\"headline\":\"Contundente rechazo a cr\u00e9dito para el INRA\",\"datePublished\":\"2024-09-18T10:05:26+00:00\",\"mainEntityOfPage\":{\"@id\":\"https:\\\/\\\/www.eldiario.net\\\/portal\\\/2024\\\/09\\\/18\\\/contundente-rechazo-a-credito-para-el-inra\\\/\"},\"wordCount\":491,\"commentCount\":0,\"publisher\":{\"@id\":\"https:\\\/\\\/www.eldiario.net\\\/portal\\\/#organization\"},\"image\":{\"@id\":\"https:\\\/\\\/www.eldiario.net\\\/portal\\\/2024\\\/09\\\/18\\\/contundente-rechazo-a-credito-para-el-inra\\\/#primaryimage\"},\"thumbnailUrl\":\"https:\\\/\\\/www.eldiario.net\\\/portal\\\/wp-content\\\/uploads\\\/2023\\\/12\\\/Editorial.jpg\",\"articleSection\":[\"Editorial\"],\"inLanguage\":\"es\",\"potentialAction\":[{\"@type\":\"CommentAction\",\"name\":\"Comment\",\"target\":[\"https:\\\/\\\/www.eldiario.net\\\/portal\\\/2024\\\/09\\\/18\\\/contundente-rechazo-a-credito-para-el-inra\\\/#respond\"]}]},{\"@type\":\"WebPage\",\"@id\":\"https:\\\/\\\/www.eldiario.net\\\/portal\\\/2024\\\/09\\\/18\\\/contundente-rechazo-a-credito-para-el-inra\\\/\",\"url\":\"https:\\\/\\\/www.eldiario.net\\\/portal\\\/2024\\\/09\\\/18\\\/contundente-rechazo-a-credito-para-el-inra\\\/\",\"name\":\"Contundente rechazo a cr\u00e9dito para el INRA - El Diario - Bolivia\",\"isPartOf\":{\"@id\":\"https:\\\/\\\/www.eldiario.net\\\/portal\\\/#website\"},\"primaryImageOfPage\":{\"@id\":\"https:\\\/\\\/www.eldiario.net\\\/portal\\\/2024\\\/09\\\/18\\\/contundente-rechazo-a-credito-para-el-inra\\\/#primaryimage\"},\"image\":{\"@id\":\"https:\\\/\\\/www.eldiario.net\\\/portal\\\/2024\\\/09\\\/18\\\/contundente-rechazo-a-credito-para-el-inra\\\/#primaryimage\"},\"thumbnailUrl\":\"https:\\\/\\\/www.eldiario.net\\\/portal\\\/wp-content\\\/uploads\\\/2023\\\/12\\\/Editorial.jpg\",\"datePublished\":\"2024-09-18T10:05:26+00:00\",\"breadcrumb\":{\"@id\":\"https:\\\/\\\/www.eldiario.net\\\/portal\\\/2024\\\/09\\\/18\\\/contundente-rechazo-a-credito-para-el-inra\\\/#breadcrumb\"},\"inLanguage\":\"es\",\"potentialAction\":[{\"@type\":\"ReadAction\",\"target\":[\"https:\\\/\\\/www.eldiario.net\\\/portal\\\/2024\\\/09\\\/18\\\/contundente-rechazo-a-credito-para-el-inra\\\/\"]}]},{\"@type\":\"ImageObject\",\"inLanguage\":\"es\",\"@id\":\"https:\\\/\\\/www.eldiario.net\\\/portal\\\/2024\\\/09\\\/18\\\/contundente-rechazo-a-credito-para-el-inra\\\/#primaryimage\",\"url\":\"https:\\\/\\\/www.eldiario.net\\\/portal\\\/wp-content\\\/uploads\\\/2023\\\/12\\\/Editorial.jpg\",\"contentUrl\":\"https:\\\/\\\/www.eldiario.net\\\/portal\\\/wp-content\\\/uploads\\\/2023\\\/12\\\/Editorial.jpg\",\"width\":800,\"height\":500},{\"@type\":\"BreadcrumbList\",\"@id\":\"https:\\\/\\\/www.eldiario.net\\\/portal\\\/2024\\\/09\\\/18\\\/contundente-rechazo-a-credito-para-el-inra\\\/#breadcrumb\",\"itemListElement\":[{\"@type\":\"ListItem\",\"position\":1,\"name\":\"Portada\",\"item\":\"https:\\\/\\\/www.eldiario.net\\\/portal\\\/\"},{\"@type\":\"ListItem\",\"position\":2,\"name\":\"Contundente rechazo a cr\u00e9dito para el INRA\"}]},{\"@type\":\"WebSite\",\"@id\":\"https:\\\/\\\/www.eldiario.net\\\/portal\\\/#website\",\"url\":\"https:\\\/\\\/www.eldiario.net\\\/portal\\\/\",\"name\":\"El Diario - Decano de la prensa nacional\",\"description\":\"El Diario - Decano de la prensa nacional\",\"publisher\":{\"@id\":\"https:\\\/\\\/www.eldiario.net\\\/portal\\\/#organization\"},\"potentialAction\":[{\"@type\":\"SearchAction\",\"target\":{\"@type\":\"EntryPoint\",\"urlTemplate\":\"https:\\\/\\\/www.eldiario.net\\\/portal\\\/?s={search_term_string}\"},\"query-input\":{\"@type\":\"PropertyValueSpecification\",\"valueRequired\":true,\"valueName\":\"search_term_string\"}}],\"inLanguage\":\"es\"},{\"@type\":\"Organization\",\"@id\":\"https:\\\/\\\/www.eldiario.net\\\/portal\\\/#organization\",\"name\":\"El Diario - Decano de la prensa nacional\",\"url\":\"https:\\\/\\\/www.eldiario.net\\\/portal\\\/\",\"logo\":{\"@type\":\"ImageObject\",\"inLanguage\":\"es\",\"@id\":\"https:\\\/\\\/www.eldiario.net\\\/portal\\\/#\\\/schema\\\/logo\\\/image\\\/\",\"url\":\"https:\\\/\\\/www.eldiario.net\\\/portal\\\/wp-content\\\/uploads\\\/2023\\\/07\\\/logo_ED.jpg\",\"contentUrl\":\"https:\\\/\\\/www.eldiario.net\\\/portal\\\/wp-content\\\/uploads\\\/2023\\\/07\\\/logo_ED.jpg\",\"width\":272,\"height\":52,\"caption\":\"El Diario - Decano de la prensa nacional\"},\"image\":{\"@id\":\"https:\\\/\\\/www.eldiario.net\\\/portal\\\/#\\\/schema\\\/logo\\\/image\\\/\"},\"sameAs\":[\"https:\\\/\\\/www.facebook.com\\\/eldiario.bolivia\\\/\",\"https:\\\/\\\/x.com\\\/eldiario_net\"]},{\"@type\":\"Person\",\"@id\":\"https:\\\/\\\/www.eldiario.net\\\/portal\\\/#\\\/schema\\\/person\\\/f46445640444750d7d753ccd04ae01b7\",\"name\":\"Jeanette\",\"image\":{\"@type\":\"ImageObject\",\"inLanguage\":\"es\",\"@id\":\"https:\\\/\\\/secure.gravatar.com\\\/avatar\\\/3ea2118a5f7dad2b7138b1187a6b7ee55f160b9968b66013c3a3ef39dd7e5798?s=96&d=mm&r=g\",\"url\":\"https:\\\/\\\/secure.gravatar.com\\\/avatar\\\/3ea2118a5f7dad2b7138b1187a6b7ee55f160b9968b66013c3a3ef39dd7e5798?s=96&d=mm&r=g\",\"contentUrl\":\"https:\\\/\\\/secure.gravatar.com\\\/avatar\\\/3ea2118a5f7dad2b7138b1187a6b7ee55f160b9968b66013c3a3ef39dd7e5798?s=96&d=mm&r=g\",\"caption\":\"Jeanette\"},\"sameAs\":[\"https:\\\/\\\/www.eldiario.net\\\/portal\"],\"url\":\"https:\\\/\\\/www.eldiario.net\\\/portal\\\/author\\\/jeanette\\\/\"}]}<\/script>\n<!-- \/ Yoast SEO plugin. -->","yoast_head_json":{"title":"Contundente rechazo a cr\u00e9dito para el INRA - El Diario - Bolivia","robots":{"index":"index","follow":"follow","max-snippet":"max-snippet:-1","max-image-preview":"max-image-preview:large","max-video-preview":"max-video-preview:-1"},"canonical":"https:\/\/www.eldiario.net\/portal\/2024\/09\/18\/contundente-rechazo-a-credito-para-el-inra\/","og_locale":"es_ES","og_type":"article","og_title":"Contundente rechazo a cr\u00e9dito para el INRA - El Diario - Bolivia","og_description":"Un rechazo categ\u00f3rico acaba de sufrir el ministro de Desarrollo Rural y Tierras, Juan Flores, del gabinete del presidente Luis Arce Catacora, cuando la C\u00e1mara de Diputados no dio curso a una solicitud para desbloquear un cr\u00e9dito de 40 millones de d\u00f3lares, para el \u201cPrograma Boliviano de Administraci\u00f3n de Tierras para el Desarrollo Rural Sustentable\u201d, [&hellip;]","og_url":"https:\/\/www.eldiario.net\/portal\/2024\/09\/18\/contundente-rechazo-a-credito-para-el-inra\/","og_site_name":"El Diario - Bolivia","article_publisher":"https:\/\/www.facebook.com\/eldiario.bolivia\/","article_published_time":"2024-09-18T10:05:26+00:00","og_image":[{"width":800,"height":500,"url":"https:\/\/www.eldiario.net\/portal\/wp-content\/uploads\/2023\/12\/Editorial.jpg","type":"image\/jpeg"}],"author":"Jeanette","twitter_card":"summary_large_image","twitter_creator":"@eldiario_net","twitter_site":"@eldiario_net","twitter_misc":{"Escrito por":"Jeanette","Tiempo de lectura":"3 minutos"},"schema":{"@context":"https:\/\/schema.org","@graph":[{"@type":"Article","@id":"https:\/\/www.eldiario.net\/portal\/2024\/09\/18\/contundente-rechazo-a-credito-para-el-inra\/#article","isPartOf":{"@id":"https:\/\/www.eldiario.net\/portal\/2024\/09\/18\/contundente-rechazo-a-credito-para-el-inra\/"},"author":{"name":"Jeanette","@id":"https:\/\/www.eldiario.net\/portal\/#\/schema\/person\/f46445640444750d7d753ccd04ae01b7"},"headline":"Contundente rechazo a cr\u00e9dito para el INRA","datePublished":"2024-09-18T10:05:26+00:00","mainEntityOfPage":{"@id":"https:\/\/www.eldiario.net\/portal\/2024\/09\/18\/contundente-rechazo-a-credito-para-el-inra\/"},"wordCount":491,"commentCount":0,"publisher":{"@id":"https:\/\/www.eldiario.net\/portal\/#organization"},"image":{"@id":"https:\/\/www.eldiario.net\/portal\/2024\/09\/18\/contundente-rechazo-a-credito-para-el-inra\/#primaryimage"},"thumbnailUrl":"https:\/\/www.eldiario.net\/portal\/wp-content\/uploads\/2023\/12\/Editorial.jpg","articleSection":["Editorial"],"inLanguage":"es","potentialAction":[{"@type":"CommentAction","name":"Comment","target":["https:\/\/www.eldiario.net\/portal\/2024\/09\/18\/contundente-rechazo-a-credito-para-el-inra\/#respond"]}]},{"@type":"WebPage","@id":"https:\/\/www.eldiario.net\/portal\/2024\/09\/18\/contundente-rechazo-a-credito-para-el-inra\/","url":"https:\/\/www.eldiario.net\/portal\/2024\/09\/18\/contundente-rechazo-a-credito-para-el-inra\/","name":"Contundente rechazo a cr\u00e9dito para el INRA - El Diario - Bolivia","isPartOf":{"@id":"https:\/\/www.eldiario.net\/portal\/#website"},"primaryImageOfPage":{"@id":"https:\/\/www.eldiario.net\/portal\/2024\/09\/18\/contundente-rechazo-a-credito-para-el-inra\/#primaryimage"},"image":{"@id":"https:\/\/www.eldiario.net\/portal\/2024\/09\/18\/contundente-rechazo-a-credito-para-el-inra\/#primaryimage"},"thumbnailUrl":"https:\/\/www.eldiario.net\/portal\/wp-content\/uploads\/2023\/12\/Editorial.jpg","datePublished":"2024-09-18T10:05:26+00:00","breadcrumb":{"@id":"https:\/\/www.eldiario.net\/portal\/2024\/09\/18\/contundente-rechazo-a-credito-para-el-inra\/#breadcrumb"},"inLanguage":"es","potentialAction":[{"@type":"ReadAction","target":["https:\/\/www.eldiario.net\/portal\/2024\/09\/18\/contundente-rechazo-a-credito-para-el-inra\/"]}]},{"@type":"ImageObject","inLanguage":"es","@id":"https:\/\/www.eldiario.net\/portal\/2024\/09\/18\/contundente-rechazo-a-credito-para-el-inra\/#primaryimage","url":"https:\/\/www.eldiario.net\/portal\/wp-content\/uploads\/2023\/12\/Editorial.jpg","contentUrl":"https:\/\/www.eldiario.net\/portal\/wp-content\/uploads\/2023\/12\/Editorial.jpg","width":800,"height":500},{"@type":"BreadcrumbList","@id":"https:\/\/www.eldiario.net\/portal\/2024\/09\/18\/contundente-rechazo-a-credito-para-el-inra\/#breadcrumb","itemListElement":[{"@type":"ListItem","position":1,"name":"Portada","item":"https:\/\/www.eldiario.net\/portal\/"},{"@type":"ListItem","position":2,"name":"Contundente rechazo a cr\u00e9dito para el INRA"}]},{"@type":"WebSite","@id":"https:\/\/www.eldiario.net\/portal\/#website","url":"https:\/\/www.eldiario.net\/portal\/","name":"El Diario - Decano de la prensa nacional","description":"El Diario - Decano de la prensa nacional","publisher":{"@id":"https:\/\/www.eldiario.net\/portal\/#organization"},"potentialAction":[{"@type":"SearchAction","target":{"@type":"EntryPoint","urlTemplate":"https:\/\/www.eldiario.net\/portal\/?s={search_term_string}"},"query-input":{"@type":"PropertyValueSpecification","valueRequired":true,"valueName":"search_term_string"}}],"inLanguage":"es"},{"@type":"Organization","@id":"https:\/\/www.eldiario.net\/portal\/#organization","name":"El Diario - Decano de la prensa nacional","url":"https:\/\/www.eldiario.net\/portal\/","logo":{"@type":"ImageObject","inLanguage":"es","@id":"https:\/\/www.eldiario.net\/portal\/#\/schema\/logo\/image\/","url":"https:\/\/www.eldiario.net\/portal\/wp-content\/uploads\/2023\/07\/logo_ED.jpg","contentUrl":"https:\/\/www.eldiario.net\/portal\/wp-content\/uploads\/2023\/07\/logo_ED.jpg","width":272,"height":52,"caption":"El Diario - Decano de la prensa nacional"},"image":{"@id":"https:\/\/www.eldiario.net\/portal\/#\/schema\/logo\/image\/"},"sameAs":["https:\/\/www.facebook.com\/eldiario.bolivia\/","https:\/\/x.com\/eldiario_net"]},{"@type":"Person","@id":"https:\/\/www.eldiario.net\/portal\/#\/schema\/person\/f46445640444750d7d753ccd04ae01b7","name":"Jeanette","image":{"@type":"ImageObject","inLanguage":"es","@id":"https:\/\/secure.gravatar.com\/avatar\/3ea2118a5f7dad2b7138b1187a6b7ee55f160b9968b66013c3a3ef39dd7e5798?s=96&d=mm&r=g","url":"https:\/\/secure.gravatar.com\/avatar\/3ea2118a5f7dad2b7138b1187a6b7ee55f160b9968b66013c3a3ef39dd7e5798?s=96&d=mm&r=g","contentUrl":"https:\/\/secure.gravatar.com\/avatar\/3ea2118a5f7dad2b7138b1187a6b7ee55f160b9968b66013c3a3ef39dd7e5798?s=96&d=mm&r=g","caption":"Jeanette"},"sameAs":["https:\/\/www.eldiario.net\/portal"],"url":"https:\/\/www.eldiario.net\/portal\/author\/jeanette\/"}]}},"_links":{"self":[{"href":"https:\/\/www.eldiario.net\/portal\/wp-json\/wp\/v2\/posts\/248225","targetHints":{"allow":["GET"]}}],"collection":[{"href":"https:\/\/www.eldiario.net\/portal\/wp-json\/wp\/v2\/posts"}],"about":[{"href":"https:\/\/www.eldiario.net\/portal\/wp-json\/wp\/v2\/types\/post"}],"author":[{"embeddable":true,"href":"https:\/\/www.eldiario.net\/portal\/wp-json\/wp\/v2\/users\/1"}],"replies":[{"embeddable":true,"href":"https:\/\/www.eldiario.net\/portal\/wp-json\/wp\/v2\/comments?post=248225"}],"version-history":[{"count":1,"href":"https:\/\/www.eldiario.net\/portal\/wp-json\/wp\/v2\/posts\/248225\/revisions"}],"predecessor-version":[{"id":248226,"href":"https:\/\/www.eldiario.net\/portal\/wp-json\/wp\/v2\/posts\/248225\/revisions\/248226"}],"wp:featuredmedia":[{"embeddable":true,"href":"https:\/\/www.eldiario.net\/portal\/wp-json\/wp\/v2\/media\/194776"}],"wp:attachment":[{"href":"https:\/\/www.eldiario.net\/portal\/wp-json\/wp\/v2\/media?parent=248225"}],"wp:term":[{"taxonomy":"category","embeddable":true,"href":"https:\/\/www.eldiario.net\/portal\/wp-json\/wp\/v2\/categories?post=248225"},{"taxonomy":"post_tag","embeddable":true,"href":"https:\/\/www.eldiario.net\/portal\/wp-json\/wp\/v2\/tags?post=248225"}],"curies":[{"name":"wp","href":"https:\/\/api.w.org\/{rel}","templated":true}]}}