{"id":248222,"date":"2024-09-18T06:04:53","date_gmt":"2024-09-18T10:04:53","guid":{"rendered":"https:\/\/www.eldiario.net\/portal\/?p=248222"},"modified":"2024-09-18T06:04:53","modified_gmt":"2024-09-18T10:04:53","slug":"facundo-de-almeida-dicto-taller-sobre-curaduria","status":"publish","type":"post","link":"https:\/\/www.eldiario.net\/portal\/2024\/09\/18\/facundo-de-almeida-dicto-taller-sobre-curaduria\/","title":{"rendered":"Facundo de Almeida dict\u00f3 taller sobre curadur\u00eda"},"content":{"rendered":"<p>\u201cEs muy dif\u00edcil ense\u00f1ar curadur\u00eda. Las tem\u00e1ticas vinculadas a gesti\u00f3n cultural no se ense\u00f1an, se aprenden. En estos casos lo m\u00e1s importante es la experiencia y es el intercambio\u201d, esa es la primera frase con la que Facundo de Almeida se hizo presente esta semana en el Museo Nacional de Arte (MNA).<br \/>\nDe Almeida es director del Museo de Arte Precolombino e Ind\u00edgena (MAPI) del Uruguay, arrib\u00f3 a Bolivia gracias a la Embajada de M\u00e9xico y las gestiones de la Fundaci\u00f3n Cultural del Banco Central de Bolivia (FC-BCB) para encarar una serie de actividades entre las cuales se halla el \u201cTaller de curadur\u00eda y arte visual\u201d que brind\u00f3 en el MNA y el cual cont\u00f3 con masiva presencia.<br \/>\nEn el evento estuvieron presentes el embajador de M\u00e9xico, Eduardo Sosa: el jefe nacional de Gesti\u00f3n Cultural de la Fundaci\u00f3n Cultural, David Aruquipa, adem\u00e1s de todo el equipo del Museo, que se nutri\u00f3 con una exposici\u00f3n plena de experiencias y felices coincidencias entre el planteamiento del experto y la actual gesti\u00f3n del Museo, agenda que no s\u00f3lo fue halagada por el invitado, sino que adem\u00e1s adelant\u00f3 replicar algunas de nuestras actividades cuando retorne al Uruguay.<br \/>\nLo imprescindible en una curadur\u00eda<br \/>\nLa charla b\u00e1sicamente tuvo como hilo conductor la vivencia suya en el MAPI y su vasta experiencia como curador y gestor cultural. Es as\u00ed que enfatiz\u00f3 el hecho de que toda curadur\u00eda debe concebirse en la comunidad: \u201cDebe pensarse la curadur\u00eda no como la decisi\u00f3n de una persona o de un peque\u00f1o grupo de personas, sino que debe ser pensado en funci\u00f3n de los intereses y las necesidades del p\u00fablico y de la comunidad. Si una persona no entra a una exposici\u00f3n y sale distinta, entonces esa exposici\u00f3n no sirvi\u00f3\u201d.<br \/>\nEn ese sentido, de Almeida recalc\u00f3 un cambio fundamental en el trabajo de los museos en el mundo ocurrido en 2022, en el escenario pand\u00e9mico: la ICOM (Consejo Internacional de Museos) modific\u00f3 el concepto de lo que es un \u201cMuseo\u201d: \u201cUn museo es una instituci\u00f3n sin \u00e1nimo de lucro, permanente y al servicio de la sociedad, que investiga, colecciona, conserva, interpreta y exhibe el patrimonio material e inmaterial. Abiertos al p\u00fablico, accesibles e inclusivos, los museos fomentan la diversidad y la sostenibilidad. Con la participaci\u00f3n de las comunidades, los museos operan y comunican \u00e9tica y profesionalmente, ofreciendo experiencias variadas para la educaci\u00f3n, el disfrute, la reflexi\u00f3n y el intercambio de conocimientos\u201d.<br \/>\n\u201cDisfrute\u201d \u2013se\u00f1ala de Almeida- es la palabra que hace gran diferencia, ya que la gente debe disfrutar su visita a los museos: \u201cLo cierto es que los museos competimos por el tiempo de ocio de las personas\u201d.<br \/>\nEl director del MAPI destac\u00f3, una vez m\u00e1s, las tareas que despliega actualmente el MNA: \u201cUna curadur\u00eda tambi\u00e9n debe tomar en cuenta al p\u00fablico potencial y me refiero a contemplar otras perspectivas, que ustedes como MNA est\u00e1n haciendo con el programa \u2018El Museo donde t\u00fa est\u00e1s\u2019. Cuando yo llegu\u00e9 a la Terminal de El Alto y vi las obras en la terminal de buses, me dije de inmediato \u2018amo a esta gente\u2019\u201d, coment\u00f3 divertido y honesto.<\/p>\n","protected":false},"excerpt":{"rendered":"<p>\u201cEs muy dif\u00edcil ense\u00f1ar curadur\u00eda. Las tem\u00e1ticas vinculadas a gesti\u00f3n cultural no se ense\u00f1an, se aprenden. En estos casos lo m\u00e1s importante es la experiencia y es el intercambio\u201d, esa es la primera frase con la que Facundo de Almeida se hizo presente esta semana en el Museo Nacional de Arte (MNA). De Almeida es [&hellip;]<\/p>\n","protected":false},"author":1,"featured_media":248223,"comment_status":"open","ping_status":"open","sticky":false,"template":"","format":"standard","meta":{"_acf_changed":false,"footnotes":""},"categories":[8],"tags":[],"class_list":["post-248222","post","type-post","status-publish","format-standard","has-post-thumbnail","category-cultural"],"acf":{"antetitulo":"Gestor cultural"},"yoast_head":"<!-- This site is optimized with the Yoast SEO plugin v28.4 - https:\/\/yoast.com\/product\/yoast-seo-wordpress\/ -->\n<title>Facundo de Almeida dict\u00f3 taller sobre curadur\u00eda - El Diario - Bolivia<\/title>\n<meta name=\"robots\" content=\"index, follow, max-snippet:-1, max-image-preview:large, max-video-preview:-1\" \/>\n<link rel=\"canonical\" href=\"https:\/\/www.eldiario.net\/portal\/2024\/09\/18\/facundo-de-almeida-dicto-taller-sobre-curaduria\/\" \/>\n<meta property=\"og:locale\" content=\"es_ES\" \/>\n<meta property=\"og:type\" content=\"article\" \/>\n<meta property=\"og:title\" content=\"Facundo de Almeida dict\u00f3 taller sobre curadur\u00eda - El Diario - Bolivia\" \/>\n<meta property=\"og:description\" content=\"\u201cEs muy dif\u00edcil ense\u00f1ar curadur\u00eda. Las tem\u00e1ticas vinculadas a gesti\u00f3n cultural no se ense\u00f1an, se aprenden. En estos casos lo m\u00e1s importante es la experiencia y es el intercambio\u201d, esa es la primera frase con la que Facundo de Almeida se hizo presente esta semana en el Museo Nacional de Arte (MNA). De Almeida es [&hellip;]\" \/>\n<meta property=\"og:url\" content=\"https:\/\/www.eldiario.net\/portal\/2024\/09\/18\/facundo-de-almeida-dicto-taller-sobre-curaduria\/\" \/>\n<meta property=\"og:site_name\" content=\"El Diario - Bolivia\" \/>\n<meta property=\"article:publisher\" content=\"https:\/\/www.facebook.com\/eldiario.bolivia\/\" \/>\n<meta property=\"article:published_time\" content=\"2024-09-18T10:04:53+00:00\" \/>\n<meta property=\"og:image\" content=\"https:\/\/www.eldiario.net\/portal\/wp-content\/uploads\/2024\/09\/URUGUAYO.jpg\" \/>\n\t<meta property=\"og:image:width\" content=\"1600\" \/>\n\t<meta property=\"og:image:height\" content=\"1257\" \/>\n\t<meta property=\"og:image:type\" content=\"image\/jpeg\" \/>\n<meta name=\"author\" content=\"Jeanette\" \/>\n<meta name=\"twitter:card\" content=\"summary_large_image\" \/>\n<meta name=\"twitter:creator\" content=\"@eldiario_net\" \/>\n<meta name=\"twitter:site\" content=\"@eldiario_net\" \/>\n<meta name=\"twitter:label1\" content=\"Escrito por\" \/>\n\t<meta name=\"twitter:data1\" content=\"Jeanette\" \/>\n\t<meta name=\"twitter:label2\" content=\"Tiempo de lectura\" \/>\n\t<meta name=\"twitter:data2\" content=\"3 minutos\" \/>\n<script type=\"application\/ld+json\" class=\"yoast-schema-graph\">{\"@context\":\"https:\\\/\\\/schema.org\",\"@graph\":[{\"@type\":\"Article\",\"@id\":\"https:\\\/\\\/www.eldiario.net\\\/portal\\\/2024\\\/09\\\/18\\\/facundo-de-almeida-dicto-taller-sobre-curaduria\\\/#article\",\"isPartOf\":{\"@id\":\"https:\\\/\\\/www.eldiario.net\\\/portal\\\/2024\\\/09\\\/18\\\/facundo-de-almeida-dicto-taller-sobre-curaduria\\\/\"},\"author\":{\"name\":\"Jeanette\",\"@id\":\"https:\\\/\\\/www.eldiario.net\\\/portal\\\/#\\\/schema\\\/person\\\/f46445640444750d7d753ccd04ae01b7\"},\"headline\":\"Facundo de Almeida dict\u00f3 taller sobre curadur\u00eda\",\"datePublished\":\"2024-09-18T10:04:53+00:00\",\"mainEntityOfPage\":{\"@id\":\"https:\\\/\\\/www.eldiario.net\\\/portal\\\/2024\\\/09\\\/18\\\/facundo-de-almeida-dicto-taller-sobre-curaduria\\\/\"},\"wordCount\":561,\"commentCount\":0,\"publisher\":{\"@id\":\"https:\\\/\\\/www.eldiario.net\\\/portal\\\/#organization\"},\"image\":{\"@id\":\"https:\\\/\\\/www.eldiario.net\\\/portal\\\/2024\\\/09\\\/18\\\/facundo-de-almeida-dicto-taller-sobre-curaduria\\\/#primaryimage\"},\"thumbnailUrl\":\"https:\\\/\\\/www.eldiario.net\\\/portal\\\/wp-content\\\/uploads\\\/2024\\\/09\\\/URUGUAYO.jpg\",\"articleSection\":[\"Cultural\"],\"inLanguage\":\"es\",\"potentialAction\":[{\"@type\":\"CommentAction\",\"name\":\"Comment\",\"target\":[\"https:\\\/\\\/www.eldiario.net\\\/portal\\\/2024\\\/09\\\/18\\\/facundo-de-almeida-dicto-taller-sobre-curaduria\\\/#respond\"]}]},{\"@type\":\"WebPage\",\"@id\":\"https:\\\/\\\/www.eldiario.net\\\/portal\\\/2024\\\/09\\\/18\\\/facundo-de-almeida-dicto-taller-sobre-curaduria\\\/\",\"url\":\"https:\\\/\\\/www.eldiario.net\\\/portal\\\/2024\\\/09\\\/18\\\/facundo-de-almeida-dicto-taller-sobre-curaduria\\\/\",\"name\":\"Facundo de Almeida dict\u00f3 taller sobre curadur\u00eda - El Diario - Bolivia\",\"isPartOf\":{\"@id\":\"https:\\\/\\\/www.eldiario.net\\\/portal\\\/#website\"},\"primaryImageOfPage\":{\"@id\":\"https:\\\/\\\/www.eldiario.net\\\/portal\\\/2024\\\/09\\\/18\\\/facundo-de-almeida-dicto-taller-sobre-curaduria\\\/#primaryimage\"},\"image\":{\"@id\":\"https:\\\/\\\/www.eldiario.net\\\/portal\\\/2024\\\/09\\\/18\\\/facundo-de-almeida-dicto-taller-sobre-curaduria\\\/#primaryimage\"},\"thumbnailUrl\":\"https:\\\/\\\/www.eldiario.net\\\/portal\\\/wp-content\\\/uploads\\\/2024\\\/09\\\/URUGUAYO.jpg\",\"datePublished\":\"2024-09-18T10:04:53+00:00\",\"breadcrumb\":{\"@id\":\"https:\\\/\\\/www.eldiario.net\\\/portal\\\/2024\\\/09\\\/18\\\/facundo-de-almeida-dicto-taller-sobre-curaduria\\\/#breadcrumb\"},\"inLanguage\":\"es\",\"potentialAction\":[{\"@type\":\"ReadAction\",\"target\":[\"https:\\\/\\\/www.eldiario.net\\\/portal\\\/2024\\\/09\\\/18\\\/facundo-de-almeida-dicto-taller-sobre-curaduria\\\/\"]}]},{\"@type\":\"ImageObject\",\"inLanguage\":\"es\",\"@id\":\"https:\\\/\\\/www.eldiario.net\\\/portal\\\/2024\\\/09\\\/18\\\/facundo-de-almeida-dicto-taller-sobre-curaduria\\\/#primaryimage\",\"url\":\"https:\\\/\\\/www.eldiario.net\\\/portal\\\/wp-content\\\/uploads\\\/2024\\\/09\\\/URUGUAYO.jpg\",\"contentUrl\":\"https:\\\/\\\/www.eldiario.net\\\/portal\\\/wp-content\\\/uploads\\\/2024\\\/09\\\/URUGUAYO.jpg\",\"width\":1600,\"height\":1257,\"caption\":\"FACUNDO DE ALMEIDA DURANTE EL TALLER.\"},{\"@type\":\"BreadcrumbList\",\"@id\":\"https:\\\/\\\/www.eldiario.net\\\/portal\\\/2024\\\/09\\\/18\\\/facundo-de-almeida-dicto-taller-sobre-curaduria\\\/#breadcrumb\",\"itemListElement\":[{\"@type\":\"ListItem\",\"position\":1,\"name\":\"Portada\",\"item\":\"https:\\\/\\\/www.eldiario.net\\\/portal\\\/\"},{\"@type\":\"ListItem\",\"position\":2,\"name\":\"Facundo de Almeida dict\u00f3 taller sobre curadur\u00eda\"}]},{\"@type\":\"WebSite\",\"@id\":\"https:\\\/\\\/www.eldiario.net\\\/portal\\\/#website\",\"url\":\"https:\\\/\\\/www.eldiario.net\\\/portal\\\/\",\"name\":\"El Diario - Decano de la prensa nacional\",\"description\":\"El Diario - Decano de la prensa nacional\",\"publisher\":{\"@id\":\"https:\\\/\\\/www.eldiario.net\\\/portal\\\/#organization\"},\"potentialAction\":[{\"@type\":\"SearchAction\",\"target\":{\"@type\":\"EntryPoint\",\"urlTemplate\":\"https:\\\/\\\/www.eldiario.net\\\/portal\\\/?s={search_term_string}\"},\"query-input\":{\"@type\":\"PropertyValueSpecification\",\"valueRequired\":true,\"valueName\":\"search_term_string\"}}],\"inLanguage\":\"es\"},{\"@type\":\"Organization\",\"@id\":\"https:\\\/\\\/www.eldiario.net\\\/portal\\\/#organization\",\"name\":\"El Diario - Decano de la prensa nacional\",\"url\":\"https:\\\/\\\/www.eldiario.net\\\/portal\\\/\",\"logo\":{\"@type\":\"ImageObject\",\"inLanguage\":\"es\",\"@id\":\"https:\\\/\\\/www.eldiario.net\\\/portal\\\/#\\\/schema\\\/logo\\\/image\\\/\",\"url\":\"https:\\\/\\\/www.eldiario.net\\\/portal\\\/wp-content\\\/uploads\\\/2023\\\/07\\\/logo_ED.jpg\",\"contentUrl\":\"https:\\\/\\\/www.eldiario.net\\\/portal\\\/wp-content\\\/uploads\\\/2023\\\/07\\\/logo_ED.jpg\",\"width\":272,\"height\":52,\"caption\":\"El Diario - Decano de la prensa nacional\"},\"image\":{\"@id\":\"https:\\\/\\\/www.eldiario.net\\\/portal\\\/#\\\/schema\\\/logo\\\/image\\\/\"},\"sameAs\":[\"https:\\\/\\\/www.facebook.com\\\/eldiario.bolivia\\\/\",\"https:\\\/\\\/x.com\\\/eldiario_net\"]},{\"@type\":\"Person\",\"@id\":\"https:\\\/\\\/www.eldiario.net\\\/portal\\\/#\\\/schema\\\/person\\\/f46445640444750d7d753ccd04ae01b7\",\"name\":\"Jeanette\",\"image\":{\"@type\":\"ImageObject\",\"inLanguage\":\"es\",\"@id\":\"https:\\\/\\\/secure.gravatar.com\\\/avatar\\\/3ea2118a5f7dad2b7138b1187a6b7ee55f160b9968b66013c3a3ef39dd7e5798?s=96&d=mm&r=g\",\"url\":\"https:\\\/\\\/secure.gravatar.com\\\/avatar\\\/3ea2118a5f7dad2b7138b1187a6b7ee55f160b9968b66013c3a3ef39dd7e5798?s=96&d=mm&r=g\",\"contentUrl\":\"https:\\\/\\\/secure.gravatar.com\\\/avatar\\\/3ea2118a5f7dad2b7138b1187a6b7ee55f160b9968b66013c3a3ef39dd7e5798?s=96&d=mm&r=g\",\"caption\":\"Jeanette\"},\"sameAs\":[\"https:\\\/\\\/www.eldiario.net\\\/portal\"],\"url\":\"https:\\\/\\\/www.eldiario.net\\\/portal\\\/author\\\/jeanette\\\/\"}]}<\/script>\n<!-- \/ Yoast SEO plugin. -->","yoast_head_json":{"title":"Facundo de Almeida dict\u00f3 taller sobre curadur\u00eda - El Diario - Bolivia","robots":{"index":"index","follow":"follow","max-snippet":"max-snippet:-1","max-image-preview":"max-image-preview:large","max-video-preview":"max-video-preview:-1"},"canonical":"https:\/\/www.eldiario.net\/portal\/2024\/09\/18\/facundo-de-almeida-dicto-taller-sobre-curaduria\/","og_locale":"es_ES","og_type":"article","og_title":"Facundo de Almeida dict\u00f3 taller sobre curadur\u00eda - El Diario - Bolivia","og_description":"\u201cEs muy dif\u00edcil ense\u00f1ar curadur\u00eda. Las tem\u00e1ticas vinculadas a gesti\u00f3n cultural no se ense\u00f1an, se aprenden. En estos casos lo m\u00e1s importante es la experiencia y es el intercambio\u201d, esa es la primera frase con la que Facundo de Almeida se hizo presente esta semana en el Museo Nacional de Arte (MNA). De Almeida es [&hellip;]","og_url":"https:\/\/www.eldiario.net\/portal\/2024\/09\/18\/facundo-de-almeida-dicto-taller-sobre-curaduria\/","og_site_name":"El Diario - Bolivia","article_publisher":"https:\/\/www.facebook.com\/eldiario.bolivia\/","article_published_time":"2024-09-18T10:04:53+00:00","og_image":[{"width":1600,"height":1257,"url":"https:\/\/www.eldiario.net\/portal\/wp-content\/uploads\/2024\/09\/URUGUAYO.jpg","type":"image\/jpeg"}],"author":"Jeanette","twitter_card":"summary_large_image","twitter_creator":"@eldiario_net","twitter_site":"@eldiario_net","twitter_misc":{"Escrito por":"Jeanette","Tiempo de lectura":"3 minutos"},"schema":{"@context":"https:\/\/schema.org","@graph":[{"@type":"Article","@id":"https:\/\/www.eldiario.net\/portal\/2024\/09\/18\/facundo-de-almeida-dicto-taller-sobre-curaduria\/#article","isPartOf":{"@id":"https:\/\/www.eldiario.net\/portal\/2024\/09\/18\/facundo-de-almeida-dicto-taller-sobre-curaduria\/"},"author":{"name":"Jeanette","@id":"https:\/\/www.eldiario.net\/portal\/#\/schema\/person\/f46445640444750d7d753ccd04ae01b7"},"headline":"Facundo de Almeida dict\u00f3 taller sobre curadur\u00eda","datePublished":"2024-09-18T10:04:53+00:00","mainEntityOfPage":{"@id":"https:\/\/www.eldiario.net\/portal\/2024\/09\/18\/facundo-de-almeida-dicto-taller-sobre-curaduria\/"},"wordCount":561,"commentCount":0,"publisher":{"@id":"https:\/\/www.eldiario.net\/portal\/#organization"},"image":{"@id":"https:\/\/www.eldiario.net\/portal\/2024\/09\/18\/facundo-de-almeida-dicto-taller-sobre-curaduria\/#primaryimage"},"thumbnailUrl":"https:\/\/www.eldiario.net\/portal\/wp-content\/uploads\/2024\/09\/URUGUAYO.jpg","articleSection":["Cultural"],"inLanguage":"es","potentialAction":[{"@type":"CommentAction","name":"Comment","target":["https:\/\/www.eldiario.net\/portal\/2024\/09\/18\/facundo-de-almeida-dicto-taller-sobre-curaduria\/#respond"]}]},{"@type":"WebPage","@id":"https:\/\/www.eldiario.net\/portal\/2024\/09\/18\/facundo-de-almeida-dicto-taller-sobre-curaduria\/","url":"https:\/\/www.eldiario.net\/portal\/2024\/09\/18\/facundo-de-almeida-dicto-taller-sobre-curaduria\/","name":"Facundo de Almeida dict\u00f3 taller sobre curadur\u00eda - El Diario - Bolivia","isPartOf":{"@id":"https:\/\/www.eldiario.net\/portal\/#website"},"primaryImageOfPage":{"@id":"https:\/\/www.eldiario.net\/portal\/2024\/09\/18\/facundo-de-almeida-dicto-taller-sobre-curaduria\/#primaryimage"},"image":{"@id":"https:\/\/www.eldiario.net\/portal\/2024\/09\/18\/facundo-de-almeida-dicto-taller-sobre-curaduria\/#primaryimage"},"thumbnailUrl":"https:\/\/www.eldiario.net\/portal\/wp-content\/uploads\/2024\/09\/URUGUAYO.jpg","datePublished":"2024-09-18T10:04:53+00:00","breadcrumb":{"@id":"https:\/\/www.eldiario.net\/portal\/2024\/09\/18\/facundo-de-almeida-dicto-taller-sobre-curaduria\/#breadcrumb"},"inLanguage":"es","potentialAction":[{"@type":"ReadAction","target":["https:\/\/www.eldiario.net\/portal\/2024\/09\/18\/facundo-de-almeida-dicto-taller-sobre-curaduria\/"]}]},{"@type":"ImageObject","inLanguage":"es","@id":"https:\/\/www.eldiario.net\/portal\/2024\/09\/18\/facundo-de-almeida-dicto-taller-sobre-curaduria\/#primaryimage","url":"https:\/\/www.eldiario.net\/portal\/wp-content\/uploads\/2024\/09\/URUGUAYO.jpg","contentUrl":"https:\/\/www.eldiario.net\/portal\/wp-content\/uploads\/2024\/09\/URUGUAYO.jpg","width":1600,"height":1257,"caption":"FACUNDO DE ALMEIDA DURANTE EL TALLER."},{"@type":"BreadcrumbList","@id":"https:\/\/www.eldiario.net\/portal\/2024\/09\/18\/facundo-de-almeida-dicto-taller-sobre-curaduria\/#breadcrumb","itemListElement":[{"@type":"ListItem","position":1,"name":"Portada","item":"https:\/\/www.eldiario.net\/portal\/"},{"@type":"ListItem","position":2,"name":"Facundo de Almeida dict\u00f3 taller sobre curadur\u00eda"}]},{"@type":"WebSite","@id":"https:\/\/www.eldiario.net\/portal\/#website","url":"https:\/\/www.eldiario.net\/portal\/","name":"El Diario - Decano de la prensa nacional","description":"El Diario - Decano de la prensa nacional","publisher":{"@id":"https:\/\/www.eldiario.net\/portal\/#organization"},"potentialAction":[{"@type":"SearchAction","target":{"@type":"EntryPoint","urlTemplate":"https:\/\/www.eldiario.net\/portal\/?s={search_term_string}"},"query-input":{"@type":"PropertyValueSpecification","valueRequired":true,"valueName":"search_term_string"}}],"inLanguage":"es"},{"@type":"Organization","@id":"https:\/\/www.eldiario.net\/portal\/#organization","name":"El Diario - Decano de la prensa nacional","url":"https:\/\/www.eldiario.net\/portal\/","logo":{"@type":"ImageObject","inLanguage":"es","@id":"https:\/\/www.eldiario.net\/portal\/#\/schema\/logo\/image\/","url":"https:\/\/www.eldiario.net\/portal\/wp-content\/uploads\/2023\/07\/logo_ED.jpg","contentUrl":"https:\/\/www.eldiario.net\/portal\/wp-content\/uploads\/2023\/07\/logo_ED.jpg","width":272,"height":52,"caption":"El Diario - Decano de la prensa nacional"},"image":{"@id":"https:\/\/www.eldiario.net\/portal\/#\/schema\/logo\/image\/"},"sameAs":["https:\/\/www.facebook.com\/eldiario.bolivia\/","https:\/\/x.com\/eldiario_net"]},{"@type":"Person","@id":"https:\/\/www.eldiario.net\/portal\/#\/schema\/person\/f46445640444750d7d753ccd04ae01b7","name":"Jeanette","image":{"@type":"ImageObject","inLanguage":"es","@id":"https:\/\/secure.gravatar.com\/avatar\/3ea2118a5f7dad2b7138b1187a6b7ee55f160b9968b66013c3a3ef39dd7e5798?s=96&d=mm&r=g","url":"https:\/\/secure.gravatar.com\/avatar\/3ea2118a5f7dad2b7138b1187a6b7ee55f160b9968b66013c3a3ef39dd7e5798?s=96&d=mm&r=g","contentUrl":"https:\/\/secure.gravatar.com\/avatar\/3ea2118a5f7dad2b7138b1187a6b7ee55f160b9968b66013c3a3ef39dd7e5798?s=96&d=mm&r=g","caption":"Jeanette"},"sameAs":["https:\/\/www.eldiario.net\/portal"],"url":"https:\/\/www.eldiario.net\/portal\/author\/jeanette\/"}]}},"_links":{"self":[{"href":"https:\/\/www.eldiario.net\/portal\/wp-json\/wp\/v2\/posts\/248222","targetHints":{"allow":["GET"]}}],"collection":[{"href":"https:\/\/www.eldiario.net\/portal\/wp-json\/wp\/v2\/posts"}],"about":[{"href":"https:\/\/www.eldiario.net\/portal\/wp-json\/wp\/v2\/types\/post"}],"author":[{"embeddable":true,"href":"https:\/\/www.eldiario.net\/portal\/wp-json\/wp\/v2\/users\/1"}],"replies":[{"embeddable":true,"href":"https:\/\/www.eldiario.net\/portal\/wp-json\/wp\/v2\/comments?post=248222"}],"version-history":[{"count":1,"href":"https:\/\/www.eldiario.net\/portal\/wp-json\/wp\/v2\/posts\/248222\/revisions"}],"predecessor-version":[{"id":248224,"href":"https:\/\/www.eldiario.net\/portal\/wp-json\/wp\/v2\/posts\/248222\/revisions\/248224"}],"wp:featuredmedia":[{"embeddable":true,"href":"https:\/\/www.eldiario.net\/portal\/wp-json\/wp\/v2\/media\/248223"}],"wp:attachment":[{"href":"https:\/\/www.eldiario.net\/portal\/wp-json\/wp\/v2\/media?parent=248222"}],"wp:term":[{"taxonomy":"category","embeddable":true,"href":"https:\/\/www.eldiario.net\/portal\/wp-json\/wp\/v2\/categories?post=248222"},{"taxonomy":"post_tag","embeddable":true,"href":"https:\/\/www.eldiario.net\/portal\/wp-json\/wp\/v2\/tags?post=248222"}],"curies":[{"name":"wp","href":"https:\/\/api.w.org\/{rel}","templated":true}]}}