{"id":248212,"date":"2024-09-18T06:00:26","date_gmt":"2024-09-18T10:00:26","guid":{"rendered":"https:\/\/www.eldiario.net\/portal\/?p=248212"},"modified":"2024-09-18T06:00:26","modified_gmt":"2024-09-18T10:00:26","slug":"gobierno-tiene-la-obligacion-de-preservar-el-orden-interno","status":"publish","type":"post","link":"https:\/\/www.eldiario.net\/portal\/2024\/09\/18\/gobierno-tiene-la-obligacion-de-preservar-el-orden-interno\/","title":{"rendered":"Gobierno tiene la obligaci\u00f3n  de preservar el orden interno"},"content":{"rendered":"<p>Gobierno tiene la responsabilidad, en el marco de la Constituci\u00f3n, de preservar el orden interno y evitar cualquier acto de violencia y confrontaci\u00f3n que pueda generarse.<br \/>\nSe\u00f1alan que \u201carcistas\u201d y \u201cevistas\u201d persiguen el mismo objetivo, el poder. Unos tratan de retomarlo y otros buscan mantenerlo.<br \/>\nAfirmando que el \u201cevismo\u201d no escatimar\u00e1 en ninguna estrategia \u201coscura y subterr\u00e1nea\u201d para lograr sus objetivos pol\u00edticos, el jefe de bancada por Comunidad Ciudadana (CC) en Diputados, Enrique Urquidi, se\u00f1al\u00f3 que est\u00e1 en manos del Gobierno garantizar la institucionalidad y el respeto de la Constituci\u00f3n Pol\u00edtica del Estado (CPE), evitando cualquier acto de violencia y preservando el cumplimiento de la norma.<br \/>\nEn declaraciones a medios de prensa, el asamble\u00edsta de oposici\u00f3n puntualiz\u00f3 que las medidas de presi\u00f3n iniciadas esta semana por sectores afines al \u201cevismo\u201d en el MAS, tienen un car\u00e1cter estrictamente pol\u00edtico cuya finalidad es la habilitaci\u00f3n de Evo Morales para las pr\u00f3ximas elecciones.<br \/>\n\u201cAqu\u00ed no se est\u00e1 reivindicando ning\u00fan derecho ni demandando un beneficio para nadie, excepto el supuesto derecho de Morales para tratar de ser candidato y entrar por la ventana a la candidatura del a\u00f1o 2025, ese es el objetivo claro de esta movilizaci\u00f3n\u201d, sostuvo.<br \/>\nSobre la amenaza que la movilizaci\u00f3n \u201cevista\u201d representa para la estabilidad del pa\u00eds, Urquidi apunt\u00f3 que el gobierno de Arce, pese a ser juez y parte en este problema, tiene la responsabilidad, en el marco de la Constituci\u00f3n, de preservar el orden interno y evitar cualquier acto de violencia y confrontaci\u00f3n que pueda generarse.<br \/>\n\u201cYa conocemos la forma de razonar de Evo Morales y del propio MAS, no tengo la menor duda de que seguramente se est\u00e1 buscando alg\u00fan muerto para conflictuar el pa\u00eds, generar tensi\u00f3n y tratar de buscar la convulsi\u00f3n. No queda duda\u201d, advirti\u00f3.<br \/>\nAsimismo, asever\u00f3 que ser\u00e1n responsables tanto Morales como Arce, en caso de que las medidas deriven en confrontaci\u00f3n y conflictos sociales, tomando en cuenta que ambos bloques persiguen el mismo objetivo, el poder. \u201cUnos quieren volver y otros no los quieren dejar\u201d.<br \/>\n\u201cEst\u00e1 claro que Morales no va escatimar en ninguna estrategia burda oscura y subterr\u00e1nea para tratar de lograr su objetivo. \u00c9l no es precisamente una persona que respete las instituciones y mucho menos las reglas de la democracia, eso lo sabemos todos\u201d, afirm\u00f3 Urquidi.<br \/>\nAl respecto, el diputado Jos\u00e9 Manuel Ormachea llam\u00f3 a que autoridades nacionales hagan respetar y cumplir las normativas vigentes, la Constituci\u00f3n y sobre todo la Resoluci\u00f3n Constitucional que conmina al dirigente cocalero y sus movimientos sociales a no vulnerar los derechos de la poblaci\u00f3n para desplazarse libremente por territorio nacional.<br \/>\nEn ese sentido, emplaz\u00f3 al ministro de Gobierno, Eduardo Del Castillo, a desarticular cualquier amenaza que pueda generarse a partir de la marcha iniciada la jornada pasada y otras medidas que surjan en los siguientes d\u00edas.<br \/>\n\u201cAhora vamos a ver de qu\u00e9 est\u00e1 hecho el ministro, porque ha sido notificado el MAS del ala \u2018evista\u2019. La justicia ha ordenado que no generen enfrentamiento, inestabilidad, bloqueos y violencia. Si se debe aprehender a Morales, debe hacerlo, pues se trata de un ciudadano m\u00e1s\u201d, puntualiz\u00f3 Ormachea, reiterando que el \u201cevismo\u201d solo se moviliza por intereses pol\u00edticos totalmente alejados de alg\u00fan tipo de reivindicaci\u00f3n nacional importante.<br \/>\nAyer, en la localidad de Caracollo del departamento de Oruro, Evo Morales dio inicio a la denominada \u201cMarcha para Salvar Bolivia\u201d, supuestamente para demandar al Gobierno una respuesta efectiva al problema de la falta de combustible, d\u00f3lares, incremento de la canasta familiar y respeto a la institucionalidad del MAS.<br \/>\n\u201cEl presidente con su gobierno es el primer bloqueador del pa\u00eds, con combustible, por falta de dinero, grave la situaci\u00f3n\u201d, acus\u00f3.<br \/>\nPosteriormente, denunci\u00f3 supuestos planes para detener esta medida, con la movilizaci\u00f3n de mineros y funcionarios p\u00fablicos. Nuevamente advirti\u00f3 que, de no aceptarse sus demandas, se dar\u00e1 paso a un bloqueo de caminos a partir del 30 de septiembre.<br \/>\nDesde el Gobierno, se acusa a Morales de intentar usar esta marcha para imponer una candidatura presidencial, en tanto que \u201cevistas\u201d aseguran haber sido abandonados por el presidente y vicepresidente a causa de una \u201cmala gesti\u00f3n\u201d.<br \/>\nPara el viceministro de Seguridad Ciudadana, Roberto R\u00edos, la columna que acompa\u00f1a a Morales inici\u00f3 con 2000 personas, existiendo mineros en posesi\u00f3n de dinamita. Asimismo, adelant\u00f3 que la Polic\u00eda har\u00e1 respetar la norma y realizar\u00e1 todos los trabajos necesarios para mantener el orden p\u00fablico, por lo que, adem\u00e1s, pidi\u00f3 a la poblaci\u00f3n no caer en provocaciones.<\/p>\n","protected":false},"excerpt":{"rendered":"<p>Gobierno tiene la responsabilidad, en el marco de la Constituci\u00f3n, de preservar el orden interno y evitar cualquier acto de violencia y confrontaci\u00f3n que pueda generarse. Se\u00f1alan que \u201carcistas\u201d y \u201cevistas\u201d persiguen el mismo objetivo, el poder. Unos tratan de retomarlo y otros buscan mantenerlo. Afirmando que el \u201cevismo\u201d no escatimar\u00e1 en ninguna estrategia \u201coscura [&hellip;]<\/p>\n","protected":false},"author":1,"featured_media":248213,"comment_status":"open","ping_status":"open","sticky":false,"template":"","format":"standard","meta":{"_acf_changed":false,"footnotes":""},"categories":[14],"tags":[],"class_list":["post-248212","post","type-post","status-publish","format-standard","has-post-thumbnail","category-politica"],"acf":{"antetitulo":"Ante intentos para generar inestabilidad"},"yoast_head":"<!-- This site is optimized with the Yoast SEO plugin v28.4 - https:\/\/yoast.com\/product\/yoast-seo-wordpress\/ -->\n<title>Gobierno tiene la obligaci\u00f3n de preservar el orden interno - El Diario - Bolivia<\/title>\n<meta name=\"robots\" content=\"index, follow, max-snippet:-1, max-image-preview:large, max-video-preview:-1\" \/>\n<link rel=\"canonical\" href=\"https:\/\/www.eldiario.net\/portal\/2024\/09\/18\/gobierno-tiene-la-obligacion-de-preservar-el-orden-interno\/\" \/>\n<meta property=\"og:locale\" content=\"es_ES\" \/>\n<meta property=\"og:type\" content=\"article\" \/>\n<meta property=\"og:title\" content=\"Gobierno tiene la obligaci\u00f3n de preservar el orden interno - El Diario - Bolivia\" \/>\n<meta property=\"og:description\" content=\"Gobierno tiene la responsabilidad, en el marco de la Constituci\u00f3n, de preservar el orden interno y evitar cualquier acto de violencia y confrontaci\u00f3n que pueda generarse. Se\u00f1alan que \u201carcistas\u201d y \u201cevistas\u201d persiguen el mismo objetivo, el poder. Unos tratan de retomarlo y otros buscan mantenerlo. Afirmando que el \u201cevismo\u201d no escatimar\u00e1 en ninguna estrategia \u201coscura [&hellip;]\" \/>\n<meta property=\"og:url\" content=\"https:\/\/www.eldiario.net\/portal\/2024\/09\/18\/gobierno-tiene-la-obligacion-de-preservar-el-orden-interno\/\" \/>\n<meta property=\"og:site_name\" content=\"El Diario - Bolivia\" \/>\n<meta property=\"article:publisher\" content=\"https:\/\/www.facebook.com\/eldiario.bolivia\/\" \/>\n<meta property=\"article:published_time\" content=\"2024-09-18T10:00:26+00:00\" \/>\n<meta property=\"og:image\" content=\"https:\/\/www.eldiario.net\/portal\/wp-content\/uploads\/2024\/09\/40-POL-9.jpg\" \/>\n\t<meta property=\"og:image:width\" content=\"1600\" \/>\n\t<meta property=\"og:image:height\" content=\"900\" \/>\n\t<meta property=\"og:image:type\" content=\"image\/jpeg\" \/>\n<meta name=\"author\" content=\"Jeanette\" \/>\n<meta name=\"twitter:card\" content=\"summary_large_image\" \/>\n<meta name=\"twitter:creator\" content=\"@eldiario_net\" \/>\n<meta name=\"twitter:site\" content=\"@eldiario_net\" \/>\n<meta name=\"twitter:label1\" content=\"Escrito por\" \/>\n\t<meta name=\"twitter:data1\" content=\"Jeanette\" \/>\n\t<meta name=\"twitter:label2\" content=\"Tiempo de lectura\" \/>\n\t<meta name=\"twitter:data2\" content=\"4 minutos\" \/>\n<script type=\"application\/ld+json\" class=\"yoast-schema-graph\">{\"@context\":\"https:\\\/\\\/schema.org\",\"@graph\":[{\"@type\":\"Article\",\"@id\":\"https:\\\/\\\/www.eldiario.net\\\/portal\\\/2024\\\/09\\\/18\\\/gobierno-tiene-la-obligacion-de-preservar-el-orden-interno\\\/#article\",\"isPartOf\":{\"@id\":\"https:\\\/\\\/www.eldiario.net\\\/portal\\\/2024\\\/09\\\/18\\\/gobierno-tiene-la-obligacion-de-preservar-el-orden-interno\\\/\"},\"author\":{\"name\":\"Jeanette\",\"@id\":\"https:\\\/\\\/www.eldiario.net\\\/portal\\\/#\\\/schema\\\/person\\\/f46445640444750d7d753ccd04ae01b7\"},\"headline\":\"Gobierno tiene la obligaci\u00f3n de preservar el orden interno\",\"datePublished\":\"2024-09-18T10:00:26+00:00\",\"mainEntityOfPage\":{\"@id\":\"https:\\\/\\\/www.eldiario.net\\\/portal\\\/2024\\\/09\\\/18\\\/gobierno-tiene-la-obligacion-de-preservar-el-orden-interno\\\/\"},\"wordCount\":786,\"commentCount\":0,\"publisher\":{\"@id\":\"https:\\\/\\\/www.eldiario.net\\\/portal\\\/#organization\"},\"image\":{\"@id\":\"https:\\\/\\\/www.eldiario.net\\\/portal\\\/2024\\\/09\\\/18\\\/gobierno-tiene-la-obligacion-de-preservar-el-orden-interno\\\/#primaryimage\"},\"thumbnailUrl\":\"https:\\\/\\\/www.eldiario.net\\\/portal\\\/wp-content\\\/uploads\\\/2024\\\/09\\\/40-POL-9.jpg\",\"articleSection\":[\"Pol\u00edtica\"],\"inLanguage\":\"es\",\"potentialAction\":[{\"@type\":\"CommentAction\",\"name\":\"Comment\",\"target\":[\"https:\\\/\\\/www.eldiario.net\\\/portal\\\/2024\\\/09\\\/18\\\/gobierno-tiene-la-obligacion-de-preservar-el-orden-interno\\\/#respond\"]}]},{\"@type\":\"WebPage\",\"@id\":\"https:\\\/\\\/www.eldiario.net\\\/portal\\\/2024\\\/09\\\/18\\\/gobierno-tiene-la-obligacion-de-preservar-el-orden-interno\\\/\",\"url\":\"https:\\\/\\\/www.eldiario.net\\\/portal\\\/2024\\\/09\\\/18\\\/gobierno-tiene-la-obligacion-de-preservar-el-orden-interno\\\/\",\"name\":\"Gobierno tiene la obligaci\u00f3n de preservar el orden interno - El Diario - Bolivia\",\"isPartOf\":{\"@id\":\"https:\\\/\\\/www.eldiario.net\\\/portal\\\/#website\"},\"primaryImageOfPage\":{\"@id\":\"https:\\\/\\\/www.eldiario.net\\\/portal\\\/2024\\\/09\\\/18\\\/gobierno-tiene-la-obligacion-de-preservar-el-orden-interno\\\/#primaryimage\"},\"image\":{\"@id\":\"https:\\\/\\\/www.eldiario.net\\\/portal\\\/2024\\\/09\\\/18\\\/gobierno-tiene-la-obligacion-de-preservar-el-orden-interno\\\/#primaryimage\"},\"thumbnailUrl\":\"https:\\\/\\\/www.eldiario.net\\\/portal\\\/wp-content\\\/uploads\\\/2024\\\/09\\\/40-POL-9.jpg\",\"datePublished\":\"2024-09-18T10:00:26+00:00\",\"breadcrumb\":{\"@id\":\"https:\\\/\\\/www.eldiario.net\\\/portal\\\/2024\\\/09\\\/18\\\/gobierno-tiene-la-obligacion-de-preservar-el-orden-interno\\\/#breadcrumb\"},\"inLanguage\":\"es\",\"potentialAction\":[{\"@type\":\"ReadAction\",\"target\":[\"https:\\\/\\\/www.eldiario.net\\\/portal\\\/2024\\\/09\\\/18\\\/gobierno-tiene-la-obligacion-de-preservar-el-orden-interno\\\/\"]}]},{\"@type\":\"ImageObject\",\"inLanguage\":\"es\",\"@id\":\"https:\\\/\\\/www.eldiario.net\\\/portal\\\/2024\\\/09\\\/18\\\/gobierno-tiene-la-obligacion-de-preservar-el-orden-interno\\\/#primaryimage\",\"url\":\"https:\\\/\\\/www.eldiario.net\\\/portal\\\/wp-content\\\/uploads\\\/2024\\\/09\\\/40-POL-9.jpg\",\"contentUrl\":\"https:\\\/\\\/www.eldiario.net\\\/portal\\\/wp-content\\\/uploads\\\/2024\\\/09\\\/40-POL-9.jpg\",\"width\":1600,\"height\":900,\"caption\":\"Diputado Enrique Urquidi (CC).\"},{\"@type\":\"BreadcrumbList\",\"@id\":\"https:\\\/\\\/www.eldiario.net\\\/portal\\\/2024\\\/09\\\/18\\\/gobierno-tiene-la-obligacion-de-preservar-el-orden-interno\\\/#breadcrumb\",\"itemListElement\":[{\"@type\":\"ListItem\",\"position\":1,\"name\":\"Portada\",\"item\":\"https:\\\/\\\/www.eldiario.net\\\/portal\\\/\"},{\"@type\":\"ListItem\",\"position\":2,\"name\":\"Gobierno tiene la obligaci\u00f3n de preservar el orden interno\"}]},{\"@type\":\"WebSite\",\"@id\":\"https:\\\/\\\/www.eldiario.net\\\/portal\\\/#website\",\"url\":\"https:\\\/\\\/www.eldiario.net\\\/portal\\\/\",\"name\":\"El Diario - Decano de la prensa nacional\",\"description\":\"El Diario - Decano de la prensa nacional\",\"publisher\":{\"@id\":\"https:\\\/\\\/www.eldiario.net\\\/portal\\\/#organization\"},\"potentialAction\":[{\"@type\":\"SearchAction\",\"target\":{\"@type\":\"EntryPoint\",\"urlTemplate\":\"https:\\\/\\\/www.eldiario.net\\\/portal\\\/?s={search_term_string}\"},\"query-input\":{\"@type\":\"PropertyValueSpecification\",\"valueRequired\":true,\"valueName\":\"search_term_string\"}}],\"inLanguage\":\"es\"},{\"@type\":\"Organization\",\"@id\":\"https:\\\/\\\/www.eldiario.net\\\/portal\\\/#organization\",\"name\":\"El Diario - Decano de la prensa nacional\",\"url\":\"https:\\\/\\\/www.eldiario.net\\\/portal\\\/\",\"logo\":{\"@type\":\"ImageObject\",\"inLanguage\":\"es\",\"@id\":\"https:\\\/\\\/www.eldiario.net\\\/portal\\\/#\\\/schema\\\/logo\\\/image\\\/\",\"url\":\"https:\\\/\\\/www.eldiario.net\\\/portal\\\/wp-content\\\/uploads\\\/2023\\\/07\\\/logo_ED.jpg\",\"contentUrl\":\"https:\\\/\\\/www.eldiario.net\\\/portal\\\/wp-content\\\/uploads\\\/2023\\\/07\\\/logo_ED.jpg\",\"width\":272,\"height\":52,\"caption\":\"El Diario - Decano de la prensa nacional\"},\"image\":{\"@id\":\"https:\\\/\\\/www.eldiario.net\\\/portal\\\/#\\\/schema\\\/logo\\\/image\\\/\"},\"sameAs\":[\"https:\\\/\\\/www.facebook.com\\\/eldiario.bolivia\\\/\",\"https:\\\/\\\/x.com\\\/eldiario_net\"]},{\"@type\":\"Person\",\"@id\":\"https:\\\/\\\/www.eldiario.net\\\/portal\\\/#\\\/schema\\\/person\\\/f46445640444750d7d753ccd04ae01b7\",\"name\":\"Jeanette\",\"image\":{\"@type\":\"ImageObject\",\"inLanguage\":\"es\",\"@id\":\"https:\\\/\\\/secure.gravatar.com\\\/avatar\\\/3ea2118a5f7dad2b7138b1187a6b7ee55f160b9968b66013c3a3ef39dd7e5798?s=96&d=mm&r=g\",\"url\":\"https:\\\/\\\/secure.gravatar.com\\\/avatar\\\/3ea2118a5f7dad2b7138b1187a6b7ee55f160b9968b66013c3a3ef39dd7e5798?s=96&d=mm&r=g\",\"contentUrl\":\"https:\\\/\\\/secure.gravatar.com\\\/avatar\\\/3ea2118a5f7dad2b7138b1187a6b7ee55f160b9968b66013c3a3ef39dd7e5798?s=96&d=mm&r=g\",\"caption\":\"Jeanette\"},\"sameAs\":[\"https:\\\/\\\/www.eldiario.net\\\/portal\"],\"url\":\"https:\\\/\\\/www.eldiario.net\\\/portal\\\/author\\\/jeanette\\\/\"}]}<\/script>\n<!-- \/ Yoast SEO plugin. -->","yoast_head_json":{"title":"Gobierno tiene la obligaci\u00f3n de preservar el orden interno - El Diario - Bolivia","robots":{"index":"index","follow":"follow","max-snippet":"max-snippet:-1","max-image-preview":"max-image-preview:large","max-video-preview":"max-video-preview:-1"},"canonical":"https:\/\/www.eldiario.net\/portal\/2024\/09\/18\/gobierno-tiene-la-obligacion-de-preservar-el-orden-interno\/","og_locale":"es_ES","og_type":"article","og_title":"Gobierno tiene la obligaci\u00f3n de preservar el orden interno - El Diario - Bolivia","og_description":"Gobierno tiene la responsabilidad, en el marco de la Constituci\u00f3n, de preservar el orden interno y evitar cualquier acto de violencia y confrontaci\u00f3n que pueda generarse. Se\u00f1alan que \u201carcistas\u201d y \u201cevistas\u201d persiguen el mismo objetivo, el poder. Unos tratan de retomarlo y otros buscan mantenerlo. Afirmando que el \u201cevismo\u201d no escatimar\u00e1 en ninguna estrategia \u201coscura [&hellip;]","og_url":"https:\/\/www.eldiario.net\/portal\/2024\/09\/18\/gobierno-tiene-la-obligacion-de-preservar-el-orden-interno\/","og_site_name":"El Diario - Bolivia","article_publisher":"https:\/\/www.facebook.com\/eldiario.bolivia\/","article_published_time":"2024-09-18T10:00:26+00:00","og_image":[{"width":1600,"height":900,"url":"https:\/\/www.eldiario.net\/portal\/wp-content\/uploads\/2024\/09\/40-POL-9.jpg","type":"image\/jpeg"}],"author":"Jeanette","twitter_card":"summary_large_image","twitter_creator":"@eldiario_net","twitter_site":"@eldiario_net","twitter_misc":{"Escrito por":"Jeanette","Tiempo de lectura":"4 minutos"},"schema":{"@context":"https:\/\/schema.org","@graph":[{"@type":"Article","@id":"https:\/\/www.eldiario.net\/portal\/2024\/09\/18\/gobierno-tiene-la-obligacion-de-preservar-el-orden-interno\/#article","isPartOf":{"@id":"https:\/\/www.eldiario.net\/portal\/2024\/09\/18\/gobierno-tiene-la-obligacion-de-preservar-el-orden-interno\/"},"author":{"name":"Jeanette","@id":"https:\/\/www.eldiario.net\/portal\/#\/schema\/person\/f46445640444750d7d753ccd04ae01b7"},"headline":"Gobierno tiene la obligaci\u00f3n de preservar el orden interno","datePublished":"2024-09-18T10:00:26+00:00","mainEntityOfPage":{"@id":"https:\/\/www.eldiario.net\/portal\/2024\/09\/18\/gobierno-tiene-la-obligacion-de-preservar-el-orden-interno\/"},"wordCount":786,"commentCount":0,"publisher":{"@id":"https:\/\/www.eldiario.net\/portal\/#organization"},"image":{"@id":"https:\/\/www.eldiario.net\/portal\/2024\/09\/18\/gobierno-tiene-la-obligacion-de-preservar-el-orden-interno\/#primaryimage"},"thumbnailUrl":"https:\/\/www.eldiario.net\/portal\/wp-content\/uploads\/2024\/09\/40-POL-9.jpg","articleSection":["Pol\u00edtica"],"inLanguage":"es","potentialAction":[{"@type":"CommentAction","name":"Comment","target":["https:\/\/www.eldiario.net\/portal\/2024\/09\/18\/gobierno-tiene-la-obligacion-de-preservar-el-orden-interno\/#respond"]}]},{"@type":"WebPage","@id":"https:\/\/www.eldiario.net\/portal\/2024\/09\/18\/gobierno-tiene-la-obligacion-de-preservar-el-orden-interno\/","url":"https:\/\/www.eldiario.net\/portal\/2024\/09\/18\/gobierno-tiene-la-obligacion-de-preservar-el-orden-interno\/","name":"Gobierno tiene la obligaci\u00f3n de preservar el orden interno - El Diario - Bolivia","isPartOf":{"@id":"https:\/\/www.eldiario.net\/portal\/#website"},"primaryImageOfPage":{"@id":"https:\/\/www.eldiario.net\/portal\/2024\/09\/18\/gobierno-tiene-la-obligacion-de-preservar-el-orden-interno\/#primaryimage"},"image":{"@id":"https:\/\/www.eldiario.net\/portal\/2024\/09\/18\/gobierno-tiene-la-obligacion-de-preservar-el-orden-interno\/#primaryimage"},"thumbnailUrl":"https:\/\/www.eldiario.net\/portal\/wp-content\/uploads\/2024\/09\/40-POL-9.jpg","datePublished":"2024-09-18T10:00:26+00:00","breadcrumb":{"@id":"https:\/\/www.eldiario.net\/portal\/2024\/09\/18\/gobierno-tiene-la-obligacion-de-preservar-el-orden-interno\/#breadcrumb"},"inLanguage":"es","potentialAction":[{"@type":"ReadAction","target":["https:\/\/www.eldiario.net\/portal\/2024\/09\/18\/gobierno-tiene-la-obligacion-de-preservar-el-orden-interno\/"]}]},{"@type":"ImageObject","inLanguage":"es","@id":"https:\/\/www.eldiario.net\/portal\/2024\/09\/18\/gobierno-tiene-la-obligacion-de-preservar-el-orden-interno\/#primaryimage","url":"https:\/\/www.eldiario.net\/portal\/wp-content\/uploads\/2024\/09\/40-POL-9.jpg","contentUrl":"https:\/\/www.eldiario.net\/portal\/wp-content\/uploads\/2024\/09\/40-POL-9.jpg","width":1600,"height":900,"caption":"Diputado Enrique Urquidi (CC)."},{"@type":"BreadcrumbList","@id":"https:\/\/www.eldiario.net\/portal\/2024\/09\/18\/gobierno-tiene-la-obligacion-de-preservar-el-orden-interno\/#breadcrumb","itemListElement":[{"@type":"ListItem","position":1,"name":"Portada","item":"https:\/\/www.eldiario.net\/portal\/"},{"@type":"ListItem","position":2,"name":"Gobierno tiene la obligaci\u00f3n de preservar el orden interno"}]},{"@type":"WebSite","@id":"https:\/\/www.eldiario.net\/portal\/#website","url":"https:\/\/www.eldiario.net\/portal\/","name":"El Diario - Decano de la prensa nacional","description":"El Diario - Decano de la prensa nacional","publisher":{"@id":"https:\/\/www.eldiario.net\/portal\/#organization"},"potentialAction":[{"@type":"SearchAction","target":{"@type":"EntryPoint","urlTemplate":"https:\/\/www.eldiario.net\/portal\/?s={search_term_string}"},"query-input":{"@type":"PropertyValueSpecification","valueRequired":true,"valueName":"search_term_string"}}],"inLanguage":"es"},{"@type":"Organization","@id":"https:\/\/www.eldiario.net\/portal\/#organization","name":"El Diario - Decano de la prensa nacional","url":"https:\/\/www.eldiario.net\/portal\/","logo":{"@type":"ImageObject","inLanguage":"es","@id":"https:\/\/www.eldiario.net\/portal\/#\/schema\/logo\/image\/","url":"https:\/\/www.eldiario.net\/portal\/wp-content\/uploads\/2023\/07\/logo_ED.jpg","contentUrl":"https:\/\/www.eldiario.net\/portal\/wp-content\/uploads\/2023\/07\/logo_ED.jpg","width":272,"height":52,"caption":"El Diario - Decano de la prensa nacional"},"image":{"@id":"https:\/\/www.eldiario.net\/portal\/#\/schema\/logo\/image\/"},"sameAs":["https:\/\/www.facebook.com\/eldiario.bolivia\/","https:\/\/x.com\/eldiario_net"]},{"@type":"Person","@id":"https:\/\/www.eldiario.net\/portal\/#\/schema\/person\/f46445640444750d7d753ccd04ae01b7","name":"Jeanette","image":{"@type":"ImageObject","inLanguage":"es","@id":"https:\/\/secure.gravatar.com\/avatar\/3ea2118a5f7dad2b7138b1187a6b7ee55f160b9968b66013c3a3ef39dd7e5798?s=96&d=mm&r=g","url":"https:\/\/secure.gravatar.com\/avatar\/3ea2118a5f7dad2b7138b1187a6b7ee55f160b9968b66013c3a3ef39dd7e5798?s=96&d=mm&r=g","contentUrl":"https:\/\/secure.gravatar.com\/avatar\/3ea2118a5f7dad2b7138b1187a6b7ee55f160b9968b66013c3a3ef39dd7e5798?s=96&d=mm&r=g","caption":"Jeanette"},"sameAs":["https:\/\/www.eldiario.net\/portal"],"url":"https:\/\/www.eldiario.net\/portal\/author\/jeanette\/"}]}},"_links":{"self":[{"href":"https:\/\/www.eldiario.net\/portal\/wp-json\/wp\/v2\/posts\/248212","targetHints":{"allow":["GET"]}}],"collection":[{"href":"https:\/\/www.eldiario.net\/portal\/wp-json\/wp\/v2\/posts"}],"about":[{"href":"https:\/\/www.eldiario.net\/portal\/wp-json\/wp\/v2\/types\/post"}],"author":[{"embeddable":true,"href":"https:\/\/www.eldiario.net\/portal\/wp-json\/wp\/v2\/users\/1"}],"replies":[{"embeddable":true,"href":"https:\/\/www.eldiario.net\/portal\/wp-json\/wp\/v2\/comments?post=248212"}],"version-history":[{"count":1,"href":"https:\/\/www.eldiario.net\/portal\/wp-json\/wp\/v2\/posts\/248212\/revisions"}],"predecessor-version":[{"id":248214,"href":"https:\/\/www.eldiario.net\/portal\/wp-json\/wp\/v2\/posts\/248212\/revisions\/248214"}],"wp:featuredmedia":[{"embeddable":true,"href":"https:\/\/www.eldiario.net\/portal\/wp-json\/wp\/v2\/media\/248213"}],"wp:attachment":[{"href":"https:\/\/www.eldiario.net\/portal\/wp-json\/wp\/v2\/media?parent=248212"}],"wp:term":[{"taxonomy":"category","embeddable":true,"href":"https:\/\/www.eldiario.net\/portal\/wp-json\/wp\/v2\/categories?post=248212"},{"taxonomy":"post_tag","embeddable":true,"href":"https:\/\/www.eldiario.net\/portal\/wp-json\/wp\/v2\/tags?post=248212"}],"curies":[{"name":"wp","href":"https:\/\/api.w.org\/{rel}","templated":true}]}}