{"id":248209,"date":"2024-09-18T05:59:54","date_gmt":"2024-09-18T09:59:54","guid":{"rendered":"https:\/\/www.eldiario.net\/portal\/?p=248209"},"modified":"2024-09-18T05:59:54","modified_gmt":"2024-09-18T09:59:54","slug":"bolivia-no-puede-seguir-siendo-rehen-de-los-bloqueos-politicos","status":"publish","type":"post","link":"https:\/\/www.eldiario.net\/portal\/2024\/09\/18\/bolivia-no-puede-seguir-siendo-rehen-de-los-bloqueos-politicos\/","title":{"rendered":"Bolivia no puede seguir siendo reh\u00e9n de los bloqueos pol\u00edticos"},"content":{"rendered":"<p>Tras el inicio de una semana conflictiva en el tema de medidas de presi\u00f3n de car\u00e1cter pol\u00edtico que perjudican las actividades productivas del pa\u00eds, el senador por Comunidad Ciudadana (CC), Rodrigo Paz Pereira, afirm\u00f3 que Bolivia no puede seguir siendo reh\u00e9n de \u201cbloqueadores politiqueros de bajo nivel\u201d, quienes s\u00f3lo persiguen intereses personales y ambiciones de retornar o permanecer en el poder.<br \/>\nReprochando que esta semana haya comenzado con medidas de presi\u00f3n que solo perjudican a la ciudadan\u00eda y retrasan el desarrollo de las regiones, Paz cuestion\u00f3 que nuevamente se recurra al bloqueo como una supuesta soluci\u00f3n a los problemas del pa\u00eds.<br \/>\n\u201cBloqueamos a la gente, bloqueamos a los emprendedores, bloqueamos a las familias trabajadoras, bloqueamos el progreso\u201d, sostuvo.<br \/>\nEn ese sentido, el asamble\u00edsta de oposici\u00f3n inst\u00f3 a permitir que la gente circule libremente por el pa\u00eds, as\u00ed como fomentar el tr\u00e1nsito para ciudadanos extranjeros interesados en visitar territorio nacional, de paso o para hacer negocios, situaci\u00f3n que se dificulta con medidas de presi\u00f3n como los bloqueos.<br \/>\n\u201cPermitamos que la gente venga a Bolivia, cada bloqueo significa gente que no viene. Permitamos que la genta entre y salga, eso significa municipios, departamentos y el pa\u00eds que se beneficia con recursos, producto de hacer negocios\u201d, indic\u00f3.<br \/>\nPara el senador por Tarija, el pa\u00eds ya no puede continuar siendo blanco de ataques internos a su estabilidad, todo por intereses de car\u00e1cter pol\u00edtico y ambiciones personales.<br \/>\n\u201cLa Patria no puede seguir siendo reh\u00e9n de los bloqueadores politiqueros que solo piensan en hacerse del poder a cualquier costo\u201d, asever\u00f3.<br \/>\nEn relaci\u00f3n a las medidas de presi\u00f3n iniciadas esta semana por Evo Morales y sus sectores afines, Paz reproch\u00f3 que se manipule a la gente para marchar y bloquear todo un pa\u00eds, pues de esta forma, solo se convierte a Bolivia en un \u201cEstado-tranca\u201d, v\u00edctima de decisiones pol\u00edticas contrarias a los intereses de la ciudadan\u00eda.<br \/>\n\u201cSon politiqueros de bajo nivel. Bloquear es un delito\u201d, concluy\u00f3.<\/p>\n","protected":false},"excerpt":{"rendered":"<p>Tras el inicio de una semana conflictiva en el tema de medidas de presi\u00f3n de car\u00e1cter pol\u00edtico que perjudican las actividades productivas del pa\u00eds, el senador por Comunidad Ciudadana (CC), Rodrigo Paz Pereira, afirm\u00f3 que Bolivia no puede seguir siendo reh\u00e9n de \u201cbloqueadores politiqueros de bajo nivel\u201d, quienes s\u00f3lo persiguen intereses personales y ambiciones de [&hellip;]<\/p>\n","protected":false},"author":1,"featured_media":248210,"comment_status":"open","ping_status":"open","sticky":false,"template":"","format":"standard","meta":{"_acf_changed":false,"footnotes":""},"categories":[14],"tags":[],"class_list":["post-248209","post","type-post","status-publish","format-standard","has-post-thumbnail","category-politica"],"acf":{"antetitulo":""},"yoast_head":"<!-- This site is optimized with the Yoast SEO plugin v28.4 - https:\/\/yoast.com\/product\/yoast-seo-wordpress\/ -->\n<title>Bolivia no puede seguir siendo reh\u00e9n de los bloqueos pol\u00edticos - El Diario - Bolivia<\/title>\n<meta name=\"robots\" content=\"index, follow, max-snippet:-1, max-image-preview:large, max-video-preview:-1\" \/>\n<link rel=\"canonical\" href=\"https:\/\/www.eldiario.net\/portal\/2024\/09\/18\/bolivia-no-puede-seguir-siendo-rehen-de-los-bloqueos-politicos\/\" \/>\n<meta property=\"og:locale\" content=\"es_ES\" \/>\n<meta property=\"og:type\" content=\"article\" \/>\n<meta property=\"og:title\" content=\"Bolivia no puede seguir siendo reh\u00e9n de los bloqueos pol\u00edticos - El Diario - Bolivia\" \/>\n<meta property=\"og:description\" content=\"Tras el inicio de una semana conflictiva en el tema de medidas de presi\u00f3n de car\u00e1cter pol\u00edtico que perjudican las actividades productivas del pa\u00eds, el senador por Comunidad Ciudadana (CC), Rodrigo Paz Pereira, afirm\u00f3 que Bolivia no puede seguir siendo reh\u00e9n de \u201cbloqueadores politiqueros de bajo nivel\u201d, quienes s\u00f3lo persiguen intereses personales y ambiciones de [&hellip;]\" \/>\n<meta property=\"og:url\" content=\"https:\/\/www.eldiario.net\/portal\/2024\/09\/18\/bolivia-no-puede-seguir-siendo-rehen-de-los-bloqueos-politicos\/\" \/>\n<meta property=\"og:site_name\" content=\"El Diario - Bolivia\" \/>\n<meta property=\"article:publisher\" content=\"https:\/\/www.facebook.com\/eldiario.bolivia\/\" \/>\n<meta property=\"article:published_time\" content=\"2024-09-18T09:59:54+00:00\" \/>\n<meta property=\"og:image\" content=\"https:\/\/www.eldiario.net\/portal\/wp-content\/uploads\/2024\/09\/42-POL-6.jpg\" \/>\n\t<meta property=\"og:image:width\" content=\"1280\" \/>\n\t<meta property=\"og:image:height\" content=\"1235\" \/>\n\t<meta property=\"og:image:type\" content=\"image\/jpeg\" \/>\n<meta name=\"author\" content=\"Jeanette\" \/>\n<meta name=\"twitter:card\" content=\"summary_large_image\" \/>\n<meta name=\"twitter:creator\" content=\"@eldiario_net\" \/>\n<meta name=\"twitter:site\" content=\"@eldiario_net\" \/>\n<meta name=\"twitter:label1\" content=\"Escrito por\" \/>\n\t<meta name=\"twitter:data1\" content=\"Jeanette\" \/>\n\t<meta name=\"twitter:label2\" content=\"Tiempo de lectura\" \/>\n\t<meta name=\"twitter:data2\" content=\"2 minutos\" \/>\n<script type=\"application\/ld+json\" class=\"yoast-schema-graph\">{\"@context\":\"https:\\\/\\\/schema.org\",\"@graph\":[{\"@type\":\"Article\",\"@id\":\"https:\\\/\\\/www.eldiario.net\\\/portal\\\/2024\\\/09\\\/18\\\/bolivia-no-puede-seguir-siendo-rehen-de-los-bloqueos-politicos\\\/#article\",\"isPartOf\":{\"@id\":\"https:\\\/\\\/www.eldiario.net\\\/portal\\\/2024\\\/09\\\/18\\\/bolivia-no-puede-seguir-siendo-rehen-de-los-bloqueos-politicos\\\/\"},\"author\":{\"name\":\"Jeanette\",\"@id\":\"https:\\\/\\\/www.eldiario.net\\\/portal\\\/#\\\/schema\\\/person\\\/f46445640444750d7d753ccd04ae01b7\"},\"headline\":\"Bolivia no puede seguir siendo reh\u00e9n de los bloqueos pol\u00edticos\",\"datePublished\":\"2024-09-18T09:59:54+00:00\",\"mainEntityOfPage\":{\"@id\":\"https:\\\/\\\/www.eldiario.net\\\/portal\\\/2024\\\/09\\\/18\\\/bolivia-no-puede-seguir-siendo-rehen-de-los-bloqueos-politicos\\\/\"},\"wordCount\":358,\"commentCount\":0,\"publisher\":{\"@id\":\"https:\\\/\\\/www.eldiario.net\\\/portal\\\/#organization\"},\"image\":{\"@id\":\"https:\\\/\\\/www.eldiario.net\\\/portal\\\/2024\\\/09\\\/18\\\/bolivia-no-puede-seguir-siendo-rehen-de-los-bloqueos-politicos\\\/#primaryimage\"},\"thumbnailUrl\":\"https:\\\/\\\/www.eldiario.net\\\/portal\\\/wp-content\\\/uploads\\\/2024\\\/09\\\/42-POL-6.jpg\",\"articleSection\":[\"Pol\u00edtica\"],\"inLanguage\":\"es\",\"potentialAction\":[{\"@type\":\"CommentAction\",\"name\":\"Comment\",\"target\":[\"https:\\\/\\\/www.eldiario.net\\\/portal\\\/2024\\\/09\\\/18\\\/bolivia-no-puede-seguir-siendo-rehen-de-los-bloqueos-politicos\\\/#respond\"]}]},{\"@type\":\"WebPage\",\"@id\":\"https:\\\/\\\/www.eldiario.net\\\/portal\\\/2024\\\/09\\\/18\\\/bolivia-no-puede-seguir-siendo-rehen-de-los-bloqueos-politicos\\\/\",\"url\":\"https:\\\/\\\/www.eldiario.net\\\/portal\\\/2024\\\/09\\\/18\\\/bolivia-no-puede-seguir-siendo-rehen-de-los-bloqueos-politicos\\\/\",\"name\":\"Bolivia no puede seguir siendo reh\u00e9n de los bloqueos pol\u00edticos - El Diario - Bolivia\",\"isPartOf\":{\"@id\":\"https:\\\/\\\/www.eldiario.net\\\/portal\\\/#website\"},\"primaryImageOfPage\":{\"@id\":\"https:\\\/\\\/www.eldiario.net\\\/portal\\\/2024\\\/09\\\/18\\\/bolivia-no-puede-seguir-siendo-rehen-de-los-bloqueos-politicos\\\/#primaryimage\"},\"image\":{\"@id\":\"https:\\\/\\\/www.eldiario.net\\\/portal\\\/2024\\\/09\\\/18\\\/bolivia-no-puede-seguir-siendo-rehen-de-los-bloqueos-politicos\\\/#primaryimage\"},\"thumbnailUrl\":\"https:\\\/\\\/www.eldiario.net\\\/portal\\\/wp-content\\\/uploads\\\/2024\\\/09\\\/42-POL-6.jpg\",\"datePublished\":\"2024-09-18T09:59:54+00:00\",\"breadcrumb\":{\"@id\":\"https:\\\/\\\/www.eldiario.net\\\/portal\\\/2024\\\/09\\\/18\\\/bolivia-no-puede-seguir-siendo-rehen-de-los-bloqueos-politicos\\\/#breadcrumb\"},\"inLanguage\":\"es\",\"potentialAction\":[{\"@type\":\"ReadAction\",\"target\":[\"https:\\\/\\\/www.eldiario.net\\\/portal\\\/2024\\\/09\\\/18\\\/bolivia-no-puede-seguir-siendo-rehen-de-los-bloqueos-politicos\\\/\"]}]},{\"@type\":\"ImageObject\",\"inLanguage\":\"es\",\"@id\":\"https:\\\/\\\/www.eldiario.net\\\/portal\\\/2024\\\/09\\\/18\\\/bolivia-no-puede-seguir-siendo-rehen-de-los-bloqueos-politicos\\\/#primaryimage\",\"url\":\"https:\\\/\\\/www.eldiario.net\\\/portal\\\/wp-content\\\/uploads\\\/2024\\\/09\\\/42-POL-6.jpg\",\"contentUrl\":\"https:\\\/\\\/www.eldiario.net\\\/portal\\\/wp-content\\\/uploads\\\/2024\\\/09\\\/42-POL-6.jpg\",\"width\":1280,\"height\":1235,\"caption\":\"Senador Rodrigo Paz Pereira (CC).\"},{\"@type\":\"BreadcrumbList\",\"@id\":\"https:\\\/\\\/www.eldiario.net\\\/portal\\\/2024\\\/09\\\/18\\\/bolivia-no-puede-seguir-siendo-rehen-de-los-bloqueos-politicos\\\/#breadcrumb\",\"itemListElement\":[{\"@type\":\"ListItem\",\"position\":1,\"name\":\"Portada\",\"item\":\"https:\\\/\\\/www.eldiario.net\\\/portal\\\/\"},{\"@type\":\"ListItem\",\"position\":2,\"name\":\"Bolivia no puede seguir siendo reh\u00e9n de los bloqueos pol\u00edticos\"}]},{\"@type\":\"WebSite\",\"@id\":\"https:\\\/\\\/www.eldiario.net\\\/portal\\\/#website\",\"url\":\"https:\\\/\\\/www.eldiario.net\\\/portal\\\/\",\"name\":\"El Diario - Decano de la prensa nacional\",\"description\":\"El Diario - Decano de la prensa nacional\",\"publisher\":{\"@id\":\"https:\\\/\\\/www.eldiario.net\\\/portal\\\/#organization\"},\"potentialAction\":[{\"@type\":\"SearchAction\",\"target\":{\"@type\":\"EntryPoint\",\"urlTemplate\":\"https:\\\/\\\/www.eldiario.net\\\/portal\\\/?s={search_term_string}\"},\"query-input\":{\"@type\":\"PropertyValueSpecification\",\"valueRequired\":true,\"valueName\":\"search_term_string\"}}],\"inLanguage\":\"es\"},{\"@type\":\"Organization\",\"@id\":\"https:\\\/\\\/www.eldiario.net\\\/portal\\\/#organization\",\"name\":\"El Diario - Decano de la prensa nacional\",\"url\":\"https:\\\/\\\/www.eldiario.net\\\/portal\\\/\",\"logo\":{\"@type\":\"ImageObject\",\"inLanguage\":\"es\",\"@id\":\"https:\\\/\\\/www.eldiario.net\\\/portal\\\/#\\\/schema\\\/logo\\\/image\\\/\",\"url\":\"https:\\\/\\\/www.eldiario.net\\\/portal\\\/wp-content\\\/uploads\\\/2023\\\/07\\\/logo_ED.jpg\",\"contentUrl\":\"https:\\\/\\\/www.eldiario.net\\\/portal\\\/wp-content\\\/uploads\\\/2023\\\/07\\\/logo_ED.jpg\",\"width\":272,\"height\":52,\"caption\":\"El Diario - Decano de la prensa nacional\"},\"image\":{\"@id\":\"https:\\\/\\\/www.eldiario.net\\\/portal\\\/#\\\/schema\\\/logo\\\/image\\\/\"},\"sameAs\":[\"https:\\\/\\\/www.facebook.com\\\/eldiario.bolivia\\\/\",\"https:\\\/\\\/x.com\\\/eldiario_net\"]},{\"@type\":\"Person\",\"@id\":\"https:\\\/\\\/www.eldiario.net\\\/portal\\\/#\\\/schema\\\/person\\\/f46445640444750d7d753ccd04ae01b7\",\"name\":\"Jeanette\",\"image\":{\"@type\":\"ImageObject\",\"inLanguage\":\"es\",\"@id\":\"https:\\\/\\\/secure.gravatar.com\\\/avatar\\\/3ea2118a5f7dad2b7138b1187a6b7ee55f160b9968b66013c3a3ef39dd7e5798?s=96&d=mm&r=g\",\"url\":\"https:\\\/\\\/secure.gravatar.com\\\/avatar\\\/3ea2118a5f7dad2b7138b1187a6b7ee55f160b9968b66013c3a3ef39dd7e5798?s=96&d=mm&r=g\",\"contentUrl\":\"https:\\\/\\\/secure.gravatar.com\\\/avatar\\\/3ea2118a5f7dad2b7138b1187a6b7ee55f160b9968b66013c3a3ef39dd7e5798?s=96&d=mm&r=g\",\"caption\":\"Jeanette\"},\"sameAs\":[\"https:\\\/\\\/www.eldiario.net\\\/portal\"],\"url\":\"https:\\\/\\\/www.eldiario.net\\\/portal\\\/author\\\/jeanette\\\/\"}]}<\/script>\n<!-- \/ Yoast SEO plugin. -->","yoast_head_json":{"title":"Bolivia no puede seguir siendo reh\u00e9n de los bloqueos pol\u00edticos - El Diario - Bolivia","robots":{"index":"index","follow":"follow","max-snippet":"max-snippet:-1","max-image-preview":"max-image-preview:large","max-video-preview":"max-video-preview:-1"},"canonical":"https:\/\/www.eldiario.net\/portal\/2024\/09\/18\/bolivia-no-puede-seguir-siendo-rehen-de-los-bloqueos-politicos\/","og_locale":"es_ES","og_type":"article","og_title":"Bolivia no puede seguir siendo reh\u00e9n de los bloqueos pol\u00edticos - El Diario - Bolivia","og_description":"Tras el inicio de una semana conflictiva en el tema de medidas de presi\u00f3n de car\u00e1cter pol\u00edtico que perjudican las actividades productivas del pa\u00eds, el senador por Comunidad Ciudadana (CC), Rodrigo Paz Pereira, afirm\u00f3 que Bolivia no puede seguir siendo reh\u00e9n de \u201cbloqueadores politiqueros de bajo nivel\u201d, quienes s\u00f3lo persiguen intereses personales y ambiciones de [&hellip;]","og_url":"https:\/\/www.eldiario.net\/portal\/2024\/09\/18\/bolivia-no-puede-seguir-siendo-rehen-de-los-bloqueos-politicos\/","og_site_name":"El Diario - Bolivia","article_publisher":"https:\/\/www.facebook.com\/eldiario.bolivia\/","article_published_time":"2024-09-18T09:59:54+00:00","og_image":[{"width":1280,"height":1235,"url":"https:\/\/www.eldiario.net\/portal\/wp-content\/uploads\/2024\/09\/42-POL-6.jpg","type":"image\/jpeg"}],"author":"Jeanette","twitter_card":"summary_large_image","twitter_creator":"@eldiario_net","twitter_site":"@eldiario_net","twitter_misc":{"Escrito por":"Jeanette","Tiempo de lectura":"2 minutos"},"schema":{"@context":"https:\/\/schema.org","@graph":[{"@type":"Article","@id":"https:\/\/www.eldiario.net\/portal\/2024\/09\/18\/bolivia-no-puede-seguir-siendo-rehen-de-los-bloqueos-politicos\/#article","isPartOf":{"@id":"https:\/\/www.eldiario.net\/portal\/2024\/09\/18\/bolivia-no-puede-seguir-siendo-rehen-de-los-bloqueos-politicos\/"},"author":{"name":"Jeanette","@id":"https:\/\/www.eldiario.net\/portal\/#\/schema\/person\/f46445640444750d7d753ccd04ae01b7"},"headline":"Bolivia no puede seguir siendo reh\u00e9n de los bloqueos pol\u00edticos","datePublished":"2024-09-18T09:59:54+00:00","mainEntityOfPage":{"@id":"https:\/\/www.eldiario.net\/portal\/2024\/09\/18\/bolivia-no-puede-seguir-siendo-rehen-de-los-bloqueos-politicos\/"},"wordCount":358,"commentCount":0,"publisher":{"@id":"https:\/\/www.eldiario.net\/portal\/#organization"},"image":{"@id":"https:\/\/www.eldiario.net\/portal\/2024\/09\/18\/bolivia-no-puede-seguir-siendo-rehen-de-los-bloqueos-politicos\/#primaryimage"},"thumbnailUrl":"https:\/\/www.eldiario.net\/portal\/wp-content\/uploads\/2024\/09\/42-POL-6.jpg","articleSection":["Pol\u00edtica"],"inLanguage":"es","potentialAction":[{"@type":"CommentAction","name":"Comment","target":["https:\/\/www.eldiario.net\/portal\/2024\/09\/18\/bolivia-no-puede-seguir-siendo-rehen-de-los-bloqueos-politicos\/#respond"]}]},{"@type":"WebPage","@id":"https:\/\/www.eldiario.net\/portal\/2024\/09\/18\/bolivia-no-puede-seguir-siendo-rehen-de-los-bloqueos-politicos\/","url":"https:\/\/www.eldiario.net\/portal\/2024\/09\/18\/bolivia-no-puede-seguir-siendo-rehen-de-los-bloqueos-politicos\/","name":"Bolivia no puede seguir siendo reh\u00e9n de los bloqueos pol\u00edticos - El Diario - Bolivia","isPartOf":{"@id":"https:\/\/www.eldiario.net\/portal\/#website"},"primaryImageOfPage":{"@id":"https:\/\/www.eldiario.net\/portal\/2024\/09\/18\/bolivia-no-puede-seguir-siendo-rehen-de-los-bloqueos-politicos\/#primaryimage"},"image":{"@id":"https:\/\/www.eldiario.net\/portal\/2024\/09\/18\/bolivia-no-puede-seguir-siendo-rehen-de-los-bloqueos-politicos\/#primaryimage"},"thumbnailUrl":"https:\/\/www.eldiario.net\/portal\/wp-content\/uploads\/2024\/09\/42-POL-6.jpg","datePublished":"2024-09-18T09:59:54+00:00","breadcrumb":{"@id":"https:\/\/www.eldiario.net\/portal\/2024\/09\/18\/bolivia-no-puede-seguir-siendo-rehen-de-los-bloqueos-politicos\/#breadcrumb"},"inLanguage":"es","potentialAction":[{"@type":"ReadAction","target":["https:\/\/www.eldiario.net\/portal\/2024\/09\/18\/bolivia-no-puede-seguir-siendo-rehen-de-los-bloqueos-politicos\/"]}]},{"@type":"ImageObject","inLanguage":"es","@id":"https:\/\/www.eldiario.net\/portal\/2024\/09\/18\/bolivia-no-puede-seguir-siendo-rehen-de-los-bloqueos-politicos\/#primaryimage","url":"https:\/\/www.eldiario.net\/portal\/wp-content\/uploads\/2024\/09\/42-POL-6.jpg","contentUrl":"https:\/\/www.eldiario.net\/portal\/wp-content\/uploads\/2024\/09\/42-POL-6.jpg","width":1280,"height":1235,"caption":"Senador Rodrigo Paz Pereira (CC)."},{"@type":"BreadcrumbList","@id":"https:\/\/www.eldiario.net\/portal\/2024\/09\/18\/bolivia-no-puede-seguir-siendo-rehen-de-los-bloqueos-politicos\/#breadcrumb","itemListElement":[{"@type":"ListItem","position":1,"name":"Portada","item":"https:\/\/www.eldiario.net\/portal\/"},{"@type":"ListItem","position":2,"name":"Bolivia no puede seguir siendo reh\u00e9n de los bloqueos pol\u00edticos"}]},{"@type":"WebSite","@id":"https:\/\/www.eldiario.net\/portal\/#website","url":"https:\/\/www.eldiario.net\/portal\/","name":"El Diario - Decano de la prensa nacional","description":"El Diario - Decano de la prensa nacional","publisher":{"@id":"https:\/\/www.eldiario.net\/portal\/#organization"},"potentialAction":[{"@type":"SearchAction","target":{"@type":"EntryPoint","urlTemplate":"https:\/\/www.eldiario.net\/portal\/?s={search_term_string}"},"query-input":{"@type":"PropertyValueSpecification","valueRequired":true,"valueName":"search_term_string"}}],"inLanguage":"es"},{"@type":"Organization","@id":"https:\/\/www.eldiario.net\/portal\/#organization","name":"El Diario - Decano de la prensa nacional","url":"https:\/\/www.eldiario.net\/portal\/","logo":{"@type":"ImageObject","inLanguage":"es","@id":"https:\/\/www.eldiario.net\/portal\/#\/schema\/logo\/image\/","url":"https:\/\/www.eldiario.net\/portal\/wp-content\/uploads\/2023\/07\/logo_ED.jpg","contentUrl":"https:\/\/www.eldiario.net\/portal\/wp-content\/uploads\/2023\/07\/logo_ED.jpg","width":272,"height":52,"caption":"El Diario - Decano de la prensa nacional"},"image":{"@id":"https:\/\/www.eldiario.net\/portal\/#\/schema\/logo\/image\/"},"sameAs":["https:\/\/www.facebook.com\/eldiario.bolivia\/","https:\/\/x.com\/eldiario_net"]},{"@type":"Person","@id":"https:\/\/www.eldiario.net\/portal\/#\/schema\/person\/f46445640444750d7d753ccd04ae01b7","name":"Jeanette","image":{"@type":"ImageObject","inLanguage":"es","@id":"https:\/\/secure.gravatar.com\/avatar\/3ea2118a5f7dad2b7138b1187a6b7ee55f160b9968b66013c3a3ef39dd7e5798?s=96&d=mm&r=g","url":"https:\/\/secure.gravatar.com\/avatar\/3ea2118a5f7dad2b7138b1187a6b7ee55f160b9968b66013c3a3ef39dd7e5798?s=96&d=mm&r=g","contentUrl":"https:\/\/secure.gravatar.com\/avatar\/3ea2118a5f7dad2b7138b1187a6b7ee55f160b9968b66013c3a3ef39dd7e5798?s=96&d=mm&r=g","caption":"Jeanette"},"sameAs":["https:\/\/www.eldiario.net\/portal"],"url":"https:\/\/www.eldiario.net\/portal\/author\/jeanette\/"}]}},"_links":{"self":[{"href":"https:\/\/www.eldiario.net\/portal\/wp-json\/wp\/v2\/posts\/248209","targetHints":{"allow":["GET"]}}],"collection":[{"href":"https:\/\/www.eldiario.net\/portal\/wp-json\/wp\/v2\/posts"}],"about":[{"href":"https:\/\/www.eldiario.net\/portal\/wp-json\/wp\/v2\/types\/post"}],"author":[{"embeddable":true,"href":"https:\/\/www.eldiario.net\/portal\/wp-json\/wp\/v2\/users\/1"}],"replies":[{"embeddable":true,"href":"https:\/\/www.eldiario.net\/portal\/wp-json\/wp\/v2\/comments?post=248209"}],"version-history":[{"count":1,"href":"https:\/\/www.eldiario.net\/portal\/wp-json\/wp\/v2\/posts\/248209\/revisions"}],"predecessor-version":[{"id":248211,"href":"https:\/\/www.eldiario.net\/portal\/wp-json\/wp\/v2\/posts\/248209\/revisions\/248211"}],"wp:featuredmedia":[{"embeddable":true,"href":"https:\/\/www.eldiario.net\/portal\/wp-json\/wp\/v2\/media\/248210"}],"wp:attachment":[{"href":"https:\/\/www.eldiario.net\/portal\/wp-json\/wp\/v2\/media?parent=248209"}],"wp:term":[{"taxonomy":"category","embeddable":true,"href":"https:\/\/www.eldiario.net\/portal\/wp-json\/wp\/v2\/categories?post=248209"},{"taxonomy":"post_tag","embeddable":true,"href":"https:\/\/www.eldiario.net\/portal\/wp-json\/wp\/v2\/tags?post=248209"}],"curies":[{"name":"wp","href":"https:\/\/api.w.org\/{rel}","templated":true}]}}