{"id":248206,"date":"2024-09-18T05:56:15","date_gmt":"2024-09-18T09:56:15","guid":{"rendered":"https:\/\/www.eldiario.net\/portal\/?p=248206"},"modified":"2024-09-18T05:56:15","modified_gmt":"2024-09-18T09:56:15","slug":"peleas-en-el-mas-son-para-seguir-desangrando-al-pais","status":"publish","type":"post","link":"https:\/\/www.eldiario.net\/portal\/2024\/09\/18\/peleas-en-el-mas-son-para-seguir-desangrando-al-pais\/","title":{"rendered":"Peleas en el MAS son para seguir desangrando al pa\u00eds"},"content":{"rendered":"<p>Asegurando que las peleas internas en el oficialismo se enfocan \u00fanicamente en pugnas de poder y ambiciones personales de car\u00e1cter electoral, el diputado por la agrupaci\u00f3n Creemos, Jos\u00e9 Carlos Guti\u00e9rrez, se\u00f1al\u00f3 que la disputa entre el \u201cevismo\u201d y el \u201carcismo\u201d en el Movimiento al Socialismo (MAS), solo busca definir qu\u00e9 facci\u00f3n de esta organizaci\u00f3n pol\u00edtica continuar\u00e1 desangrando y destruyendo Bolivia.<br \/>\nA trav\u00e9s de sus redes sociales, Guti\u00e9rrez se refiri\u00f3 al vergonzoso intercambio de acusaciones entre parlamentarios, dirigentes y militantes del partido azul, pelea que dej\u00f3 en segundo plano la atenci\u00f3n de temas urgentes para el pa\u00eds, como la crisis ambiental y econ\u00f3mica.<br \/>\n\u201cLas acusaciones van de ida y vuelta, pero ni una sola propuesta de soluci\u00f3n a la crisis\u201d, lament\u00f3.<br \/>\nEn ese contexto, el asamble\u00edsta de oposici\u00f3n asegur\u00f3 que Luis Arce y Evo Morales, \u00fanicamente se enfrentan por definir qui\u00e9n seguir\u00e1 \u201cdesangrando y destruyendo Bolivia\u201d, lo que adem\u00e1s deja claro que ambas opciones han demostrado ser un \u201cestorbo\u201d para el pa\u00eds, mismo que no debe seguir al frente del Gobierno nacional.<br \/>\n\u201cEl futuro del pa\u00eds no pasa por el MAS\u201d, afirm\u00f3.<br \/>\nAnte las constantes declaraciones del \u201cevismo\u201d, justificando el inicio de medidas de presi\u00f3n en supuesta defensa de la econom\u00eda y la estabilidad, mientras se esconden intereses electorales en favor del l\u00edder cocalero, Guti\u00e9rrez tambi\u00e9n record\u00f3 que Morales est\u00e1 inhabilitado para ser candidato presidencial en 2025.<br \/>\n\u201cLos bolivianos el 21-F le dijeron \u2018no\u2019 a su reelecci\u00f3n, adem\u00e1s existe una sentencia que establece que no es un derecho humano la reelecci\u00f3n\u201d, reiter\u00f3 el diputado cruce\u00f1o, en respuesta a los \u201cdelirios\u201d que repiten representantes del \u201cevismo\u201d para justificar las aspiraciones electorales de Morales.<br \/>\nPor lo expuesto y ante el inicio de medidas de presi\u00f3n que amenazan con conflictuar el pa\u00eds generando escenarios de violencia, Guti\u00e9rrez sugiri\u00f3 al presidente Luis Arce, no perder de vista lo esencial y resolver los problemas que mantienen al pa\u00eds en una crisis profunda.<br \/>\nLa inflaci\u00f3n y una econom\u00eda estancada, sobre todo tomando en cuenta que la poblaci\u00f3n sufre por el impacto de precios altos y salarios congelados.<br \/>\nAsimismo, pidi\u00f3 atender el tema del desempleo creciente, situaci\u00f3n que mantiene a miles de bolivianos sin empleo, a la espera de soluciones reales.<\/p>\n","protected":false},"excerpt":{"rendered":"<p>Asegurando que las peleas internas en el oficialismo se enfocan \u00fanicamente en pugnas de poder y ambiciones personales de car\u00e1cter electoral, el diputado por la agrupaci\u00f3n Creemos, Jos\u00e9 Carlos Guti\u00e9rrez, se\u00f1al\u00f3 que la disputa entre el \u201cevismo\u201d y el \u201carcismo\u201d en el Movimiento al Socialismo (MAS), solo busca definir qu\u00e9 facci\u00f3n de esta organizaci\u00f3n pol\u00edtica [&hellip;]<\/p>\n","protected":false},"author":1,"featured_media":248207,"comment_status":"open","ping_status":"open","sticky":false,"template":"","format":"standard","meta":{"_acf_changed":false,"footnotes":""},"categories":[14],"tags":[],"class_list":["post-248206","post","type-post","status-publish","format-standard","has-post-thumbnail","category-politica"],"acf":{"antetitulo":"Temas urgentes quedan en segundo plano"},"yoast_head":"<!-- This site is optimized with the Yoast SEO plugin v28.4 - https:\/\/yoast.com\/product\/yoast-seo-wordpress\/ -->\n<title>Peleas en el MAS son para seguir desangrando al pa\u00eds - El Diario - Bolivia<\/title>\n<meta name=\"robots\" content=\"index, follow, max-snippet:-1, max-image-preview:large, max-video-preview:-1\" \/>\n<link rel=\"canonical\" href=\"https:\/\/www.eldiario.net\/portal\/2024\/09\/18\/peleas-en-el-mas-son-para-seguir-desangrando-al-pais\/\" \/>\n<meta property=\"og:locale\" content=\"es_ES\" \/>\n<meta property=\"og:type\" content=\"article\" \/>\n<meta property=\"og:title\" content=\"Peleas en el MAS son para seguir desangrando al pa\u00eds - El Diario - Bolivia\" \/>\n<meta property=\"og:description\" content=\"Asegurando que las peleas internas en el oficialismo se enfocan \u00fanicamente en pugnas de poder y ambiciones personales de car\u00e1cter electoral, el diputado por la agrupaci\u00f3n Creemos, Jos\u00e9 Carlos Guti\u00e9rrez, se\u00f1al\u00f3 que la disputa entre el \u201cevismo\u201d y el \u201carcismo\u201d en el Movimiento al Socialismo (MAS), solo busca definir qu\u00e9 facci\u00f3n de esta organizaci\u00f3n pol\u00edtica [&hellip;]\" \/>\n<meta property=\"og:url\" content=\"https:\/\/www.eldiario.net\/portal\/2024\/09\/18\/peleas-en-el-mas-son-para-seguir-desangrando-al-pais\/\" \/>\n<meta property=\"og:site_name\" content=\"El Diario - Bolivia\" \/>\n<meta property=\"article:publisher\" content=\"https:\/\/www.facebook.com\/eldiario.bolivia\/\" \/>\n<meta property=\"article:published_time\" content=\"2024-09-18T09:56:15+00:00\" \/>\n<meta property=\"og:image\" content=\"https:\/\/www.eldiario.net\/portal\/wp-content\/uploads\/2024\/09\/41-POL-7.jpg\" \/>\n\t<meta property=\"og:image:width\" content=\"1405\" \/>\n\t<meta property=\"og:image:height\" content=\"924\" \/>\n\t<meta property=\"og:image:type\" content=\"image\/jpeg\" \/>\n<meta name=\"author\" content=\"Jeanette\" \/>\n<meta name=\"twitter:card\" content=\"summary_large_image\" \/>\n<meta name=\"twitter:creator\" content=\"@eldiario_net\" \/>\n<meta name=\"twitter:site\" content=\"@eldiario_net\" \/>\n<meta name=\"twitter:label1\" content=\"Escrito por\" \/>\n\t<meta name=\"twitter:data1\" content=\"Jeanette\" \/>\n\t<meta name=\"twitter:label2\" content=\"Tiempo de lectura\" \/>\n\t<meta name=\"twitter:data2\" content=\"2 minutos\" \/>\n<script type=\"application\/ld+json\" class=\"yoast-schema-graph\">{\"@context\":\"https:\\\/\\\/schema.org\",\"@graph\":[{\"@type\":\"Article\",\"@id\":\"https:\\\/\\\/www.eldiario.net\\\/portal\\\/2024\\\/09\\\/18\\\/peleas-en-el-mas-son-para-seguir-desangrando-al-pais\\\/#article\",\"isPartOf\":{\"@id\":\"https:\\\/\\\/www.eldiario.net\\\/portal\\\/2024\\\/09\\\/18\\\/peleas-en-el-mas-son-para-seguir-desangrando-al-pais\\\/\"},\"author\":{\"name\":\"Jeanette\",\"@id\":\"https:\\\/\\\/www.eldiario.net\\\/portal\\\/#\\\/schema\\\/person\\\/f46445640444750d7d753ccd04ae01b7\"},\"headline\":\"Peleas en el MAS son para seguir desangrando al pa\u00eds\",\"datePublished\":\"2024-09-18T09:56:15+00:00\",\"mainEntityOfPage\":{\"@id\":\"https:\\\/\\\/www.eldiario.net\\\/portal\\\/2024\\\/09\\\/18\\\/peleas-en-el-mas-son-para-seguir-desangrando-al-pais\\\/\"},\"wordCount\":409,\"commentCount\":0,\"publisher\":{\"@id\":\"https:\\\/\\\/www.eldiario.net\\\/portal\\\/#organization\"},\"image\":{\"@id\":\"https:\\\/\\\/www.eldiario.net\\\/portal\\\/2024\\\/09\\\/18\\\/peleas-en-el-mas-son-para-seguir-desangrando-al-pais\\\/#primaryimage\"},\"thumbnailUrl\":\"https:\\\/\\\/www.eldiario.net\\\/portal\\\/wp-content\\\/uploads\\\/2024\\\/09\\\/41-POL-7.jpg\",\"articleSection\":[\"Pol\u00edtica\"],\"inLanguage\":\"es\",\"potentialAction\":[{\"@type\":\"CommentAction\",\"name\":\"Comment\",\"target\":[\"https:\\\/\\\/www.eldiario.net\\\/portal\\\/2024\\\/09\\\/18\\\/peleas-en-el-mas-son-para-seguir-desangrando-al-pais\\\/#respond\"]}]},{\"@type\":\"WebPage\",\"@id\":\"https:\\\/\\\/www.eldiario.net\\\/portal\\\/2024\\\/09\\\/18\\\/peleas-en-el-mas-son-para-seguir-desangrando-al-pais\\\/\",\"url\":\"https:\\\/\\\/www.eldiario.net\\\/portal\\\/2024\\\/09\\\/18\\\/peleas-en-el-mas-son-para-seguir-desangrando-al-pais\\\/\",\"name\":\"Peleas en el MAS son para seguir desangrando al pa\u00eds - El Diario - Bolivia\",\"isPartOf\":{\"@id\":\"https:\\\/\\\/www.eldiario.net\\\/portal\\\/#website\"},\"primaryImageOfPage\":{\"@id\":\"https:\\\/\\\/www.eldiario.net\\\/portal\\\/2024\\\/09\\\/18\\\/peleas-en-el-mas-son-para-seguir-desangrando-al-pais\\\/#primaryimage\"},\"image\":{\"@id\":\"https:\\\/\\\/www.eldiario.net\\\/portal\\\/2024\\\/09\\\/18\\\/peleas-en-el-mas-son-para-seguir-desangrando-al-pais\\\/#primaryimage\"},\"thumbnailUrl\":\"https:\\\/\\\/www.eldiario.net\\\/portal\\\/wp-content\\\/uploads\\\/2024\\\/09\\\/41-POL-7.jpg\",\"datePublished\":\"2024-09-18T09:56:15+00:00\",\"breadcrumb\":{\"@id\":\"https:\\\/\\\/www.eldiario.net\\\/portal\\\/2024\\\/09\\\/18\\\/peleas-en-el-mas-son-para-seguir-desangrando-al-pais\\\/#breadcrumb\"},\"inLanguage\":\"es\",\"potentialAction\":[{\"@type\":\"ReadAction\",\"target\":[\"https:\\\/\\\/www.eldiario.net\\\/portal\\\/2024\\\/09\\\/18\\\/peleas-en-el-mas-son-para-seguir-desangrando-al-pais\\\/\"]}]},{\"@type\":\"ImageObject\",\"inLanguage\":\"es\",\"@id\":\"https:\\\/\\\/www.eldiario.net\\\/portal\\\/2024\\\/09\\\/18\\\/peleas-en-el-mas-son-para-seguir-desangrando-al-pais\\\/#primaryimage\",\"url\":\"https:\\\/\\\/www.eldiario.net\\\/portal\\\/wp-content\\\/uploads\\\/2024\\\/09\\\/41-POL-7.jpg\",\"contentUrl\":\"https:\\\/\\\/www.eldiario.net\\\/portal\\\/wp-content\\\/uploads\\\/2024\\\/09\\\/41-POL-7.jpg\",\"width\":1405,\"height\":924,\"caption\":\"Diputado Jos\u00e9 Carlos Guti\u00e9rrez (Creemos).\"},{\"@type\":\"BreadcrumbList\",\"@id\":\"https:\\\/\\\/www.eldiario.net\\\/portal\\\/2024\\\/09\\\/18\\\/peleas-en-el-mas-son-para-seguir-desangrando-al-pais\\\/#breadcrumb\",\"itemListElement\":[{\"@type\":\"ListItem\",\"position\":1,\"name\":\"Portada\",\"item\":\"https:\\\/\\\/www.eldiario.net\\\/portal\\\/\"},{\"@type\":\"ListItem\",\"position\":2,\"name\":\"Peleas en el MAS son para seguir desangrando al pa\u00eds\"}]},{\"@type\":\"WebSite\",\"@id\":\"https:\\\/\\\/www.eldiario.net\\\/portal\\\/#website\",\"url\":\"https:\\\/\\\/www.eldiario.net\\\/portal\\\/\",\"name\":\"El Diario - Decano de la prensa nacional\",\"description\":\"El Diario - Decano de la prensa nacional\",\"publisher\":{\"@id\":\"https:\\\/\\\/www.eldiario.net\\\/portal\\\/#organization\"},\"potentialAction\":[{\"@type\":\"SearchAction\",\"target\":{\"@type\":\"EntryPoint\",\"urlTemplate\":\"https:\\\/\\\/www.eldiario.net\\\/portal\\\/?s={search_term_string}\"},\"query-input\":{\"@type\":\"PropertyValueSpecification\",\"valueRequired\":true,\"valueName\":\"search_term_string\"}}],\"inLanguage\":\"es\"},{\"@type\":\"Organization\",\"@id\":\"https:\\\/\\\/www.eldiario.net\\\/portal\\\/#organization\",\"name\":\"El Diario - Decano de la prensa nacional\",\"url\":\"https:\\\/\\\/www.eldiario.net\\\/portal\\\/\",\"logo\":{\"@type\":\"ImageObject\",\"inLanguage\":\"es\",\"@id\":\"https:\\\/\\\/www.eldiario.net\\\/portal\\\/#\\\/schema\\\/logo\\\/image\\\/\",\"url\":\"https:\\\/\\\/www.eldiario.net\\\/portal\\\/wp-content\\\/uploads\\\/2023\\\/07\\\/logo_ED.jpg\",\"contentUrl\":\"https:\\\/\\\/www.eldiario.net\\\/portal\\\/wp-content\\\/uploads\\\/2023\\\/07\\\/logo_ED.jpg\",\"width\":272,\"height\":52,\"caption\":\"El Diario - Decano de la prensa nacional\"},\"image\":{\"@id\":\"https:\\\/\\\/www.eldiario.net\\\/portal\\\/#\\\/schema\\\/logo\\\/image\\\/\"},\"sameAs\":[\"https:\\\/\\\/www.facebook.com\\\/eldiario.bolivia\\\/\",\"https:\\\/\\\/x.com\\\/eldiario_net\"]},{\"@type\":\"Person\",\"@id\":\"https:\\\/\\\/www.eldiario.net\\\/portal\\\/#\\\/schema\\\/person\\\/f46445640444750d7d753ccd04ae01b7\",\"name\":\"Jeanette\",\"image\":{\"@type\":\"ImageObject\",\"inLanguage\":\"es\",\"@id\":\"https:\\\/\\\/secure.gravatar.com\\\/avatar\\\/3ea2118a5f7dad2b7138b1187a6b7ee55f160b9968b66013c3a3ef39dd7e5798?s=96&d=mm&r=g\",\"url\":\"https:\\\/\\\/secure.gravatar.com\\\/avatar\\\/3ea2118a5f7dad2b7138b1187a6b7ee55f160b9968b66013c3a3ef39dd7e5798?s=96&d=mm&r=g\",\"contentUrl\":\"https:\\\/\\\/secure.gravatar.com\\\/avatar\\\/3ea2118a5f7dad2b7138b1187a6b7ee55f160b9968b66013c3a3ef39dd7e5798?s=96&d=mm&r=g\",\"caption\":\"Jeanette\"},\"sameAs\":[\"https:\\\/\\\/www.eldiario.net\\\/portal\"],\"url\":\"https:\\\/\\\/www.eldiario.net\\\/portal\\\/author\\\/jeanette\\\/\"}]}<\/script>\n<!-- \/ Yoast SEO plugin. -->","yoast_head_json":{"title":"Peleas en el MAS son para seguir desangrando al pa\u00eds - El Diario - Bolivia","robots":{"index":"index","follow":"follow","max-snippet":"max-snippet:-1","max-image-preview":"max-image-preview:large","max-video-preview":"max-video-preview:-1"},"canonical":"https:\/\/www.eldiario.net\/portal\/2024\/09\/18\/peleas-en-el-mas-son-para-seguir-desangrando-al-pais\/","og_locale":"es_ES","og_type":"article","og_title":"Peleas en el MAS son para seguir desangrando al pa\u00eds - El Diario - Bolivia","og_description":"Asegurando que las peleas internas en el oficialismo se enfocan \u00fanicamente en pugnas de poder y ambiciones personales de car\u00e1cter electoral, el diputado por la agrupaci\u00f3n Creemos, Jos\u00e9 Carlos Guti\u00e9rrez, se\u00f1al\u00f3 que la disputa entre el \u201cevismo\u201d y el \u201carcismo\u201d en el Movimiento al Socialismo (MAS), solo busca definir qu\u00e9 facci\u00f3n de esta organizaci\u00f3n pol\u00edtica [&hellip;]","og_url":"https:\/\/www.eldiario.net\/portal\/2024\/09\/18\/peleas-en-el-mas-son-para-seguir-desangrando-al-pais\/","og_site_name":"El Diario - Bolivia","article_publisher":"https:\/\/www.facebook.com\/eldiario.bolivia\/","article_published_time":"2024-09-18T09:56:15+00:00","og_image":[{"width":1405,"height":924,"url":"https:\/\/www.eldiario.net\/portal\/wp-content\/uploads\/2024\/09\/41-POL-7.jpg","type":"image\/jpeg"}],"author":"Jeanette","twitter_card":"summary_large_image","twitter_creator":"@eldiario_net","twitter_site":"@eldiario_net","twitter_misc":{"Escrito por":"Jeanette","Tiempo de lectura":"2 minutos"},"schema":{"@context":"https:\/\/schema.org","@graph":[{"@type":"Article","@id":"https:\/\/www.eldiario.net\/portal\/2024\/09\/18\/peleas-en-el-mas-son-para-seguir-desangrando-al-pais\/#article","isPartOf":{"@id":"https:\/\/www.eldiario.net\/portal\/2024\/09\/18\/peleas-en-el-mas-son-para-seguir-desangrando-al-pais\/"},"author":{"name":"Jeanette","@id":"https:\/\/www.eldiario.net\/portal\/#\/schema\/person\/f46445640444750d7d753ccd04ae01b7"},"headline":"Peleas en el MAS son para seguir desangrando al pa\u00eds","datePublished":"2024-09-18T09:56:15+00:00","mainEntityOfPage":{"@id":"https:\/\/www.eldiario.net\/portal\/2024\/09\/18\/peleas-en-el-mas-son-para-seguir-desangrando-al-pais\/"},"wordCount":409,"commentCount":0,"publisher":{"@id":"https:\/\/www.eldiario.net\/portal\/#organization"},"image":{"@id":"https:\/\/www.eldiario.net\/portal\/2024\/09\/18\/peleas-en-el-mas-son-para-seguir-desangrando-al-pais\/#primaryimage"},"thumbnailUrl":"https:\/\/www.eldiario.net\/portal\/wp-content\/uploads\/2024\/09\/41-POL-7.jpg","articleSection":["Pol\u00edtica"],"inLanguage":"es","potentialAction":[{"@type":"CommentAction","name":"Comment","target":["https:\/\/www.eldiario.net\/portal\/2024\/09\/18\/peleas-en-el-mas-son-para-seguir-desangrando-al-pais\/#respond"]}]},{"@type":"WebPage","@id":"https:\/\/www.eldiario.net\/portal\/2024\/09\/18\/peleas-en-el-mas-son-para-seguir-desangrando-al-pais\/","url":"https:\/\/www.eldiario.net\/portal\/2024\/09\/18\/peleas-en-el-mas-son-para-seguir-desangrando-al-pais\/","name":"Peleas en el MAS son para seguir desangrando al pa\u00eds - El Diario - Bolivia","isPartOf":{"@id":"https:\/\/www.eldiario.net\/portal\/#website"},"primaryImageOfPage":{"@id":"https:\/\/www.eldiario.net\/portal\/2024\/09\/18\/peleas-en-el-mas-son-para-seguir-desangrando-al-pais\/#primaryimage"},"image":{"@id":"https:\/\/www.eldiario.net\/portal\/2024\/09\/18\/peleas-en-el-mas-son-para-seguir-desangrando-al-pais\/#primaryimage"},"thumbnailUrl":"https:\/\/www.eldiario.net\/portal\/wp-content\/uploads\/2024\/09\/41-POL-7.jpg","datePublished":"2024-09-18T09:56:15+00:00","breadcrumb":{"@id":"https:\/\/www.eldiario.net\/portal\/2024\/09\/18\/peleas-en-el-mas-son-para-seguir-desangrando-al-pais\/#breadcrumb"},"inLanguage":"es","potentialAction":[{"@type":"ReadAction","target":["https:\/\/www.eldiario.net\/portal\/2024\/09\/18\/peleas-en-el-mas-son-para-seguir-desangrando-al-pais\/"]}]},{"@type":"ImageObject","inLanguage":"es","@id":"https:\/\/www.eldiario.net\/portal\/2024\/09\/18\/peleas-en-el-mas-son-para-seguir-desangrando-al-pais\/#primaryimage","url":"https:\/\/www.eldiario.net\/portal\/wp-content\/uploads\/2024\/09\/41-POL-7.jpg","contentUrl":"https:\/\/www.eldiario.net\/portal\/wp-content\/uploads\/2024\/09\/41-POL-7.jpg","width":1405,"height":924,"caption":"Diputado Jos\u00e9 Carlos Guti\u00e9rrez (Creemos)."},{"@type":"BreadcrumbList","@id":"https:\/\/www.eldiario.net\/portal\/2024\/09\/18\/peleas-en-el-mas-son-para-seguir-desangrando-al-pais\/#breadcrumb","itemListElement":[{"@type":"ListItem","position":1,"name":"Portada","item":"https:\/\/www.eldiario.net\/portal\/"},{"@type":"ListItem","position":2,"name":"Peleas en el MAS son para seguir desangrando al pa\u00eds"}]},{"@type":"WebSite","@id":"https:\/\/www.eldiario.net\/portal\/#website","url":"https:\/\/www.eldiario.net\/portal\/","name":"El Diario - Decano de la prensa nacional","description":"El Diario - Decano de la prensa nacional","publisher":{"@id":"https:\/\/www.eldiario.net\/portal\/#organization"},"potentialAction":[{"@type":"SearchAction","target":{"@type":"EntryPoint","urlTemplate":"https:\/\/www.eldiario.net\/portal\/?s={search_term_string}"},"query-input":{"@type":"PropertyValueSpecification","valueRequired":true,"valueName":"search_term_string"}}],"inLanguage":"es"},{"@type":"Organization","@id":"https:\/\/www.eldiario.net\/portal\/#organization","name":"El Diario - Decano de la prensa nacional","url":"https:\/\/www.eldiario.net\/portal\/","logo":{"@type":"ImageObject","inLanguage":"es","@id":"https:\/\/www.eldiario.net\/portal\/#\/schema\/logo\/image\/","url":"https:\/\/www.eldiario.net\/portal\/wp-content\/uploads\/2023\/07\/logo_ED.jpg","contentUrl":"https:\/\/www.eldiario.net\/portal\/wp-content\/uploads\/2023\/07\/logo_ED.jpg","width":272,"height":52,"caption":"El Diario - Decano de la prensa nacional"},"image":{"@id":"https:\/\/www.eldiario.net\/portal\/#\/schema\/logo\/image\/"},"sameAs":["https:\/\/www.facebook.com\/eldiario.bolivia\/","https:\/\/x.com\/eldiario_net"]},{"@type":"Person","@id":"https:\/\/www.eldiario.net\/portal\/#\/schema\/person\/f46445640444750d7d753ccd04ae01b7","name":"Jeanette","image":{"@type":"ImageObject","inLanguage":"es","@id":"https:\/\/secure.gravatar.com\/avatar\/3ea2118a5f7dad2b7138b1187a6b7ee55f160b9968b66013c3a3ef39dd7e5798?s=96&d=mm&r=g","url":"https:\/\/secure.gravatar.com\/avatar\/3ea2118a5f7dad2b7138b1187a6b7ee55f160b9968b66013c3a3ef39dd7e5798?s=96&d=mm&r=g","contentUrl":"https:\/\/secure.gravatar.com\/avatar\/3ea2118a5f7dad2b7138b1187a6b7ee55f160b9968b66013c3a3ef39dd7e5798?s=96&d=mm&r=g","caption":"Jeanette"},"sameAs":["https:\/\/www.eldiario.net\/portal"],"url":"https:\/\/www.eldiario.net\/portal\/author\/jeanette\/"}]}},"_links":{"self":[{"href":"https:\/\/www.eldiario.net\/portal\/wp-json\/wp\/v2\/posts\/248206","targetHints":{"allow":["GET"]}}],"collection":[{"href":"https:\/\/www.eldiario.net\/portal\/wp-json\/wp\/v2\/posts"}],"about":[{"href":"https:\/\/www.eldiario.net\/portal\/wp-json\/wp\/v2\/types\/post"}],"author":[{"embeddable":true,"href":"https:\/\/www.eldiario.net\/portal\/wp-json\/wp\/v2\/users\/1"}],"replies":[{"embeddable":true,"href":"https:\/\/www.eldiario.net\/portal\/wp-json\/wp\/v2\/comments?post=248206"}],"version-history":[{"count":1,"href":"https:\/\/www.eldiario.net\/portal\/wp-json\/wp\/v2\/posts\/248206\/revisions"}],"predecessor-version":[{"id":248208,"href":"https:\/\/www.eldiario.net\/portal\/wp-json\/wp\/v2\/posts\/248206\/revisions\/248208"}],"wp:featuredmedia":[{"embeddable":true,"href":"https:\/\/www.eldiario.net\/portal\/wp-json\/wp\/v2\/media\/248207"}],"wp:attachment":[{"href":"https:\/\/www.eldiario.net\/portal\/wp-json\/wp\/v2\/media?parent=248206"}],"wp:term":[{"taxonomy":"category","embeddable":true,"href":"https:\/\/www.eldiario.net\/portal\/wp-json\/wp\/v2\/categories?post=248206"},{"taxonomy":"post_tag","embeddable":true,"href":"https:\/\/www.eldiario.net\/portal\/wp-json\/wp\/v2\/tags?post=248206"}],"curies":[{"name":"wp","href":"https:\/\/api.w.org\/{rel}","templated":true}]}}