{"id":248203,"date":"2024-09-18T05:55:43","date_gmt":"2024-09-18T09:55:43","guid":{"rendered":"https:\/\/www.eldiario.net\/portal\/?p=248203"},"modified":"2024-09-18T05:55:43","modified_gmt":"2024-09-18T09:55:43","slug":"el-gobierno-debe-iniciar-acciones-legales-a-morales","status":"publish","type":"post","link":"https:\/\/www.eldiario.net\/portal\/2024\/09\/18\/el-gobierno-debe-iniciar-acciones-legales-a-morales\/","title":{"rendered":"El Gobierno debe iniciar  acciones legales a Morales"},"content":{"rendered":"<p>El analista pol\u00edtico, Pa\u00fal Coca, asever\u00f3 ayer que si el gobierno de Luis Arce acusa a Evo Morales de \u201cintentar dar un golpe de Estado\u201d, deber\u00eda iniciarle todas las acciones legales en su contra.<br \/>\n\u201cAhora, si Arce Catacora lo acusa de ser golpista, que el Gobierno haga todas las acciones legales, tiene la justicia a su favor para que Evo Morales est\u00e9 en una sanci\u00f3n respectiva por este intento\u201d, indic\u00f3 Coca a Br\u00fajula Digital.<br \/>\nLa declaraci\u00f3n de Coca se da luego de que sectores afines a Morales est\u00e1n movilizados para pedir la renuncia de Arce, adem\u00e1s de que al inicio de la marcha desde Caracollo a La Paz, el expresidente aseverara que \u201clamentablemente nos abandon\u00f3 el presidente (Luis Arce) y el vicepresidente (David Choquehuanca). De paso hay mala gesti\u00f3n y corrupci\u00f3n. Si el primer y el segundo hombre abandonan al pueblo, est\u00e1 el tercer hombre del Estado, (es decir el) hermano Andr\u00f3nico Rodr\u00edguez (est\u00e1) con nosotros\u201d.<br \/>\nDichas declaraciones fueron tomadas como un ataque contra el gobierno de Arce por parte de ministros y parlamentarios, mismos que se suman a lo dicho por Arce, el pasado domingo, cuando acus\u00f3 a Morales de iniciar movilizaciones que terminar\u00e1n con un bloqueo nacional de caminos, con el objetivo de dar un golpe de Estado contra su administraci\u00f3n.<br \/>\n\u201cInicia una marcha para pasar luego al bloqueo nacional de caminos que terminar\u00e1 en un intento de golpe de Estado a un gobierno popular. Es algo a lo que deber\u00e1s dar cuenta a nuestro pueblo tarde o temprano\u201d, dijo Arce la noche del domingo.<\/p>\n<p>DAYSI CHOQUE<br \/>\nAsimismo, la diputada \u201carcista\u201d, Deysi Choque, indic\u00f3 que Morales est\u00e1 haciendo lo mismo que el gobernador electo de Santa Cruz, Luis Fernando Camacho, que en 2019 busc\u00f3 su renuncia.<br \/>\n\u201cHoy Evo Morales est\u00e1 haciendo lo mismo que pretende llegar con su movilizaci\u00f3n para pedir la renuncia de nuestro presidente y vicepresidente, que el pueblo lo sepa, Evo, Evacho, eres igual a Camacho. El 2019, el pueblo se movilizaba tambi\u00e9n indicando que era para salvar Bolivia. Estamos pidiendo tambi\u00e9n que se le tenga que procesar, no pueden haber hijos e hijastros en el Estado\u201d, indic\u00f3 Choque ante los medios de comunicaci\u00f3n. (Br\u00fajula Digital)<\/p>\n","protected":false},"excerpt":{"rendered":"<p>El analista pol\u00edtico, Pa\u00fal Coca, asever\u00f3 ayer que si el gobierno de Luis Arce acusa a Evo Morales de \u201cintentar dar un golpe de Estado\u201d, deber\u00eda iniciarle todas las acciones legales en su contra. \u201cAhora, si Arce Catacora lo acusa de ser golpista, que el Gobierno haga todas las acciones legales, tiene la justicia a [&hellip;]<\/p>\n","protected":false},"author":1,"featured_media":248204,"comment_status":"open","ping_status":"open","sticky":false,"template":"","format":"standard","meta":{"_acf_changed":false,"footnotes":""},"categories":[14],"tags":[],"class_list":["post-248203","post","type-post","status-publish","format-standard","has-post-thumbnail","category-politica"],"acf":{"antetitulo":"Afirma analista Pa\u00fal Coca"},"yoast_head":"<!-- This site is optimized with the Yoast SEO plugin v28.4 - https:\/\/yoast.com\/product\/yoast-seo-wordpress\/ -->\n<title>El Gobierno debe iniciar acciones legales a Morales - El Diario - Bolivia<\/title>\n<meta name=\"robots\" content=\"index, follow, max-snippet:-1, max-image-preview:large, max-video-preview:-1\" \/>\n<link rel=\"canonical\" href=\"https:\/\/www.eldiario.net\/portal\/2024\/09\/18\/el-gobierno-debe-iniciar-acciones-legales-a-morales\/\" \/>\n<meta property=\"og:locale\" content=\"es_ES\" \/>\n<meta property=\"og:type\" content=\"article\" \/>\n<meta property=\"og:title\" content=\"El Gobierno debe iniciar acciones legales a Morales - El Diario - Bolivia\" \/>\n<meta property=\"og:description\" content=\"El analista pol\u00edtico, Pa\u00fal Coca, asever\u00f3 ayer que si el gobierno de Luis Arce acusa a Evo Morales de \u201cintentar dar un golpe de Estado\u201d, deber\u00eda iniciarle todas las acciones legales en su contra. \u201cAhora, si Arce Catacora lo acusa de ser golpista, que el Gobierno haga todas las acciones legales, tiene la justicia a [&hellip;]\" \/>\n<meta property=\"og:url\" content=\"https:\/\/www.eldiario.net\/portal\/2024\/09\/18\/el-gobierno-debe-iniciar-acciones-legales-a-morales\/\" \/>\n<meta property=\"og:site_name\" content=\"El Diario - Bolivia\" \/>\n<meta property=\"article:publisher\" content=\"https:\/\/www.facebook.com\/eldiario.bolivia\/\" \/>\n<meta property=\"article:published_time\" content=\"2024-09-18T09:55:43+00:00\" \/>\n<meta property=\"og:image\" content=\"https:\/\/www.eldiario.net\/portal\/wp-content\/uploads\/2024\/09\/43-POL-4.jpg\" \/>\n\t<meta property=\"og:image:width\" content=\"1600\" \/>\n\t<meta property=\"og:image:height\" content=\"1078\" \/>\n\t<meta property=\"og:image:type\" content=\"image\/jpeg\" \/>\n<meta name=\"author\" content=\"Jeanette\" \/>\n<meta name=\"twitter:card\" content=\"summary_large_image\" \/>\n<meta name=\"twitter:creator\" content=\"@eldiario_net\" \/>\n<meta name=\"twitter:site\" content=\"@eldiario_net\" \/>\n<meta name=\"twitter:label1\" content=\"Escrito por\" \/>\n\t<meta name=\"twitter:data1\" content=\"Jeanette\" \/>\n\t<meta name=\"twitter:label2\" content=\"Tiempo de lectura\" \/>\n\t<meta name=\"twitter:data2\" content=\"2 minutos\" \/>\n<script type=\"application\/ld+json\" class=\"yoast-schema-graph\">{\"@context\":\"https:\\\/\\\/schema.org\",\"@graph\":[{\"@type\":\"Article\",\"@id\":\"https:\\\/\\\/www.eldiario.net\\\/portal\\\/2024\\\/09\\\/18\\\/el-gobierno-debe-iniciar-acciones-legales-a-morales\\\/#article\",\"isPartOf\":{\"@id\":\"https:\\\/\\\/www.eldiario.net\\\/portal\\\/2024\\\/09\\\/18\\\/el-gobierno-debe-iniciar-acciones-legales-a-morales\\\/\"},\"author\":{\"name\":\"Jeanette\",\"@id\":\"https:\\\/\\\/www.eldiario.net\\\/portal\\\/#\\\/schema\\\/person\\\/f46445640444750d7d753ccd04ae01b7\"},\"headline\":\"El Gobierno debe iniciar acciones legales a Morales\",\"datePublished\":\"2024-09-18T09:55:43+00:00\",\"mainEntityOfPage\":{\"@id\":\"https:\\\/\\\/www.eldiario.net\\\/portal\\\/2024\\\/09\\\/18\\\/el-gobierno-debe-iniciar-acciones-legales-a-morales\\\/\"},\"wordCount\":387,\"commentCount\":0,\"publisher\":{\"@id\":\"https:\\\/\\\/www.eldiario.net\\\/portal\\\/#organization\"},\"image\":{\"@id\":\"https:\\\/\\\/www.eldiario.net\\\/portal\\\/2024\\\/09\\\/18\\\/el-gobierno-debe-iniciar-acciones-legales-a-morales\\\/#primaryimage\"},\"thumbnailUrl\":\"https:\\\/\\\/www.eldiario.net\\\/portal\\\/wp-content\\\/uploads\\\/2024\\\/09\\\/43-POL-4.jpg\",\"articleSection\":[\"Pol\u00edtica\"],\"inLanguage\":\"es\",\"potentialAction\":[{\"@type\":\"CommentAction\",\"name\":\"Comment\",\"target\":[\"https:\\\/\\\/www.eldiario.net\\\/portal\\\/2024\\\/09\\\/18\\\/el-gobierno-debe-iniciar-acciones-legales-a-morales\\\/#respond\"]}]},{\"@type\":\"WebPage\",\"@id\":\"https:\\\/\\\/www.eldiario.net\\\/portal\\\/2024\\\/09\\\/18\\\/el-gobierno-debe-iniciar-acciones-legales-a-morales\\\/\",\"url\":\"https:\\\/\\\/www.eldiario.net\\\/portal\\\/2024\\\/09\\\/18\\\/el-gobierno-debe-iniciar-acciones-legales-a-morales\\\/\",\"name\":\"El Gobierno debe iniciar acciones legales a Morales - El Diario - Bolivia\",\"isPartOf\":{\"@id\":\"https:\\\/\\\/www.eldiario.net\\\/portal\\\/#website\"},\"primaryImageOfPage\":{\"@id\":\"https:\\\/\\\/www.eldiario.net\\\/portal\\\/2024\\\/09\\\/18\\\/el-gobierno-debe-iniciar-acciones-legales-a-morales\\\/#primaryimage\"},\"image\":{\"@id\":\"https:\\\/\\\/www.eldiario.net\\\/portal\\\/2024\\\/09\\\/18\\\/el-gobierno-debe-iniciar-acciones-legales-a-morales\\\/#primaryimage\"},\"thumbnailUrl\":\"https:\\\/\\\/www.eldiario.net\\\/portal\\\/wp-content\\\/uploads\\\/2024\\\/09\\\/43-POL-4.jpg\",\"datePublished\":\"2024-09-18T09:55:43+00:00\",\"breadcrumb\":{\"@id\":\"https:\\\/\\\/www.eldiario.net\\\/portal\\\/2024\\\/09\\\/18\\\/el-gobierno-debe-iniciar-acciones-legales-a-morales\\\/#breadcrumb\"},\"inLanguage\":\"es\",\"potentialAction\":[{\"@type\":\"ReadAction\",\"target\":[\"https:\\\/\\\/www.eldiario.net\\\/portal\\\/2024\\\/09\\\/18\\\/el-gobierno-debe-iniciar-acciones-legales-a-morales\\\/\"]}]},{\"@type\":\"ImageObject\",\"inLanguage\":\"es\",\"@id\":\"https:\\\/\\\/www.eldiario.net\\\/portal\\\/2024\\\/09\\\/18\\\/el-gobierno-debe-iniciar-acciones-legales-a-morales\\\/#primaryimage\",\"url\":\"https:\\\/\\\/www.eldiario.net\\\/portal\\\/wp-content\\\/uploads\\\/2024\\\/09\\\/43-POL-4.jpg\",\"contentUrl\":\"https:\\\/\\\/www.eldiario.net\\\/portal\\\/wp-content\\\/uploads\\\/2024\\\/09\\\/43-POL-4.jpg\",\"width\":1600,\"height\":1078,\"caption\":\"Enfrentamientos registrados ayer entre \u201cevistas\u201d y \u201carcistas\u201d cerca de Vila Vila.\"},{\"@type\":\"BreadcrumbList\",\"@id\":\"https:\\\/\\\/www.eldiario.net\\\/portal\\\/2024\\\/09\\\/18\\\/el-gobierno-debe-iniciar-acciones-legales-a-morales\\\/#breadcrumb\",\"itemListElement\":[{\"@type\":\"ListItem\",\"position\":1,\"name\":\"Portada\",\"item\":\"https:\\\/\\\/www.eldiario.net\\\/portal\\\/\"},{\"@type\":\"ListItem\",\"position\":2,\"name\":\"El Gobierno debe iniciar acciones legales a Morales\"}]},{\"@type\":\"WebSite\",\"@id\":\"https:\\\/\\\/www.eldiario.net\\\/portal\\\/#website\",\"url\":\"https:\\\/\\\/www.eldiario.net\\\/portal\\\/\",\"name\":\"El Diario - Decano de la prensa nacional\",\"description\":\"El Diario - Decano de la prensa nacional\",\"publisher\":{\"@id\":\"https:\\\/\\\/www.eldiario.net\\\/portal\\\/#organization\"},\"potentialAction\":[{\"@type\":\"SearchAction\",\"target\":{\"@type\":\"EntryPoint\",\"urlTemplate\":\"https:\\\/\\\/www.eldiario.net\\\/portal\\\/?s={search_term_string}\"},\"query-input\":{\"@type\":\"PropertyValueSpecification\",\"valueRequired\":true,\"valueName\":\"search_term_string\"}}],\"inLanguage\":\"es\"},{\"@type\":\"Organization\",\"@id\":\"https:\\\/\\\/www.eldiario.net\\\/portal\\\/#organization\",\"name\":\"El Diario - Decano de la prensa nacional\",\"url\":\"https:\\\/\\\/www.eldiario.net\\\/portal\\\/\",\"logo\":{\"@type\":\"ImageObject\",\"inLanguage\":\"es\",\"@id\":\"https:\\\/\\\/www.eldiario.net\\\/portal\\\/#\\\/schema\\\/logo\\\/image\\\/\",\"url\":\"https:\\\/\\\/www.eldiario.net\\\/portal\\\/wp-content\\\/uploads\\\/2023\\\/07\\\/logo_ED.jpg\",\"contentUrl\":\"https:\\\/\\\/www.eldiario.net\\\/portal\\\/wp-content\\\/uploads\\\/2023\\\/07\\\/logo_ED.jpg\",\"width\":272,\"height\":52,\"caption\":\"El Diario - Decano de la prensa nacional\"},\"image\":{\"@id\":\"https:\\\/\\\/www.eldiario.net\\\/portal\\\/#\\\/schema\\\/logo\\\/image\\\/\"},\"sameAs\":[\"https:\\\/\\\/www.facebook.com\\\/eldiario.bolivia\\\/\",\"https:\\\/\\\/x.com\\\/eldiario_net\"]},{\"@type\":\"Person\",\"@id\":\"https:\\\/\\\/www.eldiario.net\\\/portal\\\/#\\\/schema\\\/person\\\/f46445640444750d7d753ccd04ae01b7\",\"name\":\"Jeanette\",\"image\":{\"@type\":\"ImageObject\",\"inLanguage\":\"es\",\"@id\":\"https:\\\/\\\/secure.gravatar.com\\\/avatar\\\/3ea2118a5f7dad2b7138b1187a6b7ee55f160b9968b66013c3a3ef39dd7e5798?s=96&d=mm&r=g\",\"url\":\"https:\\\/\\\/secure.gravatar.com\\\/avatar\\\/3ea2118a5f7dad2b7138b1187a6b7ee55f160b9968b66013c3a3ef39dd7e5798?s=96&d=mm&r=g\",\"contentUrl\":\"https:\\\/\\\/secure.gravatar.com\\\/avatar\\\/3ea2118a5f7dad2b7138b1187a6b7ee55f160b9968b66013c3a3ef39dd7e5798?s=96&d=mm&r=g\",\"caption\":\"Jeanette\"},\"sameAs\":[\"https:\\\/\\\/www.eldiario.net\\\/portal\"],\"url\":\"https:\\\/\\\/www.eldiario.net\\\/portal\\\/author\\\/jeanette\\\/\"}]}<\/script>\n<!-- \/ Yoast SEO plugin. -->","yoast_head_json":{"title":"El Gobierno debe iniciar acciones legales a Morales - El Diario - Bolivia","robots":{"index":"index","follow":"follow","max-snippet":"max-snippet:-1","max-image-preview":"max-image-preview:large","max-video-preview":"max-video-preview:-1"},"canonical":"https:\/\/www.eldiario.net\/portal\/2024\/09\/18\/el-gobierno-debe-iniciar-acciones-legales-a-morales\/","og_locale":"es_ES","og_type":"article","og_title":"El Gobierno debe iniciar acciones legales a Morales - El Diario - Bolivia","og_description":"El analista pol\u00edtico, Pa\u00fal Coca, asever\u00f3 ayer que si el gobierno de Luis Arce acusa a Evo Morales de \u201cintentar dar un golpe de Estado\u201d, deber\u00eda iniciarle todas las acciones legales en su contra. \u201cAhora, si Arce Catacora lo acusa de ser golpista, que el Gobierno haga todas las acciones legales, tiene la justicia a [&hellip;]","og_url":"https:\/\/www.eldiario.net\/portal\/2024\/09\/18\/el-gobierno-debe-iniciar-acciones-legales-a-morales\/","og_site_name":"El Diario - Bolivia","article_publisher":"https:\/\/www.facebook.com\/eldiario.bolivia\/","article_published_time":"2024-09-18T09:55:43+00:00","og_image":[{"width":1600,"height":1078,"url":"https:\/\/www.eldiario.net\/portal\/wp-content\/uploads\/2024\/09\/43-POL-4.jpg","type":"image\/jpeg"}],"author":"Jeanette","twitter_card":"summary_large_image","twitter_creator":"@eldiario_net","twitter_site":"@eldiario_net","twitter_misc":{"Escrito por":"Jeanette","Tiempo de lectura":"2 minutos"},"schema":{"@context":"https:\/\/schema.org","@graph":[{"@type":"Article","@id":"https:\/\/www.eldiario.net\/portal\/2024\/09\/18\/el-gobierno-debe-iniciar-acciones-legales-a-morales\/#article","isPartOf":{"@id":"https:\/\/www.eldiario.net\/portal\/2024\/09\/18\/el-gobierno-debe-iniciar-acciones-legales-a-morales\/"},"author":{"name":"Jeanette","@id":"https:\/\/www.eldiario.net\/portal\/#\/schema\/person\/f46445640444750d7d753ccd04ae01b7"},"headline":"El Gobierno debe iniciar acciones legales a Morales","datePublished":"2024-09-18T09:55:43+00:00","mainEntityOfPage":{"@id":"https:\/\/www.eldiario.net\/portal\/2024\/09\/18\/el-gobierno-debe-iniciar-acciones-legales-a-morales\/"},"wordCount":387,"commentCount":0,"publisher":{"@id":"https:\/\/www.eldiario.net\/portal\/#organization"},"image":{"@id":"https:\/\/www.eldiario.net\/portal\/2024\/09\/18\/el-gobierno-debe-iniciar-acciones-legales-a-morales\/#primaryimage"},"thumbnailUrl":"https:\/\/www.eldiario.net\/portal\/wp-content\/uploads\/2024\/09\/43-POL-4.jpg","articleSection":["Pol\u00edtica"],"inLanguage":"es","potentialAction":[{"@type":"CommentAction","name":"Comment","target":["https:\/\/www.eldiario.net\/portal\/2024\/09\/18\/el-gobierno-debe-iniciar-acciones-legales-a-morales\/#respond"]}]},{"@type":"WebPage","@id":"https:\/\/www.eldiario.net\/portal\/2024\/09\/18\/el-gobierno-debe-iniciar-acciones-legales-a-morales\/","url":"https:\/\/www.eldiario.net\/portal\/2024\/09\/18\/el-gobierno-debe-iniciar-acciones-legales-a-morales\/","name":"El Gobierno debe iniciar acciones legales a Morales - El Diario - Bolivia","isPartOf":{"@id":"https:\/\/www.eldiario.net\/portal\/#website"},"primaryImageOfPage":{"@id":"https:\/\/www.eldiario.net\/portal\/2024\/09\/18\/el-gobierno-debe-iniciar-acciones-legales-a-morales\/#primaryimage"},"image":{"@id":"https:\/\/www.eldiario.net\/portal\/2024\/09\/18\/el-gobierno-debe-iniciar-acciones-legales-a-morales\/#primaryimage"},"thumbnailUrl":"https:\/\/www.eldiario.net\/portal\/wp-content\/uploads\/2024\/09\/43-POL-4.jpg","datePublished":"2024-09-18T09:55:43+00:00","breadcrumb":{"@id":"https:\/\/www.eldiario.net\/portal\/2024\/09\/18\/el-gobierno-debe-iniciar-acciones-legales-a-morales\/#breadcrumb"},"inLanguage":"es","potentialAction":[{"@type":"ReadAction","target":["https:\/\/www.eldiario.net\/portal\/2024\/09\/18\/el-gobierno-debe-iniciar-acciones-legales-a-morales\/"]}]},{"@type":"ImageObject","inLanguage":"es","@id":"https:\/\/www.eldiario.net\/portal\/2024\/09\/18\/el-gobierno-debe-iniciar-acciones-legales-a-morales\/#primaryimage","url":"https:\/\/www.eldiario.net\/portal\/wp-content\/uploads\/2024\/09\/43-POL-4.jpg","contentUrl":"https:\/\/www.eldiario.net\/portal\/wp-content\/uploads\/2024\/09\/43-POL-4.jpg","width":1600,"height":1078,"caption":"Enfrentamientos registrados ayer entre \u201cevistas\u201d y \u201carcistas\u201d cerca de Vila Vila."},{"@type":"BreadcrumbList","@id":"https:\/\/www.eldiario.net\/portal\/2024\/09\/18\/el-gobierno-debe-iniciar-acciones-legales-a-morales\/#breadcrumb","itemListElement":[{"@type":"ListItem","position":1,"name":"Portada","item":"https:\/\/www.eldiario.net\/portal\/"},{"@type":"ListItem","position":2,"name":"El Gobierno debe iniciar acciones legales a Morales"}]},{"@type":"WebSite","@id":"https:\/\/www.eldiario.net\/portal\/#website","url":"https:\/\/www.eldiario.net\/portal\/","name":"El Diario - Decano de la prensa nacional","description":"El Diario - Decano de la prensa nacional","publisher":{"@id":"https:\/\/www.eldiario.net\/portal\/#organization"},"potentialAction":[{"@type":"SearchAction","target":{"@type":"EntryPoint","urlTemplate":"https:\/\/www.eldiario.net\/portal\/?s={search_term_string}"},"query-input":{"@type":"PropertyValueSpecification","valueRequired":true,"valueName":"search_term_string"}}],"inLanguage":"es"},{"@type":"Organization","@id":"https:\/\/www.eldiario.net\/portal\/#organization","name":"El Diario - Decano de la prensa nacional","url":"https:\/\/www.eldiario.net\/portal\/","logo":{"@type":"ImageObject","inLanguage":"es","@id":"https:\/\/www.eldiario.net\/portal\/#\/schema\/logo\/image\/","url":"https:\/\/www.eldiario.net\/portal\/wp-content\/uploads\/2023\/07\/logo_ED.jpg","contentUrl":"https:\/\/www.eldiario.net\/portal\/wp-content\/uploads\/2023\/07\/logo_ED.jpg","width":272,"height":52,"caption":"El Diario - Decano de la prensa nacional"},"image":{"@id":"https:\/\/www.eldiario.net\/portal\/#\/schema\/logo\/image\/"},"sameAs":["https:\/\/www.facebook.com\/eldiario.bolivia\/","https:\/\/x.com\/eldiario_net"]},{"@type":"Person","@id":"https:\/\/www.eldiario.net\/portal\/#\/schema\/person\/f46445640444750d7d753ccd04ae01b7","name":"Jeanette","image":{"@type":"ImageObject","inLanguage":"es","@id":"https:\/\/secure.gravatar.com\/avatar\/3ea2118a5f7dad2b7138b1187a6b7ee55f160b9968b66013c3a3ef39dd7e5798?s=96&d=mm&r=g","url":"https:\/\/secure.gravatar.com\/avatar\/3ea2118a5f7dad2b7138b1187a6b7ee55f160b9968b66013c3a3ef39dd7e5798?s=96&d=mm&r=g","contentUrl":"https:\/\/secure.gravatar.com\/avatar\/3ea2118a5f7dad2b7138b1187a6b7ee55f160b9968b66013c3a3ef39dd7e5798?s=96&d=mm&r=g","caption":"Jeanette"},"sameAs":["https:\/\/www.eldiario.net\/portal"],"url":"https:\/\/www.eldiario.net\/portal\/author\/jeanette\/"}]}},"_links":{"self":[{"href":"https:\/\/www.eldiario.net\/portal\/wp-json\/wp\/v2\/posts\/248203","targetHints":{"allow":["GET"]}}],"collection":[{"href":"https:\/\/www.eldiario.net\/portal\/wp-json\/wp\/v2\/posts"}],"about":[{"href":"https:\/\/www.eldiario.net\/portal\/wp-json\/wp\/v2\/types\/post"}],"author":[{"embeddable":true,"href":"https:\/\/www.eldiario.net\/portal\/wp-json\/wp\/v2\/users\/1"}],"replies":[{"embeddable":true,"href":"https:\/\/www.eldiario.net\/portal\/wp-json\/wp\/v2\/comments?post=248203"}],"version-history":[{"count":1,"href":"https:\/\/www.eldiario.net\/portal\/wp-json\/wp\/v2\/posts\/248203\/revisions"}],"predecessor-version":[{"id":248205,"href":"https:\/\/www.eldiario.net\/portal\/wp-json\/wp\/v2\/posts\/248203\/revisions\/248205"}],"wp:featuredmedia":[{"embeddable":true,"href":"https:\/\/www.eldiario.net\/portal\/wp-json\/wp\/v2\/media\/248204"}],"wp:attachment":[{"href":"https:\/\/www.eldiario.net\/portal\/wp-json\/wp\/v2\/media?parent=248203"}],"wp:term":[{"taxonomy":"category","embeddable":true,"href":"https:\/\/www.eldiario.net\/portal\/wp-json\/wp\/v2\/categories?post=248203"},{"taxonomy":"post_tag","embeddable":true,"href":"https:\/\/www.eldiario.net\/portal\/wp-json\/wp\/v2\/tags?post=248203"}],"curies":[{"name":"wp","href":"https:\/\/api.w.org\/{rel}","templated":true}]}}