{"id":248200,"date":"2024-09-18T05:55:14","date_gmt":"2024-09-18T09:55:14","guid":{"rendered":"https:\/\/www.eldiario.net\/portal\/?p=248200"},"modified":"2024-09-18T05:55:14","modified_gmt":"2024-09-18T09:55:14","slug":"para-camacho-morales-y-arce-son-el-problema","status":"publish","type":"post","link":"https:\/\/www.eldiario.net\/portal\/2024\/09\/18\/para-camacho-morales-y-arce-son-el-problema\/","title":{"rendered":"Para Camacho, Morales  y Arce son el problema"},"content":{"rendered":"<p>\u201cEvo (Morales) y (Luis) Arce se han convertido en el problema de nuestro tiempo. Han creado la crisis y ahora, con much\u00edsima mezquindad, la profundizan\u201d, advirti\u00f3 el gobernador cruce\u00f1o, Luis Fernando Camacho, respecto a las cabezas de la denominada ala \u201carcista\u201d y ala \u201cevista\u201d del masismo, que son encabezadas por el m\u00e1ximo dirigente del partido azul y el actual jefe de Estado.<br \/>\nDesde el punto de vista de Camacho, tanto Morales como Arce se dedican, \u201cen cuerpo y alma\u201d, a pelearse por cargos y a insultarse sin l\u00edmites, en un contexto en el que, en Bolivia los precios suben, el dinero no alcanza en las familias, los bosques se queman y ya comienza una migraci\u00f3n masiva hacia otros pa\u00edses en busca de nuevas oportunidades.<br \/>\n\u201cPor un lado, Evo Morales amenaza con bloqueos y marchas para seguir asfixiando la econom\u00eda, y por otro, Arce defiende su cargo y sus privilegios, desafiando a golpes a su exjefe pol\u00edtico. Insulto contra insulto, mientras Bolivia se desploma\u201d, apunt\u00f3 el gobernador.<br \/>\nA la cabeza de Morales, el evismo inici\u00f3 ayer una marcha rumbo a La Paz, la cual busca denunciar al gobierno de Arce, al que acusan de usar los poderes Judicial y Electoral para frenar la candidatura de Morales para las elecciones de agosto de 2025. Tambi\u00e9n critican la crisis econ\u00f3mica que se manifiesta en la escasez de d\u00f3lares y combustible.<br \/>\nEl Gobierno ha se\u00f1alado esta movilizaci\u00f3n como el inicio de un plan para derrocar a Luis Arce, una postura que fue rechazada por Morales, quien insisti\u00f3 que se trata de una protesta \u201cpac\u00edfica\u201d.<br \/>\n\u201cBolivia no puede ser la esquina donde dos masistas, borrachos de poder, se agarran a golpes e insultos por la presidencia. Bolivia es un gran pa\u00eds (&#8230;). A Arce y a Evo les digo con claridad desde la c\u00e1rcel: Bolivia se respeta\u201d, agreg\u00f3 Camacho.<br \/>\nAsimismo, la autoridad cruce\u00f1a observ\u00f3 que actualmente Bolivia vive dos realidades: \u201cPor un lado, est\u00e1 la realidad que viven los hogares. La realidad de la gente que siente la crisis, que hace interminables colas por di\u00e9sel, que sufre la subida de los precios y que carga las malas noticias de la econom\u00eda cada d\u00eda\u201d.<br \/>\nMientras que la otra cara de la moneda, seg\u00fan Camacho, es la de Evo y Arce, a la que calific\u00f3 como la realidad de los palacios, de los vuelos privados, del despilfarro y la corrupci\u00f3n; \u201cuna realidad que ahora se dedica a la pelea y a la politiquer\u00eda interna, y que vive totalmente de espaldas ante los problemas de la gente\u201d. (Con datos de Unitel)<\/p>\n","protected":false},"excerpt":{"rendered":"<p>\u201cEvo (Morales) y (Luis) Arce se han convertido en el problema de nuestro tiempo. Han creado la crisis y ahora, con much\u00edsima mezquindad, la profundizan\u201d, advirti\u00f3 el gobernador cruce\u00f1o, Luis Fernando Camacho, respecto a las cabezas de la denominada ala \u201carcista\u201d y ala \u201cevista\u201d del masismo, que son encabezadas por el m\u00e1ximo dirigente del partido [&hellip;]<\/p>\n","protected":false},"author":1,"featured_media":248201,"comment_status":"open","ping_status":"open","sticky":false,"template":"","format":"standard","meta":{"_acf_changed":false,"footnotes":""},"categories":[14],"tags":[],"class_list":["post-248200","post","type-post","status-publish","format-standard","has-post-thumbnail","category-politica"],"acf":{"antetitulo":""},"yoast_head":"<!-- This site is optimized with the Yoast SEO plugin v28.4 - https:\/\/yoast.com\/product\/yoast-seo-wordpress\/ -->\n<title>Para Camacho, Morales y Arce son el problema - El Diario - Bolivia<\/title>\n<meta name=\"robots\" content=\"index, follow, max-snippet:-1, max-image-preview:large, max-video-preview:-1\" \/>\n<link rel=\"canonical\" href=\"https:\/\/www.eldiario.net\/portal\/2024\/09\/18\/para-camacho-morales-y-arce-son-el-problema\/\" \/>\n<meta property=\"og:locale\" content=\"es_ES\" \/>\n<meta property=\"og:type\" content=\"article\" \/>\n<meta property=\"og:title\" content=\"Para Camacho, Morales y Arce son el problema - El Diario - Bolivia\" \/>\n<meta property=\"og:description\" content=\"\u201cEvo (Morales) y (Luis) Arce se han convertido en el problema de nuestro tiempo. Han creado la crisis y ahora, con much\u00edsima mezquindad, la profundizan\u201d, advirti\u00f3 el gobernador cruce\u00f1o, Luis Fernando Camacho, respecto a las cabezas de la denominada ala \u201carcista\u201d y ala \u201cevista\u201d del masismo, que son encabezadas por el m\u00e1ximo dirigente del partido [&hellip;]\" \/>\n<meta property=\"og:url\" content=\"https:\/\/www.eldiario.net\/portal\/2024\/09\/18\/para-camacho-morales-y-arce-son-el-problema\/\" \/>\n<meta property=\"og:site_name\" content=\"El Diario - Bolivia\" \/>\n<meta property=\"article:publisher\" content=\"https:\/\/www.facebook.com\/eldiario.bolivia\/\" \/>\n<meta property=\"article:published_time\" content=\"2024-09-18T09:55:14+00:00\" \/>\n<meta property=\"og:image\" content=\"https:\/\/www.eldiario.net\/portal\/wp-content\/uploads\/2024\/09\/44-POL-1.jpg\" \/>\n\t<meta property=\"og:image:width\" content=\"1280\" \/>\n\t<meta property=\"og:image:height\" content=\"545\" \/>\n\t<meta property=\"og:image:type\" content=\"image\/jpeg\" \/>\n<meta name=\"author\" content=\"Jeanette\" \/>\n<meta name=\"twitter:card\" content=\"summary_large_image\" \/>\n<meta name=\"twitter:creator\" content=\"@eldiario_net\" \/>\n<meta name=\"twitter:site\" content=\"@eldiario_net\" \/>\n<meta name=\"twitter:label1\" content=\"Escrito por\" \/>\n\t<meta name=\"twitter:data1\" content=\"Jeanette\" \/>\n\t<meta name=\"twitter:label2\" content=\"Tiempo de lectura\" \/>\n\t<meta name=\"twitter:data2\" content=\"3 minutos\" \/>\n<script type=\"application\/ld+json\" class=\"yoast-schema-graph\">{\"@context\":\"https:\\\/\\\/schema.org\",\"@graph\":[{\"@type\":\"Article\",\"@id\":\"https:\\\/\\\/www.eldiario.net\\\/portal\\\/2024\\\/09\\\/18\\\/para-camacho-morales-y-arce-son-el-problema\\\/#article\",\"isPartOf\":{\"@id\":\"https:\\\/\\\/www.eldiario.net\\\/portal\\\/2024\\\/09\\\/18\\\/para-camacho-morales-y-arce-son-el-problema\\\/\"},\"author\":{\"name\":\"Jeanette\",\"@id\":\"https:\\\/\\\/www.eldiario.net\\\/portal\\\/#\\\/schema\\\/person\\\/f46445640444750d7d753ccd04ae01b7\"},\"headline\":\"Para Camacho, Morales y Arce son el problema\",\"datePublished\":\"2024-09-18T09:55:14+00:00\",\"mainEntityOfPage\":{\"@id\":\"https:\\\/\\\/www.eldiario.net\\\/portal\\\/2024\\\/09\\\/18\\\/para-camacho-morales-y-arce-son-el-problema\\\/\"},\"wordCount\":452,\"commentCount\":0,\"publisher\":{\"@id\":\"https:\\\/\\\/www.eldiario.net\\\/portal\\\/#organization\"},\"image\":{\"@id\":\"https:\\\/\\\/www.eldiario.net\\\/portal\\\/2024\\\/09\\\/18\\\/para-camacho-morales-y-arce-son-el-problema\\\/#primaryimage\"},\"thumbnailUrl\":\"https:\\\/\\\/www.eldiario.net\\\/portal\\\/wp-content\\\/uploads\\\/2024\\\/09\\\/44-POL-1.jpg\",\"articleSection\":[\"Pol\u00edtica\"],\"inLanguage\":\"es\",\"potentialAction\":[{\"@type\":\"CommentAction\",\"name\":\"Comment\",\"target\":[\"https:\\\/\\\/www.eldiario.net\\\/portal\\\/2024\\\/09\\\/18\\\/para-camacho-morales-y-arce-son-el-problema\\\/#respond\"]}]},{\"@type\":\"WebPage\",\"@id\":\"https:\\\/\\\/www.eldiario.net\\\/portal\\\/2024\\\/09\\\/18\\\/para-camacho-morales-y-arce-son-el-problema\\\/\",\"url\":\"https:\\\/\\\/www.eldiario.net\\\/portal\\\/2024\\\/09\\\/18\\\/para-camacho-morales-y-arce-son-el-problema\\\/\",\"name\":\"Para Camacho, Morales y Arce son el problema - El Diario - Bolivia\",\"isPartOf\":{\"@id\":\"https:\\\/\\\/www.eldiario.net\\\/portal\\\/#website\"},\"primaryImageOfPage\":{\"@id\":\"https:\\\/\\\/www.eldiario.net\\\/portal\\\/2024\\\/09\\\/18\\\/para-camacho-morales-y-arce-son-el-problema\\\/#primaryimage\"},\"image\":{\"@id\":\"https:\\\/\\\/www.eldiario.net\\\/portal\\\/2024\\\/09\\\/18\\\/para-camacho-morales-y-arce-son-el-problema\\\/#primaryimage\"},\"thumbnailUrl\":\"https:\\\/\\\/www.eldiario.net\\\/portal\\\/wp-content\\\/uploads\\\/2024\\\/09\\\/44-POL-1.jpg\",\"datePublished\":\"2024-09-18T09:55:14+00:00\",\"breadcrumb\":{\"@id\":\"https:\\\/\\\/www.eldiario.net\\\/portal\\\/2024\\\/09\\\/18\\\/para-camacho-morales-y-arce-son-el-problema\\\/#breadcrumb\"},\"inLanguage\":\"es\",\"potentialAction\":[{\"@type\":\"ReadAction\",\"target\":[\"https:\\\/\\\/www.eldiario.net\\\/portal\\\/2024\\\/09\\\/18\\\/para-camacho-morales-y-arce-son-el-problema\\\/\"]}]},{\"@type\":\"ImageObject\",\"inLanguage\":\"es\",\"@id\":\"https:\\\/\\\/www.eldiario.net\\\/portal\\\/2024\\\/09\\\/18\\\/para-camacho-morales-y-arce-son-el-problema\\\/#primaryimage\",\"url\":\"https:\\\/\\\/www.eldiario.net\\\/portal\\\/wp-content\\\/uploads\\\/2024\\\/09\\\/44-POL-1.jpg\",\"contentUrl\":\"https:\\\/\\\/www.eldiario.net\\\/portal\\\/wp-content\\\/uploads\\\/2024\\\/09\\\/44-POL-1.jpg\",\"width\":1280,\"height\":545,\"caption\":\"Luis Arce, Evo Morales y Luis Fernando Camacho.\"},{\"@type\":\"BreadcrumbList\",\"@id\":\"https:\\\/\\\/www.eldiario.net\\\/portal\\\/2024\\\/09\\\/18\\\/para-camacho-morales-y-arce-son-el-problema\\\/#breadcrumb\",\"itemListElement\":[{\"@type\":\"ListItem\",\"position\":1,\"name\":\"Portada\",\"item\":\"https:\\\/\\\/www.eldiario.net\\\/portal\\\/\"},{\"@type\":\"ListItem\",\"position\":2,\"name\":\"Para Camacho, Morales y Arce son el problema\"}]},{\"@type\":\"WebSite\",\"@id\":\"https:\\\/\\\/www.eldiario.net\\\/portal\\\/#website\",\"url\":\"https:\\\/\\\/www.eldiario.net\\\/portal\\\/\",\"name\":\"El Diario - Decano de la prensa nacional\",\"description\":\"El Diario - Decano de la prensa nacional\",\"publisher\":{\"@id\":\"https:\\\/\\\/www.eldiario.net\\\/portal\\\/#organization\"},\"potentialAction\":[{\"@type\":\"SearchAction\",\"target\":{\"@type\":\"EntryPoint\",\"urlTemplate\":\"https:\\\/\\\/www.eldiario.net\\\/portal\\\/?s={search_term_string}\"},\"query-input\":{\"@type\":\"PropertyValueSpecification\",\"valueRequired\":true,\"valueName\":\"search_term_string\"}}],\"inLanguage\":\"es\"},{\"@type\":\"Organization\",\"@id\":\"https:\\\/\\\/www.eldiario.net\\\/portal\\\/#organization\",\"name\":\"El Diario - Decano de la prensa nacional\",\"url\":\"https:\\\/\\\/www.eldiario.net\\\/portal\\\/\",\"logo\":{\"@type\":\"ImageObject\",\"inLanguage\":\"es\",\"@id\":\"https:\\\/\\\/www.eldiario.net\\\/portal\\\/#\\\/schema\\\/logo\\\/image\\\/\",\"url\":\"https:\\\/\\\/www.eldiario.net\\\/portal\\\/wp-content\\\/uploads\\\/2023\\\/07\\\/logo_ED.jpg\",\"contentUrl\":\"https:\\\/\\\/www.eldiario.net\\\/portal\\\/wp-content\\\/uploads\\\/2023\\\/07\\\/logo_ED.jpg\",\"width\":272,\"height\":52,\"caption\":\"El Diario - Decano de la prensa nacional\"},\"image\":{\"@id\":\"https:\\\/\\\/www.eldiario.net\\\/portal\\\/#\\\/schema\\\/logo\\\/image\\\/\"},\"sameAs\":[\"https:\\\/\\\/www.facebook.com\\\/eldiario.bolivia\\\/\",\"https:\\\/\\\/x.com\\\/eldiario_net\"]},{\"@type\":\"Person\",\"@id\":\"https:\\\/\\\/www.eldiario.net\\\/portal\\\/#\\\/schema\\\/person\\\/f46445640444750d7d753ccd04ae01b7\",\"name\":\"Jeanette\",\"image\":{\"@type\":\"ImageObject\",\"inLanguage\":\"es\",\"@id\":\"https:\\\/\\\/secure.gravatar.com\\\/avatar\\\/3ea2118a5f7dad2b7138b1187a6b7ee55f160b9968b66013c3a3ef39dd7e5798?s=96&d=mm&r=g\",\"url\":\"https:\\\/\\\/secure.gravatar.com\\\/avatar\\\/3ea2118a5f7dad2b7138b1187a6b7ee55f160b9968b66013c3a3ef39dd7e5798?s=96&d=mm&r=g\",\"contentUrl\":\"https:\\\/\\\/secure.gravatar.com\\\/avatar\\\/3ea2118a5f7dad2b7138b1187a6b7ee55f160b9968b66013c3a3ef39dd7e5798?s=96&d=mm&r=g\",\"caption\":\"Jeanette\"},\"sameAs\":[\"https:\\\/\\\/www.eldiario.net\\\/portal\"],\"url\":\"https:\\\/\\\/www.eldiario.net\\\/portal\\\/author\\\/jeanette\\\/\"}]}<\/script>\n<!-- \/ Yoast SEO plugin. -->","yoast_head_json":{"title":"Para Camacho, Morales y Arce son el problema - El Diario - Bolivia","robots":{"index":"index","follow":"follow","max-snippet":"max-snippet:-1","max-image-preview":"max-image-preview:large","max-video-preview":"max-video-preview:-1"},"canonical":"https:\/\/www.eldiario.net\/portal\/2024\/09\/18\/para-camacho-morales-y-arce-son-el-problema\/","og_locale":"es_ES","og_type":"article","og_title":"Para Camacho, Morales y Arce son el problema - El Diario - Bolivia","og_description":"\u201cEvo (Morales) y (Luis) Arce se han convertido en el problema de nuestro tiempo. Han creado la crisis y ahora, con much\u00edsima mezquindad, la profundizan\u201d, advirti\u00f3 el gobernador cruce\u00f1o, Luis Fernando Camacho, respecto a las cabezas de la denominada ala \u201carcista\u201d y ala \u201cevista\u201d del masismo, que son encabezadas por el m\u00e1ximo dirigente del partido [&hellip;]","og_url":"https:\/\/www.eldiario.net\/portal\/2024\/09\/18\/para-camacho-morales-y-arce-son-el-problema\/","og_site_name":"El Diario - Bolivia","article_publisher":"https:\/\/www.facebook.com\/eldiario.bolivia\/","article_published_time":"2024-09-18T09:55:14+00:00","og_image":[{"width":1280,"height":545,"url":"https:\/\/www.eldiario.net\/portal\/wp-content\/uploads\/2024\/09\/44-POL-1.jpg","type":"image\/jpeg"}],"author":"Jeanette","twitter_card":"summary_large_image","twitter_creator":"@eldiario_net","twitter_site":"@eldiario_net","twitter_misc":{"Escrito por":"Jeanette","Tiempo de lectura":"3 minutos"},"schema":{"@context":"https:\/\/schema.org","@graph":[{"@type":"Article","@id":"https:\/\/www.eldiario.net\/portal\/2024\/09\/18\/para-camacho-morales-y-arce-son-el-problema\/#article","isPartOf":{"@id":"https:\/\/www.eldiario.net\/portal\/2024\/09\/18\/para-camacho-morales-y-arce-son-el-problema\/"},"author":{"name":"Jeanette","@id":"https:\/\/www.eldiario.net\/portal\/#\/schema\/person\/f46445640444750d7d753ccd04ae01b7"},"headline":"Para Camacho, Morales y Arce son el problema","datePublished":"2024-09-18T09:55:14+00:00","mainEntityOfPage":{"@id":"https:\/\/www.eldiario.net\/portal\/2024\/09\/18\/para-camacho-morales-y-arce-son-el-problema\/"},"wordCount":452,"commentCount":0,"publisher":{"@id":"https:\/\/www.eldiario.net\/portal\/#organization"},"image":{"@id":"https:\/\/www.eldiario.net\/portal\/2024\/09\/18\/para-camacho-morales-y-arce-son-el-problema\/#primaryimage"},"thumbnailUrl":"https:\/\/www.eldiario.net\/portal\/wp-content\/uploads\/2024\/09\/44-POL-1.jpg","articleSection":["Pol\u00edtica"],"inLanguage":"es","potentialAction":[{"@type":"CommentAction","name":"Comment","target":["https:\/\/www.eldiario.net\/portal\/2024\/09\/18\/para-camacho-morales-y-arce-son-el-problema\/#respond"]}]},{"@type":"WebPage","@id":"https:\/\/www.eldiario.net\/portal\/2024\/09\/18\/para-camacho-morales-y-arce-son-el-problema\/","url":"https:\/\/www.eldiario.net\/portal\/2024\/09\/18\/para-camacho-morales-y-arce-son-el-problema\/","name":"Para Camacho, Morales y Arce son el problema - El Diario - Bolivia","isPartOf":{"@id":"https:\/\/www.eldiario.net\/portal\/#website"},"primaryImageOfPage":{"@id":"https:\/\/www.eldiario.net\/portal\/2024\/09\/18\/para-camacho-morales-y-arce-son-el-problema\/#primaryimage"},"image":{"@id":"https:\/\/www.eldiario.net\/portal\/2024\/09\/18\/para-camacho-morales-y-arce-son-el-problema\/#primaryimage"},"thumbnailUrl":"https:\/\/www.eldiario.net\/portal\/wp-content\/uploads\/2024\/09\/44-POL-1.jpg","datePublished":"2024-09-18T09:55:14+00:00","breadcrumb":{"@id":"https:\/\/www.eldiario.net\/portal\/2024\/09\/18\/para-camacho-morales-y-arce-son-el-problema\/#breadcrumb"},"inLanguage":"es","potentialAction":[{"@type":"ReadAction","target":["https:\/\/www.eldiario.net\/portal\/2024\/09\/18\/para-camacho-morales-y-arce-son-el-problema\/"]}]},{"@type":"ImageObject","inLanguage":"es","@id":"https:\/\/www.eldiario.net\/portal\/2024\/09\/18\/para-camacho-morales-y-arce-son-el-problema\/#primaryimage","url":"https:\/\/www.eldiario.net\/portal\/wp-content\/uploads\/2024\/09\/44-POL-1.jpg","contentUrl":"https:\/\/www.eldiario.net\/portal\/wp-content\/uploads\/2024\/09\/44-POL-1.jpg","width":1280,"height":545,"caption":"Luis Arce, Evo Morales y Luis Fernando Camacho."},{"@type":"BreadcrumbList","@id":"https:\/\/www.eldiario.net\/portal\/2024\/09\/18\/para-camacho-morales-y-arce-son-el-problema\/#breadcrumb","itemListElement":[{"@type":"ListItem","position":1,"name":"Portada","item":"https:\/\/www.eldiario.net\/portal\/"},{"@type":"ListItem","position":2,"name":"Para Camacho, Morales y Arce son el problema"}]},{"@type":"WebSite","@id":"https:\/\/www.eldiario.net\/portal\/#website","url":"https:\/\/www.eldiario.net\/portal\/","name":"El Diario - Decano de la prensa nacional","description":"El Diario - Decano de la prensa nacional","publisher":{"@id":"https:\/\/www.eldiario.net\/portal\/#organization"},"potentialAction":[{"@type":"SearchAction","target":{"@type":"EntryPoint","urlTemplate":"https:\/\/www.eldiario.net\/portal\/?s={search_term_string}"},"query-input":{"@type":"PropertyValueSpecification","valueRequired":true,"valueName":"search_term_string"}}],"inLanguage":"es"},{"@type":"Organization","@id":"https:\/\/www.eldiario.net\/portal\/#organization","name":"El Diario - Decano de la prensa nacional","url":"https:\/\/www.eldiario.net\/portal\/","logo":{"@type":"ImageObject","inLanguage":"es","@id":"https:\/\/www.eldiario.net\/portal\/#\/schema\/logo\/image\/","url":"https:\/\/www.eldiario.net\/portal\/wp-content\/uploads\/2023\/07\/logo_ED.jpg","contentUrl":"https:\/\/www.eldiario.net\/portal\/wp-content\/uploads\/2023\/07\/logo_ED.jpg","width":272,"height":52,"caption":"El Diario - Decano de la prensa nacional"},"image":{"@id":"https:\/\/www.eldiario.net\/portal\/#\/schema\/logo\/image\/"},"sameAs":["https:\/\/www.facebook.com\/eldiario.bolivia\/","https:\/\/x.com\/eldiario_net"]},{"@type":"Person","@id":"https:\/\/www.eldiario.net\/portal\/#\/schema\/person\/f46445640444750d7d753ccd04ae01b7","name":"Jeanette","image":{"@type":"ImageObject","inLanguage":"es","@id":"https:\/\/secure.gravatar.com\/avatar\/3ea2118a5f7dad2b7138b1187a6b7ee55f160b9968b66013c3a3ef39dd7e5798?s=96&d=mm&r=g","url":"https:\/\/secure.gravatar.com\/avatar\/3ea2118a5f7dad2b7138b1187a6b7ee55f160b9968b66013c3a3ef39dd7e5798?s=96&d=mm&r=g","contentUrl":"https:\/\/secure.gravatar.com\/avatar\/3ea2118a5f7dad2b7138b1187a6b7ee55f160b9968b66013c3a3ef39dd7e5798?s=96&d=mm&r=g","caption":"Jeanette"},"sameAs":["https:\/\/www.eldiario.net\/portal"],"url":"https:\/\/www.eldiario.net\/portal\/author\/jeanette\/"}]}},"_links":{"self":[{"href":"https:\/\/www.eldiario.net\/portal\/wp-json\/wp\/v2\/posts\/248200","targetHints":{"allow":["GET"]}}],"collection":[{"href":"https:\/\/www.eldiario.net\/portal\/wp-json\/wp\/v2\/posts"}],"about":[{"href":"https:\/\/www.eldiario.net\/portal\/wp-json\/wp\/v2\/types\/post"}],"author":[{"embeddable":true,"href":"https:\/\/www.eldiario.net\/portal\/wp-json\/wp\/v2\/users\/1"}],"replies":[{"embeddable":true,"href":"https:\/\/www.eldiario.net\/portal\/wp-json\/wp\/v2\/comments?post=248200"}],"version-history":[{"count":1,"href":"https:\/\/www.eldiario.net\/portal\/wp-json\/wp\/v2\/posts\/248200\/revisions"}],"predecessor-version":[{"id":248202,"href":"https:\/\/www.eldiario.net\/portal\/wp-json\/wp\/v2\/posts\/248200\/revisions\/248202"}],"wp:featuredmedia":[{"embeddable":true,"href":"https:\/\/www.eldiario.net\/portal\/wp-json\/wp\/v2\/media\/248201"}],"wp:attachment":[{"href":"https:\/\/www.eldiario.net\/portal\/wp-json\/wp\/v2\/media?parent=248200"}],"wp:term":[{"taxonomy":"category","embeddable":true,"href":"https:\/\/www.eldiario.net\/portal\/wp-json\/wp\/v2\/categories?post=248200"},{"taxonomy":"post_tag","embeddable":true,"href":"https:\/\/www.eldiario.net\/portal\/wp-json\/wp\/v2\/tags?post=248200"}],"curies":[{"name":"wp","href":"https:\/\/api.w.org\/{rel}","templated":true}]}}