{"id":248197,"date":"2024-09-18T05:54:42","date_gmt":"2024-09-18T09:54:42","guid":{"rendered":"https:\/\/www.eldiario.net\/portal\/?p=248197"},"modified":"2024-09-18T05:54:42","modified_gmt":"2024-09-18T09:54:42","slug":"espana-creara-registro-de-medios-de-comunicacion-y-limitara-financiacion","status":"publish","type":"post","link":"https:\/\/www.eldiario.net\/portal\/2024\/09\/18\/espana-creara-registro-de-medios-de-comunicacion-y-limitara-financiacion\/","title":{"rendered":"Espa\u00f1a crear\u00e1 registro de medios de comunicaci\u00f3n y limitar\u00e1 financiaci\u00f3n"},"content":{"rendered":"<p>El ministro de la Presidencia, Justicia y Relaciones con las Cortes, F\u00e9lix Bola\u00f1os, y el titular de Cultura, Ernest Urtasun, iniciaron el pasado mes julio una ronda de contactos con los representantes de los grupos parlamentarios del Congreso para pactar las medidas de regeneraci\u00f3n democr\u00e1tica esbozadas previamente por el presidente del Gobierno, Pedro S\u00e1nchez.<br \/>\nDos meses despu\u00e9s, ambos dirigentes especificaron ayer el grueso de las 31 medidas contempladas en el plan aprobado en el Consejo de Ministros con la intenci\u00f3n de \u201cfortalecer la democracia\u201d y hacer un \u201cecosistema de los medios de comunicaci\u00f3n m\u00e1s transparente\u201d, cuyas iniciativas se implementar\u00e1n \u201ca lo largo de los tres a\u00f1os de legislatura\u201d.<br \/>\nUno de los tres ejes del plan incluye medidas para \u201cfortalecer la transparencia, pluralidad y responsabilidad de los medios para ofrecer informaci\u00f3n veraz\u201d. En esa l\u00ednea, Urtasun anunci\u00f3 que el Gobierno crear\u00e1 un \u201cregistro de medios de comunicaci\u00f3n\u201d con informaci\u00f3n sobre su propiedad e inversi\u00f3n publicitaria que reciben, as\u00ed como la obligaci\u00f3n de que las Administraciones P\u00fablicas publiquen anualmente su inversi\u00f3n publicitaria.<br \/>\nTambi\u00e9n, se establecer\u00e1 l\u00edmites a la financiaci\u00f3n que las administraciones p\u00fablicas pueden dedicar a los medios de comunicaci\u00f3n para que \u201cno haya medios impulsados por o dependientes de estas administraciones\u201d. Otras medidas suponen la reforma de Ley de Publicidad Institucional para \u201cintroducir criterios de transparencia, proporcionalidad y no discriminaci\u00f3n en su asignaci\u00f3n\u201d, adem\u00e1s garantizar sistemas de medici\u00f3n de audiencia con principios de \u201ctransparencia e imparcialidad\u201d.<br \/>\nDentro de este apartado, el Gobierno quiere impulsar la reforma de la Ley de secreto profesional de los periodistas como \u201cgarant\u00eda jur\u00eddica para la protecci\u00f3n de fuentes\u201d, una Estrategia Nacional de \u201clucha contra las campa\u00f1as de desinformaci\u00f3n\u201d, as\u00ed como la reforma de las leyes org\u00e1nicas del derecho al honor y del derecho de rectificaci\u00f3n al se\u00f1alar de \u201cobsoleto\u201d el r\u00e9gimen actual. De esta manera, se mejorar\u00e1 el sistema que permite rectificar noticias \u201cfalsas o abiertamente tendenciosas\u201d, con indemnizaciones y plazos adecuados.<\/p>\n<p>DESPENALIZACI\u00d3N<br \/>\nPor otro lado, el Ejecutivo pretende retomar compromisos que quedaron pendientes en la anterior legislatura, como la reforma \u201cintegral\u201d de los art\u00edculos del C\u00f3digo Penal que pueden afectar al \u201cderecho de libertad de expresi\u00f3n y a la creaci\u00f3n art\u00edstica\u201d, entre otros casos cuando se refiera a las instituciones del Estado, se trate de delitos contra los sentimientos religiosos o de escarnio p\u00fablico u otros supuestos.<br \/>\nEn cuanto a la modificaci\u00f3n de la ley de seguridad ciudadana, el Gobierno derogar\u00e1 el art\u00edculo de la llamada \u201cley mordaza\u201d que sanciona el \u201cuso no autorizado\u201d de im\u00e1genes de las Fuerzas y Cuerpos de Seguridad del Estado. Cabe recordar que este precepto fue declarado inconstitucional y los polic\u00edas ya no lo aplican, tal como inform\u00f3 Infobae Espa\u00f1a.<br \/>\nEn todo caso, el Ejecutivo se abre para recuperar el resto de medidas de la norma que estuvieron a punto de aprobarse en el anterior per\u00edodo Legislativo, aunque su debate se frustr\u00f3 por la falta de acuerdo entre el Gobierno y EH Bildu y ERC.<br \/>\nOtro de los ejes aborda el sistema pol\u00edtico y electoral, que debe ser \u201ctransparente para mejorar su funcionamiento, evitar conflictos de intereses y reforzar la transparencia del proceso Legislativo y sus principales actores\u201d. Entre las iniciativas, el Gobierno plantear\u00e1 retomar la ley de grupos de inter\u00e9s, conocidos como lobbies, para conocer la influencia de cada sector en la elaboraci\u00f3n de las leyes; y obligar\u00e1 a realizar el Debate sobre el Estado y que los candidatos acudan a los debates en campa\u00f1a electoral.<\/p>\n<p>LEY DE SECRETOS OFICIALES<br \/>\nSobre las encuestas que se publiquen en per\u00edodo electoral, el Ejecutivo propone que se obligue a la publicaci\u00f3n de todos los microdatos de las encuestas, adem\u00e1s de fortalecer el r\u00e9gimen sancionador a los partidos que no presenten sus cuentas de manera adecuada.<br \/>\nPor otro lado, la tercera pata trata de ampliar y mejorar la calidad de la informaci\u00f3n gubernamental. \u201cLa ciudadan\u00eda tiene que disponer de informaci\u00f3n directa y f\u00e1cil sobre c\u00f3mo funcionan las administraciones para fiscalizarlas y evitar la corrupci\u00f3n\u201d, explican desde Moncloa. Por ello, se desarrollar\u00e1 una nueva estrategia de Gobierno abierto y se remitir\u00e1 a las Cortes un nuevo proyecto de ley de administraci\u00f3n abierta.<br \/>\nAdem\u00e1s, para luchar contra la corrupci\u00f3n, el Ejecutivo recomienda la creaci\u00f3n de la Autoridad Independiente de Protecci\u00f3n del Informante, la rendici\u00f3n de cuentas obligatoria para conocer c\u00f3mo se cumplen los programas de gobierno y la reforma de la Ley de Secretos Oficiales, una norma promulgada por Francisco Franco en abril de 1968. (Infobae)<\/p>\n","protected":false},"excerpt":{"rendered":"<p>El ministro de la Presidencia, Justicia y Relaciones con las Cortes, F\u00e9lix Bola\u00f1os, y el titular de Cultura, Ernest Urtasun, iniciaron el pasado mes julio una ronda de contactos con los representantes de los grupos parlamentarios del Congreso para pactar las medidas de regeneraci\u00f3n democr\u00e1tica esbozadas previamente por el presidente del Gobierno, Pedro S\u00e1nchez. Dos [&hellip;]<\/p>\n","protected":false},"author":1,"featured_media":248198,"comment_status":"open","ping_status":"open","sticky":false,"template":"","format":"standard","meta":{"_acf_changed":false,"footnotes":""},"categories":[3],"tags":[],"class_list":["post-248197","post","type-post","status-publish","format-standard","has-post-thumbnail","category-internacional"],"acf":{"antetitulo":""},"yoast_head":"<!-- This site is optimized with the Yoast SEO plugin v28.4 - https:\/\/yoast.com\/product\/yoast-seo-wordpress\/ -->\n<title>Espa\u00f1a crear\u00e1 registro de medios de comunicaci\u00f3n y limitar\u00e1 financiaci\u00f3n - El Diario - Bolivia<\/title>\n<meta name=\"robots\" content=\"index, follow, max-snippet:-1, max-image-preview:large, max-video-preview:-1\" \/>\n<link rel=\"canonical\" href=\"https:\/\/www.eldiario.net\/portal\/2024\/09\/18\/espana-creara-registro-de-medios-de-comunicacion-y-limitara-financiacion\/\" \/>\n<meta property=\"og:locale\" content=\"es_ES\" \/>\n<meta property=\"og:type\" content=\"article\" \/>\n<meta property=\"og:title\" content=\"Espa\u00f1a crear\u00e1 registro de medios de comunicaci\u00f3n y limitar\u00e1 financiaci\u00f3n - El Diario - Bolivia\" \/>\n<meta property=\"og:description\" content=\"El ministro de la Presidencia, Justicia y Relaciones con las Cortes, F\u00e9lix Bola\u00f1os, y el titular de Cultura, Ernest Urtasun, iniciaron el pasado mes julio una ronda de contactos con los representantes de los grupos parlamentarios del Congreso para pactar las medidas de regeneraci\u00f3n democr\u00e1tica esbozadas previamente por el presidente del Gobierno, Pedro S\u00e1nchez. Dos [&hellip;]\" \/>\n<meta property=\"og:url\" content=\"https:\/\/www.eldiario.net\/portal\/2024\/09\/18\/espana-creara-registro-de-medios-de-comunicacion-y-limitara-financiacion\/\" \/>\n<meta property=\"og:site_name\" content=\"El Diario - Bolivia\" \/>\n<meta property=\"article:publisher\" content=\"https:\/\/www.facebook.com\/eldiario.bolivia\/\" \/>\n<meta property=\"article:published_time\" content=\"2024-09-18T09:54:42+00:00\" \/>\n<meta property=\"og:image\" content=\"https:\/\/www.eldiario.net\/portal\/wp-content\/uploads\/2024\/09\/MEDIOS-El-Espanol.jpg\" \/>\n\t<meta property=\"og:image:width\" content=\"1706\" \/>\n\t<meta property=\"og:image:height\" content=\"960\" \/>\n\t<meta property=\"og:image:type\" content=\"image\/jpeg\" \/>\n<meta name=\"author\" content=\"Jeanette\" \/>\n<meta name=\"twitter:card\" content=\"summary_large_image\" \/>\n<meta name=\"twitter:creator\" content=\"@eldiario_net\" \/>\n<meta name=\"twitter:site\" content=\"@eldiario_net\" \/>\n<meta name=\"twitter:label1\" content=\"Escrito por\" \/>\n\t<meta name=\"twitter:data1\" content=\"Jeanette\" \/>\n\t<meta name=\"twitter:label2\" content=\"Tiempo de lectura\" \/>\n\t<meta name=\"twitter:data2\" content=\"4 minutos\" \/>\n<script type=\"application\/ld+json\" class=\"yoast-schema-graph\">{\"@context\":\"https:\\\/\\\/schema.org\",\"@graph\":[{\"@type\":\"Article\",\"@id\":\"https:\\\/\\\/www.eldiario.net\\\/portal\\\/2024\\\/09\\\/18\\\/espana-creara-registro-de-medios-de-comunicacion-y-limitara-financiacion\\\/#article\",\"isPartOf\":{\"@id\":\"https:\\\/\\\/www.eldiario.net\\\/portal\\\/2024\\\/09\\\/18\\\/espana-creara-registro-de-medios-de-comunicacion-y-limitara-financiacion\\\/\"},\"author\":{\"name\":\"Jeanette\",\"@id\":\"https:\\\/\\\/www.eldiario.net\\\/portal\\\/#\\\/schema\\\/person\\\/f46445640444750d7d753ccd04ae01b7\"},\"headline\":\"Espa\u00f1a crear\u00e1 registro de medios de comunicaci\u00f3n y limitar\u00e1 financiaci\u00f3n\",\"datePublished\":\"2024-09-18T09:54:42+00:00\",\"mainEntityOfPage\":{\"@id\":\"https:\\\/\\\/www.eldiario.net\\\/portal\\\/2024\\\/09\\\/18\\\/espana-creara-registro-de-medios-de-comunicacion-y-limitara-financiacion\\\/\"},\"wordCount\":813,\"commentCount\":0,\"publisher\":{\"@id\":\"https:\\\/\\\/www.eldiario.net\\\/portal\\\/#organization\"},\"image\":{\"@id\":\"https:\\\/\\\/www.eldiario.net\\\/portal\\\/2024\\\/09\\\/18\\\/espana-creara-registro-de-medios-de-comunicacion-y-limitara-financiacion\\\/#primaryimage\"},\"thumbnailUrl\":\"https:\\\/\\\/www.eldiario.net\\\/portal\\\/wp-content\\\/uploads\\\/2024\\\/09\\\/MEDIOS-El-Espanol.jpg\",\"articleSection\":[\"Internacional\"],\"inLanguage\":\"es\",\"potentialAction\":[{\"@type\":\"CommentAction\",\"name\":\"Comment\",\"target\":[\"https:\\\/\\\/www.eldiario.net\\\/portal\\\/2024\\\/09\\\/18\\\/espana-creara-registro-de-medios-de-comunicacion-y-limitara-financiacion\\\/#respond\"]}]},{\"@type\":\"WebPage\",\"@id\":\"https:\\\/\\\/www.eldiario.net\\\/portal\\\/2024\\\/09\\\/18\\\/espana-creara-registro-de-medios-de-comunicacion-y-limitara-financiacion\\\/\",\"url\":\"https:\\\/\\\/www.eldiario.net\\\/portal\\\/2024\\\/09\\\/18\\\/espana-creara-registro-de-medios-de-comunicacion-y-limitara-financiacion\\\/\",\"name\":\"Espa\u00f1a crear\u00e1 registro de medios de comunicaci\u00f3n y limitar\u00e1 financiaci\u00f3n - El Diario - Bolivia\",\"isPartOf\":{\"@id\":\"https:\\\/\\\/www.eldiario.net\\\/portal\\\/#website\"},\"primaryImageOfPage\":{\"@id\":\"https:\\\/\\\/www.eldiario.net\\\/portal\\\/2024\\\/09\\\/18\\\/espana-creara-registro-de-medios-de-comunicacion-y-limitara-financiacion\\\/#primaryimage\"},\"image\":{\"@id\":\"https:\\\/\\\/www.eldiario.net\\\/portal\\\/2024\\\/09\\\/18\\\/espana-creara-registro-de-medios-de-comunicacion-y-limitara-financiacion\\\/#primaryimage\"},\"thumbnailUrl\":\"https:\\\/\\\/www.eldiario.net\\\/portal\\\/wp-content\\\/uploads\\\/2024\\\/09\\\/MEDIOS-El-Espanol.jpg\",\"datePublished\":\"2024-09-18T09:54:42+00:00\",\"breadcrumb\":{\"@id\":\"https:\\\/\\\/www.eldiario.net\\\/portal\\\/2024\\\/09\\\/18\\\/espana-creara-registro-de-medios-de-comunicacion-y-limitara-financiacion\\\/#breadcrumb\"},\"inLanguage\":\"es\",\"potentialAction\":[{\"@type\":\"ReadAction\",\"target\":[\"https:\\\/\\\/www.eldiario.net\\\/portal\\\/2024\\\/09\\\/18\\\/espana-creara-registro-de-medios-de-comunicacion-y-limitara-financiacion\\\/\"]}]},{\"@type\":\"ImageObject\",\"inLanguage\":\"es\",\"@id\":\"https:\\\/\\\/www.eldiario.net\\\/portal\\\/2024\\\/09\\\/18\\\/espana-creara-registro-de-medios-de-comunicacion-y-limitara-financiacion\\\/#primaryimage\",\"url\":\"https:\\\/\\\/www.eldiario.net\\\/portal\\\/wp-content\\\/uploads\\\/2024\\\/09\\\/MEDIOS-El-Espanol.jpg\",\"contentUrl\":\"https:\\\/\\\/www.eldiario.net\\\/portal\\\/wp-content\\\/uploads\\\/2024\\\/09\\\/MEDIOS-El-Espanol.jpg\",\"width\":1706,\"height\":960,\"caption\":\"El ministro de la Presidencia, Justicia y Relaciones con las Cortes, F\u00e9lix Bola\u00f1os.\"},{\"@type\":\"BreadcrumbList\",\"@id\":\"https:\\\/\\\/www.eldiario.net\\\/portal\\\/2024\\\/09\\\/18\\\/espana-creara-registro-de-medios-de-comunicacion-y-limitara-financiacion\\\/#breadcrumb\",\"itemListElement\":[{\"@type\":\"ListItem\",\"position\":1,\"name\":\"Portada\",\"item\":\"https:\\\/\\\/www.eldiario.net\\\/portal\\\/\"},{\"@type\":\"ListItem\",\"position\":2,\"name\":\"Espa\u00f1a crear\u00e1 registro de medios de comunicaci\u00f3n y limitar\u00e1 financiaci\u00f3n\"}]},{\"@type\":\"WebSite\",\"@id\":\"https:\\\/\\\/www.eldiario.net\\\/portal\\\/#website\",\"url\":\"https:\\\/\\\/www.eldiario.net\\\/portal\\\/\",\"name\":\"El Diario - Decano de la prensa nacional\",\"description\":\"El Diario - Decano de la prensa nacional\",\"publisher\":{\"@id\":\"https:\\\/\\\/www.eldiario.net\\\/portal\\\/#organization\"},\"potentialAction\":[{\"@type\":\"SearchAction\",\"target\":{\"@type\":\"EntryPoint\",\"urlTemplate\":\"https:\\\/\\\/www.eldiario.net\\\/portal\\\/?s={search_term_string}\"},\"query-input\":{\"@type\":\"PropertyValueSpecification\",\"valueRequired\":true,\"valueName\":\"search_term_string\"}}],\"inLanguage\":\"es\"},{\"@type\":\"Organization\",\"@id\":\"https:\\\/\\\/www.eldiario.net\\\/portal\\\/#organization\",\"name\":\"El Diario - Decano de la prensa nacional\",\"url\":\"https:\\\/\\\/www.eldiario.net\\\/portal\\\/\",\"logo\":{\"@type\":\"ImageObject\",\"inLanguage\":\"es\",\"@id\":\"https:\\\/\\\/www.eldiario.net\\\/portal\\\/#\\\/schema\\\/logo\\\/image\\\/\",\"url\":\"https:\\\/\\\/www.eldiario.net\\\/portal\\\/wp-content\\\/uploads\\\/2023\\\/07\\\/logo_ED.jpg\",\"contentUrl\":\"https:\\\/\\\/www.eldiario.net\\\/portal\\\/wp-content\\\/uploads\\\/2023\\\/07\\\/logo_ED.jpg\",\"width\":272,\"height\":52,\"caption\":\"El Diario - Decano de la prensa nacional\"},\"image\":{\"@id\":\"https:\\\/\\\/www.eldiario.net\\\/portal\\\/#\\\/schema\\\/logo\\\/image\\\/\"},\"sameAs\":[\"https:\\\/\\\/www.facebook.com\\\/eldiario.bolivia\\\/\",\"https:\\\/\\\/x.com\\\/eldiario_net\"]},{\"@type\":\"Person\",\"@id\":\"https:\\\/\\\/www.eldiario.net\\\/portal\\\/#\\\/schema\\\/person\\\/f46445640444750d7d753ccd04ae01b7\",\"name\":\"Jeanette\",\"image\":{\"@type\":\"ImageObject\",\"inLanguage\":\"es\",\"@id\":\"https:\\\/\\\/secure.gravatar.com\\\/avatar\\\/3ea2118a5f7dad2b7138b1187a6b7ee55f160b9968b66013c3a3ef39dd7e5798?s=96&d=mm&r=g\",\"url\":\"https:\\\/\\\/secure.gravatar.com\\\/avatar\\\/3ea2118a5f7dad2b7138b1187a6b7ee55f160b9968b66013c3a3ef39dd7e5798?s=96&d=mm&r=g\",\"contentUrl\":\"https:\\\/\\\/secure.gravatar.com\\\/avatar\\\/3ea2118a5f7dad2b7138b1187a6b7ee55f160b9968b66013c3a3ef39dd7e5798?s=96&d=mm&r=g\",\"caption\":\"Jeanette\"},\"sameAs\":[\"https:\\\/\\\/www.eldiario.net\\\/portal\"],\"url\":\"https:\\\/\\\/www.eldiario.net\\\/portal\\\/author\\\/jeanette\\\/\"}]}<\/script>\n<!-- \/ Yoast SEO plugin. -->","yoast_head_json":{"title":"Espa\u00f1a crear\u00e1 registro de medios de comunicaci\u00f3n y limitar\u00e1 financiaci\u00f3n - El Diario - Bolivia","robots":{"index":"index","follow":"follow","max-snippet":"max-snippet:-1","max-image-preview":"max-image-preview:large","max-video-preview":"max-video-preview:-1"},"canonical":"https:\/\/www.eldiario.net\/portal\/2024\/09\/18\/espana-creara-registro-de-medios-de-comunicacion-y-limitara-financiacion\/","og_locale":"es_ES","og_type":"article","og_title":"Espa\u00f1a crear\u00e1 registro de medios de comunicaci\u00f3n y limitar\u00e1 financiaci\u00f3n - El Diario - Bolivia","og_description":"El ministro de la Presidencia, Justicia y Relaciones con las Cortes, F\u00e9lix Bola\u00f1os, y el titular de Cultura, Ernest Urtasun, iniciaron el pasado mes julio una ronda de contactos con los representantes de los grupos parlamentarios del Congreso para pactar las medidas de regeneraci\u00f3n democr\u00e1tica esbozadas previamente por el presidente del Gobierno, Pedro S\u00e1nchez. Dos [&hellip;]","og_url":"https:\/\/www.eldiario.net\/portal\/2024\/09\/18\/espana-creara-registro-de-medios-de-comunicacion-y-limitara-financiacion\/","og_site_name":"El Diario - Bolivia","article_publisher":"https:\/\/www.facebook.com\/eldiario.bolivia\/","article_published_time":"2024-09-18T09:54:42+00:00","og_image":[{"width":1706,"height":960,"url":"https:\/\/www.eldiario.net\/portal\/wp-content\/uploads\/2024\/09\/MEDIOS-El-Espanol.jpg","type":"image\/jpeg"}],"author":"Jeanette","twitter_card":"summary_large_image","twitter_creator":"@eldiario_net","twitter_site":"@eldiario_net","twitter_misc":{"Escrito por":"Jeanette","Tiempo de lectura":"4 minutos"},"schema":{"@context":"https:\/\/schema.org","@graph":[{"@type":"Article","@id":"https:\/\/www.eldiario.net\/portal\/2024\/09\/18\/espana-creara-registro-de-medios-de-comunicacion-y-limitara-financiacion\/#article","isPartOf":{"@id":"https:\/\/www.eldiario.net\/portal\/2024\/09\/18\/espana-creara-registro-de-medios-de-comunicacion-y-limitara-financiacion\/"},"author":{"name":"Jeanette","@id":"https:\/\/www.eldiario.net\/portal\/#\/schema\/person\/f46445640444750d7d753ccd04ae01b7"},"headline":"Espa\u00f1a crear\u00e1 registro de medios de comunicaci\u00f3n y limitar\u00e1 financiaci\u00f3n","datePublished":"2024-09-18T09:54:42+00:00","mainEntityOfPage":{"@id":"https:\/\/www.eldiario.net\/portal\/2024\/09\/18\/espana-creara-registro-de-medios-de-comunicacion-y-limitara-financiacion\/"},"wordCount":813,"commentCount":0,"publisher":{"@id":"https:\/\/www.eldiario.net\/portal\/#organization"},"image":{"@id":"https:\/\/www.eldiario.net\/portal\/2024\/09\/18\/espana-creara-registro-de-medios-de-comunicacion-y-limitara-financiacion\/#primaryimage"},"thumbnailUrl":"https:\/\/www.eldiario.net\/portal\/wp-content\/uploads\/2024\/09\/MEDIOS-El-Espanol.jpg","articleSection":["Internacional"],"inLanguage":"es","potentialAction":[{"@type":"CommentAction","name":"Comment","target":["https:\/\/www.eldiario.net\/portal\/2024\/09\/18\/espana-creara-registro-de-medios-de-comunicacion-y-limitara-financiacion\/#respond"]}]},{"@type":"WebPage","@id":"https:\/\/www.eldiario.net\/portal\/2024\/09\/18\/espana-creara-registro-de-medios-de-comunicacion-y-limitara-financiacion\/","url":"https:\/\/www.eldiario.net\/portal\/2024\/09\/18\/espana-creara-registro-de-medios-de-comunicacion-y-limitara-financiacion\/","name":"Espa\u00f1a crear\u00e1 registro de medios de comunicaci\u00f3n y limitar\u00e1 financiaci\u00f3n - El Diario - Bolivia","isPartOf":{"@id":"https:\/\/www.eldiario.net\/portal\/#website"},"primaryImageOfPage":{"@id":"https:\/\/www.eldiario.net\/portal\/2024\/09\/18\/espana-creara-registro-de-medios-de-comunicacion-y-limitara-financiacion\/#primaryimage"},"image":{"@id":"https:\/\/www.eldiario.net\/portal\/2024\/09\/18\/espana-creara-registro-de-medios-de-comunicacion-y-limitara-financiacion\/#primaryimage"},"thumbnailUrl":"https:\/\/www.eldiario.net\/portal\/wp-content\/uploads\/2024\/09\/MEDIOS-El-Espanol.jpg","datePublished":"2024-09-18T09:54:42+00:00","breadcrumb":{"@id":"https:\/\/www.eldiario.net\/portal\/2024\/09\/18\/espana-creara-registro-de-medios-de-comunicacion-y-limitara-financiacion\/#breadcrumb"},"inLanguage":"es","potentialAction":[{"@type":"ReadAction","target":["https:\/\/www.eldiario.net\/portal\/2024\/09\/18\/espana-creara-registro-de-medios-de-comunicacion-y-limitara-financiacion\/"]}]},{"@type":"ImageObject","inLanguage":"es","@id":"https:\/\/www.eldiario.net\/portal\/2024\/09\/18\/espana-creara-registro-de-medios-de-comunicacion-y-limitara-financiacion\/#primaryimage","url":"https:\/\/www.eldiario.net\/portal\/wp-content\/uploads\/2024\/09\/MEDIOS-El-Espanol.jpg","contentUrl":"https:\/\/www.eldiario.net\/portal\/wp-content\/uploads\/2024\/09\/MEDIOS-El-Espanol.jpg","width":1706,"height":960,"caption":"El ministro de la Presidencia, Justicia y Relaciones con las Cortes, F\u00e9lix Bola\u00f1os."},{"@type":"BreadcrumbList","@id":"https:\/\/www.eldiario.net\/portal\/2024\/09\/18\/espana-creara-registro-de-medios-de-comunicacion-y-limitara-financiacion\/#breadcrumb","itemListElement":[{"@type":"ListItem","position":1,"name":"Portada","item":"https:\/\/www.eldiario.net\/portal\/"},{"@type":"ListItem","position":2,"name":"Espa\u00f1a crear\u00e1 registro de medios de comunicaci\u00f3n y limitar\u00e1 financiaci\u00f3n"}]},{"@type":"WebSite","@id":"https:\/\/www.eldiario.net\/portal\/#website","url":"https:\/\/www.eldiario.net\/portal\/","name":"El Diario - Decano de la prensa nacional","description":"El Diario - Decano de la prensa nacional","publisher":{"@id":"https:\/\/www.eldiario.net\/portal\/#organization"},"potentialAction":[{"@type":"SearchAction","target":{"@type":"EntryPoint","urlTemplate":"https:\/\/www.eldiario.net\/portal\/?s={search_term_string}"},"query-input":{"@type":"PropertyValueSpecification","valueRequired":true,"valueName":"search_term_string"}}],"inLanguage":"es"},{"@type":"Organization","@id":"https:\/\/www.eldiario.net\/portal\/#organization","name":"El Diario - Decano de la prensa nacional","url":"https:\/\/www.eldiario.net\/portal\/","logo":{"@type":"ImageObject","inLanguage":"es","@id":"https:\/\/www.eldiario.net\/portal\/#\/schema\/logo\/image\/","url":"https:\/\/www.eldiario.net\/portal\/wp-content\/uploads\/2023\/07\/logo_ED.jpg","contentUrl":"https:\/\/www.eldiario.net\/portal\/wp-content\/uploads\/2023\/07\/logo_ED.jpg","width":272,"height":52,"caption":"El Diario - Decano de la prensa nacional"},"image":{"@id":"https:\/\/www.eldiario.net\/portal\/#\/schema\/logo\/image\/"},"sameAs":["https:\/\/www.facebook.com\/eldiario.bolivia\/","https:\/\/x.com\/eldiario_net"]},{"@type":"Person","@id":"https:\/\/www.eldiario.net\/portal\/#\/schema\/person\/f46445640444750d7d753ccd04ae01b7","name":"Jeanette","image":{"@type":"ImageObject","inLanguage":"es","@id":"https:\/\/secure.gravatar.com\/avatar\/3ea2118a5f7dad2b7138b1187a6b7ee55f160b9968b66013c3a3ef39dd7e5798?s=96&d=mm&r=g","url":"https:\/\/secure.gravatar.com\/avatar\/3ea2118a5f7dad2b7138b1187a6b7ee55f160b9968b66013c3a3ef39dd7e5798?s=96&d=mm&r=g","contentUrl":"https:\/\/secure.gravatar.com\/avatar\/3ea2118a5f7dad2b7138b1187a6b7ee55f160b9968b66013c3a3ef39dd7e5798?s=96&d=mm&r=g","caption":"Jeanette"},"sameAs":["https:\/\/www.eldiario.net\/portal"],"url":"https:\/\/www.eldiario.net\/portal\/author\/jeanette\/"}]}},"_links":{"self":[{"href":"https:\/\/www.eldiario.net\/portal\/wp-json\/wp\/v2\/posts\/248197","targetHints":{"allow":["GET"]}}],"collection":[{"href":"https:\/\/www.eldiario.net\/portal\/wp-json\/wp\/v2\/posts"}],"about":[{"href":"https:\/\/www.eldiario.net\/portal\/wp-json\/wp\/v2\/types\/post"}],"author":[{"embeddable":true,"href":"https:\/\/www.eldiario.net\/portal\/wp-json\/wp\/v2\/users\/1"}],"replies":[{"embeddable":true,"href":"https:\/\/www.eldiario.net\/portal\/wp-json\/wp\/v2\/comments?post=248197"}],"version-history":[{"count":1,"href":"https:\/\/www.eldiario.net\/portal\/wp-json\/wp\/v2\/posts\/248197\/revisions"}],"predecessor-version":[{"id":248199,"href":"https:\/\/www.eldiario.net\/portal\/wp-json\/wp\/v2\/posts\/248197\/revisions\/248199"}],"wp:featuredmedia":[{"embeddable":true,"href":"https:\/\/www.eldiario.net\/portal\/wp-json\/wp\/v2\/media\/248198"}],"wp:attachment":[{"href":"https:\/\/www.eldiario.net\/portal\/wp-json\/wp\/v2\/media?parent=248197"}],"wp:term":[{"taxonomy":"category","embeddable":true,"href":"https:\/\/www.eldiario.net\/portal\/wp-json\/wp\/v2\/categories?post=248197"},{"taxonomy":"post_tag","embeddable":true,"href":"https:\/\/www.eldiario.net\/portal\/wp-json\/wp\/v2\/tags?post=248197"}],"curies":[{"name":"wp","href":"https:\/\/api.w.org\/{rel}","templated":true}]}}