{"id":248194,"date":"2024-09-18T05:53:54","date_gmt":"2024-09-18T09:53:54","guid":{"rendered":"https:\/\/www.eldiario.net\/portal\/?p=248194"},"modified":"2024-09-18T05:53:54","modified_gmt":"2024-09-18T09:53:54","slug":"dominique-pelicot-reconoce-ante-tribunal-que-es-violador","status":"publish","type":"post","link":"https:\/\/www.eldiario.net\/portal\/2024\/09\/18\/dominique-pelicot-reconoce-ante-tribunal-que-es-violador\/","title":{"rendered":"Dominique P\u00e9licot reconoce ante tribunal que es \u201cviolador\u201d"},"content":{"rendered":"<p>Dominique P\u00e9licot, el hombre apodado como el \u201cMonstruo de Avi\u00f1\u00f3n\u201d y acusado de haber drogado a su exesposa durante al menos una d\u00e9cada, para que decenas de individuos la violaran en su propia vivienda, admiti\u00f3 ayer los hechos y afirm\u00f3 ser \u201cun violador, como todos los presentes en la sala\u201d, quienes tambi\u00e9n est\u00e1n siendo juzgados por el mismo caso.<br \/>\nTras ausentarse en repetidas ocasiones del juicio en su contra por motivos de salud, el principal acusado, de 71 a\u00f1os, testific\u00f3 por fin durante la jornada de ayer ante el tribunal de Vaucluse, en el sureste de Francia. Su abogada, B\u00e9atrice Zavarro, se\u00f1al\u00f3 que su cliente lleva m\u00e1s de una semana sufriendo problemas urinarios, una afecci\u00f3n que le impidi\u00f3 declarar previamente.<br \/>\nA pesar de que el juez, Roger Arata, confirm\u00f3 que P\u00e9licot est\u00e1 sufriendo de una piedra en el ri\u00f1\u00f3n y una infecci\u00f3n de orina, el juicio se reanud\u00f3 despu\u00e9s de que los m\u00e9dicos hayan considerado que es \u201capto para acudir al tribunal\u201d.<br \/>\nAs\u00ed, P\u00e9licot mostr\u00f3 arrepentimiento y sostuvo \u201cno culpar\u201d a su mujer por \u201cabsolutamente nada\u201d. \u201cEra muy feliz con ella, era todo lo contrario a mi madre\u201d, agreg\u00f3, llorando. \u201cNunca toque a mis hijos ni a mis nietos. Soy un violador, como todos los dem\u00e1s en esta sala. Lo sab\u00edan todo, no pueden decir lo contrario. Ella no se merec\u00eda esto, lo admito\u201d, asever\u00f3, seg\u00fan declaraciones recogidas por la cadena de televisi\u00f3n francesa BFM TV.<br \/>\nEl lunes, cuando P\u00e9licot se neg\u00f3 a abandonar su celda, el juez orden\u00f3 a dos m\u00e9dicos que certificaran su estado de salud. Posteriormente, su abogada afirm\u00f3 que podr\u00eda acudir este martes al juzgado siempre y cuando \u201clas vistas no sean demasiado largas\u201d y haya \u201cdescansos\u201d estipulados.<br \/>\nAs\u00ed, pidi\u00f3 perd\u00f3n, a pesar de \u201csaber que es imperdonable\u201d. \u201cSoy culpable de lo que hice. (&#8230;) Me arrepiento y pido perd\u00f3n\u201d, sostuvo. Mientras que Gis\u00e8le expres\u00f3 que es \u201cmuy dif\u00edcil\u201d escuchar sus declaraciones. \u201cHe vivido 50 a\u00f1os con un hombre que no imagin\u00e9 en ning\u00fan momento que podr\u00eda hacer algo as\u00ed. Confiaba en \u00e9l completamente\u201d, lament\u00f3.<br \/>\nAl ser preguntado por los v\u00eddeos que grab\u00f3 mientras su exesposa era violada por los hombres que invitaba a casa, P\u00e9licot se\u00f1al\u00f3 que aunque \u201csent\u00eda placer, en parte\u201d, se trata tambi\u00e9n de \u201cuna perversi\u00f3n\u201d que sirve ahora, no obstante, para \u201cidentificar a todos aquellos que participaron\u201d y que ahora lo acusan de \u201cmanipulaci\u00f3n\u201d. (Europa Press)<\/p>\n<p>&nbsp;<\/p>\n","protected":false},"excerpt":{"rendered":"<p>Dominique P\u00e9licot, el hombre apodado como el \u201cMonstruo de Avi\u00f1\u00f3n\u201d y acusado de haber drogado a su exesposa durante al menos una d\u00e9cada, para que decenas de individuos la violaran en su propia vivienda, admiti\u00f3 ayer los hechos y afirm\u00f3 ser \u201cun violador, como todos los presentes en la sala\u201d, quienes tambi\u00e9n est\u00e1n siendo juzgados [&hellip;]<\/p>\n","protected":false},"author":1,"featured_media":248195,"comment_status":"open","ping_status":"open","sticky":false,"template":"","format":"standard","meta":{"_acf_changed":false,"footnotes":""},"categories":[3],"tags":[],"class_list":["post-248194","post","type-post","status-publish","format-standard","has-post-thumbnail","category-internacional"],"acf":{"antetitulo":"Francia"},"yoast_head":"<!-- This site is optimized with the Yoast SEO plugin v28.4 - https:\/\/yoast.com\/product\/yoast-seo-wordpress\/ -->\n<title>Dominique P\u00e9licot reconoce ante tribunal que es \u201cviolador\u201d - El Diario - Bolivia<\/title>\n<meta name=\"robots\" content=\"index, follow, max-snippet:-1, max-image-preview:large, max-video-preview:-1\" \/>\n<link rel=\"canonical\" href=\"https:\/\/www.eldiario.net\/portal\/2024\/09\/18\/dominique-pelicot-reconoce-ante-tribunal-que-es-violador\/\" \/>\n<meta property=\"og:locale\" content=\"es_ES\" \/>\n<meta property=\"og:type\" content=\"article\" \/>\n<meta property=\"og:title\" content=\"Dominique P\u00e9licot reconoce ante tribunal que es \u201cviolador\u201d - El Diario - Bolivia\" \/>\n<meta property=\"og:description\" content=\"Dominique P\u00e9licot, el hombre apodado como el \u201cMonstruo de Avi\u00f1\u00f3n\u201d y acusado de haber drogado a su exesposa durante al menos una d\u00e9cada, para que decenas de individuos la violaran en su propia vivienda, admiti\u00f3 ayer los hechos y afirm\u00f3 ser \u201cun violador, como todos los presentes en la sala\u201d, quienes tambi\u00e9n est\u00e1n siendo juzgados [&hellip;]\" \/>\n<meta property=\"og:url\" content=\"https:\/\/www.eldiario.net\/portal\/2024\/09\/18\/dominique-pelicot-reconoce-ante-tribunal-que-es-violador\/\" \/>\n<meta property=\"og:site_name\" content=\"El Diario - Bolivia\" \/>\n<meta property=\"article:publisher\" content=\"https:\/\/www.facebook.com\/eldiario.bolivia\/\" \/>\n<meta property=\"article:published_time\" content=\"2024-09-18T09:53:54+00:00\" \/>\n<meta property=\"og:image\" content=\"https:\/\/www.eldiario.net\/portal\/wp-content\/uploads\/2024\/09\/FRANCIA-Reuters.jpg\" \/>\n\t<meta property=\"og:image:width\" content=\"800\" \/>\n\t<meta property=\"og:image:height\" content=\"449\" \/>\n\t<meta property=\"og:image:type\" content=\"image\/jpeg\" \/>\n<meta name=\"author\" content=\"Jeanette\" \/>\n<meta name=\"twitter:card\" content=\"summary_large_image\" \/>\n<meta name=\"twitter:creator\" content=\"@eldiario_net\" \/>\n<meta name=\"twitter:site\" content=\"@eldiario_net\" \/>\n<meta name=\"twitter:label1\" content=\"Escrito por\" \/>\n\t<meta name=\"twitter:data1\" content=\"Jeanette\" \/>\n\t<meta name=\"twitter:label2\" content=\"Tiempo de lectura\" \/>\n\t<meta name=\"twitter:data2\" content=\"3 minutos\" \/>\n<script type=\"application\/ld+json\" class=\"yoast-schema-graph\">{\"@context\":\"https:\\\/\\\/schema.org\",\"@graph\":[{\"@type\":\"Article\",\"@id\":\"https:\\\/\\\/www.eldiario.net\\\/portal\\\/2024\\\/09\\\/18\\\/dominique-pelicot-reconoce-ante-tribunal-que-es-violador\\\/#article\",\"isPartOf\":{\"@id\":\"https:\\\/\\\/www.eldiario.net\\\/portal\\\/2024\\\/09\\\/18\\\/dominique-pelicot-reconoce-ante-tribunal-que-es-violador\\\/\"},\"author\":{\"name\":\"Jeanette\",\"@id\":\"https:\\\/\\\/www.eldiario.net\\\/portal\\\/#\\\/schema\\\/person\\\/f46445640444750d7d753ccd04ae01b7\"},\"headline\":\"Dominique P\u00e9licot reconoce ante tribunal que es \u201cviolador\u201d\",\"datePublished\":\"2024-09-18T09:53:54+00:00\",\"mainEntityOfPage\":{\"@id\":\"https:\\\/\\\/www.eldiario.net\\\/portal\\\/2024\\\/09\\\/18\\\/dominique-pelicot-reconoce-ante-tribunal-que-es-violador\\\/\"},\"wordCount\":439,\"commentCount\":0,\"publisher\":{\"@id\":\"https:\\\/\\\/www.eldiario.net\\\/portal\\\/#organization\"},\"image\":{\"@id\":\"https:\\\/\\\/www.eldiario.net\\\/portal\\\/2024\\\/09\\\/18\\\/dominique-pelicot-reconoce-ante-tribunal-que-es-violador\\\/#primaryimage\"},\"thumbnailUrl\":\"https:\\\/\\\/www.eldiario.net\\\/portal\\\/wp-content\\\/uploads\\\/2024\\\/09\\\/FRANCIA-Reuters.jpg\",\"articleSection\":[\"Internacional\"],\"inLanguage\":\"es\",\"potentialAction\":[{\"@type\":\"CommentAction\",\"name\":\"Comment\",\"target\":[\"https:\\\/\\\/www.eldiario.net\\\/portal\\\/2024\\\/09\\\/18\\\/dominique-pelicot-reconoce-ante-tribunal-que-es-violador\\\/#respond\"]}]},{\"@type\":\"WebPage\",\"@id\":\"https:\\\/\\\/www.eldiario.net\\\/portal\\\/2024\\\/09\\\/18\\\/dominique-pelicot-reconoce-ante-tribunal-que-es-violador\\\/\",\"url\":\"https:\\\/\\\/www.eldiario.net\\\/portal\\\/2024\\\/09\\\/18\\\/dominique-pelicot-reconoce-ante-tribunal-que-es-violador\\\/\",\"name\":\"Dominique P\u00e9licot reconoce ante tribunal que es \u201cviolador\u201d - El Diario - Bolivia\",\"isPartOf\":{\"@id\":\"https:\\\/\\\/www.eldiario.net\\\/portal\\\/#website\"},\"primaryImageOfPage\":{\"@id\":\"https:\\\/\\\/www.eldiario.net\\\/portal\\\/2024\\\/09\\\/18\\\/dominique-pelicot-reconoce-ante-tribunal-que-es-violador\\\/#primaryimage\"},\"image\":{\"@id\":\"https:\\\/\\\/www.eldiario.net\\\/portal\\\/2024\\\/09\\\/18\\\/dominique-pelicot-reconoce-ante-tribunal-que-es-violador\\\/#primaryimage\"},\"thumbnailUrl\":\"https:\\\/\\\/www.eldiario.net\\\/portal\\\/wp-content\\\/uploads\\\/2024\\\/09\\\/FRANCIA-Reuters.jpg\",\"datePublished\":\"2024-09-18T09:53:54+00:00\",\"breadcrumb\":{\"@id\":\"https:\\\/\\\/www.eldiario.net\\\/portal\\\/2024\\\/09\\\/18\\\/dominique-pelicot-reconoce-ante-tribunal-que-es-violador\\\/#breadcrumb\"},\"inLanguage\":\"es\",\"potentialAction\":[{\"@type\":\"ReadAction\",\"target\":[\"https:\\\/\\\/www.eldiario.net\\\/portal\\\/2024\\\/09\\\/18\\\/dominique-pelicot-reconoce-ante-tribunal-que-es-violador\\\/\"]}]},{\"@type\":\"ImageObject\",\"inLanguage\":\"es\",\"@id\":\"https:\\\/\\\/www.eldiario.net\\\/portal\\\/2024\\\/09\\\/18\\\/dominique-pelicot-reconoce-ante-tribunal-que-es-violador\\\/#primaryimage\",\"url\":\"https:\\\/\\\/www.eldiario.net\\\/portal\\\/wp-content\\\/uploads\\\/2024\\\/09\\\/FRANCIA-Reuters.jpg\",\"contentUrl\":\"https:\\\/\\\/www.eldiario.net\\\/portal\\\/wp-content\\\/uploads\\\/2024\\\/09\\\/FRANCIA-Reuters.jpg\",\"width\":800,\"height\":449,\"caption\":\"Dominique P\u00e9licot declar\u00f3 por primera vez ante el tribunal en Francia.\"},{\"@type\":\"BreadcrumbList\",\"@id\":\"https:\\\/\\\/www.eldiario.net\\\/portal\\\/2024\\\/09\\\/18\\\/dominique-pelicot-reconoce-ante-tribunal-que-es-violador\\\/#breadcrumb\",\"itemListElement\":[{\"@type\":\"ListItem\",\"position\":1,\"name\":\"Portada\",\"item\":\"https:\\\/\\\/www.eldiario.net\\\/portal\\\/\"},{\"@type\":\"ListItem\",\"position\":2,\"name\":\"Dominique P\u00e9licot reconoce ante tribunal que es \u201cviolador\u201d\"}]},{\"@type\":\"WebSite\",\"@id\":\"https:\\\/\\\/www.eldiario.net\\\/portal\\\/#website\",\"url\":\"https:\\\/\\\/www.eldiario.net\\\/portal\\\/\",\"name\":\"El Diario - Decano de la prensa nacional\",\"description\":\"El Diario - Decano de la prensa nacional\",\"publisher\":{\"@id\":\"https:\\\/\\\/www.eldiario.net\\\/portal\\\/#organization\"},\"potentialAction\":[{\"@type\":\"SearchAction\",\"target\":{\"@type\":\"EntryPoint\",\"urlTemplate\":\"https:\\\/\\\/www.eldiario.net\\\/portal\\\/?s={search_term_string}\"},\"query-input\":{\"@type\":\"PropertyValueSpecification\",\"valueRequired\":true,\"valueName\":\"search_term_string\"}}],\"inLanguage\":\"es\"},{\"@type\":\"Organization\",\"@id\":\"https:\\\/\\\/www.eldiario.net\\\/portal\\\/#organization\",\"name\":\"El Diario - Decano de la prensa nacional\",\"url\":\"https:\\\/\\\/www.eldiario.net\\\/portal\\\/\",\"logo\":{\"@type\":\"ImageObject\",\"inLanguage\":\"es\",\"@id\":\"https:\\\/\\\/www.eldiario.net\\\/portal\\\/#\\\/schema\\\/logo\\\/image\\\/\",\"url\":\"https:\\\/\\\/www.eldiario.net\\\/portal\\\/wp-content\\\/uploads\\\/2023\\\/07\\\/logo_ED.jpg\",\"contentUrl\":\"https:\\\/\\\/www.eldiario.net\\\/portal\\\/wp-content\\\/uploads\\\/2023\\\/07\\\/logo_ED.jpg\",\"width\":272,\"height\":52,\"caption\":\"El Diario - Decano de la prensa nacional\"},\"image\":{\"@id\":\"https:\\\/\\\/www.eldiario.net\\\/portal\\\/#\\\/schema\\\/logo\\\/image\\\/\"},\"sameAs\":[\"https:\\\/\\\/www.facebook.com\\\/eldiario.bolivia\\\/\",\"https:\\\/\\\/x.com\\\/eldiario_net\"]},{\"@type\":\"Person\",\"@id\":\"https:\\\/\\\/www.eldiario.net\\\/portal\\\/#\\\/schema\\\/person\\\/f46445640444750d7d753ccd04ae01b7\",\"name\":\"Jeanette\",\"image\":{\"@type\":\"ImageObject\",\"inLanguage\":\"es\",\"@id\":\"https:\\\/\\\/secure.gravatar.com\\\/avatar\\\/3ea2118a5f7dad2b7138b1187a6b7ee55f160b9968b66013c3a3ef39dd7e5798?s=96&d=mm&r=g\",\"url\":\"https:\\\/\\\/secure.gravatar.com\\\/avatar\\\/3ea2118a5f7dad2b7138b1187a6b7ee55f160b9968b66013c3a3ef39dd7e5798?s=96&d=mm&r=g\",\"contentUrl\":\"https:\\\/\\\/secure.gravatar.com\\\/avatar\\\/3ea2118a5f7dad2b7138b1187a6b7ee55f160b9968b66013c3a3ef39dd7e5798?s=96&d=mm&r=g\",\"caption\":\"Jeanette\"},\"sameAs\":[\"https:\\\/\\\/www.eldiario.net\\\/portal\"],\"url\":\"https:\\\/\\\/www.eldiario.net\\\/portal\\\/author\\\/jeanette\\\/\"}]}<\/script>\n<!-- \/ Yoast SEO plugin. -->","yoast_head_json":{"title":"Dominique P\u00e9licot reconoce ante tribunal que es \u201cviolador\u201d - El Diario - Bolivia","robots":{"index":"index","follow":"follow","max-snippet":"max-snippet:-1","max-image-preview":"max-image-preview:large","max-video-preview":"max-video-preview:-1"},"canonical":"https:\/\/www.eldiario.net\/portal\/2024\/09\/18\/dominique-pelicot-reconoce-ante-tribunal-que-es-violador\/","og_locale":"es_ES","og_type":"article","og_title":"Dominique P\u00e9licot reconoce ante tribunal que es \u201cviolador\u201d - El Diario - Bolivia","og_description":"Dominique P\u00e9licot, el hombre apodado como el \u201cMonstruo de Avi\u00f1\u00f3n\u201d y acusado de haber drogado a su exesposa durante al menos una d\u00e9cada, para que decenas de individuos la violaran en su propia vivienda, admiti\u00f3 ayer los hechos y afirm\u00f3 ser \u201cun violador, como todos los presentes en la sala\u201d, quienes tambi\u00e9n est\u00e1n siendo juzgados [&hellip;]","og_url":"https:\/\/www.eldiario.net\/portal\/2024\/09\/18\/dominique-pelicot-reconoce-ante-tribunal-que-es-violador\/","og_site_name":"El Diario - Bolivia","article_publisher":"https:\/\/www.facebook.com\/eldiario.bolivia\/","article_published_time":"2024-09-18T09:53:54+00:00","og_image":[{"width":800,"height":449,"url":"https:\/\/www.eldiario.net\/portal\/wp-content\/uploads\/2024\/09\/FRANCIA-Reuters.jpg","type":"image\/jpeg"}],"author":"Jeanette","twitter_card":"summary_large_image","twitter_creator":"@eldiario_net","twitter_site":"@eldiario_net","twitter_misc":{"Escrito por":"Jeanette","Tiempo de lectura":"3 minutos"},"schema":{"@context":"https:\/\/schema.org","@graph":[{"@type":"Article","@id":"https:\/\/www.eldiario.net\/portal\/2024\/09\/18\/dominique-pelicot-reconoce-ante-tribunal-que-es-violador\/#article","isPartOf":{"@id":"https:\/\/www.eldiario.net\/portal\/2024\/09\/18\/dominique-pelicot-reconoce-ante-tribunal-que-es-violador\/"},"author":{"name":"Jeanette","@id":"https:\/\/www.eldiario.net\/portal\/#\/schema\/person\/f46445640444750d7d753ccd04ae01b7"},"headline":"Dominique P\u00e9licot reconoce ante tribunal que es \u201cviolador\u201d","datePublished":"2024-09-18T09:53:54+00:00","mainEntityOfPage":{"@id":"https:\/\/www.eldiario.net\/portal\/2024\/09\/18\/dominique-pelicot-reconoce-ante-tribunal-que-es-violador\/"},"wordCount":439,"commentCount":0,"publisher":{"@id":"https:\/\/www.eldiario.net\/portal\/#organization"},"image":{"@id":"https:\/\/www.eldiario.net\/portal\/2024\/09\/18\/dominique-pelicot-reconoce-ante-tribunal-que-es-violador\/#primaryimage"},"thumbnailUrl":"https:\/\/www.eldiario.net\/portal\/wp-content\/uploads\/2024\/09\/FRANCIA-Reuters.jpg","articleSection":["Internacional"],"inLanguage":"es","potentialAction":[{"@type":"CommentAction","name":"Comment","target":["https:\/\/www.eldiario.net\/portal\/2024\/09\/18\/dominique-pelicot-reconoce-ante-tribunal-que-es-violador\/#respond"]}]},{"@type":"WebPage","@id":"https:\/\/www.eldiario.net\/portal\/2024\/09\/18\/dominique-pelicot-reconoce-ante-tribunal-que-es-violador\/","url":"https:\/\/www.eldiario.net\/portal\/2024\/09\/18\/dominique-pelicot-reconoce-ante-tribunal-que-es-violador\/","name":"Dominique P\u00e9licot reconoce ante tribunal que es \u201cviolador\u201d - El Diario - Bolivia","isPartOf":{"@id":"https:\/\/www.eldiario.net\/portal\/#website"},"primaryImageOfPage":{"@id":"https:\/\/www.eldiario.net\/portal\/2024\/09\/18\/dominique-pelicot-reconoce-ante-tribunal-que-es-violador\/#primaryimage"},"image":{"@id":"https:\/\/www.eldiario.net\/portal\/2024\/09\/18\/dominique-pelicot-reconoce-ante-tribunal-que-es-violador\/#primaryimage"},"thumbnailUrl":"https:\/\/www.eldiario.net\/portal\/wp-content\/uploads\/2024\/09\/FRANCIA-Reuters.jpg","datePublished":"2024-09-18T09:53:54+00:00","breadcrumb":{"@id":"https:\/\/www.eldiario.net\/portal\/2024\/09\/18\/dominique-pelicot-reconoce-ante-tribunal-que-es-violador\/#breadcrumb"},"inLanguage":"es","potentialAction":[{"@type":"ReadAction","target":["https:\/\/www.eldiario.net\/portal\/2024\/09\/18\/dominique-pelicot-reconoce-ante-tribunal-que-es-violador\/"]}]},{"@type":"ImageObject","inLanguage":"es","@id":"https:\/\/www.eldiario.net\/portal\/2024\/09\/18\/dominique-pelicot-reconoce-ante-tribunal-que-es-violador\/#primaryimage","url":"https:\/\/www.eldiario.net\/portal\/wp-content\/uploads\/2024\/09\/FRANCIA-Reuters.jpg","contentUrl":"https:\/\/www.eldiario.net\/portal\/wp-content\/uploads\/2024\/09\/FRANCIA-Reuters.jpg","width":800,"height":449,"caption":"Dominique P\u00e9licot declar\u00f3 por primera vez ante el tribunal en Francia."},{"@type":"BreadcrumbList","@id":"https:\/\/www.eldiario.net\/portal\/2024\/09\/18\/dominique-pelicot-reconoce-ante-tribunal-que-es-violador\/#breadcrumb","itemListElement":[{"@type":"ListItem","position":1,"name":"Portada","item":"https:\/\/www.eldiario.net\/portal\/"},{"@type":"ListItem","position":2,"name":"Dominique P\u00e9licot reconoce ante tribunal que es \u201cviolador\u201d"}]},{"@type":"WebSite","@id":"https:\/\/www.eldiario.net\/portal\/#website","url":"https:\/\/www.eldiario.net\/portal\/","name":"El Diario - Decano de la prensa nacional","description":"El Diario - Decano de la prensa nacional","publisher":{"@id":"https:\/\/www.eldiario.net\/portal\/#organization"},"potentialAction":[{"@type":"SearchAction","target":{"@type":"EntryPoint","urlTemplate":"https:\/\/www.eldiario.net\/portal\/?s={search_term_string}"},"query-input":{"@type":"PropertyValueSpecification","valueRequired":true,"valueName":"search_term_string"}}],"inLanguage":"es"},{"@type":"Organization","@id":"https:\/\/www.eldiario.net\/portal\/#organization","name":"El Diario - Decano de la prensa nacional","url":"https:\/\/www.eldiario.net\/portal\/","logo":{"@type":"ImageObject","inLanguage":"es","@id":"https:\/\/www.eldiario.net\/portal\/#\/schema\/logo\/image\/","url":"https:\/\/www.eldiario.net\/portal\/wp-content\/uploads\/2023\/07\/logo_ED.jpg","contentUrl":"https:\/\/www.eldiario.net\/portal\/wp-content\/uploads\/2023\/07\/logo_ED.jpg","width":272,"height":52,"caption":"El Diario - Decano de la prensa nacional"},"image":{"@id":"https:\/\/www.eldiario.net\/portal\/#\/schema\/logo\/image\/"},"sameAs":["https:\/\/www.facebook.com\/eldiario.bolivia\/","https:\/\/x.com\/eldiario_net"]},{"@type":"Person","@id":"https:\/\/www.eldiario.net\/portal\/#\/schema\/person\/f46445640444750d7d753ccd04ae01b7","name":"Jeanette","image":{"@type":"ImageObject","inLanguage":"es","@id":"https:\/\/secure.gravatar.com\/avatar\/3ea2118a5f7dad2b7138b1187a6b7ee55f160b9968b66013c3a3ef39dd7e5798?s=96&d=mm&r=g","url":"https:\/\/secure.gravatar.com\/avatar\/3ea2118a5f7dad2b7138b1187a6b7ee55f160b9968b66013c3a3ef39dd7e5798?s=96&d=mm&r=g","contentUrl":"https:\/\/secure.gravatar.com\/avatar\/3ea2118a5f7dad2b7138b1187a6b7ee55f160b9968b66013c3a3ef39dd7e5798?s=96&d=mm&r=g","caption":"Jeanette"},"sameAs":["https:\/\/www.eldiario.net\/portal"],"url":"https:\/\/www.eldiario.net\/portal\/author\/jeanette\/"}]}},"_links":{"self":[{"href":"https:\/\/www.eldiario.net\/portal\/wp-json\/wp\/v2\/posts\/248194","targetHints":{"allow":["GET"]}}],"collection":[{"href":"https:\/\/www.eldiario.net\/portal\/wp-json\/wp\/v2\/posts"}],"about":[{"href":"https:\/\/www.eldiario.net\/portal\/wp-json\/wp\/v2\/types\/post"}],"author":[{"embeddable":true,"href":"https:\/\/www.eldiario.net\/portal\/wp-json\/wp\/v2\/users\/1"}],"replies":[{"embeddable":true,"href":"https:\/\/www.eldiario.net\/portal\/wp-json\/wp\/v2\/comments?post=248194"}],"version-history":[{"count":1,"href":"https:\/\/www.eldiario.net\/portal\/wp-json\/wp\/v2\/posts\/248194\/revisions"}],"predecessor-version":[{"id":248196,"href":"https:\/\/www.eldiario.net\/portal\/wp-json\/wp\/v2\/posts\/248194\/revisions\/248196"}],"wp:featuredmedia":[{"embeddable":true,"href":"https:\/\/www.eldiario.net\/portal\/wp-json\/wp\/v2\/media\/248195"}],"wp:attachment":[{"href":"https:\/\/www.eldiario.net\/portal\/wp-json\/wp\/v2\/media?parent=248194"}],"wp:term":[{"taxonomy":"category","embeddable":true,"href":"https:\/\/www.eldiario.net\/portal\/wp-json\/wp\/v2\/categories?post=248194"},{"taxonomy":"post_tag","embeddable":true,"href":"https:\/\/www.eldiario.net\/portal\/wp-json\/wp\/v2\/tags?post=248194"}],"curies":[{"name":"wp","href":"https:\/\/api.w.org\/{rel}","templated":true}]}}