{"id":248188,"date":"2024-09-18T05:53:05","date_gmt":"2024-09-18T09:53:05","guid":{"rendered":"https:\/\/www.eldiario.net\/portal\/?p=248188"},"modified":"2024-09-18T05:53:05","modified_gmt":"2024-09-18T09:53:05","slug":"organismo-prisoners-defenders-registra-1-105-presos-politicos","status":"publish","type":"post","link":"https:\/\/www.eldiario.net\/portal\/2024\/09\/18\/organismo-prisoners-defenders-registra-1-105-presos-politicos\/","title":{"rendered":"Organismo Prisoners Defenders registra 1.105 presos pol\u00edticos"},"content":{"rendered":"<p>La Organizaci\u00f3n No Gubernamental Prisoners Defenders denunci\u00f3, en su informe mensual, que al cierre de agosto de 2024 hay 1.105 \u201cpresos pol\u00edticos\u201d en Cuba, 14 menos que los listados en julio.<br \/>\nLa organizaci\u00f3n, con sede en Madrid, a\u00f1adi\u00f3 dos nuevas personas presas por razones pol\u00edticas y recogi\u00f3 15 bajas en su registro, por suicidio, expatriaci\u00f3n forzosa y 13 cumplimientos \u00edntegros de condena, indic\u00f3 en un comunicado. \u201cDestacamos la situaci\u00f3n horrorosa que viven los presos, fam\u00e9licos, enfermos, sin atenci\u00f3n m\u00e9dica y torturados\u201d, se\u00f1al\u00f3 la ONG.<br \/>\nPrisoners Defenders destac\u00f3 en esta ocasi\u00f3n el \u201cinfierno\u201d que a su juicio sufren cerca de 62 personas encarceladas por razones pol\u00edticas con trastornos de salud mental, porque no reciben atenci\u00f3n psiqui\u00e1trica ni medicamentos, adem\u00e1s de ser v\u00edctimas de abusos.<br \/>\nEl comunicado indica que \u201cla falta de alimentaci\u00f3n, la nula atenci\u00f3n m\u00e9dica y la negaci\u00f3n de medicamentos, son tres factores de tortura habitual para los prisioneros pol\u00edticos y de conciencia en Cuba\u201d.<br \/>\nSeg\u00fan su registro, 329 de los 1.105 prisioneros por razones pol\u00edticas padecen \u201cgraves patolog\u00edas que ponen en riesgo sus vidas\u201d, entre las que destacan casos de diabetes, hipertensi\u00f3n, isquemia cerebral, hepatitis B, desnutrici\u00f3n, anemia y c\u00e1ncer.<br \/>\nAsimismo, Prisoners Defenders explic\u00f3 que \u201c29 chicos y 1 chica\u201d siguen en la lista de presos, de los cuales 28 cumplen sentencia y dos est\u00e1n siendo procesados penalmente \u201ccon medidas cautelares sin tutela judicial alguna\u201d. La edad penal m\u00ednima en Cuba son los 16 a\u00f1os.<br \/>\nPrisoners Defenders denunci\u00f3 que 15 de estos adolescentes fueron condenados por sedici\u00f3n, con una pena media de cinco a\u00f1os de privaci\u00f3n de libertad. Tambi\u00e9n, describi\u00f3 los tratos \u201cdiscriminatorios y abusivos\u201d que sufren las 117 mujeres, incluidas en su lista de personas presas por motivos pol\u00edticos.<br \/>\nEl comunicado agreg\u00f3 que desde julio de 2021, cuando se registraron las mayores protestas antigubernamentales en d\u00e9cadas en la isla, \u201cCuba totaliz\u00f3 1.583 presos pol\u00edticos presentes en sus c\u00e1rceles\u201d. (Dw, Efe y Prisoners Defenders)<\/p>\n","protected":false},"excerpt":{"rendered":"<p>La Organizaci\u00f3n No Gubernamental Prisoners Defenders denunci\u00f3, en su informe mensual, que al cierre de agosto de 2024 hay 1.105 \u201cpresos pol\u00edticos\u201d en Cuba, 14 menos que los listados en julio. La organizaci\u00f3n, con sede en Madrid, a\u00f1adi\u00f3 dos nuevas personas presas por razones pol\u00edticas y recogi\u00f3 15 bajas en su registro, por suicidio, expatriaci\u00f3n [&hellip;]<\/p>\n","protected":false},"author":1,"featured_media":248189,"comment_status":"open","ping_status":"open","sticky":false,"template":"","format":"standard","meta":{"_acf_changed":false,"footnotes":""},"categories":[3],"tags":[],"class_list":["post-248188","post","type-post","status-publish","format-standard","has-post-thumbnail","category-internacional"],"acf":{"antetitulo":"Cuba"},"yoast_head":"<!-- This site is optimized with the Yoast SEO plugin v28.4 - https:\/\/yoast.com\/product\/yoast-seo-wordpress\/ -->\n<title>Organismo Prisoners Defenders registra 1.105 presos pol\u00edticos - El Diario - Bolivia<\/title>\n<meta name=\"robots\" content=\"index, follow, max-snippet:-1, max-image-preview:large, max-video-preview:-1\" \/>\n<link rel=\"canonical\" href=\"https:\/\/www.eldiario.net\/portal\/2024\/09\/18\/organismo-prisoners-defenders-registra-1-105-presos-politicos\/\" \/>\n<meta property=\"og:locale\" content=\"es_ES\" \/>\n<meta property=\"og:type\" content=\"article\" \/>\n<meta property=\"og:title\" content=\"Organismo Prisoners Defenders registra 1.105 presos pol\u00edticos - El Diario - Bolivia\" \/>\n<meta property=\"og:description\" content=\"La Organizaci\u00f3n No Gubernamental Prisoners Defenders denunci\u00f3, en su informe mensual, que al cierre de agosto de 2024 hay 1.105 \u201cpresos pol\u00edticos\u201d en Cuba, 14 menos que los listados en julio. La organizaci\u00f3n, con sede en Madrid, a\u00f1adi\u00f3 dos nuevas personas presas por razones pol\u00edticas y recogi\u00f3 15 bajas en su registro, por suicidio, expatriaci\u00f3n [&hellip;]\" \/>\n<meta property=\"og:url\" content=\"https:\/\/www.eldiario.net\/portal\/2024\/09\/18\/organismo-prisoners-defenders-registra-1-105-presos-politicos\/\" \/>\n<meta property=\"og:site_name\" content=\"El Diario - Bolivia\" \/>\n<meta property=\"article:publisher\" content=\"https:\/\/www.facebook.com\/eldiario.bolivia\/\" \/>\n<meta property=\"article:published_time\" content=\"2024-09-18T09:53:05+00:00\" \/>\n<meta property=\"og:image\" content=\"https:\/\/www.eldiario.net\/portal\/wp-content\/uploads\/2024\/09\/PRESOS-AP.jpg\" \/>\n\t<meta property=\"og:image:width\" content=\"1200\" \/>\n\t<meta property=\"og:image:height\" content=\"525\" \/>\n\t<meta property=\"og:image:type\" content=\"image\/jpeg\" \/>\n<meta name=\"author\" content=\"Jeanette\" \/>\n<meta name=\"twitter:card\" content=\"summary_large_image\" \/>\n<meta name=\"twitter:creator\" content=\"@eldiario_net\" \/>\n<meta name=\"twitter:site\" content=\"@eldiario_net\" \/>\n<meta name=\"twitter:label1\" content=\"Escrito por\" \/>\n\t<meta name=\"twitter:data1\" content=\"Jeanette\" \/>\n\t<meta name=\"twitter:label2\" content=\"Tiempo de lectura\" \/>\n\t<meta name=\"twitter:data2\" content=\"2 minutos\" \/>\n<script type=\"application\/ld+json\" class=\"yoast-schema-graph\">{\"@context\":\"https:\\\/\\\/schema.org\",\"@graph\":[{\"@type\":\"Article\",\"@id\":\"https:\\\/\\\/www.eldiario.net\\\/portal\\\/2024\\\/09\\\/18\\\/organismo-prisoners-defenders-registra-1-105-presos-politicos\\\/#article\",\"isPartOf\":{\"@id\":\"https:\\\/\\\/www.eldiario.net\\\/portal\\\/2024\\\/09\\\/18\\\/organismo-prisoners-defenders-registra-1-105-presos-politicos\\\/\"},\"author\":{\"name\":\"Jeanette\",\"@id\":\"https:\\\/\\\/www.eldiario.net\\\/portal\\\/#\\\/schema\\\/person\\\/f46445640444750d7d753ccd04ae01b7\"},\"headline\":\"Organismo Prisoners Defenders registra 1.105 presos pol\u00edticos\",\"datePublished\":\"2024-09-18T09:53:05+00:00\",\"mainEntityOfPage\":{\"@id\":\"https:\\\/\\\/www.eldiario.net\\\/portal\\\/2024\\\/09\\\/18\\\/organismo-prisoners-defenders-registra-1-105-presos-politicos\\\/\"},\"wordCount\":345,\"commentCount\":0,\"publisher\":{\"@id\":\"https:\\\/\\\/www.eldiario.net\\\/portal\\\/#organization\"},\"image\":{\"@id\":\"https:\\\/\\\/www.eldiario.net\\\/portal\\\/2024\\\/09\\\/18\\\/organismo-prisoners-defenders-registra-1-105-presos-politicos\\\/#primaryimage\"},\"thumbnailUrl\":\"https:\\\/\\\/www.eldiario.net\\\/portal\\\/wp-content\\\/uploads\\\/2024\\\/09\\\/PRESOS-AP.jpg\",\"articleSection\":[\"Internacional\"],\"inLanguage\":\"es\",\"potentialAction\":[{\"@type\":\"CommentAction\",\"name\":\"Comment\",\"target\":[\"https:\\\/\\\/www.eldiario.net\\\/portal\\\/2024\\\/09\\\/18\\\/organismo-prisoners-defenders-registra-1-105-presos-politicos\\\/#respond\"]}]},{\"@type\":\"WebPage\",\"@id\":\"https:\\\/\\\/www.eldiario.net\\\/portal\\\/2024\\\/09\\\/18\\\/organismo-prisoners-defenders-registra-1-105-presos-politicos\\\/\",\"url\":\"https:\\\/\\\/www.eldiario.net\\\/portal\\\/2024\\\/09\\\/18\\\/organismo-prisoners-defenders-registra-1-105-presos-politicos\\\/\",\"name\":\"Organismo Prisoners Defenders registra 1.105 presos pol\u00edticos - El Diario - Bolivia\",\"isPartOf\":{\"@id\":\"https:\\\/\\\/www.eldiario.net\\\/portal\\\/#website\"},\"primaryImageOfPage\":{\"@id\":\"https:\\\/\\\/www.eldiario.net\\\/portal\\\/2024\\\/09\\\/18\\\/organismo-prisoners-defenders-registra-1-105-presos-politicos\\\/#primaryimage\"},\"image\":{\"@id\":\"https:\\\/\\\/www.eldiario.net\\\/portal\\\/2024\\\/09\\\/18\\\/organismo-prisoners-defenders-registra-1-105-presos-politicos\\\/#primaryimage\"},\"thumbnailUrl\":\"https:\\\/\\\/www.eldiario.net\\\/portal\\\/wp-content\\\/uploads\\\/2024\\\/09\\\/PRESOS-AP.jpg\",\"datePublished\":\"2024-09-18T09:53:05+00:00\",\"breadcrumb\":{\"@id\":\"https:\\\/\\\/www.eldiario.net\\\/portal\\\/2024\\\/09\\\/18\\\/organismo-prisoners-defenders-registra-1-105-presos-politicos\\\/#breadcrumb\"},\"inLanguage\":\"es\",\"potentialAction\":[{\"@type\":\"ReadAction\",\"target\":[\"https:\\\/\\\/www.eldiario.net\\\/portal\\\/2024\\\/09\\\/18\\\/organismo-prisoners-defenders-registra-1-105-presos-politicos\\\/\"]}]},{\"@type\":\"ImageObject\",\"inLanguage\":\"es\",\"@id\":\"https:\\\/\\\/www.eldiario.net\\\/portal\\\/2024\\\/09\\\/18\\\/organismo-prisoners-defenders-registra-1-105-presos-politicos\\\/#primaryimage\",\"url\":\"https:\\\/\\\/www.eldiario.net\\\/portal\\\/wp-content\\\/uploads\\\/2024\\\/09\\\/PRESOS-AP.jpg\",\"contentUrl\":\"https:\\\/\\\/www.eldiario.net\\\/portal\\\/wp-content\\\/uploads\\\/2024\\\/09\\\/PRESOS-AP.jpg\",\"width\":1200,\"height\":525,\"caption\":\"Imagen referencial\"},{\"@type\":\"BreadcrumbList\",\"@id\":\"https:\\\/\\\/www.eldiario.net\\\/portal\\\/2024\\\/09\\\/18\\\/organismo-prisoners-defenders-registra-1-105-presos-politicos\\\/#breadcrumb\",\"itemListElement\":[{\"@type\":\"ListItem\",\"position\":1,\"name\":\"Portada\",\"item\":\"https:\\\/\\\/www.eldiario.net\\\/portal\\\/\"},{\"@type\":\"ListItem\",\"position\":2,\"name\":\"Organismo Prisoners Defenders registra 1.105 presos pol\u00edticos\"}]},{\"@type\":\"WebSite\",\"@id\":\"https:\\\/\\\/www.eldiario.net\\\/portal\\\/#website\",\"url\":\"https:\\\/\\\/www.eldiario.net\\\/portal\\\/\",\"name\":\"El Diario - Decano de la prensa nacional\",\"description\":\"El Diario - Decano de la prensa nacional\",\"publisher\":{\"@id\":\"https:\\\/\\\/www.eldiario.net\\\/portal\\\/#organization\"},\"potentialAction\":[{\"@type\":\"SearchAction\",\"target\":{\"@type\":\"EntryPoint\",\"urlTemplate\":\"https:\\\/\\\/www.eldiario.net\\\/portal\\\/?s={search_term_string}\"},\"query-input\":{\"@type\":\"PropertyValueSpecification\",\"valueRequired\":true,\"valueName\":\"search_term_string\"}}],\"inLanguage\":\"es\"},{\"@type\":\"Organization\",\"@id\":\"https:\\\/\\\/www.eldiario.net\\\/portal\\\/#organization\",\"name\":\"El Diario - Decano de la prensa nacional\",\"url\":\"https:\\\/\\\/www.eldiario.net\\\/portal\\\/\",\"logo\":{\"@type\":\"ImageObject\",\"inLanguage\":\"es\",\"@id\":\"https:\\\/\\\/www.eldiario.net\\\/portal\\\/#\\\/schema\\\/logo\\\/image\\\/\",\"url\":\"https:\\\/\\\/www.eldiario.net\\\/portal\\\/wp-content\\\/uploads\\\/2023\\\/07\\\/logo_ED.jpg\",\"contentUrl\":\"https:\\\/\\\/www.eldiario.net\\\/portal\\\/wp-content\\\/uploads\\\/2023\\\/07\\\/logo_ED.jpg\",\"width\":272,\"height\":52,\"caption\":\"El Diario - Decano de la prensa nacional\"},\"image\":{\"@id\":\"https:\\\/\\\/www.eldiario.net\\\/portal\\\/#\\\/schema\\\/logo\\\/image\\\/\"},\"sameAs\":[\"https:\\\/\\\/www.facebook.com\\\/eldiario.bolivia\\\/\",\"https:\\\/\\\/x.com\\\/eldiario_net\"]},{\"@type\":\"Person\",\"@id\":\"https:\\\/\\\/www.eldiario.net\\\/portal\\\/#\\\/schema\\\/person\\\/f46445640444750d7d753ccd04ae01b7\",\"name\":\"Jeanette\",\"image\":{\"@type\":\"ImageObject\",\"inLanguage\":\"es\",\"@id\":\"https:\\\/\\\/secure.gravatar.com\\\/avatar\\\/3ea2118a5f7dad2b7138b1187a6b7ee55f160b9968b66013c3a3ef39dd7e5798?s=96&d=mm&r=g\",\"url\":\"https:\\\/\\\/secure.gravatar.com\\\/avatar\\\/3ea2118a5f7dad2b7138b1187a6b7ee55f160b9968b66013c3a3ef39dd7e5798?s=96&d=mm&r=g\",\"contentUrl\":\"https:\\\/\\\/secure.gravatar.com\\\/avatar\\\/3ea2118a5f7dad2b7138b1187a6b7ee55f160b9968b66013c3a3ef39dd7e5798?s=96&d=mm&r=g\",\"caption\":\"Jeanette\"},\"sameAs\":[\"https:\\\/\\\/www.eldiario.net\\\/portal\"],\"url\":\"https:\\\/\\\/www.eldiario.net\\\/portal\\\/author\\\/jeanette\\\/\"}]}<\/script>\n<!-- \/ Yoast SEO plugin. -->","yoast_head_json":{"title":"Organismo Prisoners Defenders registra 1.105 presos pol\u00edticos - El Diario - Bolivia","robots":{"index":"index","follow":"follow","max-snippet":"max-snippet:-1","max-image-preview":"max-image-preview:large","max-video-preview":"max-video-preview:-1"},"canonical":"https:\/\/www.eldiario.net\/portal\/2024\/09\/18\/organismo-prisoners-defenders-registra-1-105-presos-politicos\/","og_locale":"es_ES","og_type":"article","og_title":"Organismo Prisoners Defenders registra 1.105 presos pol\u00edticos - El Diario - Bolivia","og_description":"La Organizaci\u00f3n No Gubernamental Prisoners Defenders denunci\u00f3, en su informe mensual, que al cierre de agosto de 2024 hay 1.105 \u201cpresos pol\u00edticos\u201d en Cuba, 14 menos que los listados en julio. La organizaci\u00f3n, con sede en Madrid, a\u00f1adi\u00f3 dos nuevas personas presas por razones pol\u00edticas y recogi\u00f3 15 bajas en su registro, por suicidio, expatriaci\u00f3n [&hellip;]","og_url":"https:\/\/www.eldiario.net\/portal\/2024\/09\/18\/organismo-prisoners-defenders-registra-1-105-presos-politicos\/","og_site_name":"El Diario - Bolivia","article_publisher":"https:\/\/www.facebook.com\/eldiario.bolivia\/","article_published_time":"2024-09-18T09:53:05+00:00","og_image":[{"width":1200,"height":525,"url":"https:\/\/www.eldiario.net\/portal\/wp-content\/uploads\/2024\/09\/PRESOS-AP.jpg","type":"image\/jpeg"}],"author":"Jeanette","twitter_card":"summary_large_image","twitter_creator":"@eldiario_net","twitter_site":"@eldiario_net","twitter_misc":{"Escrito por":"Jeanette","Tiempo de lectura":"2 minutos"},"schema":{"@context":"https:\/\/schema.org","@graph":[{"@type":"Article","@id":"https:\/\/www.eldiario.net\/portal\/2024\/09\/18\/organismo-prisoners-defenders-registra-1-105-presos-politicos\/#article","isPartOf":{"@id":"https:\/\/www.eldiario.net\/portal\/2024\/09\/18\/organismo-prisoners-defenders-registra-1-105-presos-politicos\/"},"author":{"name":"Jeanette","@id":"https:\/\/www.eldiario.net\/portal\/#\/schema\/person\/f46445640444750d7d753ccd04ae01b7"},"headline":"Organismo Prisoners Defenders registra 1.105 presos pol\u00edticos","datePublished":"2024-09-18T09:53:05+00:00","mainEntityOfPage":{"@id":"https:\/\/www.eldiario.net\/portal\/2024\/09\/18\/organismo-prisoners-defenders-registra-1-105-presos-politicos\/"},"wordCount":345,"commentCount":0,"publisher":{"@id":"https:\/\/www.eldiario.net\/portal\/#organization"},"image":{"@id":"https:\/\/www.eldiario.net\/portal\/2024\/09\/18\/organismo-prisoners-defenders-registra-1-105-presos-politicos\/#primaryimage"},"thumbnailUrl":"https:\/\/www.eldiario.net\/portal\/wp-content\/uploads\/2024\/09\/PRESOS-AP.jpg","articleSection":["Internacional"],"inLanguage":"es","potentialAction":[{"@type":"CommentAction","name":"Comment","target":["https:\/\/www.eldiario.net\/portal\/2024\/09\/18\/organismo-prisoners-defenders-registra-1-105-presos-politicos\/#respond"]}]},{"@type":"WebPage","@id":"https:\/\/www.eldiario.net\/portal\/2024\/09\/18\/organismo-prisoners-defenders-registra-1-105-presos-politicos\/","url":"https:\/\/www.eldiario.net\/portal\/2024\/09\/18\/organismo-prisoners-defenders-registra-1-105-presos-politicos\/","name":"Organismo Prisoners Defenders registra 1.105 presos pol\u00edticos - El Diario - Bolivia","isPartOf":{"@id":"https:\/\/www.eldiario.net\/portal\/#website"},"primaryImageOfPage":{"@id":"https:\/\/www.eldiario.net\/portal\/2024\/09\/18\/organismo-prisoners-defenders-registra-1-105-presos-politicos\/#primaryimage"},"image":{"@id":"https:\/\/www.eldiario.net\/portal\/2024\/09\/18\/organismo-prisoners-defenders-registra-1-105-presos-politicos\/#primaryimage"},"thumbnailUrl":"https:\/\/www.eldiario.net\/portal\/wp-content\/uploads\/2024\/09\/PRESOS-AP.jpg","datePublished":"2024-09-18T09:53:05+00:00","breadcrumb":{"@id":"https:\/\/www.eldiario.net\/portal\/2024\/09\/18\/organismo-prisoners-defenders-registra-1-105-presos-politicos\/#breadcrumb"},"inLanguage":"es","potentialAction":[{"@type":"ReadAction","target":["https:\/\/www.eldiario.net\/portal\/2024\/09\/18\/organismo-prisoners-defenders-registra-1-105-presos-politicos\/"]}]},{"@type":"ImageObject","inLanguage":"es","@id":"https:\/\/www.eldiario.net\/portal\/2024\/09\/18\/organismo-prisoners-defenders-registra-1-105-presos-politicos\/#primaryimage","url":"https:\/\/www.eldiario.net\/portal\/wp-content\/uploads\/2024\/09\/PRESOS-AP.jpg","contentUrl":"https:\/\/www.eldiario.net\/portal\/wp-content\/uploads\/2024\/09\/PRESOS-AP.jpg","width":1200,"height":525,"caption":"Imagen referencial"},{"@type":"BreadcrumbList","@id":"https:\/\/www.eldiario.net\/portal\/2024\/09\/18\/organismo-prisoners-defenders-registra-1-105-presos-politicos\/#breadcrumb","itemListElement":[{"@type":"ListItem","position":1,"name":"Portada","item":"https:\/\/www.eldiario.net\/portal\/"},{"@type":"ListItem","position":2,"name":"Organismo Prisoners Defenders registra 1.105 presos pol\u00edticos"}]},{"@type":"WebSite","@id":"https:\/\/www.eldiario.net\/portal\/#website","url":"https:\/\/www.eldiario.net\/portal\/","name":"El Diario - Decano de la prensa nacional","description":"El Diario - Decano de la prensa nacional","publisher":{"@id":"https:\/\/www.eldiario.net\/portal\/#organization"},"potentialAction":[{"@type":"SearchAction","target":{"@type":"EntryPoint","urlTemplate":"https:\/\/www.eldiario.net\/portal\/?s={search_term_string}"},"query-input":{"@type":"PropertyValueSpecification","valueRequired":true,"valueName":"search_term_string"}}],"inLanguage":"es"},{"@type":"Organization","@id":"https:\/\/www.eldiario.net\/portal\/#organization","name":"El Diario - Decano de la prensa nacional","url":"https:\/\/www.eldiario.net\/portal\/","logo":{"@type":"ImageObject","inLanguage":"es","@id":"https:\/\/www.eldiario.net\/portal\/#\/schema\/logo\/image\/","url":"https:\/\/www.eldiario.net\/portal\/wp-content\/uploads\/2023\/07\/logo_ED.jpg","contentUrl":"https:\/\/www.eldiario.net\/portal\/wp-content\/uploads\/2023\/07\/logo_ED.jpg","width":272,"height":52,"caption":"El Diario - Decano de la prensa nacional"},"image":{"@id":"https:\/\/www.eldiario.net\/portal\/#\/schema\/logo\/image\/"},"sameAs":["https:\/\/www.facebook.com\/eldiario.bolivia\/","https:\/\/x.com\/eldiario_net"]},{"@type":"Person","@id":"https:\/\/www.eldiario.net\/portal\/#\/schema\/person\/f46445640444750d7d753ccd04ae01b7","name":"Jeanette","image":{"@type":"ImageObject","inLanguage":"es","@id":"https:\/\/secure.gravatar.com\/avatar\/3ea2118a5f7dad2b7138b1187a6b7ee55f160b9968b66013c3a3ef39dd7e5798?s=96&d=mm&r=g","url":"https:\/\/secure.gravatar.com\/avatar\/3ea2118a5f7dad2b7138b1187a6b7ee55f160b9968b66013c3a3ef39dd7e5798?s=96&d=mm&r=g","contentUrl":"https:\/\/secure.gravatar.com\/avatar\/3ea2118a5f7dad2b7138b1187a6b7ee55f160b9968b66013c3a3ef39dd7e5798?s=96&d=mm&r=g","caption":"Jeanette"},"sameAs":["https:\/\/www.eldiario.net\/portal"],"url":"https:\/\/www.eldiario.net\/portal\/author\/jeanette\/"}]}},"_links":{"self":[{"href":"https:\/\/www.eldiario.net\/portal\/wp-json\/wp\/v2\/posts\/248188","targetHints":{"allow":["GET"]}}],"collection":[{"href":"https:\/\/www.eldiario.net\/portal\/wp-json\/wp\/v2\/posts"}],"about":[{"href":"https:\/\/www.eldiario.net\/portal\/wp-json\/wp\/v2\/types\/post"}],"author":[{"embeddable":true,"href":"https:\/\/www.eldiario.net\/portal\/wp-json\/wp\/v2\/users\/1"}],"replies":[{"embeddable":true,"href":"https:\/\/www.eldiario.net\/portal\/wp-json\/wp\/v2\/comments?post=248188"}],"version-history":[{"count":1,"href":"https:\/\/www.eldiario.net\/portal\/wp-json\/wp\/v2\/posts\/248188\/revisions"}],"predecessor-version":[{"id":248190,"href":"https:\/\/www.eldiario.net\/portal\/wp-json\/wp\/v2\/posts\/248188\/revisions\/248190"}],"wp:featuredmedia":[{"embeddable":true,"href":"https:\/\/www.eldiario.net\/portal\/wp-json\/wp\/v2\/media\/248189"}],"wp:attachment":[{"href":"https:\/\/www.eldiario.net\/portal\/wp-json\/wp\/v2\/media?parent=248188"}],"wp:term":[{"taxonomy":"category","embeddable":true,"href":"https:\/\/www.eldiario.net\/portal\/wp-json\/wp\/v2\/categories?post=248188"},{"taxonomy":"post_tag","embeddable":true,"href":"https:\/\/www.eldiario.net\/portal\/wp-json\/wp\/v2\/tags?post=248188"}],"curies":[{"name":"wp","href":"https:\/\/api.w.org\/{rel}","templated":true}]}}