{"id":248185,"date":"2024-09-18T05:52:25","date_gmt":"2024-09-18T09:52:25","guid":{"rendered":"https:\/\/www.eldiario.net\/portal\/?p=248185"},"modified":"2024-09-18T05:52:25","modified_gmt":"2024-09-18T09:52:25","slug":"pago-del-bono-juancito-pinto-inicia-en-la-segunda-semana-de-octubre","status":"publish","type":"post","link":"https:\/\/www.eldiario.net\/portal\/2024\/09\/18\/pago-del-bono-juancito-pinto-inicia-en-la-segunda-semana-de-octubre\/","title":{"rendered":"Pago del Bono Juancito Pinto inicia en la segunda semana de octubre"},"content":{"rendered":"<p>Con el objetivo de beneficiar a m\u00e1s de 2.3 millones de estudiantes de Primaria, Secundaria y Educaci\u00f3n Especial, de unidades educativas fiscales y de convenio del pa\u00eds, se anunci\u00f3 que el pago del Bono Juancito Pinto se efectuar\u00e1 a partir de la segunda semana de octubre y durante todo el mes de noviembre.<br \/>\n\u201cEl Bono Juancito Pinto 2024 se pagar\u00e1 a partir de la segunda semana de octubre y abarcar\u00e1 todo el mes de noviembre. Este a\u00f1o beneficiar\u00e1 a 2.340.000 estudiantes de Primaria, Secundaria y Educaci\u00f3n Especial, de las unidades educativas fiscales y de convenio de los nueve departamentos del pa\u00eds\u201d, anunci\u00f3 el ministro de Educaci\u00f3n, Omar Veliz Ramos, a tiempo de detallar que el pago representar\u00e1 una inversi\u00f3n de Bs 477.550.000.<br \/>\nAdem\u00e1s, Veliz apunt\u00f3 que se encuentra en revisi\u00f3n el Decreto Supremo que establecer\u00e1 el monto, beneficiarios, financiamiento y mecanismo para la entrega del incentivo a la permanencia escolar en la gesti\u00f3n 2024. Asimismo, indic\u00f3 que est\u00e1n en conversaciones con las empresas estatales sobre el aporte que realizar\u00e1n para la entrega del Bono.<br \/>\nPor otro lado, se est\u00e1 coordinando con los directores departamentales de Educaci\u00f3n los puntos estrat\u00e9gicos donde se movilizar\u00e1n las brigadas para la entrega del beneficio.<br \/>\nEl monto que se destina a cada estudiante es de Bs 200, considerado como un incentivo a la permanencia estudiantil en todo el territorio nacional y tiene el prop\u00f3sito de contribuir a la disminuci\u00f3n de la tasa de deserci\u00f3n escolar.<br \/>\nRETORNO A CLASES<br \/>\nLa autoridad educativa, en otro tema, inform\u00f3 que debido a una mejora notable en la calidad del aire, en ocho de los nueve departamentos, los estudiantes retornaron a las clases presenciales. Solamente en Pando contin\u00faan con la modalidad a distancia.<br \/>\n\u201cGracias a las lluvias que se registraron durante el fin de semana, la calidad del aire en varias regiones mejor\u00f3 y la mayor\u00eda de los departamentos volvieron a las labores educativas presenciales, luego de pasar clases a distancia por las consecuencias ambientales de los incendios forestales\u201d, manifest\u00f3 el ministro Veliz.<br \/>\nRecalc\u00f3 la importancia de la modalidad presencial, pues permite a los maestros y maestras aplicar estrategias y metodolog\u00edas para mejorar el aprendizaje de las y los estudiantes. A\u00f1adi\u00f3 que el Ministerio de Educaci\u00f3n realiza un constante seguimiento sobre las labores educativas del Sistema Educativo Plurinacional.<br \/>\nDe acuerdo con el informe del ministro de Educaci\u00f3n, la conclusi\u00f3n de la gesti\u00f3n escolar est\u00e1 prevista para el 4 de diciembre, aunque debido a la ampliaci\u00f3n del receso escolar se prev\u00e9 que podr\u00eda ampliarse hasta el 11.<br \/>\nPor otro lado, la autoridad gubernamental tambi\u00e9n se refiri\u00f3 a las marchas y bloqueos que se registran en el pa\u00eds, sostuvo que son un perjuicio para el normal desarrollo de las actividades educativas, ya que estudiantes, maestros, maestras, padres y madres de familia se ven afectados.<br \/>\n\u201cNo solo el sector productivo se ve perjudicado, sino tambi\u00e9n el normal funcionamiento de las labores educativas, ya que se notific\u00f3 que algunos establecimientos suspendieron las clases debido a los bloqueos, adem\u00e1s que padres y madres junto a sus hijos deben recorrer largas distancias por los bloqueos\u201d, mencion\u00f3 Veliz.<\/p>\n","protected":false},"excerpt":{"rendered":"<p>Con el objetivo de beneficiar a m\u00e1s de 2.3 millones de estudiantes de Primaria, Secundaria y Educaci\u00f3n Especial, de unidades educativas fiscales y de convenio del pa\u00eds, se anunci\u00f3 que el pago del Bono Juancito Pinto se efectuar\u00e1 a partir de la segunda semana de octubre y durante todo el mes de noviembre. \u201cEl Bono [&hellip;]<\/p>\n","protected":false},"author":1,"featured_media":248186,"comment_status":"open","ping_status":"open","sticky":false,"template":"","format":"standard","meta":{"_acf_changed":false,"footnotes":""},"categories":[12],"tags":[],"class_list":["post-248185","post","type-post","status-publish","format-standard","has-post-thumbnail","category-nacional"],"acf":{"antetitulo":"En diciembre culmina gesti\u00f3n escolar "},"yoast_head":"<!-- This site is optimized with the Yoast SEO plugin v28.4 - https:\/\/yoast.com\/product\/yoast-seo-wordpress\/ -->\n<title>Pago del Bono Juancito Pinto inicia en la segunda semana de octubre - El Diario - Bolivia<\/title>\n<meta name=\"robots\" content=\"index, follow, max-snippet:-1, max-image-preview:large, max-video-preview:-1\" \/>\n<link rel=\"canonical\" href=\"https:\/\/www.eldiario.net\/portal\/2024\/09\/18\/pago-del-bono-juancito-pinto-inicia-en-la-segunda-semana-de-octubre\/\" \/>\n<meta property=\"og:locale\" content=\"es_ES\" \/>\n<meta property=\"og:type\" content=\"article\" \/>\n<meta property=\"og:title\" content=\"Pago del Bono Juancito Pinto inicia en la segunda semana de octubre - El Diario - Bolivia\" \/>\n<meta property=\"og:description\" content=\"Con el objetivo de beneficiar a m\u00e1s de 2.3 millones de estudiantes de Primaria, Secundaria y Educaci\u00f3n Especial, de unidades educativas fiscales y de convenio del pa\u00eds, se anunci\u00f3 que el pago del Bono Juancito Pinto se efectuar\u00e1 a partir de la segunda semana de octubre y durante todo el mes de noviembre. \u201cEl Bono [&hellip;]\" \/>\n<meta property=\"og:url\" content=\"https:\/\/www.eldiario.net\/portal\/2024\/09\/18\/pago-del-bono-juancito-pinto-inicia-en-la-segunda-semana-de-octubre\/\" \/>\n<meta property=\"og:site_name\" content=\"El Diario - Bolivia\" \/>\n<meta property=\"article:publisher\" content=\"https:\/\/www.facebook.com\/eldiario.bolivia\/\" \/>\n<meta property=\"article:published_time\" content=\"2024-09-18T09:52:25+00:00\" \/>\n<meta property=\"og:image\" content=\"https:\/\/www.eldiario.net\/portal\/wp-content\/uploads\/2024\/09\/F-1-bono.jpg\" \/>\n\t<meta property=\"og:image:width\" content=\"410\" \/>\n\t<meta property=\"og:image:height\" content=\"238\" \/>\n\t<meta property=\"og:image:type\" content=\"image\/jpeg\" \/>\n<meta name=\"author\" content=\"Jeanette\" \/>\n<meta name=\"twitter:card\" content=\"summary_large_image\" \/>\n<meta name=\"twitter:creator\" content=\"@eldiario_net\" \/>\n<meta name=\"twitter:site\" content=\"@eldiario_net\" \/>\n<meta name=\"twitter:label1\" content=\"Escrito por\" \/>\n\t<meta name=\"twitter:data1\" content=\"Jeanette\" \/>\n\t<meta name=\"twitter:label2\" content=\"Tiempo de lectura\" \/>\n\t<meta name=\"twitter:data2\" content=\"3 minutos\" \/>\n<script type=\"application\/ld+json\" class=\"yoast-schema-graph\">{\"@context\":\"https:\\\/\\\/schema.org\",\"@graph\":[{\"@type\":\"Article\",\"@id\":\"https:\\\/\\\/www.eldiario.net\\\/portal\\\/2024\\\/09\\\/18\\\/pago-del-bono-juancito-pinto-inicia-en-la-segunda-semana-de-octubre\\\/#article\",\"isPartOf\":{\"@id\":\"https:\\\/\\\/www.eldiario.net\\\/portal\\\/2024\\\/09\\\/18\\\/pago-del-bono-juancito-pinto-inicia-en-la-segunda-semana-de-octubre\\\/\"},\"author\":{\"name\":\"Jeanette\",\"@id\":\"https:\\\/\\\/www.eldiario.net\\\/portal\\\/#\\\/schema\\\/person\\\/f46445640444750d7d753ccd04ae01b7\"},\"headline\":\"Pago del Bono Juancito Pinto inicia en la segunda semana de octubre\",\"datePublished\":\"2024-09-18T09:52:25+00:00\",\"mainEntityOfPage\":{\"@id\":\"https:\\\/\\\/www.eldiario.net\\\/portal\\\/2024\\\/09\\\/18\\\/pago-del-bono-juancito-pinto-inicia-en-la-segunda-semana-de-octubre\\\/\"},\"wordCount\":547,\"commentCount\":0,\"publisher\":{\"@id\":\"https:\\\/\\\/www.eldiario.net\\\/portal\\\/#organization\"},\"image\":{\"@id\":\"https:\\\/\\\/www.eldiario.net\\\/portal\\\/2024\\\/09\\\/18\\\/pago-del-bono-juancito-pinto-inicia-en-la-segunda-semana-de-octubre\\\/#primaryimage\"},\"thumbnailUrl\":\"https:\\\/\\\/www.eldiario.net\\\/portal\\\/wp-content\\\/uploads\\\/2024\\\/09\\\/F-1-bono.jpg\",\"articleSection\":[\"Nacional\"],\"inLanguage\":\"es\",\"potentialAction\":[{\"@type\":\"CommentAction\",\"name\":\"Comment\",\"target\":[\"https:\\\/\\\/www.eldiario.net\\\/portal\\\/2024\\\/09\\\/18\\\/pago-del-bono-juancito-pinto-inicia-en-la-segunda-semana-de-octubre\\\/#respond\"]}]},{\"@type\":\"WebPage\",\"@id\":\"https:\\\/\\\/www.eldiario.net\\\/portal\\\/2024\\\/09\\\/18\\\/pago-del-bono-juancito-pinto-inicia-en-la-segunda-semana-de-octubre\\\/\",\"url\":\"https:\\\/\\\/www.eldiario.net\\\/portal\\\/2024\\\/09\\\/18\\\/pago-del-bono-juancito-pinto-inicia-en-la-segunda-semana-de-octubre\\\/\",\"name\":\"Pago del Bono Juancito Pinto inicia en la segunda semana de octubre - El Diario - Bolivia\",\"isPartOf\":{\"@id\":\"https:\\\/\\\/www.eldiario.net\\\/portal\\\/#website\"},\"primaryImageOfPage\":{\"@id\":\"https:\\\/\\\/www.eldiario.net\\\/portal\\\/2024\\\/09\\\/18\\\/pago-del-bono-juancito-pinto-inicia-en-la-segunda-semana-de-octubre\\\/#primaryimage\"},\"image\":{\"@id\":\"https:\\\/\\\/www.eldiario.net\\\/portal\\\/2024\\\/09\\\/18\\\/pago-del-bono-juancito-pinto-inicia-en-la-segunda-semana-de-octubre\\\/#primaryimage\"},\"thumbnailUrl\":\"https:\\\/\\\/www.eldiario.net\\\/portal\\\/wp-content\\\/uploads\\\/2024\\\/09\\\/F-1-bono.jpg\",\"datePublished\":\"2024-09-18T09:52:25+00:00\",\"breadcrumb\":{\"@id\":\"https:\\\/\\\/www.eldiario.net\\\/portal\\\/2024\\\/09\\\/18\\\/pago-del-bono-juancito-pinto-inicia-en-la-segunda-semana-de-octubre\\\/#breadcrumb\"},\"inLanguage\":\"es\",\"potentialAction\":[{\"@type\":\"ReadAction\",\"target\":[\"https:\\\/\\\/www.eldiario.net\\\/portal\\\/2024\\\/09\\\/18\\\/pago-del-bono-juancito-pinto-inicia-en-la-segunda-semana-de-octubre\\\/\"]}]},{\"@type\":\"ImageObject\",\"inLanguage\":\"es\",\"@id\":\"https:\\\/\\\/www.eldiario.net\\\/portal\\\/2024\\\/09\\\/18\\\/pago-del-bono-juancito-pinto-inicia-en-la-segunda-semana-de-octubre\\\/#primaryimage\",\"url\":\"https:\\\/\\\/www.eldiario.net\\\/portal\\\/wp-content\\\/uploads\\\/2024\\\/09\\\/F-1-bono.jpg\",\"contentUrl\":\"https:\\\/\\\/www.eldiario.net\\\/portal\\\/wp-content\\\/uploads\\\/2024\\\/09\\\/F-1-bono.jpg\",\"width\":410,\"height\":238,\"caption\":\"Los estudiantes reciben un incentivo de Bs 200.\"},{\"@type\":\"BreadcrumbList\",\"@id\":\"https:\\\/\\\/www.eldiario.net\\\/portal\\\/2024\\\/09\\\/18\\\/pago-del-bono-juancito-pinto-inicia-en-la-segunda-semana-de-octubre\\\/#breadcrumb\",\"itemListElement\":[{\"@type\":\"ListItem\",\"position\":1,\"name\":\"Portada\",\"item\":\"https:\\\/\\\/www.eldiario.net\\\/portal\\\/\"},{\"@type\":\"ListItem\",\"position\":2,\"name\":\"Pago del Bono Juancito Pinto inicia en la segunda semana de octubre\"}]},{\"@type\":\"WebSite\",\"@id\":\"https:\\\/\\\/www.eldiario.net\\\/portal\\\/#website\",\"url\":\"https:\\\/\\\/www.eldiario.net\\\/portal\\\/\",\"name\":\"El Diario - Decano de la prensa nacional\",\"description\":\"El Diario - Decano de la prensa nacional\",\"publisher\":{\"@id\":\"https:\\\/\\\/www.eldiario.net\\\/portal\\\/#organization\"},\"potentialAction\":[{\"@type\":\"SearchAction\",\"target\":{\"@type\":\"EntryPoint\",\"urlTemplate\":\"https:\\\/\\\/www.eldiario.net\\\/portal\\\/?s={search_term_string}\"},\"query-input\":{\"@type\":\"PropertyValueSpecification\",\"valueRequired\":true,\"valueName\":\"search_term_string\"}}],\"inLanguage\":\"es\"},{\"@type\":\"Organization\",\"@id\":\"https:\\\/\\\/www.eldiario.net\\\/portal\\\/#organization\",\"name\":\"El Diario - Decano de la prensa nacional\",\"url\":\"https:\\\/\\\/www.eldiario.net\\\/portal\\\/\",\"logo\":{\"@type\":\"ImageObject\",\"inLanguage\":\"es\",\"@id\":\"https:\\\/\\\/www.eldiario.net\\\/portal\\\/#\\\/schema\\\/logo\\\/image\\\/\",\"url\":\"https:\\\/\\\/www.eldiario.net\\\/portal\\\/wp-content\\\/uploads\\\/2023\\\/07\\\/logo_ED.jpg\",\"contentUrl\":\"https:\\\/\\\/www.eldiario.net\\\/portal\\\/wp-content\\\/uploads\\\/2023\\\/07\\\/logo_ED.jpg\",\"width\":272,\"height\":52,\"caption\":\"El Diario - Decano de la prensa nacional\"},\"image\":{\"@id\":\"https:\\\/\\\/www.eldiario.net\\\/portal\\\/#\\\/schema\\\/logo\\\/image\\\/\"},\"sameAs\":[\"https:\\\/\\\/www.facebook.com\\\/eldiario.bolivia\\\/\",\"https:\\\/\\\/x.com\\\/eldiario_net\"]},{\"@type\":\"Person\",\"@id\":\"https:\\\/\\\/www.eldiario.net\\\/portal\\\/#\\\/schema\\\/person\\\/f46445640444750d7d753ccd04ae01b7\",\"name\":\"Jeanette\",\"image\":{\"@type\":\"ImageObject\",\"inLanguage\":\"es\",\"@id\":\"https:\\\/\\\/secure.gravatar.com\\\/avatar\\\/3ea2118a5f7dad2b7138b1187a6b7ee55f160b9968b66013c3a3ef39dd7e5798?s=96&d=mm&r=g\",\"url\":\"https:\\\/\\\/secure.gravatar.com\\\/avatar\\\/3ea2118a5f7dad2b7138b1187a6b7ee55f160b9968b66013c3a3ef39dd7e5798?s=96&d=mm&r=g\",\"contentUrl\":\"https:\\\/\\\/secure.gravatar.com\\\/avatar\\\/3ea2118a5f7dad2b7138b1187a6b7ee55f160b9968b66013c3a3ef39dd7e5798?s=96&d=mm&r=g\",\"caption\":\"Jeanette\"},\"sameAs\":[\"https:\\\/\\\/www.eldiario.net\\\/portal\"],\"url\":\"https:\\\/\\\/www.eldiario.net\\\/portal\\\/author\\\/jeanette\\\/\"}]}<\/script>\n<!-- \/ Yoast SEO plugin. -->","yoast_head_json":{"title":"Pago del Bono Juancito Pinto inicia en la segunda semana de octubre - El Diario - Bolivia","robots":{"index":"index","follow":"follow","max-snippet":"max-snippet:-1","max-image-preview":"max-image-preview:large","max-video-preview":"max-video-preview:-1"},"canonical":"https:\/\/www.eldiario.net\/portal\/2024\/09\/18\/pago-del-bono-juancito-pinto-inicia-en-la-segunda-semana-de-octubre\/","og_locale":"es_ES","og_type":"article","og_title":"Pago del Bono Juancito Pinto inicia en la segunda semana de octubre - El Diario - Bolivia","og_description":"Con el objetivo de beneficiar a m\u00e1s de 2.3 millones de estudiantes de Primaria, Secundaria y Educaci\u00f3n Especial, de unidades educativas fiscales y de convenio del pa\u00eds, se anunci\u00f3 que el pago del Bono Juancito Pinto se efectuar\u00e1 a partir de la segunda semana de octubre y durante todo el mes de noviembre. \u201cEl Bono [&hellip;]","og_url":"https:\/\/www.eldiario.net\/portal\/2024\/09\/18\/pago-del-bono-juancito-pinto-inicia-en-la-segunda-semana-de-octubre\/","og_site_name":"El Diario - Bolivia","article_publisher":"https:\/\/www.facebook.com\/eldiario.bolivia\/","article_published_time":"2024-09-18T09:52:25+00:00","og_image":[{"width":410,"height":238,"url":"https:\/\/www.eldiario.net\/portal\/wp-content\/uploads\/2024\/09\/F-1-bono.jpg","type":"image\/jpeg"}],"author":"Jeanette","twitter_card":"summary_large_image","twitter_creator":"@eldiario_net","twitter_site":"@eldiario_net","twitter_misc":{"Escrito por":"Jeanette","Tiempo de lectura":"3 minutos"},"schema":{"@context":"https:\/\/schema.org","@graph":[{"@type":"Article","@id":"https:\/\/www.eldiario.net\/portal\/2024\/09\/18\/pago-del-bono-juancito-pinto-inicia-en-la-segunda-semana-de-octubre\/#article","isPartOf":{"@id":"https:\/\/www.eldiario.net\/portal\/2024\/09\/18\/pago-del-bono-juancito-pinto-inicia-en-la-segunda-semana-de-octubre\/"},"author":{"name":"Jeanette","@id":"https:\/\/www.eldiario.net\/portal\/#\/schema\/person\/f46445640444750d7d753ccd04ae01b7"},"headline":"Pago del Bono Juancito Pinto inicia en la segunda semana de octubre","datePublished":"2024-09-18T09:52:25+00:00","mainEntityOfPage":{"@id":"https:\/\/www.eldiario.net\/portal\/2024\/09\/18\/pago-del-bono-juancito-pinto-inicia-en-la-segunda-semana-de-octubre\/"},"wordCount":547,"commentCount":0,"publisher":{"@id":"https:\/\/www.eldiario.net\/portal\/#organization"},"image":{"@id":"https:\/\/www.eldiario.net\/portal\/2024\/09\/18\/pago-del-bono-juancito-pinto-inicia-en-la-segunda-semana-de-octubre\/#primaryimage"},"thumbnailUrl":"https:\/\/www.eldiario.net\/portal\/wp-content\/uploads\/2024\/09\/F-1-bono.jpg","articleSection":["Nacional"],"inLanguage":"es","potentialAction":[{"@type":"CommentAction","name":"Comment","target":["https:\/\/www.eldiario.net\/portal\/2024\/09\/18\/pago-del-bono-juancito-pinto-inicia-en-la-segunda-semana-de-octubre\/#respond"]}]},{"@type":"WebPage","@id":"https:\/\/www.eldiario.net\/portal\/2024\/09\/18\/pago-del-bono-juancito-pinto-inicia-en-la-segunda-semana-de-octubre\/","url":"https:\/\/www.eldiario.net\/portal\/2024\/09\/18\/pago-del-bono-juancito-pinto-inicia-en-la-segunda-semana-de-octubre\/","name":"Pago del Bono Juancito Pinto inicia en la segunda semana de octubre - El Diario - Bolivia","isPartOf":{"@id":"https:\/\/www.eldiario.net\/portal\/#website"},"primaryImageOfPage":{"@id":"https:\/\/www.eldiario.net\/portal\/2024\/09\/18\/pago-del-bono-juancito-pinto-inicia-en-la-segunda-semana-de-octubre\/#primaryimage"},"image":{"@id":"https:\/\/www.eldiario.net\/portal\/2024\/09\/18\/pago-del-bono-juancito-pinto-inicia-en-la-segunda-semana-de-octubre\/#primaryimage"},"thumbnailUrl":"https:\/\/www.eldiario.net\/portal\/wp-content\/uploads\/2024\/09\/F-1-bono.jpg","datePublished":"2024-09-18T09:52:25+00:00","breadcrumb":{"@id":"https:\/\/www.eldiario.net\/portal\/2024\/09\/18\/pago-del-bono-juancito-pinto-inicia-en-la-segunda-semana-de-octubre\/#breadcrumb"},"inLanguage":"es","potentialAction":[{"@type":"ReadAction","target":["https:\/\/www.eldiario.net\/portal\/2024\/09\/18\/pago-del-bono-juancito-pinto-inicia-en-la-segunda-semana-de-octubre\/"]}]},{"@type":"ImageObject","inLanguage":"es","@id":"https:\/\/www.eldiario.net\/portal\/2024\/09\/18\/pago-del-bono-juancito-pinto-inicia-en-la-segunda-semana-de-octubre\/#primaryimage","url":"https:\/\/www.eldiario.net\/portal\/wp-content\/uploads\/2024\/09\/F-1-bono.jpg","contentUrl":"https:\/\/www.eldiario.net\/portal\/wp-content\/uploads\/2024\/09\/F-1-bono.jpg","width":410,"height":238,"caption":"Los estudiantes reciben un incentivo de Bs 200."},{"@type":"BreadcrumbList","@id":"https:\/\/www.eldiario.net\/portal\/2024\/09\/18\/pago-del-bono-juancito-pinto-inicia-en-la-segunda-semana-de-octubre\/#breadcrumb","itemListElement":[{"@type":"ListItem","position":1,"name":"Portada","item":"https:\/\/www.eldiario.net\/portal\/"},{"@type":"ListItem","position":2,"name":"Pago del Bono Juancito Pinto inicia en la segunda semana de octubre"}]},{"@type":"WebSite","@id":"https:\/\/www.eldiario.net\/portal\/#website","url":"https:\/\/www.eldiario.net\/portal\/","name":"El Diario - Decano de la prensa nacional","description":"El Diario - Decano de la prensa nacional","publisher":{"@id":"https:\/\/www.eldiario.net\/portal\/#organization"},"potentialAction":[{"@type":"SearchAction","target":{"@type":"EntryPoint","urlTemplate":"https:\/\/www.eldiario.net\/portal\/?s={search_term_string}"},"query-input":{"@type":"PropertyValueSpecification","valueRequired":true,"valueName":"search_term_string"}}],"inLanguage":"es"},{"@type":"Organization","@id":"https:\/\/www.eldiario.net\/portal\/#organization","name":"El Diario - Decano de la prensa nacional","url":"https:\/\/www.eldiario.net\/portal\/","logo":{"@type":"ImageObject","inLanguage":"es","@id":"https:\/\/www.eldiario.net\/portal\/#\/schema\/logo\/image\/","url":"https:\/\/www.eldiario.net\/portal\/wp-content\/uploads\/2023\/07\/logo_ED.jpg","contentUrl":"https:\/\/www.eldiario.net\/portal\/wp-content\/uploads\/2023\/07\/logo_ED.jpg","width":272,"height":52,"caption":"El Diario - Decano de la prensa nacional"},"image":{"@id":"https:\/\/www.eldiario.net\/portal\/#\/schema\/logo\/image\/"},"sameAs":["https:\/\/www.facebook.com\/eldiario.bolivia\/","https:\/\/x.com\/eldiario_net"]},{"@type":"Person","@id":"https:\/\/www.eldiario.net\/portal\/#\/schema\/person\/f46445640444750d7d753ccd04ae01b7","name":"Jeanette","image":{"@type":"ImageObject","inLanguage":"es","@id":"https:\/\/secure.gravatar.com\/avatar\/3ea2118a5f7dad2b7138b1187a6b7ee55f160b9968b66013c3a3ef39dd7e5798?s=96&d=mm&r=g","url":"https:\/\/secure.gravatar.com\/avatar\/3ea2118a5f7dad2b7138b1187a6b7ee55f160b9968b66013c3a3ef39dd7e5798?s=96&d=mm&r=g","contentUrl":"https:\/\/secure.gravatar.com\/avatar\/3ea2118a5f7dad2b7138b1187a6b7ee55f160b9968b66013c3a3ef39dd7e5798?s=96&d=mm&r=g","caption":"Jeanette"},"sameAs":["https:\/\/www.eldiario.net\/portal"],"url":"https:\/\/www.eldiario.net\/portal\/author\/jeanette\/"}]}},"_links":{"self":[{"href":"https:\/\/www.eldiario.net\/portal\/wp-json\/wp\/v2\/posts\/248185","targetHints":{"allow":["GET"]}}],"collection":[{"href":"https:\/\/www.eldiario.net\/portal\/wp-json\/wp\/v2\/posts"}],"about":[{"href":"https:\/\/www.eldiario.net\/portal\/wp-json\/wp\/v2\/types\/post"}],"author":[{"embeddable":true,"href":"https:\/\/www.eldiario.net\/portal\/wp-json\/wp\/v2\/users\/1"}],"replies":[{"embeddable":true,"href":"https:\/\/www.eldiario.net\/portal\/wp-json\/wp\/v2\/comments?post=248185"}],"version-history":[{"count":1,"href":"https:\/\/www.eldiario.net\/portal\/wp-json\/wp\/v2\/posts\/248185\/revisions"}],"predecessor-version":[{"id":248187,"href":"https:\/\/www.eldiario.net\/portal\/wp-json\/wp\/v2\/posts\/248185\/revisions\/248187"}],"wp:featuredmedia":[{"embeddable":true,"href":"https:\/\/www.eldiario.net\/portal\/wp-json\/wp\/v2\/media\/248186"}],"wp:attachment":[{"href":"https:\/\/www.eldiario.net\/portal\/wp-json\/wp\/v2\/media?parent=248185"}],"wp:term":[{"taxonomy":"category","embeddable":true,"href":"https:\/\/www.eldiario.net\/portal\/wp-json\/wp\/v2\/categories?post=248185"},{"taxonomy":"post_tag","embeddable":true,"href":"https:\/\/www.eldiario.net\/portal\/wp-json\/wp\/v2\/tags?post=248185"}],"curies":[{"name":"wp","href":"https:\/\/api.w.org\/{rel}","templated":true}]}}