{"id":248182,"date":"2024-09-18T05:51:55","date_gmt":"2024-09-18T09:51:55","guid":{"rendered":"https:\/\/www.eldiario.net\/portal\/?p=248182"},"modified":"2024-09-18T05:51:55","modified_gmt":"2024-09-18T09:51:55","slug":"actividad-economica-de-zona-sur-perjudicada-por-ciclovia","status":"publish","type":"post","link":"https:\/\/www.eldiario.net\/portal\/2024\/09\/18\/actividad-economica-de-zona-sur-perjudicada-por-ciclovia\/","title":{"rendered":"Actividad econ\u00f3mica de zona Sur perjudicada por ciclov\u00eda"},"content":{"rendered":"<p>Entre otro de los inconvenientes que vecinos y ciudadanos hacen conocer a este medio sobre los \u201cperjuicios\u201d que se presentan por la implementaci\u00f3n de la ciclov\u00eda en la zona Sur pace\u00f1a est\u00e1 las desventajas que tienen ahora los propietarios de varios negocios que se encuentran en la Calle 21 de Calacoto, considerado un lugar de movimiento econ\u00f3mico.<br \/>\n\u201cHa perjudicado. La gente que estaba apurada paraba un rato su coche y se bajaban a comprar, pero ahora no pueden hacer eso\u201d, se\u00f1al\u00f3 el propietario de un negocio al ser consultado sobre la ciclov\u00eda.<br \/>\nDe igual manera, varios de los due\u00f1os y encargados de diferentes negocios expresaron su desacuerdo y casi nadie, consultado, felicit\u00f3 a la comuna por esa iniciativa.<br \/>\n\u201cClaro que estoy de acuerdo con un espacio seguro para que las personas puedan manejar bicicleta, adem\u00e1s que ayuda bastante al medioambiente, pero eso se debe hacer en lugares espec\u00edficos, con v\u00edas amplias y que no perjudiquen a otros (\u2026) claro que perjudica de cierta manera, porque, por ejemplo, la gente mira el aparador o los ventanales donde est\u00e1n los productos para que puedan adquirirlos, pero ahora la distancia hace que ni siquiera puedan ver las ofertas que tenemos\u201d, lament\u00f3 el propietario de una tienda deportiva.<br \/>\nEl rechazo tambi\u00e9n se hace conocer mediante las redes sociales, donde varias personas expresan su desacuerdo.<br \/>\n\u201cPerjudica porque no se puede descargar, no nos dan tiempo para descargar o enviar las encomiendas, quieren que vayamos al frente para eso y nos perjudica. No nos conviene, nos perjudica\u201d, explic\u00f3 el responsable de una agencia de encomiendas de una empresa de transporte interdepartamental.<br \/>\nPor otro lado, el propietario de una barber\u00eda tampoco est\u00e1 de acuerdo, se\u00f1ala que es \u201cen vano esta ciclov\u00eda, porque no anda mucho la gente en bicicleta por ac\u00e1, y jode el parqueo que, en nuestro caso, usaban los clientes mientras pasaban a su servicio. Es contraproducente\u201d, dijo.<br \/>\nOtro sector perjudicado son las personas que cuidaban veh\u00edculos estacionados por el lugar, quienes aseguran que la v\u00eda para bicicletas redujo sus ingresos. \u201cYa no se estacionan, a veces vienen y un ratito nom\u00e1s se quedan. Ya no ganamos casi nada, \u00bfqu\u00e9 vamos a hacer ahora? \u00bfqui\u00e9n nos va a dar trabajo? Nosotros de eso vivimos\u201d, se\u00f1al\u00f3 una mujer que tuvo que migrar a otro sector para cuidar autos.<\/p>\n","protected":false},"excerpt":{"rendered":"<p>Entre otro de los inconvenientes que vecinos y ciudadanos hacen conocer a este medio sobre los \u201cperjuicios\u201d que se presentan por la implementaci\u00f3n de la ciclov\u00eda en la zona Sur pace\u00f1a est\u00e1 las desventajas que tienen ahora los propietarios de varios negocios que se encuentran en la Calle 21 de Calacoto, considerado un lugar de [&hellip;]<\/p>\n","protected":false},"author":1,"featured_media":248183,"comment_status":"open","ping_status":"open","sticky":false,"template":"","format":"standard","meta":{"_acf_changed":false,"footnotes":""},"categories":[12],"tags":[],"class_list":["post-248182","post","type-post","status-publish","format-standard","has-post-thumbnail","category-nacional"],"acf":{"antetitulo":""},"yoast_head":"<!-- This site is optimized with the Yoast SEO plugin v28.4 - https:\/\/yoast.com\/product\/yoast-seo-wordpress\/ -->\n<title>Actividad econ\u00f3mica de zona Sur perjudicada por ciclov\u00eda - El Diario - Bolivia<\/title>\n<meta name=\"robots\" content=\"index, follow, max-snippet:-1, max-image-preview:large, max-video-preview:-1\" \/>\n<link rel=\"canonical\" href=\"https:\/\/www.eldiario.net\/portal\/2024\/09\/18\/actividad-economica-de-zona-sur-perjudicada-por-ciclovia\/\" \/>\n<meta property=\"og:locale\" content=\"es_ES\" \/>\n<meta property=\"og:type\" content=\"article\" \/>\n<meta property=\"og:title\" content=\"Actividad econ\u00f3mica de zona Sur perjudicada por ciclov\u00eda - El Diario - Bolivia\" \/>\n<meta property=\"og:description\" content=\"Entre otro de los inconvenientes que vecinos y ciudadanos hacen conocer a este medio sobre los \u201cperjuicios\u201d que se presentan por la implementaci\u00f3n de la ciclov\u00eda en la zona Sur pace\u00f1a est\u00e1 las desventajas que tienen ahora los propietarios de varios negocios que se encuentran en la Calle 21 de Calacoto, considerado un lugar de [&hellip;]\" \/>\n<meta property=\"og:url\" content=\"https:\/\/www.eldiario.net\/portal\/2024\/09\/18\/actividad-economica-de-zona-sur-perjudicada-por-ciclovia\/\" \/>\n<meta property=\"og:site_name\" content=\"El Diario - Bolivia\" \/>\n<meta property=\"article:publisher\" content=\"https:\/\/www.facebook.com\/eldiario.bolivia\/\" \/>\n<meta property=\"article:published_time\" content=\"2024-09-18T09:51:55+00:00\" \/>\n<meta property=\"og:image\" content=\"https:\/\/www.eldiario.net\/portal\/wp-content\/uploads\/2024\/09\/F-2-ciclov.jpg\" \/>\n\t<meta property=\"og:image:width\" content=\"1200\" \/>\n\t<meta property=\"og:image:height\" content=\"800\" \/>\n\t<meta property=\"og:image:type\" content=\"image\/jpeg\" \/>\n<meta name=\"author\" content=\"Jeanette\" \/>\n<meta name=\"twitter:card\" content=\"summary_large_image\" \/>\n<meta name=\"twitter:creator\" content=\"@eldiario_net\" \/>\n<meta name=\"twitter:site\" content=\"@eldiario_net\" \/>\n<meta name=\"twitter:label1\" content=\"Escrito por\" \/>\n\t<meta name=\"twitter:data1\" content=\"Jeanette\" \/>\n\t<meta name=\"twitter:label2\" content=\"Tiempo de lectura\" \/>\n\t<meta name=\"twitter:data2\" content=\"2 minutos\" \/>\n<script type=\"application\/ld+json\" class=\"yoast-schema-graph\">{\"@context\":\"https:\\\/\\\/schema.org\",\"@graph\":[{\"@type\":\"Article\",\"@id\":\"https:\\\/\\\/www.eldiario.net\\\/portal\\\/2024\\\/09\\\/18\\\/actividad-economica-de-zona-sur-perjudicada-por-ciclovia\\\/#article\",\"isPartOf\":{\"@id\":\"https:\\\/\\\/www.eldiario.net\\\/portal\\\/2024\\\/09\\\/18\\\/actividad-economica-de-zona-sur-perjudicada-por-ciclovia\\\/\"},\"author\":{\"name\":\"Jeanette\",\"@id\":\"https:\\\/\\\/www.eldiario.net\\\/portal\\\/#\\\/schema\\\/person\\\/f46445640444750d7d753ccd04ae01b7\"},\"headline\":\"Actividad econ\u00f3mica de zona Sur perjudicada por ciclov\u00eda\",\"datePublished\":\"2024-09-18T09:51:55+00:00\",\"mainEntityOfPage\":{\"@id\":\"https:\\\/\\\/www.eldiario.net\\\/portal\\\/2024\\\/09\\\/18\\\/actividad-economica-de-zona-sur-perjudicada-por-ciclovia\\\/\"},\"wordCount\":410,\"commentCount\":0,\"publisher\":{\"@id\":\"https:\\\/\\\/www.eldiario.net\\\/portal\\\/#organization\"},\"image\":{\"@id\":\"https:\\\/\\\/www.eldiario.net\\\/portal\\\/2024\\\/09\\\/18\\\/actividad-economica-de-zona-sur-perjudicada-por-ciclovia\\\/#primaryimage\"},\"thumbnailUrl\":\"https:\\\/\\\/www.eldiario.net\\\/portal\\\/wp-content\\\/uploads\\\/2024\\\/09\\\/F-2-ciclov.jpg\",\"articleSection\":[\"Nacional\"],\"inLanguage\":\"es\",\"potentialAction\":[{\"@type\":\"CommentAction\",\"name\":\"Comment\",\"target\":[\"https:\\\/\\\/www.eldiario.net\\\/portal\\\/2024\\\/09\\\/18\\\/actividad-economica-de-zona-sur-perjudicada-por-ciclovia\\\/#respond\"]}]},{\"@type\":\"WebPage\",\"@id\":\"https:\\\/\\\/www.eldiario.net\\\/portal\\\/2024\\\/09\\\/18\\\/actividad-economica-de-zona-sur-perjudicada-por-ciclovia\\\/\",\"url\":\"https:\\\/\\\/www.eldiario.net\\\/portal\\\/2024\\\/09\\\/18\\\/actividad-economica-de-zona-sur-perjudicada-por-ciclovia\\\/\",\"name\":\"Actividad econ\u00f3mica de zona Sur perjudicada por ciclov\u00eda - El Diario - Bolivia\",\"isPartOf\":{\"@id\":\"https:\\\/\\\/www.eldiario.net\\\/portal\\\/#website\"},\"primaryImageOfPage\":{\"@id\":\"https:\\\/\\\/www.eldiario.net\\\/portal\\\/2024\\\/09\\\/18\\\/actividad-economica-de-zona-sur-perjudicada-por-ciclovia\\\/#primaryimage\"},\"image\":{\"@id\":\"https:\\\/\\\/www.eldiario.net\\\/portal\\\/2024\\\/09\\\/18\\\/actividad-economica-de-zona-sur-perjudicada-por-ciclovia\\\/#primaryimage\"},\"thumbnailUrl\":\"https:\\\/\\\/www.eldiario.net\\\/portal\\\/wp-content\\\/uploads\\\/2024\\\/09\\\/F-2-ciclov.jpg\",\"datePublished\":\"2024-09-18T09:51:55+00:00\",\"breadcrumb\":{\"@id\":\"https:\\\/\\\/www.eldiario.net\\\/portal\\\/2024\\\/09\\\/18\\\/actividad-economica-de-zona-sur-perjudicada-por-ciclovia\\\/#breadcrumb\"},\"inLanguage\":\"es\",\"potentialAction\":[{\"@type\":\"ReadAction\",\"target\":[\"https:\\\/\\\/www.eldiario.net\\\/portal\\\/2024\\\/09\\\/18\\\/actividad-economica-de-zona-sur-perjudicada-por-ciclovia\\\/\"]}]},{\"@type\":\"ImageObject\",\"inLanguage\":\"es\",\"@id\":\"https:\\\/\\\/www.eldiario.net\\\/portal\\\/2024\\\/09\\\/18\\\/actividad-economica-de-zona-sur-perjudicada-por-ciclovia\\\/#primaryimage\",\"url\":\"https:\\\/\\\/www.eldiario.net\\\/portal\\\/wp-content\\\/uploads\\\/2024\\\/09\\\/F-2-ciclov.jpg\",\"contentUrl\":\"https:\\\/\\\/www.eldiario.net\\\/portal\\\/wp-content\\\/uploads\\\/2024\\\/09\\\/F-2-ciclov.jpg\",\"width\":1200,\"height\":800,\"caption\":\"La Calle 21 de Calacoto es un sector comercial de la zona Sur.\"},{\"@type\":\"BreadcrumbList\",\"@id\":\"https:\\\/\\\/www.eldiario.net\\\/portal\\\/2024\\\/09\\\/18\\\/actividad-economica-de-zona-sur-perjudicada-por-ciclovia\\\/#breadcrumb\",\"itemListElement\":[{\"@type\":\"ListItem\",\"position\":1,\"name\":\"Portada\",\"item\":\"https:\\\/\\\/www.eldiario.net\\\/portal\\\/\"},{\"@type\":\"ListItem\",\"position\":2,\"name\":\"Actividad econ\u00f3mica de zona Sur perjudicada por ciclov\u00eda\"}]},{\"@type\":\"WebSite\",\"@id\":\"https:\\\/\\\/www.eldiario.net\\\/portal\\\/#website\",\"url\":\"https:\\\/\\\/www.eldiario.net\\\/portal\\\/\",\"name\":\"El Diario - Decano de la prensa nacional\",\"description\":\"El Diario - Decano de la prensa nacional\",\"publisher\":{\"@id\":\"https:\\\/\\\/www.eldiario.net\\\/portal\\\/#organization\"},\"potentialAction\":[{\"@type\":\"SearchAction\",\"target\":{\"@type\":\"EntryPoint\",\"urlTemplate\":\"https:\\\/\\\/www.eldiario.net\\\/portal\\\/?s={search_term_string}\"},\"query-input\":{\"@type\":\"PropertyValueSpecification\",\"valueRequired\":true,\"valueName\":\"search_term_string\"}}],\"inLanguage\":\"es\"},{\"@type\":\"Organization\",\"@id\":\"https:\\\/\\\/www.eldiario.net\\\/portal\\\/#organization\",\"name\":\"El Diario - Decano de la prensa nacional\",\"url\":\"https:\\\/\\\/www.eldiario.net\\\/portal\\\/\",\"logo\":{\"@type\":\"ImageObject\",\"inLanguage\":\"es\",\"@id\":\"https:\\\/\\\/www.eldiario.net\\\/portal\\\/#\\\/schema\\\/logo\\\/image\\\/\",\"url\":\"https:\\\/\\\/www.eldiario.net\\\/portal\\\/wp-content\\\/uploads\\\/2023\\\/07\\\/logo_ED.jpg\",\"contentUrl\":\"https:\\\/\\\/www.eldiario.net\\\/portal\\\/wp-content\\\/uploads\\\/2023\\\/07\\\/logo_ED.jpg\",\"width\":272,\"height\":52,\"caption\":\"El Diario - Decano de la prensa nacional\"},\"image\":{\"@id\":\"https:\\\/\\\/www.eldiario.net\\\/portal\\\/#\\\/schema\\\/logo\\\/image\\\/\"},\"sameAs\":[\"https:\\\/\\\/www.facebook.com\\\/eldiario.bolivia\\\/\",\"https:\\\/\\\/x.com\\\/eldiario_net\"]},{\"@type\":\"Person\",\"@id\":\"https:\\\/\\\/www.eldiario.net\\\/portal\\\/#\\\/schema\\\/person\\\/f46445640444750d7d753ccd04ae01b7\",\"name\":\"Jeanette\",\"image\":{\"@type\":\"ImageObject\",\"inLanguage\":\"es\",\"@id\":\"https:\\\/\\\/secure.gravatar.com\\\/avatar\\\/3ea2118a5f7dad2b7138b1187a6b7ee55f160b9968b66013c3a3ef39dd7e5798?s=96&d=mm&r=g\",\"url\":\"https:\\\/\\\/secure.gravatar.com\\\/avatar\\\/3ea2118a5f7dad2b7138b1187a6b7ee55f160b9968b66013c3a3ef39dd7e5798?s=96&d=mm&r=g\",\"contentUrl\":\"https:\\\/\\\/secure.gravatar.com\\\/avatar\\\/3ea2118a5f7dad2b7138b1187a6b7ee55f160b9968b66013c3a3ef39dd7e5798?s=96&d=mm&r=g\",\"caption\":\"Jeanette\"},\"sameAs\":[\"https:\\\/\\\/www.eldiario.net\\\/portal\"],\"url\":\"https:\\\/\\\/www.eldiario.net\\\/portal\\\/author\\\/jeanette\\\/\"}]}<\/script>\n<!-- \/ Yoast SEO plugin. -->","yoast_head_json":{"title":"Actividad econ\u00f3mica de zona Sur perjudicada por ciclov\u00eda - El Diario - Bolivia","robots":{"index":"index","follow":"follow","max-snippet":"max-snippet:-1","max-image-preview":"max-image-preview:large","max-video-preview":"max-video-preview:-1"},"canonical":"https:\/\/www.eldiario.net\/portal\/2024\/09\/18\/actividad-economica-de-zona-sur-perjudicada-por-ciclovia\/","og_locale":"es_ES","og_type":"article","og_title":"Actividad econ\u00f3mica de zona Sur perjudicada por ciclov\u00eda - El Diario - Bolivia","og_description":"Entre otro de los inconvenientes que vecinos y ciudadanos hacen conocer a este medio sobre los \u201cperjuicios\u201d que se presentan por la implementaci\u00f3n de la ciclov\u00eda en la zona Sur pace\u00f1a est\u00e1 las desventajas que tienen ahora los propietarios de varios negocios que se encuentran en la Calle 21 de Calacoto, considerado un lugar de [&hellip;]","og_url":"https:\/\/www.eldiario.net\/portal\/2024\/09\/18\/actividad-economica-de-zona-sur-perjudicada-por-ciclovia\/","og_site_name":"El Diario - Bolivia","article_publisher":"https:\/\/www.facebook.com\/eldiario.bolivia\/","article_published_time":"2024-09-18T09:51:55+00:00","og_image":[{"width":1200,"height":800,"url":"https:\/\/www.eldiario.net\/portal\/wp-content\/uploads\/2024\/09\/F-2-ciclov.jpg","type":"image\/jpeg"}],"author":"Jeanette","twitter_card":"summary_large_image","twitter_creator":"@eldiario_net","twitter_site":"@eldiario_net","twitter_misc":{"Escrito por":"Jeanette","Tiempo de lectura":"2 minutos"},"schema":{"@context":"https:\/\/schema.org","@graph":[{"@type":"Article","@id":"https:\/\/www.eldiario.net\/portal\/2024\/09\/18\/actividad-economica-de-zona-sur-perjudicada-por-ciclovia\/#article","isPartOf":{"@id":"https:\/\/www.eldiario.net\/portal\/2024\/09\/18\/actividad-economica-de-zona-sur-perjudicada-por-ciclovia\/"},"author":{"name":"Jeanette","@id":"https:\/\/www.eldiario.net\/portal\/#\/schema\/person\/f46445640444750d7d753ccd04ae01b7"},"headline":"Actividad econ\u00f3mica de zona Sur perjudicada por ciclov\u00eda","datePublished":"2024-09-18T09:51:55+00:00","mainEntityOfPage":{"@id":"https:\/\/www.eldiario.net\/portal\/2024\/09\/18\/actividad-economica-de-zona-sur-perjudicada-por-ciclovia\/"},"wordCount":410,"commentCount":0,"publisher":{"@id":"https:\/\/www.eldiario.net\/portal\/#organization"},"image":{"@id":"https:\/\/www.eldiario.net\/portal\/2024\/09\/18\/actividad-economica-de-zona-sur-perjudicada-por-ciclovia\/#primaryimage"},"thumbnailUrl":"https:\/\/www.eldiario.net\/portal\/wp-content\/uploads\/2024\/09\/F-2-ciclov.jpg","articleSection":["Nacional"],"inLanguage":"es","potentialAction":[{"@type":"CommentAction","name":"Comment","target":["https:\/\/www.eldiario.net\/portal\/2024\/09\/18\/actividad-economica-de-zona-sur-perjudicada-por-ciclovia\/#respond"]}]},{"@type":"WebPage","@id":"https:\/\/www.eldiario.net\/portal\/2024\/09\/18\/actividad-economica-de-zona-sur-perjudicada-por-ciclovia\/","url":"https:\/\/www.eldiario.net\/portal\/2024\/09\/18\/actividad-economica-de-zona-sur-perjudicada-por-ciclovia\/","name":"Actividad econ\u00f3mica de zona Sur perjudicada por ciclov\u00eda - El Diario - Bolivia","isPartOf":{"@id":"https:\/\/www.eldiario.net\/portal\/#website"},"primaryImageOfPage":{"@id":"https:\/\/www.eldiario.net\/portal\/2024\/09\/18\/actividad-economica-de-zona-sur-perjudicada-por-ciclovia\/#primaryimage"},"image":{"@id":"https:\/\/www.eldiario.net\/portal\/2024\/09\/18\/actividad-economica-de-zona-sur-perjudicada-por-ciclovia\/#primaryimage"},"thumbnailUrl":"https:\/\/www.eldiario.net\/portal\/wp-content\/uploads\/2024\/09\/F-2-ciclov.jpg","datePublished":"2024-09-18T09:51:55+00:00","breadcrumb":{"@id":"https:\/\/www.eldiario.net\/portal\/2024\/09\/18\/actividad-economica-de-zona-sur-perjudicada-por-ciclovia\/#breadcrumb"},"inLanguage":"es","potentialAction":[{"@type":"ReadAction","target":["https:\/\/www.eldiario.net\/portal\/2024\/09\/18\/actividad-economica-de-zona-sur-perjudicada-por-ciclovia\/"]}]},{"@type":"ImageObject","inLanguage":"es","@id":"https:\/\/www.eldiario.net\/portal\/2024\/09\/18\/actividad-economica-de-zona-sur-perjudicada-por-ciclovia\/#primaryimage","url":"https:\/\/www.eldiario.net\/portal\/wp-content\/uploads\/2024\/09\/F-2-ciclov.jpg","contentUrl":"https:\/\/www.eldiario.net\/portal\/wp-content\/uploads\/2024\/09\/F-2-ciclov.jpg","width":1200,"height":800,"caption":"La Calle 21 de Calacoto es un sector comercial de la zona Sur."},{"@type":"BreadcrumbList","@id":"https:\/\/www.eldiario.net\/portal\/2024\/09\/18\/actividad-economica-de-zona-sur-perjudicada-por-ciclovia\/#breadcrumb","itemListElement":[{"@type":"ListItem","position":1,"name":"Portada","item":"https:\/\/www.eldiario.net\/portal\/"},{"@type":"ListItem","position":2,"name":"Actividad econ\u00f3mica de zona Sur perjudicada por ciclov\u00eda"}]},{"@type":"WebSite","@id":"https:\/\/www.eldiario.net\/portal\/#website","url":"https:\/\/www.eldiario.net\/portal\/","name":"El Diario - Decano de la prensa nacional","description":"El Diario - Decano de la prensa nacional","publisher":{"@id":"https:\/\/www.eldiario.net\/portal\/#organization"},"potentialAction":[{"@type":"SearchAction","target":{"@type":"EntryPoint","urlTemplate":"https:\/\/www.eldiario.net\/portal\/?s={search_term_string}"},"query-input":{"@type":"PropertyValueSpecification","valueRequired":true,"valueName":"search_term_string"}}],"inLanguage":"es"},{"@type":"Organization","@id":"https:\/\/www.eldiario.net\/portal\/#organization","name":"El Diario - Decano de la prensa nacional","url":"https:\/\/www.eldiario.net\/portal\/","logo":{"@type":"ImageObject","inLanguage":"es","@id":"https:\/\/www.eldiario.net\/portal\/#\/schema\/logo\/image\/","url":"https:\/\/www.eldiario.net\/portal\/wp-content\/uploads\/2023\/07\/logo_ED.jpg","contentUrl":"https:\/\/www.eldiario.net\/portal\/wp-content\/uploads\/2023\/07\/logo_ED.jpg","width":272,"height":52,"caption":"El Diario - Decano de la prensa nacional"},"image":{"@id":"https:\/\/www.eldiario.net\/portal\/#\/schema\/logo\/image\/"},"sameAs":["https:\/\/www.facebook.com\/eldiario.bolivia\/","https:\/\/x.com\/eldiario_net"]},{"@type":"Person","@id":"https:\/\/www.eldiario.net\/portal\/#\/schema\/person\/f46445640444750d7d753ccd04ae01b7","name":"Jeanette","image":{"@type":"ImageObject","inLanguage":"es","@id":"https:\/\/secure.gravatar.com\/avatar\/3ea2118a5f7dad2b7138b1187a6b7ee55f160b9968b66013c3a3ef39dd7e5798?s=96&d=mm&r=g","url":"https:\/\/secure.gravatar.com\/avatar\/3ea2118a5f7dad2b7138b1187a6b7ee55f160b9968b66013c3a3ef39dd7e5798?s=96&d=mm&r=g","contentUrl":"https:\/\/secure.gravatar.com\/avatar\/3ea2118a5f7dad2b7138b1187a6b7ee55f160b9968b66013c3a3ef39dd7e5798?s=96&d=mm&r=g","caption":"Jeanette"},"sameAs":["https:\/\/www.eldiario.net\/portal"],"url":"https:\/\/www.eldiario.net\/portal\/author\/jeanette\/"}]}},"_links":{"self":[{"href":"https:\/\/www.eldiario.net\/portal\/wp-json\/wp\/v2\/posts\/248182","targetHints":{"allow":["GET"]}}],"collection":[{"href":"https:\/\/www.eldiario.net\/portal\/wp-json\/wp\/v2\/posts"}],"about":[{"href":"https:\/\/www.eldiario.net\/portal\/wp-json\/wp\/v2\/types\/post"}],"author":[{"embeddable":true,"href":"https:\/\/www.eldiario.net\/portal\/wp-json\/wp\/v2\/users\/1"}],"replies":[{"embeddable":true,"href":"https:\/\/www.eldiario.net\/portal\/wp-json\/wp\/v2\/comments?post=248182"}],"version-history":[{"count":1,"href":"https:\/\/www.eldiario.net\/portal\/wp-json\/wp\/v2\/posts\/248182\/revisions"}],"predecessor-version":[{"id":248184,"href":"https:\/\/www.eldiario.net\/portal\/wp-json\/wp\/v2\/posts\/248182\/revisions\/248184"}],"wp:featuredmedia":[{"embeddable":true,"href":"https:\/\/www.eldiario.net\/portal\/wp-json\/wp\/v2\/media\/248183"}],"wp:attachment":[{"href":"https:\/\/www.eldiario.net\/portal\/wp-json\/wp\/v2\/media?parent=248182"}],"wp:term":[{"taxonomy":"category","embeddable":true,"href":"https:\/\/www.eldiario.net\/portal\/wp-json\/wp\/v2\/categories?post=248182"},{"taxonomy":"post_tag","embeddable":true,"href":"https:\/\/www.eldiario.net\/portal\/wp-json\/wp\/v2\/tags?post=248182"}],"curies":[{"name":"wp","href":"https:\/\/api.w.org\/{rel}","templated":true}]}}