{"id":248178,"date":"2024-09-18T05:50:46","date_gmt":"2024-09-18T09:50:46","guid":{"rendered":"https:\/\/www.eldiario.net\/portal\/?p=248178"},"modified":"2024-09-18T15:29:16","modified_gmt":"2024-09-18T19:29:16","slug":"umsa-denuncia-intento-de-actividad-minera-en-nevado-huayna-potosi","status":"publish","type":"post","link":"https:\/\/www.eldiario.net\/portal\/2024\/09\/18\/umsa-denuncia-intento-de-actividad-minera-en-nevado-huayna-potosi\/","title":{"rendered":"UMSA denuncia intento de actividad  minera en nevado Huayna Potos\u00ed"},"content":{"rendered":"<p>Mediante un comunicado difundido en sus redes sociales, la Universidad Mayor de San Andr\u00e9s (UMSA) denunci\u00f3 y expres\u00f3 su preocupaci\u00f3n sobre actividades mineras que estar\u00edan pretendiendo instalarse en las faldas del nevado Huayna Potos\u00ed, situaci\u00f3n que perjudicar\u00eda a la estaci\u00f3n cient\u00edfica que tienen en ese sector, considerada uno de los 11 sitios de referencia mundial.<br \/>\n\u201cLa Universidad Mayor de San Andr\u00e9s denuncia y hace conocer su preocupaci\u00f3n por el intento de realizar actividades mineras en las faldas del nevado Huayna Potos\u00ed, lugar donde se encuentra la Estaci\u00f3n Cient\u00edfica Experimental Huayna Potos\u00ed de la UMSA, lo que provocar\u00eda perder la categor\u00eda de Observatorio Clim\u00e1tico Internacional siendo en la actualidad uno de los 11 sitios de referencia mundial seleccionados por Naciones Unidas para el monitoreo clim\u00e1tico a trav\u00e9s del Organismo Internacional de Energ\u00eda At\u00f3mica (Ant\u00e1rtica, Groenlandia, Noruega, Per\u00fa, China, Rusia, Canad\u00e1, Chile, Bolivia, Austria, Tanzania), afectando el trabajo de monitoreo de los impactos del cambio clim\u00e1tico sobre los recursos h\u00eddricos en la Cordillera de los Andes\u201d, se\u00f1ala el escrito.<br \/>\nPor otro lado a\u00f1ade que, adem\u00e1s, esta actividad minera, que pretende ubicarse en el sector oeste, comunidad Mar\u00eda Llokho, del Departamento de La Paz, afectar\u00eda a una de las tres subcuencas que alimentan al embalse Tuni, el principal reservorio que alimenta de agua potable a las ciudades de El Alto y parte de La Paz.<br \/>\nAnte esta situaci\u00f3n, alertamos a las instancias correspondientes: Ministerio de Medio Ambiente y Agua, Autoridad Jurisdiccional Administrativa Minera, Gobierno Aut\u00f3nomo Departamental de La Paz, gobiernos aut\u00f3nomos municipales de La Paz y El Alto, a tomar medidas que eviten un da\u00f1o a los reservorios de agua y la actividad cient\u00edfica en el pa\u00eds.<br \/>\nLa UMSA denuncia estos hechos con el objetivo de evitar un desastre ambiental con graves consecuencias a la salud p\u00fablica.<\/p>\n<p>&nbsp;<\/p>\n","protected":false},"excerpt":{"rendered":"<p>Mediante un comunicado difundido en sus redes sociales, la Universidad Mayor de San Andr\u00e9s (UMSA) denunci\u00f3 y expres\u00f3 su preocupaci\u00f3n sobre actividades mineras que estar\u00edan pretendiendo instalarse en las faldas del nevado Huayna Potos\u00ed, situaci\u00f3n que perjudicar\u00eda a la estaci\u00f3n cient\u00edfica que tienen en ese sector, considerada uno de los 11 sitios de referencia mundial. [&hellip;]<\/p>\n","protected":false},"author":1,"featured_media":248369,"comment_status":"open","ping_status":"open","sticky":false,"template":"","format":"standard","meta":{"_acf_changed":false,"footnotes":""},"categories":[12],"tags":[],"class_list":["post-248178","post","type-post","status-publish","format-standard","has-post-thumbnail","category-nacional"],"acf":{"antetitulo":"Corre riesgo categor\u00eda de observatorio cient\u00edfico"},"yoast_head":"<!-- This site is optimized with the Yoast SEO plugin v28.4 - https:\/\/yoast.com\/product\/yoast-seo-wordpress\/ -->\n<title>UMSA denuncia intento de actividad minera en nevado Huayna Potos\u00ed - El Diario - Bolivia<\/title>\n<meta name=\"robots\" content=\"index, follow, max-snippet:-1, max-image-preview:large, max-video-preview:-1\" \/>\n<link rel=\"canonical\" href=\"https:\/\/www.eldiario.net\/portal\/2024\/09\/18\/umsa-denuncia-intento-de-actividad-minera-en-nevado-huayna-potosi\/\" \/>\n<meta property=\"og:locale\" content=\"es_ES\" \/>\n<meta property=\"og:type\" content=\"article\" \/>\n<meta property=\"og:title\" content=\"UMSA denuncia intento de actividad minera en nevado Huayna Potos\u00ed - El Diario - Bolivia\" \/>\n<meta property=\"og:description\" content=\"Mediante un comunicado difundido en sus redes sociales, la Universidad Mayor de San Andr\u00e9s (UMSA) denunci\u00f3 y expres\u00f3 su preocupaci\u00f3n sobre actividades mineras que estar\u00edan pretendiendo instalarse en las faldas del nevado Huayna Potos\u00ed, situaci\u00f3n que perjudicar\u00eda a la estaci\u00f3n cient\u00edfica que tienen en ese sector, considerada uno de los 11 sitios de referencia mundial. [&hellip;]\" \/>\n<meta property=\"og:url\" content=\"https:\/\/www.eldiario.net\/portal\/2024\/09\/18\/umsa-denuncia-intento-de-actividad-minera-en-nevado-huayna-potosi\/\" \/>\n<meta property=\"og:site_name\" content=\"El Diario - Bolivia\" \/>\n<meta property=\"article:publisher\" content=\"https:\/\/www.facebook.com\/eldiario.bolivia\/\" \/>\n<meta property=\"article:published_time\" content=\"2024-09-18T09:50:46+00:00\" \/>\n<meta property=\"article:modified_time\" content=\"2024-09-18T19:29:16+00:00\" \/>\n<meta property=\"og:image\" content=\"https:\/\/www.eldiario.net\/portal\/wp-content\/uploads\/2024\/09\/Huayna-Potosi-ana.jpg\" \/>\n\t<meta property=\"og:image:width\" content=\"900\" \/>\n\t<meta property=\"og:image:height\" content=\"563\" \/>\n\t<meta property=\"og:image:type\" content=\"image\/jpeg\" \/>\n<meta name=\"author\" content=\"Jeanette\" \/>\n<meta name=\"twitter:card\" content=\"summary_large_image\" \/>\n<meta name=\"twitter:creator\" content=\"@eldiario_net\" \/>\n<meta name=\"twitter:site\" content=\"@eldiario_net\" \/>\n<meta name=\"twitter:label1\" content=\"Escrito por\" \/>\n\t<meta name=\"twitter:data1\" content=\"Jeanette\" \/>\n\t<meta name=\"twitter:label2\" content=\"Tiempo de lectura\" \/>\n\t<meta name=\"twitter:data2\" content=\"2 minutos\" \/>\n<script type=\"application\/ld+json\" class=\"yoast-schema-graph\">{\"@context\":\"https:\\\/\\\/schema.org\",\"@graph\":[{\"@type\":\"Article\",\"@id\":\"https:\\\/\\\/www.eldiario.net\\\/portal\\\/2024\\\/09\\\/18\\\/umsa-denuncia-intento-de-actividad-minera-en-nevado-huayna-potosi\\\/#article\",\"isPartOf\":{\"@id\":\"https:\\\/\\\/www.eldiario.net\\\/portal\\\/2024\\\/09\\\/18\\\/umsa-denuncia-intento-de-actividad-minera-en-nevado-huayna-potosi\\\/\"},\"author\":{\"name\":\"Jeanette\",\"@id\":\"https:\\\/\\\/www.eldiario.net\\\/portal\\\/#\\\/schema\\\/person\\\/f46445640444750d7d753ccd04ae01b7\"},\"headline\":\"UMSA denuncia intento de actividad minera en nevado Huayna Potos\u00ed\",\"datePublished\":\"2024-09-18T09:50:46+00:00\",\"dateModified\":\"2024-09-18T19:29:16+00:00\",\"mainEntityOfPage\":{\"@id\":\"https:\\\/\\\/www.eldiario.net\\\/portal\\\/2024\\\/09\\\/18\\\/umsa-denuncia-intento-de-actividad-minera-en-nevado-huayna-potosi\\\/\"},\"wordCount\":336,\"commentCount\":0,\"publisher\":{\"@id\":\"https:\\\/\\\/www.eldiario.net\\\/portal\\\/#organization\"},\"image\":{\"@id\":\"https:\\\/\\\/www.eldiario.net\\\/portal\\\/2024\\\/09\\\/18\\\/umsa-denuncia-intento-de-actividad-minera-en-nevado-huayna-potosi\\\/#primaryimage\"},\"thumbnailUrl\":\"https:\\\/\\\/www.eldiario.net\\\/portal\\\/wp-content\\\/uploads\\\/2024\\\/09\\\/Huayna-Potosi-ana.jpg\",\"articleSection\":[\"Nacional\"],\"inLanguage\":\"es\",\"potentialAction\":[{\"@type\":\"CommentAction\",\"name\":\"Comment\",\"target\":[\"https:\\\/\\\/www.eldiario.net\\\/portal\\\/2024\\\/09\\\/18\\\/umsa-denuncia-intento-de-actividad-minera-en-nevado-huayna-potosi\\\/#respond\"]}]},{\"@type\":\"WebPage\",\"@id\":\"https:\\\/\\\/www.eldiario.net\\\/portal\\\/2024\\\/09\\\/18\\\/umsa-denuncia-intento-de-actividad-minera-en-nevado-huayna-potosi\\\/\",\"url\":\"https:\\\/\\\/www.eldiario.net\\\/portal\\\/2024\\\/09\\\/18\\\/umsa-denuncia-intento-de-actividad-minera-en-nevado-huayna-potosi\\\/\",\"name\":\"UMSA denuncia intento de actividad minera en nevado Huayna Potos\u00ed - El Diario - Bolivia\",\"isPartOf\":{\"@id\":\"https:\\\/\\\/www.eldiario.net\\\/portal\\\/#website\"},\"primaryImageOfPage\":{\"@id\":\"https:\\\/\\\/www.eldiario.net\\\/portal\\\/2024\\\/09\\\/18\\\/umsa-denuncia-intento-de-actividad-minera-en-nevado-huayna-potosi\\\/#primaryimage\"},\"image\":{\"@id\":\"https:\\\/\\\/www.eldiario.net\\\/portal\\\/2024\\\/09\\\/18\\\/umsa-denuncia-intento-de-actividad-minera-en-nevado-huayna-potosi\\\/#primaryimage\"},\"thumbnailUrl\":\"https:\\\/\\\/www.eldiario.net\\\/portal\\\/wp-content\\\/uploads\\\/2024\\\/09\\\/Huayna-Potosi-ana.jpg\",\"datePublished\":\"2024-09-18T09:50:46+00:00\",\"dateModified\":\"2024-09-18T19:29:16+00:00\",\"breadcrumb\":{\"@id\":\"https:\\\/\\\/www.eldiario.net\\\/portal\\\/2024\\\/09\\\/18\\\/umsa-denuncia-intento-de-actividad-minera-en-nevado-huayna-potosi\\\/#breadcrumb\"},\"inLanguage\":\"es\",\"potentialAction\":[{\"@type\":\"ReadAction\",\"target\":[\"https:\\\/\\\/www.eldiario.net\\\/portal\\\/2024\\\/09\\\/18\\\/umsa-denuncia-intento-de-actividad-minera-en-nevado-huayna-potosi\\\/\"]}]},{\"@type\":\"ImageObject\",\"inLanguage\":\"es\",\"@id\":\"https:\\\/\\\/www.eldiario.net\\\/portal\\\/2024\\\/09\\\/18\\\/umsa-denuncia-intento-de-actividad-minera-en-nevado-huayna-potosi\\\/#primaryimage\",\"url\":\"https:\\\/\\\/www.eldiario.net\\\/portal\\\/wp-content\\\/uploads\\\/2024\\\/09\\\/Huayna-Potosi-ana.jpg\",\"contentUrl\":\"https:\\\/\\\/www.eldiario.net\\\/portal\\\/wp-content\\\/uploads\\\/2024\\\/09\\\/Huayna-Potosi-ana.jpg\",\"width\":900,\"height\":563,\"caption\":\"Nevado de Huayna Potos\u00ed en La Paz.\"},{\"@type\":\"BreadcrumbList\",\"@id\":\"https:\\\/\\\/www.eldiario.net\\\/portal\\\/2024\\\/09\\\/18\\\/umsa-denuncia-intento-de-actividad-minera-en-nevado-huayna-potosi\\\/#breadcrumb\",\"itemListElement\":[{\"@type\":\"ListItem\",\"position\":1,\"name\":\"Portada\",\"item\":\"https:\\\/\\\/www.eldiario.net\\\/portal\\\/\"},{\"@type\":\"ListItem\",\"position\":2,\"name\":\"UMSA denuncia intento de actividad minera en nevado Huayna Potos\u00ed\"}]},{\"@type\":\"WebSite\",\"@id\":\"https:\\\/\\\/www.eldiario.net\\\/portal\\\/#website\",\"url\":\"https:\\\/\\\/www.eldiario.net\\\/portal\\\/\",\"name\":\"El Diario - Decano de la prensa nacional\",\"description\":\"El Diario - Decano de la prensa nacional\",\"publisher\":{\"@id\":\"https:\\\/\\\/www.eldiario.net\\\/portal\\\/#organization\"},\"potentialAction\":[{\"@type\":\"SearchAction\",\"target\":{\"@type\":\"EntryPoint\",\"urlTemplate\":\"https:\\\/\\\/www.eldiario.net\\\/portal\\\/?s={search_term_string}\"},\"query-input\":{\"@type\":\"PropertyValueSpecification\",\"valueRequired\":true,\"valueName\":\"search_term_string\"}}],\"inLanguage\":\"es\"},{\"@type\":\"Organization\",\"@id\":\"https:\\\/\\\/www.eldiario.net\\\/portal\\\/#organization\",\"name\":\"El Diario - Decano de la prensa nacional\",\"url\":\"https:\\\/\\\/www.eldiario.net\\\/portal\\\/\",\"logo\":{\"@type\":\"ImageObject\",\"inLanguage\":\"es\",\"@id\":\"https:\\\/\\\/www.eldiario.net\\\/portal\\\/#\\\/schema\\\/logo\\\/image\\\/\",\"url\":\"https:\\\/\\\/www.eldiario.net\\\/portal\\\/wp-content\\\/uploads\\\/2023\\\/07\\\/logo_ED.jpg\",\"contentUrl\":\"https:\\\/\\\/www.eldiario.net\\\/portal\\\/wp-content\\\/uploads\\\/2023\\\/07\\\/logo_ED.jpg\",\"width\":272,\"height\":52,\"caption\":\"El Diario - Decano de la prensa nacional\"},\"image\":{\"@id\":\"https:\\\/\\\/www.eldiario.net\\\/portal\\\/#\\\/schema\\\/logo\\\/image\\\/\"},\"sameAs\":[\"https:\\\/\\\/www.facebook.com\\\/eldiario.bolivia\\\/\",\"https:\\\/\\\/x.com\\\/eldiario_net\"]},{\"@type\":\"Person\",\"@id\":\"https:\\\/\\\/www.eldiario.net\\\/portal\\\/#\\\/schema\\\/person\\\/f46445640444750d7d753ccd04ae01b7\",\"name\":\"Jeanette\",\"image\":{\"@type\":\"ImageObject\",\"inLanguage\":\"es\",\"@id\":\"https:\\\/\\\/secure.gravatar.com\\\/avatar\\\/3ea2118a5f7dad2b7138b1187a6b7ee55f160b9968b66013c3a3ef39dd7e5798?s=96&d=mm&r=g\",\"url\":\"https:\\\/\\\/secure.gravatar.com\\\/avatar\\\/3ea2118a5f7dad2b7138b1187a6b7ee55f160b9968b66013c3a3ef39dd7e5798?s=96&d=mm&r=g\",\"contentUrl\":\"https:\\\/\\\/secure.gravatar.com\\\/avatar\\\/3ea2118a5f7dad2b7138b1187a6b7ee55f160b9968b66013c3a3ef39dd7e5798?s=96&d=mm&r=g\",\"caption\":\"Jeanette\"},\"sameAs\":[\"https:\\\/\\\/www.eldiario.net\\\/portal\"],\"url\":\"https:\\\/\\\/www.eldiario.net\\\/portal\\\/author\\\/jeanette\\\/\"}]}<\/script>\n<!-- \/ Yoast SEO plugin. -->","yoast_head_json":{"title":"UMSA denuncia intento de actividad minera en nevado Huayna Potos\u00ed - El Diario - Bolivia","robots":{"index":"index","follow":"follow","max-snippet":"max-snippet:-1","max-image-preview":"max-image-preview:large","max-video-preview":"max-video-preview:-1"},"canonical":"https:\/\/www.eldiario.net\/portal\/2024\/09\/18\/umsa-denuncia-intento-de-actividad-minera-en-nevado-huayna-potosi\/","og_locale":"es_ES","og_type":"article","og_title":"UMSA denuncia intento de actividad minera en nevado Huayna Potos\u00ed - El Diario - Bolivia","og_description":"Mediante un comunicado difundido en sus redes sociales, la Universidad Mayor de San Andr\u00e9s (UMSA) denunci\u00f3 y expres\u00f3 su preocupaci\u00f3n sobre actividades mineras que estar\u00edan pretendiendo instalarse en las faldas del nevado Huayna Potos\u00ed, situaci\u00f3n que perjudicar\u00eda a la estaci\u00f3n cient\u00edfica que tienen en ese sector, considerada uno de los 11 sitios de referencia mundial. [&hellip;]","og_url":"https:\/\/www.eldiario.net\/portal\/2024\/09\/18\/umsa-denuncia-intento-de-actividad-minera-en-nevado-huayna-potosi\/","og_site_name":"El Diario - Bolivia","article_publisher":"https:\/\/www.facebook.com\/eldiario.bolivia\/","article_published_time":"2024-09-18T09:50:46+00:00","article_modified_time":"2024-09-18T19:29:16+00:00","og_image":[{"width":900,"height":563,"url":"https:\/\/www.eldiario.net\/portal\/wp-content\/uploads\/2024\/09\/Huayna-Potosi-ana.jpg","type":"image\/jpeg"}],"author":"Jeanette","twitter_card":"summary_large_image","twitter_creator":"@eldiario_net","twitter_site":"@eldiario_net","twitter_misc":{"Escrito por":"Jeanette","Tiempo de lectura":"2 minutos"},"schema":{"@context":"https:\/\/schema.org","@graph":[{"@type":"Article","@id":"https:\/\/www.eldiario.net\/portal\/2024\/09\/18\/umsa-denuncia-intento-de-actividad-minera-en-nevado-huayna-potosi\/#article","isPartOf":{"@id":"https:\/\/www.eldiario.net\/portal\/2024\/09\/18\/umsa-denuncia-intento-de-actividad-minera-en-nevado-huayna-potosi\/"},"author":{"name":"Jeanette","@id":"https:\/\/www.eldiario.net\/portal\/#\/schema\/person\/f46445640444750d7d753ccd04ae01b7"},"headline":"UMSA denuncia intento de actividad minera en nevado Huayna Potos\u00ed","datePublished":"2024-09-18T09:50:46+00:00","dateModified":"2024-09-18T19:29:16+00:00","mainEntityOfPage":{"@id":"https:\/\/www.eldiario.net\/portal\/2024\/09\/18\/umsa-denuncia-intento-de-actividad-minera-en-nevado-huayna-potosi\/"},"wordCount":336,"commentCount":0,"publisher":{"@id":"https:\/\/www.eldiario.net\/portal\/#organization"},"image":{"@id":"https:\/\/www.eldiario.net\/portal\/2024\/09\/18\/umsa-denuncia-intento-de-actividad-minera-en-nevado-huayna-potosi\/#primaryimage"},"thumbnailUrl":"https:\/\/www.eldiario.net\/portal\/wp-content\/uploads\/2024\/09\/Huayna-Potosi-ana.jpg","articleSection":["Nacional"],"inLanguage":"es","potentialAction":[{"@type":"CommentAction","name":"Comment","target":["https:\/\/www.eldiario.net\/portal\/2024\/09\/18\/umsa-denuncia-intento-de-actividad-minera-en-nevado-huayna-potosi\/#respond"]}]},{"@type":"WebPage","@id":"https:\/\/www.eldiario.net\/portal\/2024\/09\/18\/umsa-denuncia-intento-de-actividad-minera-en-nevado-huayna-potosi\/","url":"https:\/\/www.eldiario.net\/portal\/2024\/09\/18\/umsa-denuncia-intento-de-actividad-minera-en-nevado-huayna-potosi\/","name":"UMSA denuncia intento de actividad minera en nevado Huayna Potos\u00ed - El Diario - Bolivia","isPartOf":{"@id":"https:\/\/www.eldiario.net\/portal\/#website"},"primaryImageOfPage":{"@id":"https:\/\/www.eldiario.net\/portal\/2024\/09\/18\/umsa-denuncia-intento-de-actividad-minera-en-nevado-huayna-potosi\/#primaryimage"},"image":{"@id":"https:\/\/www.eldiario.net\/portal\/2024\/09\/18\/umsa-denuncia-intento-de-actividad-minera-en-nevado-huayna-potosi\/#primaryimage"},"thumbnailUrl":"https:\/\/www.eldiario.net\/portal\/wp-content\/uploads\/2024\/09\/Huayna-Potosi-ana.jpg","datePublished":"2024-09-18T09:50:46+00:00","dateModified":"2024-09-18T19:29:16+00:00","breadcrumb":{"@id":"https:\/\/www.eldiario.net\/portal\/2024\/09\/18\/umsa-denuncia-intento-de-actividad-minera-en-nevado-huayna-potosi\/#breadcrumb"},"inLanguage":"es","potentialAction":[{"@type":"ReadAction","target":["https:\/\/www.eldiario.net\/portal\/2024\/09\/18\/umsa-denuncia-intento-de-actividad-minera-en-nevado-huayna-potosi\/"]}]},{"@type":"ImageObject","inLanguage":"es","@id":"https:\/\/www.eldiario.net\/portal\/2024\/09\/18\/umsa-denuncia-intento-de-actividad-minera-en-nevado-huayna-potosi\/#primaryimage","url":"https:\/\/www.eldiario.net\/portal\/wp-content\/uploads\/2024\/09\/Huayna-Potosi-ana.jpg","contentUrl":"https:\/\/www.eldiario.net\/portal\/wp-content\/uploads\/2024\/09\/Huayna-Potosi-ana.jpg","width":900,"height":563,"caption":"Nevado de Huayna Potos\u00ed en La Paz."},{"@type":"BreadcrumbList","@id":"https:\/\/www.eldiario.net\/portal\/2024\/09\/18\/umsa-denuncia-intento-de-actividad-minera-en-nevado-huayna-potosi\/#breadcrumb","itemListElement":[{"@type":"ListItem","position":1,"name":"Portada","item":"https:\/\/www.eldiario.net\/portal\/"},{"@type":"ListItem","position":2,"name":"UMSA denuncia intento de actividad minera en nevado Huayna Potos\u00ed"}]},{"@type":"WebSite","@id":"https:\/\/www.eldiario.net\/portal\/#website","url":"https:\/\/www.eldiario.net\/portal\/","name":"El Diario - Decano de la prensa nacional","description":"El Diario - Decano de la prensa nacional","publisher":{"@id":"https:\/\/www.eldiario.net\/portal\/#organization"},"potentialAction":[{"@type":"SearchAction","target":{"@type":"EntryPoint","urlTemplate":"https:\/\/www.eldiario.net\/portal\/?s={search_term_string}"},"query-input":{"@type":"PropertyValueSpecification","valueRequired":true,"valueName":"search_term_string"}}],"inLanguage":"es"},{"@type":"Organization","@id":"https:\/\/www.eldiario.net\/portal\/#organization","name":"El Diario - Decano de la prensa nacional","url":"https:\/\/www.eldiario.net\/portal\/","logo":{"@type":"ImageObject","inLanguage":"es","@id":"https:\/\/www.eldiario.net\/portal\/#\/schema\/logo\/image\/","url":"https:\/\/www.eldiario.net\/portal\/wp-content\/uploads\/2023\/07\/logo_ED.jpg","contentUrl":"https:\/\/www.eldiario.net\/portal\/wp-content\/uploads\/2023\/07\/logo_ED.jpg","width":272,"height":52,"caption":"El Diario - Decano de la prensa nacional"},"image":{"@id":"https:\/\/www.eldiario.net\/portal\/#\/schema\/logo\/image\/"},"sameAs":["https:\/\/www.facebook.com\/eldiario.bolivia\/","https:\/\/x.com\/eldiario_net"]},{"@type":"Person","@id":"https:\/\/www.eldiario.net\/portal\/#\/schema\/person\/f46445640444750d7d753ccd04ae01b7","name":"Jeanette","image":{"@type":"ImageObject","inLanguage":"es","@id":"https:\/\/secure.gravatar.com\/avatar\/3ea2118a5f7dad2b7138b1187a6b7ee55f160b9968b66013c3a3ef39dd7e5798?s=96&d=mm&r=g","url":"https:\/\/secure.gravatar.com\/avatar\/3ea2118a5f7dad2b7138b1187a6b7ee55f160b9968b66013c3a3ef39dd7e5798?s=96&d=mm&r=g","contentUrl":"https:\/\/secure.gravatar.com\/avatar\/3ea2118a5f7dad2b7138b1187a6b7ee55f160b9968b66013c3a3ef39dd7e5798?s=96&d=mm&r=g","caption":"Jeanette"},"sameAs":["https:\/\/www.eldiario.net\/portal"],"url":"https:\/\/www.eldiario.net\/portal\/author\/jeanette\/"}]}},"_links":{"self":[{"href":"https:\/\/www.eldiario.net\/portal\/wp-json\/wp\/v2\/posts\/248178","targetHints":{"allow":["GET"]}}],"collection":[{"href":"https:\/\/www.eldiario.net\/portal\/wp-json\/wp\/v2\/posts"}],"about":[{"href":"https:\/\/www.eldiario.net\/portal\/wp-json\/wp\/v2\/types\/post"}],"author":[{"embeddable":true,"href":"https:\/\/www.eldiario.net\/portal\/wp-json\/wp\/v2\/users\/1"}],"replies":[{"embeddable":true,"href":"https:\/\/www.eldiario.net\/portal\/wp-json\/wp\/v2\/comments?post=248178"}],"version-history":[{"count":1,"href":"https:\/\/www.eldiario.net\/portal\/wp-json\/wp\/v2\/posts\/248178\/revisions"}],"predecessor-version":[{"id":248179,"href":"https:\/\/www.eldiario.net\/portal\/wp-json\/wp\/v2\/posts\/248178\/revisions\/248179"}],"wp:featuredmedia":[{"embeddable":true,"href":"https:\/\/www.eldiario.net\/portal\/wp-json\/wp\/v2\/media\/248369"}],"wp:attachment":[{"href":"https:\/\/www.eldiario.net\/portal\/wp-json\/wp\/v2\/media?parent=248178"}],"wp:term":[{"taxonomy":"category","embeddable":true,"href":"https:\/\/www.eldiario.net\/portal\/wp-json\/wp\/v2\/categories?post=248178"},{"taxonomy":"post_tag","embeddable":true,"href":"https:\/\/www.eldiario.net\/portal\/wp-json\/wp\/v2\/tags?post=248178"}],"curies":[{"name":"wp","href":"https:\/\/api.w.org\/{rel}","templated":true}]}}