{"id":248173,"date":"2024-09-18T05:49:26","date_gmt":"2024-09-18T09:49:26","guid":{"rendered":"https:\/\/www.eldiario.net\/portal\/?p=248173"},"modified":"2024-09-18T05:49:26","modified_gmt":"2024-09-18T09:49:26","slug":"fallecen-9-personas-tras-misteriosas-explosiones","status":"publish","type":"post","link":"https:\/\/www.eldiario.net\/portal\/2024\/09\/18\/fallecen-9-personas-tras-misteriosas-explosiones\/","title":{"rendered":"Fallecen 9 personas tras  misteriosas explosiones"},"content":{"rendered":"<p>El primero en confirmar lo ocurrido fue el Ministerio de Salud liban\u00e9s, que en un primer momento dio la voz de alerta ante una situaci\u00f3n \u201curgente\u201d por la gran cifra de v\u00edctimas, debido a explosiones de dispositivos buscapersonas que los afectados ten\u00edan en su poder. Desde el Gobierno pidieron a desprenderse de este tipo de aparatos.<br \/>\nLas autoridades del pa\u00eds pronto han hecho un llamamiento para que todo el personal m\u00e9dico se apersone en sus centros urgentemente ante la elevada cifra de heridos, de los cuales unos 200 se estima que puedan estar en estado grave. Asimismo, pidieron a los hospitales que atiendan a todos los heridos sin excepci\u00f3n.<br \/>\nEn este contexto, Hezbollah confirm\u00f3 la muerte de dos de sus miembros, aunque no especificaron que hayan sido v\u00edctimas de las explosiones del buscapersonas. Se trata de Yousef Madi Aloui, nacido en 1986, y de Hasan Ahmad Mahmud, de 32 a\u00f1os.<br \/>\nLas primeras informaciones apuntan a que Israel podr\u00eda haber manipulado estos dispositivos en posesi\u00f3n de miembros de Hezbollah y, de forma remota, habr\u00eda logrado que explotasen. En redes sociales circulan supuestos v\u00eddeos del momento en el que los buscapersonas explotan en el bolsillo de personas en la calle o en comercios.<\/p>\n<p>GOBIERNOS ACUSAN<br \/>\nA ISRAEL<br \/>\nAunque en un primer momento ni Hezbollah ni el Gobierno de L\u00edbano hab\u00edan acusado directamente a Israel, m\u00e1s tarde ambos se pronunciaron finalmente en esta l\u00ednea. Por un lado, la milicia islamista responsabiliz\u00f3 a Israel y asever\u00f3 que \u201cel enemigo traicionero y criminal recibir\u00e1 su justa retribuci\u00f3n por esta agresi\u00f3n pecaminosa\u201d.<br \/>\n\u201cResponsabilizamos al enemigo israel\u00ed despu\u00e9s de examinar todos los hechos, datos e informaci\u00f3n disponibles actuales sobre el pecaminoso ataque que tuvo lugar (&#8230;). Nuestros m\u00e1rtires y heridos son s\u00edmbolo de nuestra yihad y sacrificios en el camino a Jerusal\u00e9n, la victoria de nuestro honorable pueblo en la Franja de Gaza\u201d, se\u00f1al\u00f3 Hezbollah en un comunicado recogido por la prensa libanesa.<br \/>\nPor su parte, el Consejo de Ministros de L\u00edbano public\u00f3 un escrito en el que denuncia el acto \u201ccriminal israel\u00ed\u201d, que representa \u201cuna violaci\u00f3n significativa de la seguridad y la soberan\u00eda libanesa\u201d. Asimismo, desde Beirut se han puesto en contacto con \u201clos pa\u00edses afectados y con Naciones Unidas\u201d para asegurar que Israel \u201casume sus responsabilidades\u201d.<br \/>\nEl presidente del Parlamento liban\u00e9s, Nabih Berry, se pronunci\u00f3 en la misma l\u00ednea y denunci\u00f3 lo que considera es \u201cun crimen de guerra\u201d cometido por Israel, a la par que pidi\u00f3 \u201cal mundo entero que detenga la maquinaria terrorista israel\u00ed\u201d.<br \/>\n\u201cLo que Israel hizo no es solo una masacre, sino que constituye un claro crimen de guerra (&#8230;). Ya no es aceptable que la comunidad internacional se contente con declaraciones de condena y denuncia\u201d, asever\u00f3, seg\u00fan recoge el diario \u201cL\u2019Orient-Le Jour\u201d.<br \/>\nPor su parte, las autoridades educativas del pa\u00eds anunciaron el cierre de escuelas, instituciones p\u00fablicas y privadas, as\u00ed como las universidades para hoy. Tambi\u00e9n ordenaron el cese de los trabajos administrativos en estos centros \u201ccomo se\u00f1al de protesta al acto criminal perpetrado por el Ej\u00e9rcito israel\u00ed\u201d.<br \/>\nEste aparente ataque afect\u00f3 al embajador iran\u00ed en L\u00edbano, Mojtaba Amani, como confirm\u00f3 la propia Embajada en redes sociales. La legaci\u00f3n aclar\u00f3 que el embajador no sufri\u00f3 heridas graves, pero el hecho de que Amani figure entre las v\u00edctimas amenaza con exacerbar las tensiones entre Israel e Ir\u00e1n.<br \/>\nEn Siria, en torno a 14 milicianos de Hezbollah ingresaron con heridas en hospitales de diversas zonas, entre ellas Damasco, seg\u00fan el Observatorio Sirio de Derechos Humanos, una organizaci\u00f3n con fuentes sobre el terreno. El movimiento es un aliado clave del r\u00e9gimen de Bashar al Assad y sufri\u00f3 previamente ataques de Israel en suelo sirio. (Europa Press)<\/p>\n","protected":false},"excerpt":{"rendered":"<p>El primero en confirmar lo ocurrido fue el Ministerio de Salud liban\u00e9s, que en un primer momento dio la voz de alerta ante una situaci\u00f3n \u201curgente\u201d por la gran cifra de v\u00edctimas, debido a explosiones de dispositivos buscapersonas que los afectados ten\u00edan en su poder. Desde el Gobierno pidieron a desprenderse de este tipo de [&hellip;]<\/p>\n","protected":false},"author":1,"featured_media":248174,"comment_status":"open","ping_status":"open","sticky":false,"template":"","format":"standard","meta":{"_acf_changed":false,"footnotes":""},"categories":[3],"tags":[],"class_list":["post-248173","post","type-post","status-publish","format-standard","has-post-thumbnail","category-internacional"],"acf":{"antetitulo":""},"yoast_head":"<!-- This site is optimized with the Yoast SEO plugin v28.4 - https:\/\/yoast.com\/product\/yoast-seo-wordpress\/ -->\n<title>Fallecen 9 personas tras misteriosas explosiones - El Diario - Bolivia<\/title>\n<meta name=\"robots\" content=\"index, follow, max-snippet:-1, max-image-preview:large, max-video-preview:-1\" \/>\n<link rel=\"canonical\" href=\"https:\/\/www.eldiario.net\/portal\/2024\/09\/18\/fallecen-9-personas-tras-misteriosas-explosiones\/\" \/>\n<meta property=\"og:locale\" content=\"es_ES\" \/>\n<meta property=\"og:type\" content=\"article\" \/>\n<meta property=\"og:title\" content=\"Fallecen 9 personas tras misteriosas explosiones - El Diario - Bolivia\" \/>\n<meta property=\"og:description\" content=\"El primero en confirmar lo ocurrido fue el Ministerio de Salud liban\u00e9s, que en un primer momento dio la voz de alerta ante una situaci\u00f3n \u201curgente\u201d por la gran cifra de v\u00edctimas, debido a explosiones de dispositivos buscapersonas que los afectados ten\u00edan en su poder. Desde el Gobierno pidieron a desprenderse de este tipo de [&hellip;]\" \/>\n<meta property=\"og:url\" content=\"https:\/\/www.eldiario.net\/portal\/2024\/09\/18\/fallecen-9-personas-tras-misteriosas-explosiones\/\" \/>\n<meta property=\"og:site_name\" content=\"El Diario - Bolivia\" \/>\n<meta property=\"article:publisher\" content=\"https:\/\/www.facebook.com\/eldiario.bolivia\/\" \/>\n<meta property=\"article:published_time\" content=\"2024-09-18T09:49:26+00:00\" \/>\n<meta property=\"og:image\" content=\"https:\/\/www.eldiario.net\/portal\/wp-content\/uploads\/2024\/09\/BIPERS-AP.jpg\" \/>\n\t<meta property=\"og:image:width\" content=\"1200\" \/>\n\t<meta property=\"og:image:height\" content=\"525\" \/>\n\t<meta property=\"og:image:type\" content=\"image\/jpeg\" \/>\n<meta name=\"author\" content=\"Jeanette\" \/>\n<meta name=\"twitter:card\" content=\"summary_large_image\" \/>\n<meta name=\"twitter:creator\" content=\"@eldiario_net\" \/>\n<meta name=\"twitter:site\" content=\"@eldiario_net\" \/>\n<meta name=\"twitter:label1\" content=\"Escrito por\" \/>\n\t<meta name=\"twitter:data1\" content=\"Jeanette\" \/>\n\t<meta name=\"twitter:label2\" content=\"Tiempo de lectura\" \/>\n\t<meta name=\"twitter:data2\" content=\"3 minutos\" \/>\n<script type=\"application\/ld+json\" class=\"yoast-schema-graph\">{\"@context\":\"https:\\\/\\\/schema.org\",\"@graph\":[{\"@type\":\"Article\",\"@id\":\"https:\\\/\\\/www.eldiario.net\\\/portal\\\/2024\\\/09\\\/18\\\/fallecen-9-personas-tras-misteriosas-explosiones\\\/#article\",\"isPartOf\":{\"@id\":\"https:\\\/\\\/www.eldiario.net\\\/portal\\\/2024\\\/09\\\/18\\\/fallecen-9-personas-tras-misteriosas-explosiones\\\/\"},\"author\":{\"name\":\"Jeanette\",\"@id\":\"https:\\\/\\\/www.eldiario.net\\\/portal\\\/#\\\/schema\\\/person\\\/f46445640444750d7d753ccd04ae01b7\"},\"headline\":\"Fallecen 9 personas tras misteriosas explosiones\",\"datePublished\":\"2024-09-18T09:49:26+00:00\",\"mainEntityOfPage\":{\"@id\":\"https:\\\/\\\/www.eldiario.net\\\/portal\\\/2024\\\/09\\\/18\\\/fallecen-9-personas-tras-misteriosas-explosiones\\\/\"},\"wordCount\":647,\"commentCount\":0,\"publisher\":{\"@id\":\"https:\\\/\\\/www.eldiario.net\\\/portal\\\/#organization\"},\"image\":{\"@id\":\"https:\\\/\\\/www.eldiario.net\\\/portal\\\/2024\\\/09\\\/18\\\/fallecen-9-personas-tras-misteriosas-explosiones\\\/#primaryimage\"},\"thumbnailUrl\":\"https:\\\/\\\/www.eldiario.net\\\/portal\\\/wp-content\\\/uploads\\\/2024\\\/09\\\/BIPERS-AP.jpg\",\"articleSection\":[\"Internacional\"],\"inLanguage\":\"es\",\"potentialAction\":[{\"@type\":\"CommentAction\",\"name\":\"Comment\",\"target\":[\"https:\\\/\\\/www.eldiario.net\\\/portal\\\/2024\\\/09\\\/18\\\/fallecen-9-personas-tras-misteriosas-explosiones\\\/#respond\"]}]},{\"@type\":\"WebPage\",\"@id\":\"https:\\\/\\\/www.eldiario.net\\\/portal\\\/2024\\\/09\\\/18\\\/fallecen-9-personas-tras-misteriosas-explosiones\\\/\",\"url\":\"https:\\\/\\\/www.eldiario.net\\\/portal\\\/2024\\\/09\\\/18\\\/fallecen-9-personas-tras-misteriosas-explosiones\\\/\",\"name\":\"Fallecen 9 personas tras misteriosas explosiones - El Diario - Bolivia\",\"isPartOf\":{\"@id\":\"https:\\\/\\\/www.eldiario.net\\\/portal\\\/#website\"},\"primaryImageOfPage\":{\"@id\":\"https:\\\/\\\/www.eldiario.net\\\/portal\\\/2024\\\/09\\\/18\\\/fallecen-9-personas-tras-misteriosas-explosiones\\\/#primaryimage\"},\"image\":{\"@id\":\"https:\\\/\\\/www.eldiario.net\\\/portal\\\/2024\\\/09\\\/18\\\/fallecen-9-personas-tras-misteriosas-explosiones\\\/#primaryimage\"},\"thumbnailUrl\":\"https:\\\/\\\/www.eldiario.net\\\/portal\\\/wp-content\\\/uploads\\\/2024\\\/09\\\/BIPERS-AP.jpg\",\"datePublished\":\"2024-09-18T09:49:26+00:00\",\"breadcrumb\":{\"@id\":\"https:\\\/\\\/www.eldiario.net\\\/portal\\\/2024\\\/09\\\/18\\\/fallecen-9-personas-tras-misteriosas-explosiones\\\/#breadcrumb\"},\"inLanguage\":\"es\",\"potentialAction\":[{\"@type\":\"ReadAction\",\"target\":[\"https:\\\/\\\/www.eldiario.net\\\/portal\\\/2024\\\/09\\\/18\\\/fallecen-9-personas-tras-misteriosas-explosiones\\\/\"]}]},{\"@type\":\"ImageObject\",\"inLanguage\":\"es\",\"@id\":\"https:\\\/\\\/www.eldiario.net\\\/portal\\\/2024\\\/09\\\/18\\\/fallecen-9-personas-tras-misteriosas-explosiones\\\/#primaryimage\",\"url\":\"https:\\\/\\\/www.eldiario.net\\\/portal\\\/wp-content\\\/uploads\\\/2024\\\/09\\\/BIPERS-AP.jpg\",\"contentUrl\":\"https:\\\/\\\/www.eldiario.net\\\/portal\\\/wp-content\\\/uploads\\\/2024\\\/09\\\/BIPERS-AP.jpg\",\"width\":1200,\"height\":525,\"caption\":\"Los hospitales de Beirut y otras zonas de L\u00edbano se llenaron con personas heridas.\"},{\"@type\":\"BreadcrumbList\",\"@id\":\"https:\\\/\\\/www.eldiario.net\\\/portal\\\/2024\\\/09\\\/18\\\/fallecen-9-personas-tras-misteriosas-explosiones\\\/#breadcrumb\",\"itemListElement\":[{\"@type\":\"ListItem\",\"position\":1,\"name\":\"Portada\",\"item\":\"https:\\\/\\\/www.eldiario.net\\\/portal\\\/\"},{\"@type\":\"ListItem\",\"position\":2,\"name\":\"Fallecen 9 personas tras misteriosas explosiones\"}]},{\"@type\":\"WebSite\",\"@id\":\"https:\\\/\\\/www.eldiario.net\\\/portal\\\/#website\",\"url\":\"https:\\\/\\\/www.eldiario.net\\\/portal\\\/\",\"name\":\"El Diario - Decano de la prensa nacional\",\"description\":\"El Diario - Decano de la prensa nacional\",\"publisher\":{\"@id\":\"https:\\\/\\\/www.eldiario.net\\\/portal\\\/#organization\"},\"potentialAction\":[{\"@type\":\"SearchAction\",\"target\":{\"@type\":\"EntryPoint\",\"urlTemplate\":\"https:\\\/\\\/www.eldiario.net\\\/portal\\\/?s={search_term_string}\"},\"query-input\":{\"@type\":\"PropertyValueSpecification\",\"valueRequired\":true,\"valueName\":\"search_term_string\"}}],\"inLanguage\":\"es\"},{\"@type\":\"Organization\",\"@id\":\"https:\\\/\\\/www.eldiario.net\\\/portal\\\/#organization\",\"name\":\"El Diario - Decano de la prensa nacional\",\"url\":\"https:\\\/\\\/www.eldiario.net\\\/portal\\\/\",\"logo\":{\"@type\":\"ImageObject\",\"inLanguage\":\"es\",\"@id\":\"https:\\\/\\\/www.eldiario.net\\\/portal\\\/#\\\/schema\\\/logo\\\/image\\\/\",\"url\":\"https:\\\/\\\/www.eldiario.net\\\/portal\\\/wp-content\\\/uploads\\\/2023\\\/07\\\/logo_ED.jpg\",\"contentUrl\":\"https:\\\/\\\/www.eldiario.net\\\/portal\\\/wp-content\\\/uploads\\\/2023\\\/07\\\/logo_ED.jpg\",\"width\":272,\"height\":52,\"caption\":\"El Diario - Decano de la prensa nacional\"},\"image\":{\"@id\":\"https:\\\/\\\/www.eldiario.net\\\/portal\\\/#\\\/schema\\\/logo\\\/image\\\/\"},\"sameAs\":[\"https:\\\/\\\/www.facebook.com\\\/eldiario.bolivia\\\/\",\"https:\\\/\\\/x.com\\\/eldiario_net\"]},{\"@type\":\"Person\",\"@id\":\"https:\\\/\\\/www.eldiario.net\\\/portal\\\/#\\\/schema\\\/person\\\/f46445640444750d7d753ccd04ae01b7\",\"name\":\"Jeanette\",\"image\":{\"@type\":\"ImageObject\",\"inLanguage\":\"es\",\"@id\":\"https:\\\/\\\/secure.gravatar.com\\\/avatar\\\/3ea2118a5f7dad2b7138b1187a6b7ee55f160b9968b66013c3a3ef39dd7e5798?s=96&d=mm&r=g\",\"url\":\"https:\\\/\\\/secure.gravatar.com\\\/avatar\\\/3ea2118a5f7dad2b7138b1187a6b7ee55f160b9968b66013c3a3ef39dd7e5798?s=96&d=mm&r=g\",\"contentUrl\":\"https:\\\/\\\/secure.gravatar.com\\\/avatar\\\/3ea2118a5f7dad2b7138b1187a6b7ee55f160b9968b66013c3a3ef39dd7e5798?s=96&d=mm&r=g\",\"caption\":\"Jeanette\"},\"sameAs\":[\"https:\\\/\\\/www.eldiario.net\\\/portal\"],\"url\":\"https:\\\/\\\/www.eldiario.net\\\/portal\\\/author\\\/jeanette\\\/\"}]}<\/script>\n<!-- \/ Yoast SEO plugin. -->","yoast_head_json":{"title":"Fallecen 9 personas tras misteriosas explosiones - El Diario - Bolivia","robots":{"index":"index","follow":"follow","max-snippet":"max-snippet:-1","max-image-preview":"max-image-preview:large","max-video-preview":"max-video-preview:-1"},"canonical":"https:\/\/www.eldiario.net\/portal\/2024\/09\/18\/fallecen-9-personas-tras-misteriosas-explosiones\/","og_locale":"es_ES","og_type":"article","og_title":"Fallecen 9 personas tras misteriosas explosiones - El Diario - Bolivia","og_description":"El primero en confirmar lo ocurrido fue el Ministerio de Salud liban\u00e9s, que en un primer momento dio la voz de alerta ante una situaci\u00f3n \u201curgente\u201d por la gran cifra de v\u00edctimas, debido a explosiones de dispositivos buscapersonas que los afectados ten\u00edan en su poder. Desde el Gobierno pidieron a desprenderse de este tipo de [&hellip;]","og_url":"https:\/\/www.eldiario.net\/portal\/2024\/09\/18\/fallecen-9-personas-tras-misteriosas-explosiones\/","og_site_name":"El Diario - Bolivia","article_publisher":"https:\/\/www.facebook.com\/eldiario.bolivia\/","article_published_time":"2024-09-18T09:49:26+00:00","og_image":[{"width":1200,"height":525,"url":"https:\/\/www.eldiario.net\/portal\/wp-content\/uploads\/2024\/09\/BIPERS-AP.jpg","type":"image\/jpeg"}],"author":"Jeanette","twitter_card":"summary_large_image","twitter_creator":"@eldiario_net","twitter_site":"@eldiario_net","twitter_misc":{"Escrito por":"Jeanette","Tiempo de lectura":"3 minutos"},"schema":{"@context":"https:\/\/schema.org","@graph":[{"@type":"Article","@id":"https:\/\/www.eldiario.net\/portal\/2024\/09\/18\/fallecen-9-personas-tras-misteriosas-explosiones\/#article","isPartOf":{"@id":"https:\/\/www.eldiario.net\/portal\/2024\/09\/18\/fallecen-9-personas-tras-misteriosas-explosiones\/"},"author":{"name":"Jeanette","@id":"https:\/\/www.eldiario.net\/portal\/#\/schema\/person\/f46445640444750d7d753ccd04ae01b7"},"headline":"Fallecen 9 personas tras misteriosas explosiones","datePublished":"2024-09-18T09:49:26+00:00","mainEntityOfPage":{"@id":"https:\/\/www.eldiario.net\/portal\/2024\/09\/18\/fallecen-9-personas-tras-misteriosas-explosiones\/"},"wordCount":647,"commentCount":0,"publisher":{"@id":"https:\/\/www.eldiario.net\/portal\/#organization"},"image":{"@id":"https:\/\/www.eldiario.net\/portal\/2024\/09\/18\/fallecen-9-personas-tras-misteriosas-explosiones\/#primaryimage"},"thumbnailUrl":"https:\/\/www.eldiario.net\/portal\/wp-content\/uploads\/2024\/09\/BIPERS-AP.jpg","articleSection":["Internacional"],"inLanguage":"es","potentialAction":[{"@type":"CommentAction","name":"Comment","target":["https:\/\/www.eldiario.net\/portal\/2024\/09\/18\/fallecen-9-personas-tras-misteriosas-explosiones\/#respond"]}]},{"@type":"WebPage","@id":"https:\/\/www.eldiario.net\/portal\/2024\/09\/18\/fallecen-9-personas-tras-misteriosas-explosiones\/","url":"https:\/\/www.eldiario.net\/portal\/2024\/09\/18\/fallecen-9-personas-tras-misteriosas-explosiones\/","name":"Fallecen 9 personas tras misteriosas explosiones - El Diario - Bolivia","isPartOf":{"@id":"https:\/\/www.eldiario.net\/portal\/#website"},"primaryImageOfPage":{"@id":"https:\/\/www.eldiario.net\/portal\/2024\/09\/18\/fallecen-9-personas-tras-misteriosas-explosiones\/#primaryimage"},"image":{"@id":"https:\/\/www.eldiario.net\/portal\/2024\/09\/18\/fallecen-9-personas-tras-misteriosas-explosiones\/#primaryimage"},"thumbnailUrl":"https:\/\/www.eldiario.net\/portal\/wp-content\/uploads\/2024\/09\/BIPERS-AP.jpg","datePublished":"2024-09-18T09:49:26+00:00","breadcrumb":{"@id":"https:\/\/www.eldiario.net\/portal\/2024\/09\/18\/fallecen-9-personas-tras-misteriosas-explosiones\/#breadcrumb"},"inLanguage":"es","potentialAction":[{"@type":"ReadAction","target":["https:\/\/www.eldiario.net\/portal\/2024\/09\/18\/fallecen-9-personas-tras-misteriosas-explosiones\/"]}]},{"@type":"ImageObject","inLanguage":"es","@id":"https:\/\/www.eldiario.net\/portal\/2024\/09\/18\/fallecen-9-personas-tras-misteriosas-explosiones\/#primaryimage","url":"https:\/\/www.eldiario.net\/portal\/wp-content\/uploads\/2024\/09\/BIPERS-AP.jpg","contentUrl":"https:\/\/www.eldiario.net\/portal\/wp-content\/uploads\/2024\/09\/BIPERS-AP.jpg","width":1200,"height":525,"caption":"Los hospitales de Beirut y otras zonas de L\u00edbano se llenaron con personas heridas."},{"@type":"BreadcrumbList","@id":"https:\/\/www.eldiario.net\/portal\/2024\/09\/18\/fallecen-9-personas-tras-misteriosas-explosiones\/#breadcrumb","itemListElement":[{"@type":"ListItem","position":1,"name":"Portada","item":"https:\/\/www.eldiario.net\/portal\/"},{"@type":"ListItem","position":2,"name":"Fallecen 9 personas tras misteriosas explosiones"}]},{"@type":"WebSite","@id":"https:\/\/www.eldiario.net\/portal\/#website","url":"https:\/\/www.eldiario.net\/portal\/","name":"El Diario - Decano de la prensa nacional","description":"El Diario - Decano de la prensa nacional","publisher":{"@id":"https:\/\/www.eldiario.net\/portal\/#organization"},"potentialAction":[{"@type":"SearchAction","target":{"@type":"EntryPoint","urlTemplate":"https:\/\/www.eldiario.net\/portal\/?s={search_term_string}"},"query-input":{"@type":"PropertyValueSpecification","valueRequired":true,"valueName":"search_term_string"}}],"inLanguage":"es"},{"@type":"Organization","@id":"https:\/\/www.eldiario.net\/portal\/#organization","name":"El Diario - Decano de la prensa nacional","url":"https:\/\/www.eldiario.net\/portal\/","logo":{"@type":"ImageObject","inLanguage":"es","@id":"https:\/\/www.eldiario.net\/portal\/#\/schema\/logo\/image\/","url":"https:\/\/www.eldiario.net\/portal\/wp-content\/uploads\/2023\/07\/logo_ED.jpg","contentUrl":"https:\/\/www.eldiario.net\/portal\/wp-content\/uploads\/2023\/07\/logo_ED.jpg","width":272,"height":52,"caption":"El Diario - Decano de la prensa nacional"},"image":{"@id":"https:\/\/www.eldiario.net\/portal\/#\/schema\/logo\/image\/"},"sameAs":["https:\/\/www.facebook.com\/eldiario.bolivia\/","https:\/\/x.com\/eldiario_net"]},{"@type":"Person","@id":"https:\/\/www.eldiario.net\/portal\/#\/schema\/person\/f46445640444750d7d753ccd04ae01b7","name":"Jeanette","image":{"@type":"ImageObject","inLanguage":"es","@id":"https:\/\/secure.gravatar.com\/avatar\/3ea2118a5f7dad2b7138b1187a6b7ee55f160b9968b66013c3a3ef39dd7e5798?s=96&d=mm&r=g","url":"https:\/\/secure.gravatar.com\/avatar\/3ea2118a5f7dad2b7138b1187a6b7ee55f160b9968b66013c3a3ef39dd7e5798?s=96&d=mm&r=g","contentUrl":"https:\/\/secure.gravatar.com\/avatar\/3ea2118a5f7dad2b7138b1187a6b7ee55f160b9968b66013c3a3ef39dd7e5798?s=96&d=mm&r=g","caption":"Jeanette"},"sameAs":["https:\/\/www.eldiario.net\/portal"],"url":"https:\/\/www.eldiario.net\/portal\/author\/jeanette\/"}]}},"_links":{"self":[{"href":"https:\/\/www.eldiario.net\/portal\/wp-json\/wp\/v2\/posts\/248173","targetHints":{"allow":["GET"]}}],"collection":[{"href":"https:\/\/www.eldiario.net\/portal\/wp-json\/wp\/v2\/posts"}],"about":[{"href":"https:\/\/www.eldiario.net\/portal\/wp-json\/wp\/v2\/types\/post"}],"author":[{"embeddable":true,"href":"https:\/\/www.eldiario.net\/portal\/wp-json\/wp\/v2\/users\/1"}],"replies":[{"embeddable":true,"href":"https:\/\/www.eldiario.net\/portal\/wp-json\/wp\/v2\/comments?post=248173"}],"version-history":[{"count":1,"href":"https:\/\/www.eldiario.net\/portal\/wp-json\/wp\/v2\/posts\/248173\/revisions"}],"predecessor-version":[{"id":248175,"href":"https:\/\/www.eldiario.net\/portal\/wp-json\/wp\/v2\/posts\/248173\/revisions\/248175"}],"wp:featuredmedia":[{"embeddable":true,"href":"https:\/\/www.eldiario.net\/portal\/wp-json\/wp\/v2\/media\/248174"}],"wp:attachment":[{"href":"https:\/\/www.eldiario.net\/portal\/wp-json\/wp\/v2\/media?parent=248173"}],"wp:term":[{"taxonomy":"category","embeddable":true,"href":"https:\/\/www.eldiario.net\/portal\/wp-json\/wp\/v2\/categories?post=248173"},{"taxonomy":"post_tag","embeddable":true,"href":"https:\/\/www.eldiario.net\/portal\/wp-json\/wp\/v2\/tags?post=248173"}],"curies":[{"name":"wp","href":"https:\/\/api.w.org\/{rel}","templated":true}]}}