{"id":248170,"date":"2024-09-18T05:48:56","date_gmt":"2024-09-18T09:48:56","guid":{"rendered":"https:\/\/www.eldiario.net\/portal\/?p=248170"},"modified":"2024-09-18T05:48:56","modified_gmt":"2024-09-18T09:48:56","slug":"onu-acusa-a-maduro-de-crimenes-contra-la-humanidad","status":"publish","type":"post","link":"https:\/\/www.eldiario.net\/portal\/2024\/09\/18\/onu-acusa-a-maduro-de-crimenes-contra-la-humanidad\/","title":{"rendered":"ONU acusa a Maduro  de cr\u00edmenes contra la humanidad"},"content":{"rendered":"<p>La misi\u00f3n de la ONU que examina la situaci\u00f3n de Venezuela acus\u00f3 al gobierno de Nicol\u00e1s Maduro, de sumir al pa\u00eds en un \u201cclima de temor\u201d en el que cualquiera puede ser v\u00edctima del aparato represor, hasta el punto de que las pruebas acreditan ya un nivel de persecuci\u00f3n equivalente a cr\u00edmenes contra la humanidad.<br \/>\nLa Misi\u00f3n Internacional Independiente de Determinaci\u00f3n de los Hechos denunci\u00f3 que el Ejecutivo chavista intensific\u00f3 \u201cdram\u00e1ticamente\u201d la represi\u00f3n para \u201caplastar\u201d cualquier atisbo de disidencia, dentro de una escalada que alcanz\u00f3 nuevas cotas a ra\u00edz de las elecciones presidenciales del 28 de julio, que se termin\u00f3 con el exilio del principal candidato opositor, Edmundo Gonz\u00e1lez Urrutia.<br \/>\nEn el per\u00edodo previo a esas elecciones, entre diciembre de 2023 y marzo de 2024, al menos 48 personas fueron detenidas por supuestos complots contra el Gobierno y s\u00f3lo en julio de este a\u00f1o m\u00e1s de 120 personas quedaron bajo custodia en el contexto de la campa\u00f1a electoral de la oposici\u00f3n.<br \/>\nTras los comicios, las autoridades efectuaron m\u00e1s de 2.000 detenciones en pocas semanas, lo que deriv\u00f3 a su vez en violaciones del debido proceso y en la confirmaci\u00f3n de que todo el sistema judicial, con el Tribunal Supremo de Justicia (TSJ) a la cabeza, \u201cest\u00e1 claramente subordinado a los intereses del Poder Ejecutivo y sirve como un instrumento clave en su plan para reprimir todas las formas de oposici\u00f3n pol\u00edtica y social\u201d, seg\u00fan el informe.<br \/>\nVenezuela est\u00e1 inmersa \u201cen una de las crisis de Derechos Humanos m\u00e1s graves de la historia reciente\u201d, en la medida en que los abusos que est\u00e1n ya documentados, incluidos casos persecuci\u00f3n con motivaciones pol\u00edticas, un tipo de crimen contra la humanidad, \u201cno son actos aislados o aleatorios\u201d sino que forman parte de \u201cun plan continuo y coordinado para silenciar, desanimar y reprimir\u201d a la oposici\u00f3n.<br \/>\nLa presidenta de la Misi\u00f3n de Determinaci\u00f3n de los Hechos, Marta Bali\u00f1as, denunci\u00f3 \u201cuna intensificaci\u00f3n del aparato represivo\u201d, pese a los \u201cm\u00faltiples\u201d llamamientos lanzados desde dentro de Venezuela y tambi\u00e9n por parte de la comunidad internacional.<br \/>\nYa antes de las elecciones, Maduro y otros altos cargos chavistas advirtieron de un posible ba\u00f1o de sangre si no lograban la victoria. Otro de los expertos del grupo, Francisco Cox, record\u00f3 que la propia misi\u00f3n ya tem\u00eda que el Gobierno pudiese \u201cactivar su aparato represivo\u201d en el contexto electoral. \u201cY eso es precisamente lo que estamos observando ahora\u201d, sostuvo. (Europa Press)<\/p>\n","protected":false},"excerpt":{"rendered":"<p>La misi\u00f3n de la ONU que examina la situaci\u00f3n de Venezuela acus\u00f3 al gobierno de Nicol\u00e1s Maduro, de sumir al pa\u00eds en un \u201cclima de temor\u201d en el que cualquiera puede ser v\u00edctima del aparato represor, hasta el punto de que las pruebas acreditan ya un nivel de persecuci\u00f3n equivalente a cr\u00edmenes contra la humanidad. [&hellip;]<\/p>\n","protected":false},"author":1,"featured_media":248171,"comment_status":"open","ping_status":"open","sticky":false,"template":"","format":"standard","meta":{"_acf_changed":false,"footnotes":""},"categories":[3],"tags":[],"class_list":["post-248170","post","type-post","status-publish","format-standard","has-post-thumbnail","category-internacional"],"acf":{"antetitulo":""},"yoast_head":"<!-- This site is optimized with the Yoast SEO plugin v28.4 - https:\/\/yoast.com\/product\/yoast-seo-wordpress\/ -->\n<title>ONU acusa a Maduro de cr\u00edmenes contra la humanidad - El Diario - Bolivia<\/title>\n<meta name=\"robots\" content=\"index, follow, max-snippet:-1, max-image-preview:large, max-video-preview:-1\" \/>\n<link rel=\"canonical\" href=\"https:\/\/www.eldiario.net\/portal\/2024\/09\/18\/onu-acusa-a-maduro-de-crimenes-contra-la-humanidad\/\" \/>\n<meta property=\"og:locale\" content=\"es_ES\" \/>\n<meta property=\"og:type\" content=\"article\" \/>\n<meta property=\"og:title\" content=\"ONU acusa a Maduro de cr\u00edmenes contra la humanidad - El Diario - Bolivia\" \/>\n<meta property=\"og:description\" content=\"La misi\u00f3n de la ONU que examina la situaci\u00f3n de Venezuela acus\u00f3 al gobierno de Nicol\u00e1s Maduro, de sumir al pa\u00eds en un \u201cclima de temor\u201d en el que cualquiera puede ser v\u00edctima del aparato represor, hasta el punto de que las pruebas acreditan ya un nivel de persecuci\u00f3n equivalente a cr\u00edmenes contra la humanidad. [&hellip;]\" \/>\n<meta property=\"og:url\" content=\"https:\/\/www.eldiario.net\/portal\/2024\/09\/18\/onu-acusa-a-maduro-de-crimenes-contra-la-humanidad\/\" \/>\n<meta property=\"og:site_name\" content=\"El Diario - Bolivia\" \/>\n<meta property=\"article:publisher\" content=\"https:\/\/www.facebook.com\/eldiario.bolivia\/\" \/>\n<meta property=\"article:published_time\" content=\"2024-09-18T09:48:56+00:00\" \/>\n<meta property=\"og:image\" content=\"https:\/\/www.eldiario.net\/portal\/wp-content\/uploads\/2024\/09\/ONU-Puranoticia.jpg\" \/>\n\t<meta property=\"og:image:width\" content=\"620\" \/>\n\t<meta property=\"og:image:height\" content=\"425\" \/>\n\t<meta property=\"og:image:type\" content=\"image\/jpeg\" \/>\n<meta name=\"author\" content=\"Jeanette\" \/>\n<meta name=\"twitter:card\" content=\"summary_large_image\" \/>\n<meta name=\"twitter:creator\" content=\"@eldiario_net\" \/>\n<meta name=\"twitter:site\" content=\"@eldiario_net\" \/>\n<meta name=\"twitter:label1\" content=\"Escrito por\" \/>\n\t<meta name=\"twitter:data1\" content=\"Jeanette\" \/>\n\t<meta name=\"twitter:label2\" content=\"Tiempo de lectura\" \/>\n\t<meta name=\"twitter:data2\" content=\"3 minutos\" \/>\n<script type=\"application\/ld+json\" class=\"yoast-schema-graph\">{\"@context\":\"https:\\\/\\\/schema.org\",\"@graph\":[{\"@type\":\"Article\",\"@id\":\"https:\\\/\\\/www.eldiario.net\\\/portal\\\/2024\\\/09\\\/18\\\/onu-acusa-a-maduro-de-crimenes-contra-la-humanidad\\\/#article\",\"isPartOf\":{\"@id\":\"https:\\\/\\\/www.eldiario.net\\\/portal\\\/2024\\\/09\\\/18\\\/onu-acusa-a-maduro-de-crimenes-contra-la-humanidad\\\/\"},\"author\":{\"name\":\"Jeanette\",\"@id\":\"https:\\\/\\\/www.eldiario.net\\\/portal\\\/#\\\/schema\\\/person\\\/f46445640444750d7d753ccd04ae01b7\"},\"headline\":\"ONU acusa a Maduro de cr\u00edmenes contra la humanidad\",\"datePublished\":\"2024-09-18T09:48:56+00:00\",\"mainEntityOfPage\":{\"@id\":\"https:\\\/\\\/www.eldiario.net\\\/portal\\\/2024\\\/09\\\/18\\\/onu-acusa-a-maduro-de-crimenes-contra-la-humanidad\\\/\"},\"wordCount\":441,\"commentCount\":0,\"publisher\":{\"@id\":\"https:\\\/\\\/www.eldiario.net\\\/portal\\\/#organization\"},\"image\":{\"@id\":\"https:\\\/\\\/www.eldiario.net\\\/portal\\\/2024\\\/09\\\/18\\\/onu-acusa-a-maduro-de-crimenes-contra-la-humanidad\\\/#primaryimage\"},\"thumbnailUrl\":\"https:\\\/\\\/www.eldiario.net\\\/portal\\\/wp-content\\\/uploads\\\/2024\\\/09\\\/ONU-Puranoticia.jpg\",\"articleSection\":[\"Internacional\"],\"inLanguage\":\"es\",\"potentialAction\":[{\"@type\":\"CommentAction\",\"name\":\"Comment\",\"target\":[\"https:\\\/\\\/www.eldiario.net\\\/portal\\\/2024\\\/09\\\/18\\\/onu-acusa-a-maduro-de-crimenes-contra-la-humanidad\\\/#respond\"]}]},{\"@type\":\"WebPage\",\"@id\":\"https:\\\/\\\/www.eldiario.net\\\/portal\\\/2024\\\/09\\\/18\\\/onu-acusa-a-maduro-de-crimenes-contra-la-humanidad\\\/\",\"url\":\"https:\\\/\\\/www.eldiario.net\\\/portal\\\/2024\\\/09\\\/18\\\/onu-acusa-a-maduro-de-crimenes-contra-la-humanidad\\\/\",\"name\":\"ONU acusa a Maduro de cr\u00edmenes contra la humanidad - El Diario - Bolivia\",\"isPartOf\":{\"@id\":\"https:\\\/\\\/www.eldiario.net\\\/portal\\\/#website\"},\"primaryImageOfPage\":{\"@id\":\"https:\\\/\\\/www.eldiario.net\\\/portal\\\/2024\\\/09\\\/18\\\/onu-acusa-a-maduro-de-crimenes-contra-la-humanidad\\\/#primaryimage\"},\"image\":{\"@id\":\"https:\\\/\\\/www.eldiario.net\\\/portal\\\/2024\\\/09\\\/18\\\/onu-acusa-a-maduro-de-crimenes-contra-la-humanidad\\\/#primaryimage\"},\"thumbnailUrl\":\"https:\\\/\\\/www.eldiario.net\\\/portal\\\/wp-content\\\/uploads\\\/2024\\\/09\\\/ONU-Puranoticia.jpg\",\"datePublished\":\"2024-09-18T09:48:56+00:00\",\"breadcrumb\":{\"@id\":\"https:\\\/\\\/www.eldiario.net\\\/portal\\\/2024\\\/09\\\/18\\\/onu-acusa-a-maduro-de-crimenes-contra-la-humanidad\\\/#breadcrumb\"},\"inLanguage\":\"es\",\"potentialAction\":[{\"@type\":\"ReadAction\",\"target\":[\"https:\\\/\\\/www.eldiario.net\\\/portal\\\/2024\\\/09\\\/18\\\/onu-acusa-a-maduro-de-crimenes-contra-la-humanidad\\\/\"]}]},{\"@type\":\"ImageObject\",\"inLanguage\":\"es\",\"@id\":\"https:\\\/\\\/www.eldiario.net\\\/portal\\\/2024\\\/09\\\/18\\\/onu-acusa-a-maduro-de-crimenes-contra-la-humanidad\\\/#primaryimage\",\"url\":\"https:\\\/\\\/www.eldiario.net\\\/portal\\\/wp-content\\\/uploads\\\/2024\\\/09\\\/ONU-Puranoticia.jpg\",\"contentUrl\":\"https:\\\/\\\/www.eldiario.net\\\/portal\\\/wp-content\\\/uploads\\\/2024\\\/09\\\/ONU-Puranoticia.jpg\",\"width\":620,\"height\":425,\"caption\":\"Imagen referencial\"},{\"@type\":\"BreadcrumbList\",\"@id\":\"https:\\\/\\\/www.eldiario.net\\\/portal\\\/2024\\\/09\\\/18\\\/onu-acusa-a-maduro-de-crimenes-contra-la-humanidad\\\/#breadcrumb\",\"itemListElement\":[{\"@type\":\"ListItem\",\"position\":1,\"name\":\"Portada\",\"item\":\"https:\\\/\\\/www.eldiario.net\\\/portal\\\/\"},{\"@type\":\"ListItem\",\"position\":2,\"name\":\"ONU acusa a Maduro de cr\u00edmenes contra la humanidad\"}]},{\"@type\":\"WebSite\",\"@id\":\"https:\\\/\\\/www.eldiario.net\\\/portal\\\/#website\",\"url\":\"https:\\\/\\\/www.eldiario.net\\\/portal\\\/\",\"name\":\"El Diario - Decano de la prensa nacional\",\"description\":\"El Diario - Decano de la prensa nacional\",\"publisher\":{\"@id\":\"https:\\\/\\\/www.eldiario.net\\\/portal\\\/#organization\"},\"potentialAction\":[{\"@type\":\"SearchAction\",\"target\":{\"@type\":\"EntryPoint\",\"urlTemplate\":\"https:\\\/\\\/www.eldiario.net\\\/portal\\\/?s={search_term_string}\"},\"query-input\":{\"@type\":\"PropertyValueSpecification\",\"valueRequired\":true,\"valueName\":\"search_term_string\"}}],\"inLanguage\":\"es\"},{\"@type\":\"Organization\",\"@id\":\"https:\\\/\\\/www.eldiario.net\\\/portal\\\/#organization\",\"name\":\"El Diario - Decano de la prensa nacional\",\"url\":\"https:\\\/\\\/www.eldiario.net\\\/portal\\\/\",\"logo\":{\"@type\":\"ImageObject\",\"inLanguage\":\"es\",\"@id\":\"https:\\\/\\\/www.eldiario.net\\\/portal\\\/#\\\/schema\\\/logo\\\/image\\\/\",\"url\":\"https:\\\/\\\/www.eldiario.net\\\/portal\\\/wp-content\\\/uploads\\\/2023\\\/07\\\/logo_ED.jpg\",\"contentUrl\":\"https:\\\/\\\/www.eldiario.net\\\/portal\\\/wp-content\\\/uploads\\\/2023\\\/07\\\/logo_ED.jpg\",\"width\":272,\"height\":52,\"caption\":\"El Diario - Decano de la prensa nacional\"},\"image\":{\"@id\":\"https:\\\/\\\/www.eldiario.net\\\/portal\\\/#\\\/schema\\\/logo\\\/image\\\/\"},\"sameAs\":[\"https:\\\/\\\/www.facebook.com\\\/eldiario.bolivia\\\/\",\"https:\\\/\\\/x.com\\\/eldiario_net\"]},{\"@type\":\"Person\",\"@id\":\"https:\\\/\\\/www.eldiario.net\\\/portal\\\/#\\\/schema\\\/person\\\/f46445640444750d7d753ccd04ae01b7\",\"name\":\"Jeanette\",\"image\":{\"@type\":\"ImageObject\",\"inLanguage\":\"es\",\"@id\":\"https:\\\/\\\/secure.gravatar.com\\\/avatar\\\/3ea2118a5f7dad2b7138b1187a6b7ee55f160b9968b66013c3a3ef39dd7e5798?s=96&d=mm&r=g\",\"url\":\"https:\\\/\\\/secure.gravatar.com\\\/avatar\\\/3ea2118a5f7dad2b7138b1187a6b7ee55f160b9968b66013c3a3ef39dd7e5798?s=96&d=mm&r=g\",\"contentUrl\":\"https:\\\/\\\/secure.gravatar.com\\\/avatar\\\/3ea2118a5f7dad2b7138b1187a6b7ee55f160b9968b66013c3a3ef39dd7e5798?s=96&d=mm&r=g\",\"caption\":\"Jeanette\"},\"sameAs\":[\"https:\\\/\\\/www.eldiario.net\\\/portal\"],\"url\":\"https:\\\/\\\/www.eldiario.net\\\/portal\\\/author\\\/jeanette\\\/\"}]}<\/script>\n<!-- \/ Yoast SEO plugin. -->","yoast_head_json":{"title":"ONU acusa a Maduro de cr\u00edmenes contra la humanidad - El Diario - Bolivia","robots":{"index":"index","follow":"follow","max-snippet":"max-snippet:-1","max-image-preview":"max-image-preview:large","max-video-preview":"max-video-preview:-1"},"canonical":"https:\/\/www.eldiario.net\/portal\/2024\/09\/18\/onu-acusa-a-maduro-de-crimenes-contra-la-humanidad\/","og_locale":"es_ES","og_type":"article","og_title":"ONU acusa a Maduro de cr\u00edmenes contra la humanidad - El Diario - Bolivia","og_description":"La misi\u00f3n de la ONU que examina la situaci\u00f3n de Venezuela acus\u00f3 al gobierno de Nicol\u00e1s Maduro, de sumir al pa\u00eds en un \u201cclima de temor\u201d en el que cualquiera puede ser v\u00edctima del aparato represor, hasta el punto de que las pruebas acreditan ya un nivel de persecuci\u00f3n equivalente a cr\u00edmenes contra la humanidad. [&hellip;]","og_url":"https:\/\/www.eldiario.net\/portal\/2024\/09\/18\/onu-acusa-a-maduro-de-crimenes-contra-la-humanidad\/","og_site_name":"El Diario - Bolivia","article_publisher":"https:\/\/www.facebook.com\/eldiario.bolivia\/","article_published_time":"2024-09-18T09:48:56+00:00","og_image":[{"width":620,"height":425,"url":"https:\/\/www.eldiario.net\/portal\/wp-content\/uploads\/2024\/09\/ONU-Puranoticia.jpg","type":"image\/jpeg"}],"author":"Jeanette","twitter_card":"summary_large_image","twitter_creator":"@eldiario_net","twitter_site":"@eldiario_net","twitter_misc":{"Escrito por":"Jeanette","Tiempo de lectura":"3 minutos"},"schema":{"@context":"https:\/\/schema.org","@graph":[{"@type":"Article","@id":"https:\/\/www.eldiario.net\/portal\/2024\/09\/18\/onu-acusa-a-maduro-de-crimenes-contra-la-humanidad\/#article","isPartOf":{"@id":"https:\/\/www.eldiario.net\/portal\/2024\/09\/18\/onu-acusa-a-maduro-de-crimenes-contra-la-humanidad\/"},"author":{"name":"Jeanette","@id":"https:\/\/www.eldiario.net\/portal\/#\/schema\/person\/f46445640444750d7d753ccd04ae01b7"},"headline":"ONU acusa a Maduro de cr\u00edmenes contra la humanidad","datePublished":"2024-09-18T09:48:56+00:00","mainEntityOfPage":{"@id":"https:\/\/www.eldiario.net\/portal\/2024\/09\/18\/onu-acusa-a-maduro-de-crimenes-contra-la-humanidad\/"},"wordCount":441,"commentCount":0,"publisher":{"@id":"https:\/\/www.eldiario.net\/portal\/#organization"},"image":{"@id":"https:\/\/www.eldiario.net\/portal\/2024\/09\/18\/onu-acusa-a-maduro-de-crimenes-contra-la-humanidad\/#primaryimage"},"thumbnailUrl":"https:\/\/www.eldiario.net\/portal\/wp-content\/uploads\/2024\/09\/ONU-Puranoticia.jpg","articleSection":["Internacional"],"inLanguage":"es","potentialAction":[{"@type":"CommentAction","name":"Comment","target":["https:\/\/www.eldiario.net\/portal\/2024\/09\/18\/onu-acusa-a-maduro-de-crimenes-contra-la-humanidad\/#respond"]}]},{"@type":"WebPage","@id":"https:\/\/www.eldiario.net\/portal\/2024\/09\/18\/onu-acusa-a-maduro-de-crimenes-contra-la-humanidad\/","url":"https:\/\/www.eldiario.net\/portal\/2024\/09\/18\/onu-acusa-a-maduro-de-crimenes-contra-la-humanidad\/","name":"ONU acusa a Maduro de cr\u00edmenes contra la humanidad - El Diario - Bolivia","isPartOf":{"@id":"https:\/\/www.eldiario.net\/portal\/#website"},"primaryImageOfPage":{"@id":"https:\/\/www.eldiario.net\/portal\/2024\/09\/18\/onu-acusa-a-maduro-de-crimenes-contra-la-humanidad\/#primaryimage"},"image":{"@id":"https:\/\/www.eldiario.net\/portal\/2024\/09\/18\/onu-acusa-a-maduro-de-crimenes-contra-la-humanidad\/#primaryimage"},"thumbnailUrl":"https:\/\/www.eldiario.net\/portal\/wp-content\/uploads\/2024\/09\/ONU-Puranoticia.jpg","datePublished":"2024-09-18T09:48:56+00:00","breadcrumb":{"@id":"https:\/\/www.eldiario.net\/portal\/2024\/09\/18\/onu-acusa-a-maduro-de-crimenes-contra-la-humanidad\/#breadcrumb"},"inLanguage":"es","potentialAction":[{"@type":"ReadAction","target":["https:\/\/www.eldiario.net\/portal\/2024\/09\/18\/onu-acusa-a-maduro-de-crimenes-contra-la-humanidad\/"]}]},{"@type":"ImageObject","inLanguage":"es","@id":"https:\/\/www.eldiario.net\/portal\/2024\/09\/18\/onu-acusa-a-maduro-de-crimenes-contra-la-humanidad\/#primaryimage","url":"https:\/\/www.eldiario.net\/portal\/wp-content\/uploads\/2024\/09\/ONU-Puranoticia.jpg","contentUrl":"https:\/\/www.eldiario.net\/portal\/wp-content\/uploads\/2024\/09\/ONU-Puranoticia.jpg","width":620,"height":425,"caption":"Imagen referencial"},{"@type":"BreadcrumbList","@id":"https:\/\/www.eldiario.net\/portal\/2024\/09\/18\/onu-acusa-a-maduro-de-crimenes-contra-la-humanidad\/#breadcrumb","itemListElement":[{"@type":"ListItem","position":1,"name":"Portada","item":"https:\/\/www.eldiario.net\/portal\/"},{"@type":"ListItem","position":2,"name":"ONU acusa a Maduro de cr\u00edmenes contra la humanidad"}]},{"@type":"WebSite","@id":"https:\/\/www.eldiario.net\/portal\/#website","url":"https:\/\/www.eldiario.net\/portal\/","name":"El Diario - Decano de la prensa nacional","description":"El Diario - Decano de la prensa nacional","publisher":{"@id":"https:\/\/www.eldiario.net\/portal\/#organization"},"potentialAction":[{"@type":"SearchAction","target":{"@type":"EntryPoint","urlTemplate":"https:\/\/www.eldiario.net\/portal\/?s={search_term_string}"},"query-input":{"@type":"PropertyValueSpecification","valueRequired":true,"valueName":"search_term_string"}}],"inLanguage":"es"},{"@type":"Organization","@id":"https:\/\/www.eldiario.net\/portal\/#organization","name":"El Diario - Decano de la prensa nacional","url":"https:\/\/www.eldiario.net\/portal\/","logo":{"@type":"ImageObject","inLanguage":"es","@id":"https:\/\/www.eldiario.net\/portal\/#\/schema\/logo\/image\/","url":"https:\/\/www.eldiario.net\/portal\/wp-content\/uploads\/2023\/07\/logo_ED.jpg","contentUrl":"https:\/\/www.eldiario.net\/portal\/wp-content\/uploads\/2023\/07\/logo_ED.jpg","width":272,"height":52,"caption":"El Diario - Decano de la prensa nacional"},"image":{"@id":"https:\/\/www.eldiario.net\/portal\/#\/schema\/logo\/image\/"},"sameAs":["https:\/\/www.facebook.com\/eldiario.bolivia\/","https:\/\/x.com\/eldiario_net"]},{"@type":"Person","@id":"https:\/\/www.eldiario.net\/portal\/#\/schema\/person\/f46445640444750d7d753ccd04ae01b7","name":"Jeanette","image":{"@type":"ImageObject","inLanguage":"es","@id":"https:\/\/secure.gravatar.com\/avatar\/3ea2118a5f7dad2b7138b1187a6b7ee55f160b9968b66013c3a3ef39dd7e5798?s=96&d=mm&r=g","url":"https:\/\/secure.gravatar.com\/avatar\/3ea2118a5f7dad2b7138b1187a6b7ee55f160b9968b66013c3a3ef39dd7e5798?s=96&d=mm&r=g","contentUrl":"https:\/\/secure.gravatar.com\/avatar\/3ea2118a5f7dad2b7138b1187a6b7ee55f160b9968b66013c3a3ef39dd7e5798?s=96&d=mm&r=g","caption":"Jeanette"},"sameAs":["https:\/\/www.eldiario.net\/portal"],"url":"https:\/\/www.eldiario.net\/portal\/author\/jeanette\/"}]}},"_links":{"self":[{"href":"https:\/\/www.eldiario.net\/portal\/wp-json\/wp\/v2\/posts\/248170","targetHints":{"allow":["GET"]}}],"collection":[{"href":"https:\/\/www.eldiario.net\/portal\/wp-json\/wp\/v2\/posts"}],"about":[{"href":"https:\/\/www.eldiario.net\/portal\/wp-json\/wp\/v2\/types\/post"}],"author":[{"embeddable":true,"href":"https:\/\/www.eldiario.net\/portal\/wp-json\/wp\/v2\/users\/1"}],"replies":[{"embeddable":true,"href":"https:\/\/www.eldiario.net\/portal\/wp-json\/wp\/v2\/comments?post=248170"}],"version-history":[{"count":1,"href":"https:\/\/www.eldiario.net\/portal\/wp-json\/wp\/v2\/posts\/248170\/revisions"}],"predecessor-version":[{"id":248172,"href":"https:\/\/www.eldiario.net\/portal\/wp-json\/wp\/v2\/posts\/248170\/revisions\/248172"}],"wp:featuredmedia":[{"embeddable":true,"href":"https:\/\/www.eldiario.net\/portal\/wp-json\/wp\/v2\/media\/248171"}],"wp:attachment":[{"href":"https:\/\/www.eldiario.net\/portal\/wp-json\/wp\/v2\/media?parent=248170"}],"wp:term":[{"taxonomy":"category","embeddable":true,"href":"https:\/\/www.eldiario.net\/portal\/wp-json\/wp\/v2\/categories?post=248170"},{"taxonomy":"post_tag","embeddable":true,"href":"https:\/\/www.eldiario.net\/portal\/wp-json\/wp\/v2\/tags?post=248170"}],"curies":[{"name":"wp","href":"https:\/\/api.w.org\/{rel}","templated":true}]}}