{"id":248160,"date":"2024-09-18T05:46:39","date_gmt":"2024-09-18T09:46:39","guid":{"rendered":"https:\/\/www.eldiario.net\/portal\/?p=248160"},"modified":"2024-09-18T05:46:39","modified_gmt":"2024-09-18T09:46:39","slug":"instagram-obligara-a-millones-de-adolescentes-a-proteger-sus-cuentas","status":"publish","type":"post","link":"https:\/\/www.eldiario.net\/portal\/2024\/09\/18\/instagram-obligara-a-millones-de-adolescentes-a-proteger-sus-cuentas\/","title":{"rendered":"Instagram obligar\u00e1 a millones de  adolescentes a proteger sus cuentas"},"content":{"rendered":"<p class=\"v1MsoNormal\">Instagram anunci\u00f3 ayer, su mayor intento hasta la fecha de proteger a los j\u00f3venes usuarios, de los peligros en su plataforma, implementando nuevas configuraciones de \u00abcuentas para adolescentes\u00bb que autom\u00e1ticamente har\u00e1n que millones de cuentas de adolescentes sean privadas y restringir\u00e1n el tipo de contenido que esos usuarios pueden ver en la aplicaci\u00f3n.<\/p>\n<p class=\"v1MsoNormal\">El cambio en la forma en la que Instagram permite a los adolescentes usar su plataforma llega casi tres a\u00f1os despu\u00e9s de que los explosivos \u00abFacebook Papers\u00bb llamaran la atenci\u00f3n sobre los riesgos que la plataforma representa para los j\u00f3venes usuarios.<\/p>\n<p class=\"v1MsoNormal\">Las nuevas restricciones tambi\u00e9n est\u00e1n dise\u00f1adas, para obligar a los adolescentes a adoptar la supervisi\u00f3n parental, a trav\u00e9s de la aplicaci\u00f3n. Instagram aplicar\u00e1 autom\u00e1ticamente las nuevas configuraciones de \u00abcuentas para adolescentes\u00bb a todos los usuarios menores de 18 a\u00f1os. Despu\u00e9s de la actualizaci\u00f3n, los usuarios de 16 y 17 a\u00f1os podr\u00e1n cambiar manualmente la configuraci\u00f3n de la aplicaci\u00f3n a sus preferencias, pero los usuarios de 13 a 15 a\u00f1os deber\u00e1n obtener la aprobaci\u00f3n de los padres para cualquier cambio.<\/p>\n<p class=\"v1MsoNormal\">Las nuevas configuraciones de \u00abcuentas para adolescentes\u00bb se basan en m\u00e1s de 30 herramientas de bienestar y supervisi\u00f3n parental que la empresa matriz Meta implement\u00f3 en los \u00faltimos a\u00f1os, como recordatorios de \u00abtomar un descanso\u00bb y restricciones sobre contenido \u00abinapropiado para la edad\u00bb, y publicaciones sobre trastornos alimentarios. A pesar de esas actualizaciones que ya fueron hechas en el pasado, la empresa sigui\u00f3 enfrentando cr\u00edticas por colocar demasiada responsabilidad en manos de los padres y, en algunos casos, de los propios adolescentes. Las herramientas de supervisi\u00f3n parental, por ejemplo, depend\u00edan de que los adolescentes informaran a los padres que estaban en la aplicaci\u00f3n.<\/p>\n<p class=\"v1MsoNormal\">La presi\u00f3n para que Meta haga m\u00e1s para proteger a los adolescentes aument\u00f3 nuevamente despu\u00e9s de que un empleado de Facebook convertido en denunciante, Arturo Bejar, se\u00f1alara en una audiencia del subcomit\u00e9 del Senado en noviembre que los principales ejecutivos de Meta, incluido el CEO Mark Zuckerberg, ignoraron durante a\u00f1os las advertencias sobre los da\u00f1os a los adolescentes en sus plataformas.<\/p>\n<p class=\"v1MsoNormal\">Documentos judiciales de demandas recientes contra la empresa tambi\u00e9n alegaron que Zuckerberg frustr\u00f3 repetidamente las iniciativas de bienestar para adolescentes, que Meta se neg\u00f3 conscientemente a cerrar cuentas pertenecientes a ni\u00f1os menores de 13 a\u00f1os y que la empresa permiti\u00f3 cuentas de depredadores infantiles.<\/p>\n<p class=\"v1MsoNormal\">En una audiencia del Senado en enero, Zuckerberg se disculp\u00f3 con las familias que afirmaron que sus hijos hab\u00edan sido perjudicados por las redes sociales.<\/p>\n<p class=\"v1MsoNormal\">Meta dice que los cambios m\u00e1s recientes tienen como objetivo \u00ababordar las mayores preocupaciones de los padres: con qui\u00e9n est\u00e1n hablando los adolescentes en l\u00ednea, el contenido que est\u00e1n viendo y si su tiempo est\u00e1 siendo bien empleado\u00bb.<\/p>\n<p class=\"v1MsoNormal\">La actualizaci\u00f3n de \u00abcuentas para adolescentes\u00bb significa que las cuentas de usuarios menores de 18 a\u00f1os, tanto nuevas como existentes, se configurar\u00e1n autom\u00e1ticamente como privadas y se colocar\u00e1n en las configuraciones de mensajer\u00eda m\u00e1s estrictas. La revisi\u00f3n permitir\u00e1 a los usuarios adolescentes recibir mensajes solo de personas con las que ya est\u00e1n conectados. Instagram tambi\u00e9n limitar\u00e1 qui\u00e9n puede etiquetar a los adolescentes en fotos o mencionarlos en comentarios, que en ambos casos ser\u00e1 solo a personas que sigan.<\/p>\n<p class=\"v1MsoNormal\">Adem\u00e1s, los adolescentes ser\u00e1n colocados en las configuraciones de control de contenido m\u00e1s restrictivas de Instagram. El cambio limita los tipos de contenido \u00absensible\u00bb que los adolescentes pueden ver en su p\u00e1gina de Explorar y en Reels, como publicaciones que promueven procedimientos cosm\u00e9ticos.<\/p>\n<p class=\"v1MsoNormal\">Instagram ya hab\u00eda comenzado a implementar esa estrategia de manera m\u00e1s limitada a principios de este a\u00f1o.<\/p>\n<p class=\"v1MsoNormal\">Los usuarios adolescentes tambi\u00e9n recibir\u00e1n recordatorios de l\u00edmite de tiempo que los instar\u00e1n a salir despu\u00e9s de pasar 1 hora en la aplicaci\u00f3n cada d\u00eda. Y la aplicaci\u00f3n se configurar\u00e1 por defecto en \u00abmodo de sue\u00f1o\u00bb, silenciando notificaciones y enviando respuestas autom\u00e1ticas a mensajes directos entre las 22:00 p.m. y las 07:00 a.m.<\/p>\n<p class=\"v1MsoNormal\">Instagram planea aplicar los cambios a todas las cuentas de adolescentes en un n\u00famero de pa\u00edses, incluido Estados Unidos, a partir de la pr\u00f3xima semana.<\/p>\n<p class=\"v1MsoNormal\">La aplicaci\u00f3n tambi\u00e9n agregar\u00e1 nuevas funciones a su herramienta de supervisi\u00f3n parental, permitiendo a los padres ver qu\u00e9 cuentas enviaron mensajes recientemente su adolescente, establecer l\u00edmites de tiempo diarios totales para el uso de Instagram por parte de los adolescentes, bloquear a los adolescentes para que no usen Instagram por la noche o durante otros per\u00edodos de tiempo espec\u00edficos y ver los temas sobre los que su adolescente est\u00e1 viendo contenido.<\/p>\n<p class=\"v1MsoNormal\">Se espera que los cambios se realicen en todas las cuentas de adolescentes en Estados Unidos, Reino Unido, Canad\u00e1 y Australia dentro de los pr\u00f3ximos 60 d\u00edas, antes de implementarse en otros pa\u00edses a finales de este a\u00f1o y el pr\u00f3ximo.<\/p>\n<p class=\"v1MsoNormal\">Pero la efectividad de algunos de los cambios puede verse obstaculizada por una simple verdad: Meta no tiene forma de saber con certeza si es un padre quien realmente est\u00e1 monitoreando las cuentas de los adolescentes en lugar de, por ejemplo, un amigo mayor. Meta no realiza una verificaci\u00f3n formal de los padres, pero dice que se basa en se\u00f1ales, como la fecha de nacimiento del usuario adulto y cu\u00e1ntas otras cuentas supervisan para determinar si se debe permitir que supervise la cuenta de un adolescente, sostuvo un portavoz.<\/p>\n<p class=\"v1MsoNormal\">Meta tambi\u00e9n enfrent\u00f3 durante mucho tiempo cr\u00edticas por no hacer m\u00e1s para evitar que los adolescentes mientan sobre su edad cuando crean una nueva cuenta para eludir las restricciones de seguridad.<\/p>\n<p class=\"v1MsoNormal\">La empresa dice que est\u00e1 implementando tecnolog\u00eda de inteligencia artificial que tendr\u00e1 como objetivo identificar cuentas de adolescentes que puedan haber listado incorrectamente una fecha de nacimiento de adulto.<\/p>\n<p class=\"v1MsoNormal\">Meta dice que las nuevas funciones se desarrollaron en consulta con su Consejo Asesor de Seguridad, compuesto por expertos independientes en seguridad en l\u00ednea y organizaciones, y un grupo de asesores juveniles, as\u00ed como comentarios de otros adolescentes, padres y funcionarios gubernamentales. (CNN)<\/p>\n<figure id=\"attachment_248162\" aria-describedby=\"caption-attachment-248162\" style=\"width: 1015px\" class=\"wp-caption alignleft\"><img loading=\"lazy\" decoding=\"async\" class=\"size-full wp-image-248162\" src=\"https:\/\/www.eldiario.net\/portal\/wp-content\/uploads\/2024\/09\/INSTAGRAM-2-Meta.jpg\" alt=\"\" width=\"1015\" height=\"677\" srcset=\"https:\/\/www.eldiario.net\/portal\/wp-content\/uploads\/2024\/09\/INSTAGRAM-2-Meta.jpg 1015w, https:\/\/www.eldiario.net\/portal\/wp-content\/uploads\/2024\/09\/INSTAGRAM-2-Meta-300x200.jpg 300w, https:\/\/www.eldiario.net\/portal\/wp-content\/uploads\/2024\/09\/INSTAGRAM-2-Meta-768x512.jpg 768w, https:\/\/www.eldiario.net\/portal\/wp-content\/uploads\/2024\/09\/INSTAGRAM-2-Meta-630x420.jpg 630w, https:\/\/www.eldiario.net\/portal\/wp-content\/uploads\/2024\/09\/INSTAGRAM-2-Meta-696x464.jpg 696w\" sizes=\"auto, (max-width: 1015px) 100vw, 1015px\" \/><figcaption id=\"caption-attachment-248162\" class=\"wp-caption-text\">Imagen referencial<br \/>CREDITO: Newsweek Argentina y Meta<\/figcaption><\/figure>\n","protected":false},"excerpt":{"rendered":"<p>Instagram anunci\u00f3 ayer, su mayor intento hasta la fecha de proteger a los j\u00f3venes usuarios, de los peligros en su plataforma, implementando nuevas configuraciones de \u00abcuentas para adolescentes\u00bb que autom\u00e1ticamente har\u00e1n que millones de cuentas de adolescentes sean privadas y restringir\u00e1n el tipo de contenido que esos usuarios pueden ver en la aplicaci\u00f3n. El cambio [&hellip;]<\/p>\n","protected":false},"author":1,"featured_media":248161,"comment_status":"open","ping_status":"open","sticky":false,"template":"","format":"standard","meta":{"_acf_changed":false,"footnotes":""},"categories":[3],"tags":[],"class_list":["post-248160","post","type-post","status-publish","format-standard","has-post-thumbnail","category-internacional"],"acf":{"antetitulo":"Estados Unidos"},"yoast_head":"<!-- This site is optimized with the Yoast SEO plugin v28.4 - https:\/\/yoast.com\/product\/yoast-seo-wordpress\/ -->\n<title>Instagram obligar\u00e1 a millones de adolescentes a proteger sus cuentas - El Diario - Bolivia<\/title>\n<meta name=\"robots\" content=\"index, follow, max-snippet:-1, max-image-preview:large, max-video-preview:-1\" \/>\n<link rel=\"canonical\" href=\"https:\/\/www.eldiario.net\/portal\/2024\/09\/18\/instagram-obligara-a-millones-de-adolescentes-a-proteger-sus-cuentas\/\" \/>\n<meta property=\"og:locale\" content=\"es_ES\" \/>\n<meta property=\"og:type\" content=\"article\" \/>\n<meta property=\"og:title\" content=\"Instagram obligar\u00e1 a millones de adolescentes a proteger sus cuentas - El Diario - Bolivia\" \/>\n<meta property=\"og:description\" content=\"Instagram anunci\u00f3 ayer, su mayor intento hasta la fecha de proteger a los j\u00f3venes usuarios, de los peligros en su plataforma, implementando nuevas configuraciones de \u00abcuentas para adolescentes\u00bb que autom\u00e1ticamente har\u00e1n que millones de cuentas de adolescentes sean privadas y restringir\u00e1n el tipo de contenido que esos usuarios pueden ver en la aplicaci\u00f3n. El cambio [&hellip;]\" \/>\n<meta property=\"og:url\" content=\"https:\/\/www.eldiario.net\/portal\/2024\/09\/18\/instagram-obligara-a-millones-de-adolescentes-a-proteger-sus-cuentas\/\" \/>\n<meta property=\"og:site_name\" content=\"El Diario - Bolivia\" \/>\n<meta property=\"article:publisher\" content=\"https:\/\/www.facebook.com\/eldiario.bolivia\/\" \/>\n<meta property=\"article:published_time\" content=\"2024-09-18T09:46:39+00:00\" \/>\n<meta property=\"og:image\" content=\"https:\/\/www.eldiario.net\/portal\/wp-content\/uploads\/2024\/09\/INSTAGRAM-1-Newsweek-Argentina.jpg\" \/>\n\t<meta property=\"og:image:width\" content=\"1500\" \/>\n\t<meta property=\"og:image:height\" content=\"1000\" \/>\n\t<meta property=\"og:image:type\" content=\"image\/jpeg\" \/>\n<meta name=\"author\" content=\"Jeanette\" \/>\n<meta name=\"twitter:card\" content=\"summary_large_image\" \/>\n<meta name=\"twitter:creator\" content=\"@eldiario_net\" \/>\n<meta name=\"twitter:site\" content=\"@eldiario_net\" \/>\n<meta name=\"twitter:label1\" content=\"Escrito por\" \/>\n\t<meta name=\"twitter:data1\" content=\"Jeanette\" \/>\n\t<meta name=\"twitter:label2\" content=\"Tiempo de lectura\" \/>\n\t<meta name=\"twitter:data2\" content=\"5 minutos\" \/>\n<script type=\"application\/ld+json\" class=\"yoast-schema-graph\">{\"@context\":\"https:\\\/\\\/schema.org\",\"@graph\":[{\"@type\":\"Article\",\"@id\":\"https:\\\/\\\/www.eldiario.net\\\/portal\\\/2024\\\/09\\\/18\\\/instagram-obligara-a-millones-de-adolescentes-a-proteger-sus-cuentas\\\/#article\",\"isPartOf\":{\"@id\":\"https:\\\/\\\/www.eldiario.net\\\/portal\\\/2024\\\/09\\\/18\\\/instagram-obligara-a-millones-de-adolescentes-a-proteger-sus-cuentas\\\/\"},\"author\":{\"name\":\"Jeanette\",\"@id\":\"https:\\\/\\\/www.eldiario.net\\\/portal\\\/#\\\/schema\\\/person\\\/f46445640444750d7d753ccd04ae01b7\"},\"headline\":\"Instagram obligar\u00e1 a millones de adolescentes a proteger sus cuentas\",\"datePublished\":\"2024-09-18T09:46:39+00:00\",\"mainEntityOfPage\":{\"@id\":\"https:\\\/\\\/www.eldiario.net\\\/portal\\\/2024\\\/09\\\/18\\\/instagram-obligara-a-millones-de-adolescentes-a-proteger-sus-cuentas\\\/\"},\"wordCount\":1076,\"commentCount\":0,\"publisher\":{\"@id\":\"https:\\\/\\\/www.eldiario.net\\\/portal\\\/#organization\"},\"image\":{\"@id\":\"https:\\\/\\\/www.eldiario.net\\\/portal\\\/2024\\\/09\\\/18\\\/instagram-obligara-a-millones-de-adolescentes-a-proteger-sus-cuentas\\\/#primaryimage\"},\"thumbnailUrl\":\"https:\\\/\\\/www.eldiario.net\\\/portal\\\/wp-content\\\/uploads\\\/2024\\\/09\\\/INSTAGRAM-1-Newsweek-Argentina.jpg\",\"articleSection\":[\"Internacional\"],\"inLanguage\":\"es\",\"potentialAction\":[{\"@type\":\"CommentAction\",\"name\":\"Comment\",\"target\":[\"https:\\\/\\\/www.eldiario.net\\\/portal\\\/2024\\\/09\\\/18\\\/instagram-obligara-a-millones-de-adolescentes-a-proteger-sus-cuentas\\\/#respond\"]}]},{\"@type\":\"WebPage\",\"@id\":\"https:\\\/\\\/www.eldiario.net\\\/portal\\\/2024\\\/09\\\/18\\\/instagram-obligara-a-millones-de-adolescentes-a-proteger-sus-cuentas\\\/\",\"url\":\"https:\\\/\\\/www.eldiario.net\\\/portal\\\/2024\\\/09\\\/18\\\/instagram-obligara-a-millones-de-adolescentes-a-proteger-sus-cuentas\\\/\",\"name\":\"Instagram obligar\u00e1 a millones de adolescentes a proteger sus cuentas - El Diario - Bolivia\",\"isPartOf\":{\"@id\":\"https:\\\/\\\/www.eldiario.net\\\/portal\\\/#website\"},\"primaryImageOfPage\":{\"@id\":\"https:\\\/\\\/www.eldiario.net\\\/portal\\\/2024\\\/09\\\/18\\\/instagram-obligara-a-millones-de-adolescentes-a-proteger-sus-cuentas\\\/#primaryimage\"},\"image\":{\"@id\":\"https:\\\/\\\/www.eldiario.net\\\/portal\\\/2024\\\/09\\\/18\\\/instagram-obligara-a-millones-de-adolescentes-a-proteger-sus-cuentas\\\/#primaryimage\"},\"thumbnailUrl\":\"https:\\\/\\\/www.eldiario.net\\\/portal\\\/wp-content\\\/uploads\\\/2024\\\/09\\\/INSTAGRAM-1-Newsweek-Argentina.jpg\",\"datePublished\":\"2024-09-18T09:46:39+00:00\",\"breadcrumb\":{\"@id\":\"https:\\\/\\\/www.eldiario.net\\\/portal\\\/2024\\\/09\\\/18\\\/instagram-obligara-a-millones-de-adolescentes-a-proteger-sus-cuentas\\\/#breadcrumb\"},\"inLanguage\":\"es\",\"potentialAction\":[{\"@type\":\"ReadAction\",\"target\":[\"https:\\\/\\\/www.eldiario.net\\\/portal\\\/2024\\\/09\\\/18\\\/instagram-obligara-a-millones-de-adolescentes-a-proteger-sus-cuentas\\\/\"]}]},{\"@type\":\"ImageObject\",\"inLanguage\":\"es\",\"@id\":\"https:\\\/\\\/www.eldiario.net\\\/portal\\\/2024\\\/09\\\/18\\\/instagram-obligara-a-millones-de-adolescentes-a-proteger-sus-cuentas\\\/#primaryimage\",\"url\":\"https:\\\/\\\/www.eldiario.net\\\/portal\\\/wp-content\\\/uploads\\\/2024\\\/09\\\/INSTAGRAM-1-Newsweek-Argentina.jpg\",\"contentUrl\":\"https:\\\/\\\/www.eldiario.net\\\/portal\\\/wp-content\\\/uploads\\\/2024\\\/09\\\/INSTAGRAM-1-Newsweek-Argentina.jpg\",\"width\":1500,\"height\":1000,\"caption\":\"Loei, Thailand - May 10, 2017: Hand holding samsung s8 with mobile application for Instagram on the screen\"},{\"@type\":\"BreadcrumbList\",\"@id\":\"https:\\\/\\\/www.eldiario.net\\\/portal\\\/2024\\\/09\\\/18\\\/instagram-obligara-a-millones-de-adolescentes-a-proteger-sus-cuentas\\\/#breadcrumb\",\"itemListElement\":[{\"@type\":\"ListItem\",\"position\":1,\"name\":\"Portada\",\"item\":\"https:\\\/\\\/www.eldiario.net\\\/portal\\\/\"},{\"@type\":\"ListItem\",\"position\":2,\"name\":\"Instagram obligar\u00e1 a millones de adolescentes a proteger sus cuentas\"}]},{\"@type\":\"WebSite\",\"@id\":\"https:\\\/\\\/www.eldiario.net\\\/portal\\\/#website\",\"url\":\"https:\\\/\\\/www.eldiario.net\\\/portal\\\/\",\"name\":\"El Diario - Decano de la prensa nacional\",\"description\":\"El Diario - Decano de la prensa nacional\",\"publisher\":{\"@id\":\"https:\\\/\\\/www.eldiario.net\\\/portal\\\/#organization\"},\"potentialAction\":[{\"@type\":\"SearchAction\",\"target\":{\"@type\":\"EntryPoint\",\"urlTemplate\":\"https:\\\/\\\/www.eldiario.net\\\/portal\\\/?s={search_term_string}\"},\"query-input\":{\"@type\":\"PropertyValueSpecification\",\"valueRequired\":true,\"valueName\":\"search_term_string\"}}],\"inLanguage\":\"es\"},{\"@type\":\"Organization\",\"@id\":\"https:\\\/\\\/www.eldiario.net\\\/portal\\\/#organization\",\"name\":\"El Diario - Decano de la prensa nacional\",\"url\":\"https:\\\/\\\/www.eldiario.net\\\/portal\\\/\",\"logo\":{\"@type\":\"ImageObject\",\"inLanguage\":\"es\",\"@id\":\"https:\\\/\\\/www.eldiario.net\\\/portal\\\/#\\\/schema\\\/logo\\\/image\\\/\",\"url\":\"https:\\\/\\\/www.eldiario.net\\\/portal\\\/wp-content\\\/uploads\\\/2023\\\/07\\\/logo_ED.jpg\",\"contentUrl\":\"https:\\\/\\\/www.eldiario.net\\\/portal\\\/wp-content\\\/uploads\\\/2023\\\/07\\\/logo_ED.jpg\",\"width\":272,\"height\":52,\"caption\":\"El Diario - Decano de la prensa nacional\"},\"image\":{\"@id\":\"https:\\\/\\\/www.eldiario.net\\\/portal\\\/#\\\/schema\\\/logo\\\/image\\\/\"},\"sameAs\":[\"https:\\\/\\\/www.facebook.com\\\/eldiario.bolivia\\\/\",\"https:\\\/\\\/x.com\\\/eldiario_net\"]},{\"@type\":\"Person\",\"@id\":\"https:\\\/\\\/www.eldiario.net\\\/portal\\\/#\\\/schema\\\/person\\\/f46445640444750d7d753ccd04ae01b7\",\"name\":\"Jeanette\",\"image\":{\"@type\":\"ImageObject\",\"inLanguage\":\"es\",\"@id\":\"https:\\\/\\\/secure.gravatar.com\\\/avatar\\\/3ea2118a5f7dad2b7138b1187a6b7ee55f160b9968b66013c3a3ef39dd7e5798?s=96&d=mm&r=g\",\"url\":\"https:\\\/\\\/secure.gravatar.com\\\/avatar\\\/3ea2118a5f7dad2b7138b1187a6b7ee55f160b9968b66013c3a3ef39dd7e5798?s=96&d=mm&r=g\",\"contentUrl\":\"https:\\\/\\\/secure.gravatar.com\\\/avatar\\\/3ea2118a5f7dad2b7138b1187a6b7ee55f160b9968b66013c3a3ef39dd7e5798?s=96&d=mm&r=g\",\"caption\":\"Jeanette\"},\"sameAs\":[\"https:\\\/\\\/www.eldiario.net\\\/portal\"],\"url\":\"https:\\\/\\\/www.eldiario.net\\\/portal\\\/author\\\/jeanette\\\/\"}]}<\/script>\n<!-- \/ Yoast SEO plugin. -->","yoast_head_json":{"title":"Instagram obligar\u00e1 a millones de adolescentes a proteger sus cuentas - El Diario - Bolivia","robots":{"index":"index","follow":"follow","max-snippet":"max-snippet:-1","max-image-preview":"max-image-preview:large","max-video-preview":"max-video-preview:-1"},"canonical":"https:\/\/www.eldiario.net\/portal\/2024\/09\/18\/instagram-obligara-a-millones-de-adolescentes-a-proteger-sus-cuentas\/","og_locale":"es_ES","og_type":"article","og_title":"Instagram obligar\u00e1 a millones de adolescentes a proteger sus cuentas - El Diario - Bolivia","og_description":"Instagram anunci\u00f3 ayer, su mayor intento hasta la fecha de proteger a los j\u00f3venes usuarios, de los peligros en su plataforma, implementando nuevas configuraciones de \u00abcuentas para adolescentes\u00bb que autom\u00e1ticamente har\u00e1n que millones de cuentas de adolescentes sean privadas y restringir\u00e1n el tipo de contenido que esos usuarios pueden ver en la aplicaci\u00f3n. El cambio [&hellip;]","og_url":"https:\/\/www.eldiario.net\/portal\/2024\/09\/18\/instagram-obligara-a-millones-de-adolescentes-a-proteger-sus-cuentas\/","og_site_name":"El Diario - Bolivia","article_publisher":"https:\/\/www.facebook.com\/eldiario.bolivia\/","article_published_time":"2024-09-18T09:46:39+00:00","og_image":[{"width":1500,"height":1000,"url":"https:\/\/www.eldiario.net\/portal\/wp-content\/uploads\/2024\/09\/INSTAGRAM-1-Newsweek-Argentina.jpg","type":"image\/jpeg"}],"author":"Jeanette","twitter_card":"summary_large_image","twitter_creator":"@eldiario_net","twitter_site":"@eldiario_net","twitter_misc":{"Escrito por":"Jeanette","Tiempo de lectura":"5 minutos"},"schema":{"@context":"https:\/\/schema.org","@graph":[{"@type":"Article","@id":"https:\/\/www.eldiario.net\/portal\/2024\/09\/18\/instagram-obligara-a-millones-de-adolescentes-a-proteger-sus-cuentas\/#article","isPartOf":{"@id":"https:\/\/www.eldiario.net\/portal\/2024\/09\/18\/instagram-obligara-a-millones-de-adolescentes-a-proteger-sus-cuentas\/"},"author":{"name":"Jeanette","@id":"https:\/\/www.eldiario.net\/portal\/#\/schema\/person\/f46445640444750d7d753ccd04ae01b7"},"headline":"Instagram obligar\u00e1 a millones de adolescentes a proteger sus cuentas","datePublished":"2024-09-18T09:46:39+00:00","mainEntityOfPage":{"@id":"https:\/\/www.eldiario.net\/portal\/2024\/09\/18\/instagram-obligara-a-millones-de-adolescentes-a-proteger-sus-cuentas\/"},"wordCount":1076,"commentCount":0,"publisher":{"@id":"https:\/\/www.eldiario.net\/portal\/#organization"},"image":{"@id":"https:\/\/www.eldiario.net\/portal\/2024\/09\/18\/instagram-obligara-a-millones-de-adolescentes-a-proteger-sus-cuentas\/#primaryimage"},"thumbnailUrl":"https:\/\/www.eldiario.net\/portal\/wp-content\/uploads\/2024\/09\/INSTAGRAM-1-Newsweek-Argentina.jpg","articleSection":["Internacional"],"inLanguage":"es","potentialAction":[{"@type":"CommentAction","name":"Comment","target":["https:\/\/www.eldiario.net\/portal\/2024\/09\/18\/instagram-obligara-a-millones-de-adolescentes-a-proteger-sus-cuentas\/#respond"]}]},{"@type":"WebPage","@id":"https:\/\/www.eldiario.net\/portal\/2024\/09\/18\/instagram-obligara-a-millones-de-adolescentes-a-proteger-sus-cuentas\/","url":"https:\/\/www.eldiario.net\/portal\/2024\/09\/18\/instagram-obligara-a-millones-de-adolescentes-a-proteger-sus-cuentas\/","name":"Instagram obligar\u00e1 a millones de adolescentes a proteger sus cuentas - El Diario - Bolivia","isPartOf":{"@id":"https:\/\/www.eldiario.net\/portal\/#website"},"primaryImageOfPage":{"@id":"https:\/\/www.eldiario.net\/portal\/2024\/09\/18\/instagram-obligara-a-millones-de-adolescentes-a-proteger-sus-cuentas\/#primaryimage"},"image":{"@id":"https:\/\/www.eldiario.net\/portal\/2024\/09\/18\/instagram-obligara-a-millones-de-adolescentes-a-proteger-sus-cuentas\/#primaryimage"},"thumbnailUrl":"https:\/\/www.eldiario.net\/portal\/wp-content\/uploads\/2024\/09\/INSTAGRAM-1-Newsweek-Argentina.jpg","datePublished":"2024-09-18T09:46:39+00:00","breadcrumb":{"@id":"https:\/\/www.eldiario.net\/portal\/2024\/09\/18\/instagram-obligara-a-millones-de-adolescentes-a-proteger-sus-cuentas\/#breadcrumb"},"inLanguage":"es","potentialAction":[{"@type":"ReadAction","target":["https:\/\/www.eldiario.net\/portal\/2024\/09\/18\/instagram-obligara-a-millones-de-adolescentes-a-proteger-sus-cuentas\/"]}]},{"@type":"ImageObject","inLanguage":"es","@id":"https:\/\/www.eldiario.net\/portal\/2024\/09\/18\/instagram-obligara-a-millones-de-adolescentes-a-proteger-sus-cuentas\/#primaryimage","url":"https:\/\/www.eldiario.net\/portal\/wp-content\/uploads\/2024\/09\/INSTAGRAM-1-Newsweek-Argentina.jpg","contentUrl":"https:\/\/www.eldiario.net\/portal\/wp-content\/uploads\/2024\/09\/INSTAGRAM-1-Newsweek-Argentina.jpg","width":1500,"height":1000,"caption":"Loei, Thailand - May 10, 2017: Hand holding samsung s8 with mobile application for Instagram on the screen"},{"@type":"BreadcrumbList","@id":"https:\/\/www.eldiario.net\/portal\/2024\/09\/18\/instagram-obligara-a-millones-de-adolescentes-a-proteger-sus-cuentas\/#breadcrumb","itemListElement":[{"@type":"ListItem","position":1,"name":"Portada","item":"https:\/\/www.eldiario.net\/portal\/"},{"@type":"ListItem","position":2,"name":"Instagram obligar\u00e1 a millones de adolescentes a proteger sus cuentas"}]},{"@type":"WebSite","@id":"https:\/\/www.eldiario.net\/portal\/#website","url":"https:\/\/www.eldiario.net\/portal\/","name":"El Diario - Decano de la prensa nacional","description":"El Diario - Decano de la prensa nacional","publisher":{"@id":"https:\/\/www.eldiario.net\/portal\/#organization"},"potentialAction":[{"@type":"SearchAction","target":{"@type":"EntryPoint","urlTemplate":"https:\/\/www.eldiario.net\/portal\/?s={search_term_string}"},"query-input":{"@type":"PropertyValueSpecification","valueRequired":true,"valueName":"search_term_string"}}],"inLanguage":"es"},{"@type":"Organization","@id":"https:\/\/www.eldiario.net\/portal\/#organization","name":"El Diario - Decano de la prensa nacional","url":"https:\/\/www.eldiario.net\/portal\/","logo":{"@type":"ImageObject","inLanguage":"es","@id":"https:\/\/www.eldiario.net\/portal\/#\/schema\/logo\/image\/","url":"https:\/\/www.eldiario.net\/portal\/wp-content\/uploads\/2023\/07\/logo_ED.jpg","contentUrl":"https:\/\/www.eldiario.net\/portal\/wp-content\/uploads\/2023\/07\/logo_ED.jpg","width":272,"height":52,"caption":"El Diario - Decano de la prensa nacional"},"image":{"@id":"https:\/\/www.eldiario.net\/portal\/#\/schema\/logo\/image\/"},"sameAs":["https:\/\/www.facebook.com\/eldiario.bolivia\/","https:\/\/x.com\/eldiario_net"]},{"@type":"Person","@id":"https:\/\/www.eldiario.net\/portal\/#\/schema\/person\/f46445640444750d7d753ccd04ae01b7","name":"Jeanette","image":{"@type":"ImageObject","inLanguage":"es","@id":"https:\/\/secure.gravatar.com\/avatar\/3ea2118a5f7dad2b7138b1187a6b7ee55f160b9968b66013c3a3ef39dd7e5798?s=96&d=mm&r=g","url":"https:\/\/secure.gravatar.com\/avatar\/3ea2118a5f7dad2b7138b1187a6b7ee55f160b9968b66013c3a3ef39dd7e5798?s=96&d=mm&r=g","contentUrl":"https:\/\/secure.gravatar.com\/avatar\/3ea2118a5f7dad2b7138b1187a6b7ee55f160b9968b66013c3a3ef39dd7e5798?s=96&d=mm&r=g","caption":"Jeanette"},"sameAs":["https:\/\/www.eldiario.net\/portal"],"url":"https:\/\/www.eldiario.net\/portal\/author\/jeanette\/"}]}},"_links":{"self":[{"href":"https:\/\/www.eldiario.net\/portal\/wp-json\/wp\/v2\/posts\/248160","targetHints":{"allow":["GET"]}}],"collection":[{"href":"https:\/\/www.eldiario.net\/portal\/wp-json\/wp\/v2\/posts"}],"about":[{"href":"https:\/\/www.eldiario.net\/portal\/wp-json\/wp\/v2\/types\/post"}],"author":[{"embeddable":true,"href":"https:\/\/www.eldiario.net\/portal\/wp-json\/wp\/v2\/users\/1"}],"replies":[{"embeddable":true,"href":"https:\/\/www.eldiario.net\/portal\/wp-json\/wp\/v2\/comments?post=248160"}],"version-history":[{"count":1,"href":"https:\/\/www.eldiario.net\/portal\/wp-json\/wp\/v2\/posts\/248160\/revisions"}],"predecessor-version":[{"id":248163,"href":"https:\/\/www.eldiario.net\/portal\/wp-json\/wp\/v2\/posts\/248160\/revisions\/248163"}],"wp:featuredmedia":[{"embeddable":true,"href":"https:\/\/www.eldiario.net\/portal\/wp-json\/wp\/v2\/media\/248161"}],"wp:attachment":[{"href":"https:\/\/www.eldiario.net\/portal\/wp-json\/wp\/v2\/media?parent=248160"}],"wp:term":[{"taxonomy":"category","embeddable":true,"href":"https:\/\/www.eldiario.net\/portal\/wp-json\/wp\/v2\/categories?post=248160"},{"taxonomy":"post_tag","embeddable":true,"href":"https:\/\/www.eldiario.net\/portal\/wp-json\/wp\/v2\/tags?post=248160"}],"curies":[{"name":"wp","href":"https:\/\/api.w.org\/{rel}","templated":true}]}}