{"id":248156,"date":"2024-09-18T05:45:06","date_gmt":"2024-09-18T09:45:06","guid":{"rendered":"https:\/\/www.eldiario.net\/portal\/?p=248156"},"modified":"2024-09-18T15:13:18","modified_gmt":"2024-09-18T19:13:18","slug":"escalada-de-violencia-en-el-mas-pone-en-riesgo-sistema-democratico","status":"publish","type":"post","link":"https:\/\/www.eldiario.net\/portal\/2024\/09\/18\/escalada-de-violencia-en-el-mas-pone-en-riesgo-sistema-democratico\/","title":{"rendered":"Escalada de violencia en el MAS pone en riesgo sistema democr\u00e1tico"},"content":{"rendered":"<p>Tras registrarse agresiones a periodistas y senadores en la primera jornada de movilizaciones del \u201cevismo\u201d, el Defensor del Pueblo, Pedro\u00a0Callisaya, advirti\u00f3 una escalada de violencia \u201cinnecesaria\u201d que pone en peligro la institucionalidad del sistema democr\u00e1tico como mecanismo para resolver conflictos.<br \/>\n\u201cAdvertimos que la escalada de violencia y el enfrentamiento puede generar lesiones a los derechos a la integridad (\u2026) y puede poner en peligro no solamente la viabilidad de un Estado como el nuestro, sino del sistema democr\u00e1tico como mecanismo v\u00e1lido para resolver la conflictividad\u201d, se\u00f1al\u00f3 Callisaya en conferencia de prensa.<br \/>\nEl Defensor inform\u00f3 sobre varios hechos de violencia registrados ayer, entre los cuales hubo agresiones a periodistas que cubr\u00edan los hechos y lesiones provocadas a asamble\u00edstas durante un bloqueo cerca de Vila Vila. Asimismo, \u201cse registraron da\u00f1os a veh\u00edculos particulares y la presencia de un viceministro acompa\u00f1ado de cooperativistas\u201d, agreg\u00f3.<br \/>\nLos legisladores evistas, Guido Varela y Luis Flores, resultaron seriamente heridos y fueron evacuados a centros de salud para recibir asistencia m\u00e9dica, seg\u00fan reportes locales. Uno de ellos fue fotografiado con la cabeza ensangrentada.<br \/>\nSe report\u00f3 adem\u00e1s que grupos \u201carcistas\u201d se instalaron en los cerros de Vila Vila para impedir el paso de la movilizaci\u00f3n af\u00edn a Evo Morales, desatando enfrentamientos con el uso de petardos, cachorros de dinamita y piedras con hondas.<br \/>\nCallisaya llam\u00f3 a reconducir el conflicto mediante el di\u00e1logo y exhort\u00f3 a los tomadores de decisi\u00f3n a actuar responsablemente. \u201cEstamos generando violencia innecesaria entre bolivianos\u201d, manifest\u00f3.<br \/>\nEn el escenario de que la violencia continuara, la prensa le consult\u00f3 si la Defensor\u00eda podr\u00eda constituirse como mediador del di\u00e1logo, a lo que Callisaya replic\u00f3: \u201cla decisi\u00f3n y la responsabilidad es de aquellos que est\u00e1n llevando adelante estas confrontaciones. Son esas autoridades las que necesitan reflexionar y generar este espacio de di\u00e1logo. Por supuesto, la Defensor\u00eda, como siempre, va a seguir acompa\u00f1ando esas iniciativas de di\u00e1logo\u201d.<\/p>\n<figure id=\"attachment_248158\" aria-describedby=\"caption-attachment-248158\" style=\"width: 2560px\" class=\"wp-caption alignleft\"><img loading=\"lazy\" decoding=\"async\" class=\"size-full wp-image-248158\" src=\"https:\/\/www.eldiario.net\/portal\/wp-content\/uploads\/2024\/09\/18-DEF-scaled.jpg\" alt=\"\" width=\"2560\" height=\"1641\" srcset=\"https:\/\/www.eldiario.net\/portal\/wp-content\/uploads\/2024\/09\/18-DEF-scaled.jpg 2560w, https:\/\/www.eldiario.net\/portal\/wp-content\/uploads\/2024\/09\/18-DEF-300x192.jpg 300w, https:\/\/www.eldiario.net\/portal\/wp-content\/uploads\/2024\/09\/18-DEF-1024x656.jpg 1024w, https:\/\/www.eldiario.net\/portal\/wp-content\/uploads\/2024\/09\/18-DEF-768x492.jpg 768w, https:\/\/www.eldiario.net\/portal\/wp-content\/uploads\/2024\/09\/18-DEF-1536x984.jpg 1536w, https:\/\/www.eldiario.net\/portal\/wp-content\/uploads\/2024\/09\/18-DEF-2048x1312.jpg 2048w, https:\/\/www.eldiario.net\/portal\/wp-content\/uploads\/2024\/09\/18-DEF-655x420.jpg 655w, https:\/\/www.eldiario.net\/portal\/wp-content\/uploads\/2024\/09\/18-DEF-696x446.jpg 696w, https:\/\/www.eldiario.net\/portal\/wp-content\/uploads\/2024\/09\/18-DEF-1068x684.jpg 1068w, https:\/\/www.eldiario.net\/portal\/wp-content\/uploads\/2024\/09\/18-DEF-1920x1230.jpg 1920w\" sizes=\"auto, (max-width: 2560px) 100vw, 2560px\" \/><figcaption id=\"caption-attachment-248158\" class=\"wp-caption-text\">El Defensor del Pueblo, ayer en conferencia de prensa.<\/figcaption><\/figure>\n","protected":false},"excerpt":{"rendered":"<p>Tras registrarse agresiones a periodistas y senadores en la primera jornada de movilizaciones del \u201cevismo\u201d, el Defensor del Pueblo, Pedro\u00a0Callisaya, advirti\u00f3 una escalada de violencia \u201cinnecesaria\u201d que pone en peligro la institucionalidad del sistema democr\u00e1tico como mecanismo para resolver conflictos. \u201cAdvertimos que la escalada de violencia y el enfrentamiento puede generar lesiones a los derechos [&hellip;]<\/p>\n","protected":false},"author":1,"featured_media":248157,"comment_status":"open","ping_status":"open","sticky":false,"template":"","format":"standard","meta":{"_acf_changed":false,"footnotes":""},"categories":[39],"tags":[],"class_list":["post-248156","post","type-post","status-publish","format-standard","has-post-thumbnail","category-sociedad"],"acf":{"antetitulo":"Seg\u00fan Defensor del Pueblo"},"yoast_head":"<!-- This site is optimized with the Yoast SEO plugin v28.4 - https:\/\/yoast.com\/product\/yoast-seo-wordpress\/ -->\n<title>Escalada de violencia en el MAS pone en riesgo sistema democr\u00e1tico - El Diario - Bolivia<\/title>\n<meta name=\"robots\" content=\"index, follow, max-snippet:-1, max-image-preview:large, max-video-preview:-1\" \/>\n<link rel=\"canonical\" href=\"https:\/\/www.eldiario.net\/portal\/2024\/09\/18\/escalada-de-violencia-en-el-mas-pone-en-riesgo-sistema-democratico\/\" \/>\n<meta property=\"og:locale\" content=\"es_ES\" \/>\n<meta property=\"og:type\" content=\"article\" \/>\n<meta property=\"og:title\" content=\"Escalada de violencia en el MAS pone en riesgo sistema democr\u00e1tico - El Diario - Bolivia\" \/>\n<meta property=\"og:description\" content=\"Tras registrarse agresiones a periodistas y senadores en la primera jornada de movilizaciones del \u201cevismo\u201d, el Defensor del Pueblo, Pedro\u00a0Callisaya, advirti\u00f3 una escalada de violencia \u201cinnecesaria\u201d que pone en peligro la institucionalidad del sistema democr\u00e1tico como mecanismo para resolver conflictos. \u201cAdvertimos que la escalada de violencia y el enfrentamiento puede generar lesiones a los derechos [&hellip;]\" \/>\n<meta property=\"og:url\" content=\"https:\/\/www.eldiario.net\/portal\/2024\/09\/18\/escalada-de-violencia-en-el-mas-pone-en-riesgo-sistema-democratico\/\" \/>\n<meta property=\"og:site_name\" content=\"El Diario - Bolivia\" \/>\n<meta property=\"article:publisher\" content=\"https:\/\/www.facebook.com\/eldiario.bolivia\/\" \/>\n<meta property=\"article:published_time\" content=\"2024-09-18T09:45:06+00:00\" \/>\n<meta property=\"article:modified_time\" content=\"2024-09-18T19:13:18+00:00\" \/>\n<meta property=\"og:image\" content=\"https:\/\/www.eldiario.net\/portal\/wp-content\/uploads\/2024\/09\/18-SEN.jpg\" \/>\n\t<meta property=\"og:image:width\" content=\"449\" \/>\n\t<meta property=\"og:image:height\" content=\"614\" \/>\n\t<meta property=\"og:image:type\" content=\"image\/jpeg\" \/>\n<meta name=\"author\" content=\"Jeanette\" \/>\n<meta name=\"twitter:card\" content=\"summary_large_image\" \/>\n<meta name=\"twitter:creator\" content=\"@eldiario_net\" \/>\n<meta name=\"twitter:site\" content=\"@eldiario_net\" \/>\n<meta name=\"twitter:label1\" content=\"Escrito por\" \/>\n\t<meta name=\"twitter:data1\" content=\"Jeanette\" \/>\n\t<meta name=\"twitter:label2\" content=\"Tiempo de lectura\" \/>\n\t<meta name=\"twitter:data2\" content=\"2 minutos\" \/>\n<script type=\"application\/ld+json\" class=\"yoast-schema-graph\">{\"@context\":\"https:\\\/\\\/schema.org\",\"@graph\":[{\"@type\":\"Article\",\"@id\":\"https:\\\/\\\/www.eldiario.net\\\/portal\\\/2024\\\/09\\\/18\\\/escalada-de-violencia-en-el-mas-pone-en-riesgo-sistema-democratico\\\/#article\",\"isPartOf\":{\"@id\":\"https:\\\/\\\/www.eldiario.net\\\/portal\\\/2024\\\/09\\\/18\\\/escalada-de-violencia-en-el-mas-pone-en-riesgo-sistema-democratico\\\/\"},\"author\":{\"name\":\"Jeanette\",\"@id\":\"https:\\\/\\\/www.eldiario.net\\\/portal\\\/#\\\/schema\\\/person\\\/f46445640444750d7d753ccd04ae01b7\"},\"headline\":\"Escalada de violencia en el MAS pone en riesgo sistema democr\u00e1tico\",\"datePublished\":\"2024-09-18T09:45:06+00:00\",\"dateModified\":\"2024-09-18T19:13:18+00:00\",\"mainEntityOfPage\":{\"@id\":\"https:\\\/\\\/www.eldiario.net\\\/portal\\\/2024\\\/09\\\/18\\\/escalada-de-violencia-en-el-mas-pone-en-riesgo-sistema-democratico\\\/\"},\"wordCount\":360,\"commentCount\":0,\"publisher\":{\"@id\":\"https:\\\/\\\/www.eldiario.net\\\/portal\\\/#organization\"},\"image\":{\"@id\":\"https:\\\/\\\/www.eldiario.net\\\/portal\\\/2024\\\/09\\\/18\\\/escalada-de-violencia-en-el-mas-pone-en-riesgo-sistema-democratico\\\/#primaryimage\"},\"thumbnailUrl\":\"https:\\\/\\\/www.eldiario.net\\\/portal\\\/wp-content\\\/uploads\\\/2024\\\/09\\\/18-SEN.jpg\",\"articleSection\":[\"Sociedad - Seguridad\"],\"inLanguage\":\"es\",\"potentialAction\":[{\"@type\":\"CommentAction\",\"name\":\"Comment\",\"target\":[\"https:\\\/\\\/www.eldiario.net\\\/portal\\\/2024\\\/09\\\/18\\\/escalada-de-violencia-en-el-mas-pone-en-riesgo-sistema-democratico\\\/#respond\"]}]},{\"@type\":\"WebPage\",\"@id\":\"https:\\\/\\\/www.eldiario.net\\\/portal\\\/2024\\\/09\\\/18\\\/escalada-de-violencia-en-el-mas-pone-en-riesgo-sistema-democratico\\\/\",\"url\":\"https:\\\/\\\/www.eldiario.net\\\/portal\\\/2024\\\/09\\\/18\\\/escalada-de-violencia-en-el-mas-pone-en-riesgo-sistema-democratico\\\/\",\"name\":\"Escalada de violencia en el MAS pone en riesgo sistema democr\u00e1tico - El Diario - Bolivia\",\"isPartOf\":{\"@id\":\"https:\\\/\\\/www.eldiario.net\\\/portal\\\/#website\"},\"primaryImageOfPage\":{\"@id\":\"https:\\\/\\\/www.eldiario.net\\\/portal\\\/2024\\\/09\\\/18\\\/escalada-de-violencia-en-el-mas-pone-en-riesgo-sistema-democratico\\\/#primaryimage\"},\"image\":{\"@id\":\"https:\\\/\\\/www.eldiario.net\\\/portal\\\/2024\\\/09\\\/18\\\/escalada-de-violencia-en-el-mas-pone-en-riesgo-sistema-democratico\\\/#primaryimage\"},\"thumbnailUrl\":\"https:\\\/\\\/www.eldiario.net\\\/portal\\\/wp-content\\\/uploads\\\/2024\\\/09\\\/18-SEN.jpg\",\"datePublished\":\"2024-09-18T09:45:06+00:00\",\"dateModified\":\"2024-09-18T19:13:18+00:00\",\"breadcrumb\":{\"@id\":\"https:\\\/\\\/www.eldiario.net\\\/portal\\\/2024\\\/09\\\/18\\\/escalada-de-violencia-en-el-mas-pone-en-riesgo-sistema-democratico\\\/#breadcrumb\"},\"inLanguage\":\"es\",\"potentialAction\":[{\"@type\":\"ReadAction\",\"target\":[\"https:\\\/\\\/www.eldiario.net\\\/portal\\\/2024\\\/09\\\/18\\\/escalada-de-violencia-en-el-mas-pone-en-riesgo-sistema-democratico\\\/\"]}]},{\"@type\":\"ImageObject\",\"inLanguage\":\"es\",\"@id\":\"https:\\\/\\\/www.eldiario.net\\\/portal\\\/2024\\\/09\\\/18\\\/escalada-de-violencia-en-el-mas-pone-en-riesgo-sistema-democratico\\\/#primaryimage\",\"url\":\"https:\\\/\\\/www.eldiario.net\\\/portal\\\/wp-content\\\/uploads\\\/2024\\\/09\\\/18-SEN.jpg\",\"contentUrl\":\"https:\\\/\\\/www.eldiario.net\\\/portal\\\/wp-content\\\/uploads\\\/2024\\\/09\\\/18-SEN.jpg\",\"width\":449,\"height\":614,\"caption\":\"Dos senadores resultaron gravemente heridos.\"},{\"@type\":\"BreadcrumbList\",\"@id\":\"https:\\\/\\\/www.eldiario.net\\\/portal\\\/2024\\\/09\\\/18\\\/escalada-de-violencia-en-el-mas-pone-en-riesgo-sistema-democratico\\\/#breadcrumb\",\"itemListElement\":[{\"@type\":\"ListItem\",\"position\":1,\"name\":\"Portada\",\"item\":\"https:\\\/\\\/www.eldiario.net\\\/portal\\\/\"},{\"@type\":\"ListItem\",\"position\":2,\"name\":\"Escalada de violencia en el MAS pone en riesgo sistema democr\u00e1tico\"}]},{\"@type\":\"WebSite\",\"@id\":\"https:\\\/\\\/www.eldiario.net\\\/portal\\\/#website\",\"url\":\"https:\\\/\\\/www.eldiario.net\\\/portal\\\/\",\"name\":\"El Diario - Decano de la prensa nacional\",\"description\":\"El Diario - Decano de la prensa nacional\",\"publisher\":{\"@id\":\"https:\\\/\\\/www.eldiario.net\\\/portal\\\/#organization\"},\"potentialAction\":[{\"@type\":\"SearchAction\",\"target\":{\"@type\":\"EntryPoint\",\"urlTemplate\":\"https:\\\/\\\/www.eldiario.net\\\/portal\\\/?s={search_term_string}\"},\"query-input\":{\"@type\":\"PropertyValueSpecification\",\"valueRequired\":true,\"valueName\":\"search_term_string\"}}],\"inLanguage\":\"es\"},{\"@type\":\"Organization\",\"@id\":\"https:\\\/\\\/www.eldiario.net\\\/portal\\\/#organization\",\"name\":\"El Diario - Decano de la prensa nacional\",\"url\":\"https:\\\/\\\/www.eldiario.net\\\/portal\\\/\",\"logo\":{\"@type\":\"ImageObject\",\"inLanguage\":\"es\",\"@id\":\"https:\\\/\\\/www.eldiario.net\\\/portal\\\/#\\\/schema\\\/logo\\\/image\\\/\",\"url\":\"https:\\\/\\\/www.eldiario.net\\\/portal\\\/wp-content\\\/uploads\\\/2023\\\/07\\\/logo_ED.jpg\",\"contentUrl\":\"https:\\\/\\\/www.eldiario.net\\\/portal\\\/wp-content\\\/uploads\\\/2023\\\/07\\\/logo_ED.jpg\",\"width\":272,\"height\":52,\"caption\":\"El Diario - Decano de la prensa nacional\"},\"image\":{\"@id\":\"https:\\\/\\\/www.eldiario.net\\\/portal\\\/#\\\/schema\\\/logo\\\/image\\\/\"},\"sameAs\":[\"https:\\\/\\\/www.facebook.com\\\/eldiario.bolivia\\\/\",\"https:\\\/\\\/x.com\\\/eldiario_net\"]},{\"@type\":\"Person\",\"@id\":\"https:\\\/\\\/www.eldiario.net\\\/portal\\\/#\\\/schema\\\/person\\\/f46445640444750d7d753ccd04ae01b7\",\"name\":\"Jeanette\",\"image\":{\"@type\":\"ImageObject\",\"inLanguage\":\"es\",\"@id\":\"https:\\\/\\\/secure.gravatar.com\\\/avatar\\\/3ea2118a5f7dad2b7138b1187a6b7ee55f160b9968b66013c3a3ef39dd7e5798?s=96&d=mm&r=g\",\"url\":\"https:\\\/\\\/secure.gravatar.com\\\/avatar\\\/3ea2118a5f7dad2b7138b1187a6b7ee55f160b9968b66013c3a3ef39dd7e5798?s=96&d=mm&r=g\",\"contentUrl\":\"https:\\\/\\\/secure.gravatar.com\\\/avatar\\\/3ea2118a5f7dad2b7138b1187a6b7ee55f160b9968b66013c3a3ef39dd7e5798?s=96&d=mm&r=g\",\"caption\":\"Jeanette\"},\"sameAs\":[\"https:\\\/\\\/www.eldiario.net\\\/portal\"],\"url\":\"https:\\\/\\\/www.eldiario.net\\\/portal\\\/author\\\/jeanette\\\/\"}]}<\/script>\n<!-- \/ Yoast SEO plugin. -->","yoast_head_json":{"title":"Escalada de violencia en el MAS pone en riesgo sistema democr\u00e1tico - El Diario - Bolivia","robots":{"index":"index","follow":"follow","max-snippet":"max-snippet:-1","max-image-preview":"max-image-preview:large","max-video-preview":"max-video-preview:-1"},"canonical":"https:\/\/www.eldiario.net\/portal\/2024\/09\/18\/escalada-de-violencia-en-el-mas-pone-en-riesgo-sistema-democratico\/","og_locale":"es_ES","og_type":"article","og_title":"Escalada de violencia en el MAS pone en riesgo sistema democr\u00e1tico - El Diario - Bolivia","og_description":"Tras registrarse agresiones a periodistas y senadores en la primera jornada de movilizaciones del \u201cevismo\u201d, el Defensor del Pueblo, Pedro\u00a0Callisaya, advirti\u00f3 una escalada de violencia \u201cinnecesaria\u201d que pone en peligro la institucionalidad del sistema democr\u00e1tico como mecanismo para resolver conflictos. \u201cAdvertimos que la escalada de violencia y el enfrentamiento puede generar lesiones a los derechos [&hellip;]","og_url":"https:\/\/www.eldiario.net\/portal\/2024\/09\/18\/escalada-de-violencia-en-el-mas-pone-en-riesgo-sistema-democratico\/","og_site_name":"El Diario - Bolivia","article_publisher":"https:\/\/www.facebook.com\/eldiario.bolivia\/","article_published_time":"2024-09-18T09:45:06+00:00","article_modified_time":"2024-09-18T19:13:18+00:00","og_image":[{"width":449,"height":614,"url":"https:\/\/www.eldiario.net\/portal\/wp-content\/uploads\/2024\/09\/18-SEN.jpg","type":"image\/jpeg"}],"author":"Jeanette","twitter_card":"summary_large_image","twitter_creator":"@eldiario_net","twitter_site":"@eldiario_net","twitter_misc":{"Escrito por":"Jeanette","Tiempo de lectura":"2 minutos"},"schema":{"@context":"https:\/\/schema.org","@graph":[{"@type":"Article","@id":"https:\/\/www.eldiario.net\/portal\/2024\/09\/18\/escalada-de-violencia-en-el-mas-pone-en-riesgo-sistema-democratico\/#article","isPartOf":{"@id":"https:\/\/www.eldiario.net\/portal\/2024\/09\/18\/escalada-de-violencia-en-el-mas-pone-en-riesgo-sistema-democratico\/"},"author":{"name":"Jeanette","@id":"https:\/\/www.eldiario.net\/portal\/#\/schema\/person\/f46445640444750d7d753ccd04ae01b7"},"headline":"Escalada de violencia en el MAS pone en riesgo sistema democr\u00e1tico","datePublished":"2024-09-18T09:45:06+00:00","dateModified":"2024-09-18T19:13:18+00:00","mainEntityOfPage":{"@id":"https:\/\/www.eldiario.net\/portal\/2024\/09\/18\/escalada-de-violencia-en-el-mas-pone-en-riesgo-sistema-democratico\/"},"wordCount":360,"commentCount":0,"publisher":{"@id":"https:\/\/www.eldiario.net\/portal\/#organization"},"image":{"@id":"https:\/\/www.eldiario.net\/portal\/2024\/09\/18\/escalada-de-violencia-en-el-mas-pone-en-riesgo-sistema-democratico\/#primaryimage"},"thumbnailUrl":"https:\/\/www.eldiario.net\/portal\/wp-content\/uploads\/2024\/09\/18-SEN.jpg","articleSection":["Sociedad - Seguridad"],"inLanguage":"es","potentialAction":[{"@type":"CommentAction","name":"Comment","target":["https:\/\/www.eldiario.net\/portal\/2024\/09\/18\/escalada-de-violencia-en-el-mas-pone-en-riesgo-sistema-democratico\/#respond"]}]},{"@type":"WebPage","@id":"https:\/\/www.eldiario.net\/portal\/2024\/09\/18\/escalada-de-violencia-en-el-mas-pone-en-riesgo-sistema-democratico\/","url":"https:\/\/www.eldiario.net\/portal\/2024\/09\/18\/escalada-de-violencia-en-el-mas-pone-en-riesgo-sistema-democratico\/","name":"Escalada de violencia en el MAS pone en riesgo sistema democr\u00e1tico - El Diario - Bolivia","isPartOf":{"@id":"https:\/\/www.eldiario.net\/portal\/#website"},"primaryImageOfPage":{"@id":"https:\/\/www.eldiario.net\/portal\/2024\/09\/18\/escalada-de-violencia-en-el-mas-pone-en-riesgo-sistema-democratico\/#primaryimage"},"image":{"@id":"https:\/\/www.eldiario.net\/portal\/2024\/09\/18\/escalada-de-violencia-en-el-mas-pone-en-riesgo-sistema-democratico\/#primaryimage"},"thumbnailUrl":"https:\/\/www.eldiario.net\/portal\/wp-content\/uploads\/2024\/09\/18-SEN.jpg","datePublished":"2024-09-18T09:45:06+00:00","dateModified":"2024-09-18T19:13:18+00:00","breadcrumb":{"@id":"https:\/\/www.eldiario.net\/portal\/2024\/09\/18\/escalada-de-violencia-en-el-mas-pone-en-riesgo-sistema-democratico\/#breadcrumb"},"inLanguage":"es","potentialAction":[{"@type":"ReadAction","target":["https:\/\/www.eldiario.net\/portal\/2024\/09\/18\/escalada-de-violencia-en-el-mas-pone-en-riesgo-sistema-democratico\/"]}]},{"@type":"ImageObject","inLanguage":"es","@id":"https:\/\/www.eldiario.net\/portal\/2024\/09\/18\/escalada-de-violencia-en-el-mas-pone-en-riesgo-sistema-democratico\/#primaryimage","url":"https:\/\/www.eldiario.net\/portal\/wp-content\/uploads\/2024\/09\/18-SEN.jpg","contentUrl":"https:\/\/www.eldiario.net\/portal\/wp-content\/uploads\/2024\/09\/18-SEN.jpg","width":449,"height":614,"caption":"Dos senadores resultaron gravemente heridos."},{"@type":"BreadcrumbList","@id":"https:\/\/www.eldiario.net\/portal\/2024\/09\/18\/escalada-de-violencia-en-el-mas-pone-en-riesgo-sistema-democratico\/#breadcrumb","itemListElement":[{"@type":"ListItem","position":1,"name":"Portada","item":"https:\/\/www.eldiario.net\/portal\/"},{"@type":"ListItem","position":2,"name":"Escalada de violencia en el MAS pone en riesgo sistema democr\u00e1tico"}]},{"@type":"WebSite","@id":"https:\/\/www.eldiario.net\/portal\/#website","url":"https:\/\/www.eldiario.net\/portal\/","name":"El Diario - Decano de la prensa nacional","description":"El Diario - Decano de la prensa nacional","publisher":{"@id":"https:\/\/www.eldiario.net\/portal\/#organization"},"potentialAction":[{"@type":"SearchAction","target":{"@type":"EntryPoint","urlTemplate":"https:\/\/www.eldiario.net\/portal\/?s={search_term_string}"},"query-input":{"@type":"PropertyValueSpecification","valueRequired":true,"valueName":"search_term_string"}}],"inLanguage":"es"},{"@type":"Organization","@id":"https:\/\/www.eldiario.net\/portal\/#organization","name":"El Diario - Decano de la prensa nacional","url":"https:\/\/www.eldiario.net\/portal\/","logo":{"@type":"ImageObject","inLanguage":"es","@id":"https:\/\/www.eldiario.net\/portal\/#\/schema\/logo\/image\/","url":"https:\/\/www.eldiario.net\/portal\/wp-content\/uploads\/2023\/07\/logo_ED.jpg","contentUrl":"https:\/\/www.eldiario.net\/portal\/wp-content\/uploads\/2023\/07\/logo_ED.jpg","width":272,"height":52,"caption":"El Diario - Decano de la prensa nacional"},"image":{"@id":"https:\/\/www.eldiario.net\/portal\/#\/schema\/logo\/image\/"},"sameAs":["https:\/\/www.facebook.com\/eldiario.bolivia\/","https:\/\/x.com\/eldiario_net"]},{"@type":"Person","@id":"https:\/\/www.eldiario.net\/portal\/#\/schema\/person\/f46445640444750d7d753ccd04ae01b7","name":"Jeanette","image":{"@type":"ImageObject","inLanguage":"es","@id":"https:\/\/secure.gravatar.com\/avatar\/3ea2118a5f7dad2b7138b1187a6b7ee55f160b9968b66013c3a3ef39dd7e5798?s=96&d=mm&r=g","url":"https:\/\/secure.gravatar.com\/avatar\/3ea2118a5f7dad2b7138b1187a6b7ee55f160b9968b66013c3a3ef39dd7e5798?s=96&d=mm&r=g","contentUrl":"https:\/\/secure.gravatar.com\/avatar\/3ea2118a5f7dad2b7138b1187a6b7ee55f160b9968b66013c3a3ef39dd7e5798?s=96&d=mm&r=g","caption":"Jeanette"},"sameAs":["https:\/\/www.eldiario.net\/portal"],"url":"https:\/\/www.eldiario.net\/portal\/author\/jeanette\/"}]}},"_links":{"self":[{"href":"https:\/\/www.eldiario.net\/portal\/wp-json\/wp\/v2\/posts\/248156","targetHints":{"allow":["GET"]}}],"collection":[{"href":"https:\/\/www.eldiario.net\/portal\/wp-json\/wp\/v2\/posts"}],"about":[{"href":"https:\/\/www.eldiario.net\/portal\/wp-json\/wp\/v2\/types\/post"}],"author":[{"embeddable":true,"href":"https:\/\/www.eldiario.net\/portal\/wp-json\/wp\/v2\/users\/1"}],"replies":[{"embeddable":true,"href":"https:\/\/www.eldiario.net\/portal\/wp-json\/wp\/v2\/comments?post=248156"}],"version-history":[{"count":1,"href":"https:\/\/www.eldiario.net\/portal\/wp-json\/wp\/v2\/posts\/248156\/revisions"}],"predecessor-version":[{"id":248159,"href":"https:\/\/www.eldiario.net\/portal\/wp-json\/wp\/v2\/posts\/248156\/revisions\/248159"}],"wp:featuredmedia":[{"embeddable":true,"href":"https:\/\/www.eldiario.net\/portal\/wp-json\/wp\/v2\/media\/248157"}],"wp:attachment":[{"href":"https:\/\/www.eldiario.net\/portal\/wp-json\/wp\/v2\/media?parent=248156"}],"wp:term":[{"taxonomy":"category","embeddable":true,"href":"https:\/\/www.eldiario.net\/portal\/wp-json\/wp\/v2\/categories?post=248156"},{"taxonomy":"post_tag","embeddable":true,"href":"https:\/\/www.eldiario.net\/portal\/wp-json\/wp\/v2\/tags?post=248156"}],"curies":[{"name":"wp","href":"https:\/\/api.w.org\/{rel}","templated":true}]}}