{"id":248150,"date":"2024-09-18T05:43:17","date_gmt":"2024-09-18T09:43:17","guid":{"rendered":"https:\/\/www.eldiario.net\/portal\/?p=248150"},"modified":"2024-09-18T05:43:17","modified_gmt":"2024-09-18T09:43:17","slug":"tres-mujeres-agreden-brutalmente-a-adulta-mayor-y-su-hijo-en-sucre","status":"publish","type":"post","link":"https:\/\/www.eldiario.net\/portal\/2024\/09\/18\/tres-mujeres-agreden-brutalmente-a-adulta-mayor-y-su-hijo-en-sucre\/","title":{"rendered":"Tres mujeres agreden brutalmente a adulta mayor y su hijo en Sucre"},"content":{"rendered":"<p>Tres mujeres de entre 23 y 33 a\u00f1os fueron aprehendidas luego de protagonizar una violenta agresi\u00f3n contra una adulta mayor de 66 a\u00f1os y su hijo, en el barrio Petrolero de la ciudad de Sucre.<br \/>\nEl ataque se desat\u00f3 despu\u00e9s de que la v\u00edctima y su hijo reclamaran a las agresoras por convertir la puerta de su casa en un urinario. Las c\u00e1maras de seguridad captaron c\u00f3mo cuatro mujeres, en aparente estado de ebriedad, arremetieron en repetidas ocasiones contra la se\u00f1ora y su hijo, dej\u00e1ndola con seis d\u00edas de impedimento f\u00edsico debido a los golpes recibidos.<br \/>\nLas mujeres tambi\u00e9n causaron da\u00f1os a la propiedad, lanzando piedras contra el techo y la puerta del domicilio; incluso, se resistieron al arresto e intentaron agredir a la Polic\u00eda, seg\u00fan reportes locales.<br \/>\nLas tres denunciadas permanecen aprehendidas y enfrentan cargos por agresi\u00f3n y destrucci\u00f3n de propiedad privada, mientras las autoridades siguen en b\u00fasqueda de la cuarta agresora. (Periodismo Que Cuenta)<\/p>\n","protected":false},"excerpt":{"rendered":"<p>Tres mujeres de entre 23 y 33 a\u00f1os fueron aprehendidas luego de protagonizar una violenta agresi\u00f3n contra una adulta mayor de 66 a\u00f1os y su hijo, en el barrio Petrolero de la ciudad de Sucre. El ataque se desat\u00f3 despu\u00e9s de que la v\u00edctima y su hijo reclamaran a las agresoras por convertir la puerta [&hellip;]<\/p>\n","protected":false},"author":1,"featured_media":248151,"comment_status":"open","ping_status":"open","sticky":false,"template":"","format":"standard","meta":{"_acf_changed":false,"footnotes":""},"categories":[39],"tags":[],"class_list":["post-248150","post","type-post","status-publish","format-standard","has-post-thumbnail","category-sociedad"],"acf":{"antetitulo":""},"yoast_head":"<!-- This site is optimized with the Yoast SEO plugin v28.4 - https:\/\/yoast.com\/product\/yoast-seo-wordpress\/ -->\n<title>Tres mujeres agreden brutalmente a adulta mayor y su hijo en Sucre - El Diario - Bolivia<\/title>\n<meta name=\"robots\" content=\"index, follow, max-snippet:-1, max-image-preview:large, max-video-preview:-1\" \/>\n<link rel=\"canonical\" href=\"https:\/\/www.eldiario.net\/portal\/2024\/09\/18\/tres-mujeres-agreden-brutalmente-a-adulta-mayor-y-su-hijo-en-sucre\/\" \/>\n<meta property=\"og:locale\" content=\"es_ES\" \/>\n<meta property=\"og:type\" content=\"article\" \/>\n<meta property=\"og:title\" content=\"Tres mujeres agreden brutalmente a adulta mayor y su hijo en Sucre - El Diario - Bolivia\" \/>\n<meta property=\"og:description\" content=\"Tres mujeres de entre 23 y 33 a\u00f1os fueron aprehendidas luego de protagonizar una violenta agresi\u00f3n contra una adulta mayor de 66 a\u00f1os y su hijo, en el barrio Petrolero de la ciudad de Sucre. El ataque se desat\u00f3 despu\u00e9s de que la v\u00edctima y su hijo reclamaran a las agresoras por convertir la puerta [&hellip;]\" \/>\n<meta property=\"og:url\" content=\"https:\/\/www.eldiario.net\/portal\/2024\/09\/18\/tres-mujeres-agreden-brutalmente-a-adulta-mayor-y-su-hijo-en-sucre\/\" \/>\n<meta property=\"og:site_name\" content=\"El Diario - Bolivia\" \/>\n<meta property=\"article:publisher\" content=\"https:\/\/www.facebook.com\/eldiario.bolivia\/\" \/>\n<meta property=\"article:published_time\" content=\"2024-09-18T09:43:17+00:00\" \/>\n<meta property=\"og:image\" content=\"https:\/\/www.eldiario.net\/portal\/wp-content\/uploads\/2024\/09\/18-SUCRE.jpg\" \/>\n\t<meta property=\"og:image:width\" content=\"630\" \/>\n\t<meta property=\"og:image:height\" content=\"368\" \/>\n\t<meta property=\"og:image:type\" content=\"image\/jpeg\" \/>\n<meta name=\"author\" content=\"Jeanette\" \/>\n<meta name=\"twitter:card\" content=\"summary_large_image\" \/>\n<meta name=\"twitter:creator\" content=\"@eldiario_net\" \/>\n<meta name=\"twitter:site\" content=\"@eldiario_net\" \/>\n<meta name=\"twitter:label1\" content=\"Escrito por\" \/>\n\t<meta name=\"twitter:data1\" content=\"Jeanette\" \/>\n\t<meta name=\"twitter:label2\" content=\"Tiempo de lectura\" \/>\n\t<meta name=\"twitter:data2\" content=\"1 minuto\" \/>\n<script type=\"application\/ld+json\" class=\"yoast-schema-graph\">{\"@context\":\"https:\\\/\\\/schema.org\",\"@graph\":[{\"@type\":\"Article\",\"@id\":\"https:\\\/\\\/www.eldiario.net\\\/portal\\\/2024\\\/09\\\/18\\\/tres-mujeres-agreden-brutalmente-a-adulta-mayor-y-su-hijo-en-sucre\\\/#article\",\"isPartOf\":{\"@id\":\"https:\\\/\\\/www.eldiario.net\\\/portal\\\/2024\\\/09\\\/18\\\/tres-mujeres-agreden-brutalmente-a-adulta-mayor-y-su-hijo-en-sucre\\\/\"},\"author\":{\"name\":\"Jeanette\",\"@id\":\"https:\\\/\\\/www.eldiario.net\\\/portal\\\/#\\\/schema\\\/person\\\/f46445640444750d7d753ccd04ae01b7\"},\"headline\":\"Tres mujeres agreden brutalmente a adulta mayor y su hijo en Sucre\",\"datePublished\":\"2024-09-18T09:43:17+00:00\",\"mainEntityOfPage\":{\"@id\":\"https:\\\/\\\/www.eldiario.net\\\/portal\\\/2024\\\/09\\\/18\\\/tres-mujeres-agreden-brutalmente-a-adulta-mayor-y-su-hijo-en-sucre\\\/\"},\"wordCount\":183,\"commentCount\":0,\"publisher\":{\"@id\":\"https:\\\/\\\/www.eldiario.net\\\/portal\\\/#organization\"},\"image\":{\"@id\":\"https:\\\/\\\/www.eldiario.net\\\/portal\\\/2024\\\/09\\\/18\\\/tres-mujeres-agreden-brutalmente-a-adulta-mayor-y-su-hijo-en-sucre\\\/#primaryimage\"},\"thumbnailUrl\":\"https:\\\/\\\/www.eldiario.net\\\/portal\\\/wp-content\\\/uploads\\\/2024\\\/09\\\/18-SUCRE.jpg\",\"articleSection\":[\"Sociedad - Seguridad\"],\"inLanguage\":\"es\",\"potentialAction\":[{\"@type\":\"CommentAction\",\"name\":\"Comment\",\"target\":[\"https:\\\/\\\/www.eldiario.net\\\/portal\\\/2024\\\/09\\\/18\\\/tres-mujeres-agreden-brutalmente-a-adulta-mayor-y-su-hijo-en-sucre\\\/#respond\"]}]},{\"@type\":\"WebPage\",\"@id\":\"https:\\\/\\\/www.eldiario.net\\\/portal\\\/2024\\\/09\\\/18\\\/tres-mujeres-agreden-brutalmente-a-adulta-mayor-y-su-hijo-en-sucre\\\/\",\"url\":\"https:\\\/\\\/www.eldiario.net\\\/portal\\\/2024\\\/09\\\/18\\\/tres-mujeres-agreden-brutalmente-a-adulta-mayor-y-su-hijo-en-sucre\\\/\",\"name\":\"Tres mujeres agreden brutalmente a adulta mayor y su hijo en Sucre - El Diario - Bolivia\",\"isPartOf\":{\"@id\":\"https:\\\/\\\/www.eldiario.net\\\/portal\\\/#website\"},\"primaryImageOfPage\":{\"@id\":\"https:\\\/\\\/www.eldiario.net\\\/portal\\\/2024\\\/09\\\/18\\\/tres-mujeres-agreden-brutalmente-a-adulta-mayor-y-su-hijo-en-sucre\\\/#primaryimage\"},\"image\":{\"@id\":\"https:\\\/\\\/www.eldiario.net\\\/portal\\\/2024\\\/09\\\/18\\\/tres-mujeres-agreden-brutalmente-a-adulta-mayor-y-su-hijo-en-sucre\\\/#primaryimage\"},\"thumbnailUrl\":\"https:\\\/\\\/www.eldiario.net\\\/portal\\\/wp-content\\\/uploads\\\/2024\\\/09\\\/18-SUCRE.jpg\",\"datePublished\":\"2024-09-18T09:43:17+00:00\",\"breadcrumb\":{\"@id\":\"https:\\\/\\\/www.eldiario.net\\\/portal\\\/2024\\\/09\\\/18\\\/tres-mujeres-agreden-brutalmente-a-adulta-mayor-y-su-hijo-en-sucre\\\/#breadcrumb\"},\"inLanguage\":\"es\",\"potentialAction\":[{\"@type\":\"ReadAction\",\"target\":[\"https:\\\/\\\/www.eldiario.net\\\/portal\\\/2024\\\/09\\\/18\\\/tres-mujeres-agreden-brutalmente-a-adulta-mayor-y-su-hijo-en-sucre\\\/\"]}]},{\"@type\":\"ImageObject\",\"inLanguage\":\"es\",\"@id\":\"https:\\\/\\\/www.eldiario.net\\\/portal\\\/2024\\\/09\\\/18\\\/tres-mujeres-agreden-brutalmente-a-adulta-mayor-y-su-hijo-en-sucre\\\/#primaryimage\",\"url\":\"https:\\\/\\\/www.eldiario.net\\\/portal\\\/wp-content\\\/uploads\\\/2024\\\/09\\\/18-SUCRE.jpg\",\"contentUrl\":\"https:\\\/\\\/www.eldiario.net\\\/portal\\\/wp-content\\\/uploads\\\/2024\\\/09\\\/18-SUCRE.jpg\",\"width\":630,\"height\":368},{\"@type\":\"BreadcrumbList\",\"@id\":\"https:\\\/\\\/www.eldiario.net\\\/portal\\\/2024\\\/09\\\/18\\\/tres-mujeres-agreden-brutalmente-a-adulta-mayor-y-su-hijo-en-sucre\\\/#breadcrumb\",\"itemListElement\":[{\"@type\":\"ListItem\",\"position\":1,\"name\":\"Portada\",\"item\":\"https:\\\/\\\/www.eldiario.net\\\/portal\\\/\"},{\"@type\":\"ListItem\",\"position\":2,\"name\":\"Tres mujeres agreden brutalmente a adulta mayor y su hijo en Sucre\"}]},{\"@type\":\"WebSite\",\"@id\":\"https:\\\/\\\/www.eldiario.net\\\/portal\\\/#website\",\"url\":\"https:\\\/\\\/www.eldiario.net\\\/portal\\\/\",\"name\":\"El Diario - Decano de la prensa nacional\",\"description\":\"El Diario - Decano de la prensa nacional\",\"publisher\":{\"@id\":\"https:\\\/\\\/www.eldiario.net\\\/portal\\\/#organization\"},\"potentialAction\":[{\"@type\":\"SearchAction\",\"target\":{\"@type\":\"EntryPoint\",\"urlTemplate\":\"https:\\\/\\\/www.eldiario.net\\\/portal\\\/?s={search_term_string}\"},\"query-input\":{\"@type\":\"PropertyValueSpecification\",\"valueRequired\":true,\"valueName\":\"search_term_string\"}}],\"inLanguage\":\"es\"},{\"@type\":\"Organization\",\"@id\":\"https:\\\/\\\/www.eldiario.net\\\/portal\\\/#organization\",\"name\":\"El Diario - Decano de la prensa nacional\",\"url\":\"https:\\\/\\\/www.eldiario.net\\\/portal\\\/\",\"logo\":{\"@type\":\"ImageObject\",\"inLanguage\":\"es\",\"@id\":\"https:\\\/\\\/www.eldiario.net\\\/portal\\\/#\\\/schema\\\/logo\\\/image\\\/\",\"url\":\"https:\\\/\\\/www.eldiario.net\\\/portal\\\/wp-content\\\/uploads\\\/2023\\\/07\\\/logo_ED.jpg\",\"contentUrl\":\"https:\\\/\\\/www.eldiario.net\\\/portal\\\/wp-content\\\/uploads\\\/2023\\\/07\\\/logo_ED.jpg\",\"width\":272,\"height\":52,\"caption\":\"El Diario - Decano de la prensa nacional\"},\"image\":{\"@id\":\"https:\\\/\\\/www.eldiario.net\\\/portal\\\/#\\\/schema\\\/logo\\\/image\\\/\"},\"sameAs\":[\"https:\\\/\\\/www.facebook.com\\\/eldiario.bolivia\\\/\",\"https:\\\/\\\/x.com\\\/eldiario_net\"]},{\"@type\":\"Person\",\"@id\":\"https:\\\/\\\/www.eldiario.net\\\/portal\\\/#\\\/schema\\\/person\\\/f46445640444750d7d753ccd04ae01b7\",\"name\":\"Jeanette\",\"image\":{\"@type\":\"ImageObject\",\"inLanguage\":\"es\",\"@id\":\"https:\\\/\\\/secure.gravatar.com\\\/avatar\\\/3ea2118a5f7dad2b7138b1187a6b7ee55f160b9968b66013c3a3ef39dd7e5798?s=96&d=mm&r=g\",\"url\":\"https:\\\/\\\/secure.gravatar.com\\\/avatar\\\/3ea2118a5f7dad2b7138b1187a6b7ee55f160b9968b66013c3a3ef39dd7e5798?s=96&d=mm&r=g\",\"contentUrl\":\"https:\\\/\\\/secure.gravatar.com\\\/avatar\\\/3ea2118a5f7dad2b7138b1187a6b7ee55f160b9968b66013c3a3ef39dd7e5798?s=96&d=mm&r=g\",\"caption\":\"Jeanette\"},\"sameAs\":[\"https:\\\/\\\/www.eldiario.net\\\/portal\"],\"url\":\"https:\\\/\\\/www.eldiario.net\\\/portal\\\/author\\\/jeanette\\\/\"}]}<\/script>\n<!-- \/ Yoast SEO plugin. -->","yoast_head_json":{"title":"Tres mujeres agreden brutalmente a adulta mayor y su hijo en Sucre - El Diario - Bolivia","robots":{"index":"index","follow":"follow","max-snippet":"max-snippet:-1","max-image-preview":"max-image-preview:large","max-video-preview":"max-video-preview:-1"},"canonical":"https:\/\/www.eldiario.net\/portal\/2024\/09\/18\/tres-mujeres-agreden-brutalmente-a-adulta-mayor-y-su-hijo-en-sucre\/","og_locale":"es_ES","og_type":"article","og_title":"Tres mujeres agreden brutalmente a adulta mayor y su hijo en Sucre - El Diario - Bolivia","og_description":"Tres mujeres de entre 23 y 33 a\u00f1os fueron aprehendidas luego de protagonizar una violenta agresi\u00f3n contra una adulta mayor de 66 a\u00f1os y su hijo, en el barrio Petrolero de la ciudad de Sucre. El ataque se desat\u00f3 despu\u00e9s de que la v\u00edctima y su hijo reclamaran a las agresoras por convertir la puerta [&hellip;]","og_url":"https:\/\/www.eldiario.net\/portal\/2024\/09\/18\/tres-mujeres-agreden-brutalmente-a-adulta-mayor-y-su-hijo-en-sucre\/","og_site_name":"El Diario - Bolivia","article_publisher":"https:\/\/www.facebook.com\/eldiario.bolivia\/","article_published_time":"2024-09-18T09:43:17+00:00","og_image":[{"width":630,"height":368,"url":"https:\/\/www.eldiario.net\/portal\/wp-content\/uploads\/2024\/09\/18-SUCRE.jpg","type":"image\/jpeg"}],"author":"Jeanette","twitter_card":"summary_large_image","twitter_creator":"@eldiario_net","twitter_site":"@eldiario_net","twitter_misc":{"Escrito por":"Jeanette","Tiempo de lectura":"1 minuto"},"schema":{"@context":"https:\/\/schema.org","@graph":[{"@type":"Article","@id":"https:\/\/www.eldiario.net\/portal\/2024\/09\/18\/tres-mujeres-agreden-brutalmente-a-adulta-mayor-y-su-hijo-en-sucre\/#article","isPartOf":{"@id":"https:\/\/www.eldiario.net\/portal\/2024\/09\/18\/tres-mujeres-agreden-brutalmente-a-adulta-mayor-y-su-hijo-en-sucre\/"},"author":{"name":"Jeanette","@id":"https:\/\/www.eldiario.net\/portal\/#\/schema\/person\/f46445640444750d7d753ccd04ae01b7"},"headline":"Tres mujeres agreden brutalmente a adulta mayor y su hijo en Sucre","datePublished":"2024-09-18T09:43:17+00:00","mainEntityOfPage":{"@id":"https:\/\/www.eldiario.net\/portal\/2024\/09\/18\/tres-mujeres-agreden-brutalmente-a-adulta-mayor-y-su-hijo-en-sucre\/"},"wordCount":183,"commentCount":0,"publisher":{"@id":"https:\/\/www.eldiario.net\/portal\/#organization"},"image":{"@id":"https:\/\/www.eldiario.net\/portal\/2024\/09\/18\/tres-mujeres-agreden-brutalmente-a-adulta-mayor-y-su-hijo-en-sucre\/#primaryimage"},"thumbnailUrl":"https:\/\/www.eldiario.net\/portal\/wp-content\/uploads\/2024\/09\/18-SUCRE.jpg","articleSection":["Sociedad - Seguridad"],"inLanguage":"es","potentialAction":[{"@type":"CommentAction","name":"Comment","target":["https:\/\/www.eldiario.net\/portal\/2024\/09\/18\/tres-mujeres-agreden-brutalmente-a-adulta-mayor-y-su-hijo-en-sucre\/#respond"]}]},{"@type":"WebPage","@id":"https:\/\/www.eldiario.net\/portal\/2024\/09\/18\/tres-mujeres-agreden-brutalmente-a-adulta-mayor-y-su-hijo-en-sucre\/","url":"https:\/\/www.eldiario.net\/portal\/2024\/09\/18\/tres-mujeres-agreden-brutalmente-a-adulta-mayor-y-su-hijo-en-sucre\/","name":"Tres mujeres agreden brutalmente a adulta mayor y su hijo en Sucre - El Diario - Bolivia","isPartOf":{"@id":"https:\/\/www.eldiario.net\/portal\/#website"},"primaryImageOfPage":{"@id":"https:\/\/www.eldiario.net\/portal\/2024\/09\/18\/tres-mujeres-agreden-brutalmente-a-adulta-mayor-y-su-hijo-en-sucre\/#primaryimage"},"image":{"@id":"https:\/\/www.eldiario.net\/portal\/2024\/09\/18\/tres-mujeres-agreden-brutalmente-a-adulta-mayor-y-su-hijo-en-sucre\/#primaryimage"},"thumbnailUrl":"https:\/\/www.eldiario.net\/portal\/wp-content\/uploads\/2024\/09\/18-SUCRE.jpg","datePublished":"2024-09-18T09:43:17+00:00","breadcrumb":{"@id":"https:\/\/www.eldiario.net\/portal\/2024\/09\/18\/tres-mujeres-agreden-brutalmente-a-adulta-mayor-y-su-hijo-en-sucre\/#breadcrumb"},"inLanguage":"es","potentialAction":[{"@type":"ReadAction","target":["https:\/\/www.eldiario.net\/portal\/2024\/09\/18\/tres-mujeres-agreden-brutalmente-a-adulta-mayor-y-su-hijo-en-sucre\/"]}]},{"@type":"ImageObject","inLanguage":"es","@id":"https:\/\/www.eldiario.net\/portal\/2024\/09\/18\/tres-mujeres-agreden-brutalmente-a-adulta-mayor-y-su-hijo-en-sucre\/#primaryimage","url":"https:\/\/www.eldiario.net\/portal\/wp-content\/uploads\/2024\/09\/18-SUCRE.jpg","contentUrl":"https:\/\/www.eldiario.net\/portal\/wp-content\/uploads\/2024\/09\/18-SUCRE.jpg","width":630,"height":368},{"@type":"BreadcrumbList","@id":"https:\/\/www.eldiario.net\/portal\/2024\/09\/18\/tres-mujeres-agreden-brutalmente-a-adulta-mayor-y-su-hijo-en-sucre\/#breadcrumb","itemListElement":[{"@type":"ListItem","position":1,"name":"Portada","item":"https:\/\/www.eldiario.net\/portal\/"},{"@type":"ListItem","position":2,"name":"Tres mujeres agreden brutalmente a adulta mayor y su hijo en Sucre"}]},{"@type":"WebSite","@id":"https:\/\/www.eldiario.net\/portal\/#website","url":"https:\/\/www.eldiario.net\/portal\/","name":"El Diario - Decano de la prensa nacional","description":"El Diario - Decano de la prensa nacional","publisher":{"@id":"https:\/\/www.eldiario.net\/portal\/#organization"},"potentialAction":[{"@type":"SearchAction","target":{"@type":"EntryPoint","urlTemplate":"https:\/\/www.eldiario.net\/portal\/?s={search_term_string}"},"query-input":{"@type":"PropertyValueSpecification","valueRequired":true,"valueName":"search_term_string"}}],"inLanguage":"es"},{"@type":"Organization","@id":"https:\/\/www.eldiario.net\/portal\/#organization","name":"El Diario - Decano de la prensa nacional","url":"https:\/\/www.eldiario.net\/portal\/","logo":{"@type":"ImageObject","inLanguage":"es","@id":"https:\/\/www.eldiario.net\/portal\/#\/schema\/logo\/image\/","url":"https:\/\/www.eldiario.net\/portal\/wp-content\/uploads\/2023\/07\/logo_ED.jpg","contentUrl":"https:\/\/www.eldiario.net\/portal\/wp-content\/uploads\/2023\/07\/logo_ED.jpg","width":272,"height":52,"caption":"El Diario - Decano de la prensa nacional"},"image":{"@id":"https:\/\/www.eldiario.net\/portal\/#\/schema\/logo\/image\/"},"sameAs":["https:\/\/www.facebook.com\/eldiario.bolivia\/","https:\/\/x.com\/eldiario_net"]},{"@type":"Person","@id":"https:\/\/www.eldiario.net\/portal\/#\/schema\/person\/f46445640444750d7d753ccd04ae01b7","name":"Jeanette","image":{"@type":"ImageObject","inLanguage":"es","@id":"https:\/\/secure.gravatar.com\/avatar\/3ea2118a5f7dad2b7138b1187a6b7ee55f160b9968b66013c3a3ef39dd7e5798?s=96&d=mm&r=g","url":"https:\/\/secure.gravatar.com\/avatar\/3ea2118a5f7dad2b7138b1187a6b7ee55f160b9968b66013c3a3ef39dd7e5798?s=96&d=mm&r=g","contentUrl":"https:\/\/secure.gravatar.com\/avatar\/3ea2118a5f7dad2b7138b1187a6b7ee55f160b9968b66013c3a3ef39dd7e5798?s=96&d=mm&r=g","caption":"Jeanette"},"sameAs":["https:\/\/www.eldiario.net\/portal"],"url":"https:\/\/www.eldiario.net\/portal\/author\/jeanette\/"}]}},"_links":{"self":[{"href":"https:\/\/www.eldiario.net\/portal\/wp-json\/wp\/v2\/posts\/248150","targetHints":{"allow":["GET"]}}],"collection":[{"href":"https:\/\/www.eldiario.net\/portal\/wp-json\/wp\/v2\/posts"}],"about":[{"href":"https:\/\/www.eldiario.net\/portal\/wp-json\/wp\/v2\/types\/post"}],"author":[{"embeddable":true,"href":"https:\/\/www.eldiario.net\/portal\/wp-json\/wp\/v2\/users\/1"}],"replies":[{"embeddable":true,"href":"https:\/\/www.eldiario.net\/portal\/wp-json\/wp\/v2\/comments?post=248150"}],"version-history":[{"count":1,"href":"https:\/\/www.eldiario.net\/portal\/wp-json\/wp\/v2\/posts\/248150\/revisions"}],"predecessor-version":[{"id":248152,"href":"https:\/\/www.eldiario.net\/portal\/wp-json\/wp\/v2\/posts\/248150\/revisions\/248152"}],"wp:featuredmedia":[{"embeddable":true,"href":"https:\/\/www.eldiario.net\/portal\/wp-json\/wp\/v2\/media\/248151"}],"wp:attachment":[{"href":"https:\/\/www.eldiario.net\/portal\/wp-json\/wp\/v2\/media?parent=248150"}],"wp:term":[{"taxonomy":"category","embeddable":true,"href":"https:\/\/www.eldiario.net\/portal\/wp-json\/wp\/v2\/categories?post=248150"},{"taxonomy":"post_tag","embeddable":true,"href":"https:\/\/www.eldiario.net\/portal\/wp-json\/wp\/v2\/tags?post=248150"}],"curies":[{"name":"wp","href":"https:\/\/api.w.org\/{rel}","templated":true}]}}