{"id":248144,"date":"2024-09-18T05:41:48","date_gmt":"2024-09-18T09:41:48","guid":{"rendered":"https:\/\/www.eldiario.net\/portal\/?p=248144"},"modified":"2024-09-18T05:41:48","modified_gmt":"2024-09-18T09:41:48","slug":"carcel-a-trabajadoras-de-limpieza-de-avion-de-boa-hallado-con-droga","status":"publish","type":"post","link":"https:\/\/www.eldiario.net\/portal\/2024\/09\/18\/carcel-a-trabajadoras-de-limpieza-de-avion-de-boa-hallado-con-droga\/","title":{"rendered":"C\u00e1rcel a trabajadoras de limpieza de avi\u00f3n de BoA hallado con droga"},"content":{"rendered":"<p>La Justicia dispuso la detenci\u00f3n preventiva de las dos funcionarias de limpieza por narcotr\u00e1fico y otros delitos, tras ser captadas manipulando un basurero del avi\u00f3n de Boliviana de Aviaci\u00f3n (BoA) que fue encontrado con 12 paquetes de coca\u00edna.<br \/>\nTras una audiencia, la juez, Vivian Balc\u00e1zar, orden\u00f3 que Leidy G. S. y Rita C. M., cumplan 180 d\u00edas en la c\u00e1rcel de Palmasola por los delitos de tr\u00e1fico de sustancias controladas, asociaci\u00f3n delictuosa y confabulaci\u00f3n.<br \/>\nLas mujeres fueron grabadas, por c\u00e1maras de videovigilancia, manipulando un basurero de la aeronave estatal en la que fueron hallados 12 paquetes de droga la semana pasada. Sin embargo, a su salida de la audiencia, negaron estar involucradas en el hecho, reflej\u00f3 una nota de Unitel.<br \/>\nLa comisi\u00f3n de cinco fiscales asignados a la investigaci\u00f3n no descart\u00f3 que m\u00e1s personas, entre las otras 35 inicialmente arrestadas, sean citadas a declarar y se ampl\u00ede el testimonio de las sindicadas. (Santa Cruz, con informaci\u00f3n de agencias)<\/p>\n<p>Pie de foto: Una de las funcionarias sospechosas en audiencia.<br \/>\nFoto: Unitel<\/p>\n","protected":false},"excerpt":{"rendered":"<p>La Justicia dispuso la detenci\u00f3n preventiva de las dos funcionarias de limpieza por narcotr\u00e1fico y otros delitos, tras ser captadas manipulando un basurero del avi\u00f3n de Boliviana de Aviaci\u00f3n (BoA) que fue encontrado con 12 paquetes de coca\u00edna. Tras una audiencia, la juez, Vivian Balc\u00e1zar, orden\u00f3 que Leidy G. S. y Rita C. M., cumplan [&hellip;]<\/p>\n","protected":false},"author":1,"featured_media":248145,"comment_status":"open","ping_status":"open","sticky":false,"template":"","format":"standard","meta":{"_acf_changed":false,"footnotes":""},"categories":[39],"tags":[],"class_list":["post-248144","post","type-post","status-publish","format-standard","has-post-thumbnail","category-sociedad"],"acf":{"antetitulo":""},"yoast_head":"<!-- This site is optimized with the Yoast SEO plugin v28.4 - https:\/\/yoast.com\/product\/yoast-seo-wordpress\/ -->\n<title>C\u00e1rcel a trabajadoras de limpieza de avi\u00f3n de BoA hallado con droga - El Diario - Bolivia<\/title>\n<meta name=\"robots\" content=\"index, follow, max-snippet:-1, max-image-preview:large, max-video-preview:-1\" \/>\n<link rel=\"canonical\" href=\"https:\/\/www.eldiario.net\/portal\/2024\/09\/18\/carcel-a-trabajadoras-de-limpieza-de-avion-de-boa-hallado-con-droga\/\" \/>\n<meta property=\"og:locale\" content=\"es_ES\" \/>\n<meta property=\"og:type\" content=\"article\" \/>\n<meta property=\"og:title\" content=\"C\u00e1rcel a trabajadoras de limpieza de avi\u00f3n de BoA hallado con droga - El Diario - Bolivia\" \/>\n<meta property=\"og:description\" content=\"La Justicia dispuso la detenci\u00f3n preventiva de las dos funcionarias de limpieza por narcotr\u00e1fico y otros delitos, tras ser captadas manipulando un basurero del avi\u00f3n de Boliviana de Aviaci\u00f3n (BoA) que fue encontrado con 12 paquetes de coca\u00edna. Tras una audiencia, la juez, Vivian Balc\u00e1zar, orden\u00f3 que Leidy G. S. y Rita C. M., cumplan [&hellip;]\" \/>\n<meta property=\"og:url\" content=\"https:\/\/www.eldiario.net\/portal\/2024\/09\/18\/carcel-a-trabajadoras-de-limpieza-de-avion-de-boa-hallado-con-droga\/\" \/>\n<meta property=\"og:site_name\" content=\"El Diario - Bolivia\" \/>\n<meta property=\"article:publisher\" content=\"https:\/\/www.facebook.com\/eldiario.bolivia\/\" \/>\n<meta property=\"article:published_time\" content=\"2024-09-18T09:41:48+00:00\" \/>\n<meta property=\"og:image\" content=\"https:\/\/www.eldiario.net\/portal\/wp-content\/uploads\/2024\/09\/18-BOA.png\" \/>\n\t<meta property=\"og:image:width\" content=\"825\" \/>\n\t<meta property=\"og:image:height\" content=\"545\" \/>\n\t<meta property=\"og:image:type\" content=\"image\/png\" \/>\n<meta name=\"author\" content=\"Jeanette\" \/>\n<meta name=\"twitter:card\" content=\"summary_large_image\" \/>\n<meta name=\"twitter:creator\" content=\"@eldiario_net\" \/>\n<meta name=\"twitter:site\" content=\"@eldiario_net\" \/>\n<meta name=\"twitter:label1\" content=\"Escrito por\" \/>\n\t<meta name=\"twitter:data1\" content=\"Jeanette\" \/>\n\t<meta name=\"twitter:label2\" content=\"Tiempo de lectura\" \/>\n\t<meta name=\"twitter:data2\" content=\"1 minuto\" \/>\n<script type=\"application\/ld+json\" class=\"yoast-schema-graph\">{\"@context\":\"https:\\\/\\\/schema.org\",\"@graph\":[{\"@type\":\"Article\",\"@id\":\"https:\\\/\\\/www.eldiario.net\\\/portal\\\/2024\\\/09\\\/18\\\/carcel-a-trabajadoras-de-limpieza-de-avion-de-boa-hallado-con-droga\\\/#article\",\"isPartOf\":{\"@id\":\"https:\\\/\\\/www.eldiario.net\\\/portal\\\/2024\\\/09\\\/18\\\/carcel-a-trabajadoras-de-limpieza-de-avion-de-boa-hallado-con-droga\\\/\"},\"author\":{\"name\":\"Jeanette\",\"@id\":\"https:\\\/\\\/www.eldiario.net\\\/portal\\\/#\\\/schema\\\/person\\\/f46445640444750d7d753ccd04ae01b7\"},\"headline\":\"C\u00e1rcel a trabajadoras de limpieza de avi\u00f3n de BoA hallado con droga\",\"datePublished\":\"2024-09-18T09:41:48+00:00\",\"mainEntityOfPage\":{\"@id\":\"https:\\\/\\\/www.eldiario.net\\\/portal\\\/2024\\\/09\\\/18\\\/carcel-a-trabajadoras-de-limpieza-de-avion-de-boa-hallado-con-droga\\\/\"},\"wordCount\":197,\"commentCount\":0,\"publisher\":{\"@id\":\"https:\\\/\\\/www.eldiario.net\\\/portal\\\/#organization\"},\"image\":{\"@id\":\"https:\\\/\\\/www.eldiario.net\\\/portal\\\/2024\\\/09\\\/18\\\/carcel-a-trabajadoras-de-limpieza-de-avion-de-boa-hallado-con-droga\\\/#primaryimage\"},\"thumbnailUrl\":\"https:\\\/\\\/www.eldiario.net\\\/portal\\\/wp-content\\\/uploads\\\/2024\\\/09\\\/18-BOA.png\",\"articleSection\":[\"Sociedad - Seguridad\"],\"inLanguage\":\"es\",\"potentialAction\":[{\"@type\":\"CommentAction\",\"name\":\"Comment\",\"target\":[\"https:\\\/\\\/www.eldiario.net\\\/portal\\\/2024\\\/09\\\/18\\\/carcel-a-trabajadoras-de-limpieza-de-avion-de-boa-hallado-con-droga\\\/#respond\"]}]},{\"@type\":\"WebPage\",\"@id\":\"https:\\\/\\\/www.eldiario.net\\\/portal\\\/2024\\\/09\\\/18\\\/carcel-a-trabajadoras-de-limpieza-de-avion-de-boa-hallado-con-droga\\\/\",\"url\":\"https:\\\/\\\/www.eldiario.net\\\/portal\\\/2024\\\/09\\\/18\\\/carcel-a-trabajadoras-de-limpieza-de-avion-de-boa-hallado-con-droga\\\/\",\"name\":\"C\u00e1rcel a trabajadoras de limpieza de avi\u00f3n de BoA hallado con droga - El Diario - Bolivia\",\"isPartOf\":{\"@id\":\"https:\\\/\\\/www.eldiario.net\\\/portal\\\/#website\"},\"primaryImageOfPage\":{\"@id\":\"https:\\\/\\\/www.eldiario.net\\\/portal\\\/2024\\\/09\\\/18\\\/carcel-a-trabajadoras-de-limpieza-de-avion-de-boa-hallado-con-droga\\\/#primaryimage\"},\"image\":{\"@id\":\"https:\\\/\\\/www.eldiario.net\\\/portal\\\/2024\\\/09\\\/18\\\/carcel-a-trabajadoras-de-limpieza-de-avion-de-boa-hallado-con-droga\\\/#primaryimage\"},\"thumbnailUrl\":\"https:\\\/\\\/www.eldiario.net\\\/portal\\\/wp-content\\\/uploads\\\/2024\\\/09\\\/18-BOA.png\",\"datePublished\":\"2024-09-18T09:41:48+00:00\",\"breadcrumb\":{\"@id\":\"https:\\\/\\\/www.eldiario.net\\\/portal\\\/2024\\\/09\\\/18\\\/carcel-a-trabajadoras-de-limpieza-de-avion-de-boa-hallado-con-droga\\\/#breadcrumb\"},\"inLanguage\":\"es\",\"potentialAction\":[{\"@type\":\"ReadAction\",\"target\":[\"https:\\\/\\\/www.eldiario.net\\\/portal\\\/2024\\\/09\\\/18\\\/carcel-a-trabajadoras-de-limpieza-de-avion-de-boa-hallado-con-droga\\\/\"]}]},{\"@type\":\"ImageObject\",\"inLanguage\":\"es\",\"@id\":\"https:\\\/\\\/www.eldiario.net\\\/portal\\\/2024\\\/09\\\/18\\\/carcel-a-trabajadoras-de-limpieza-de-avion-de-boa-hallado-con-droga\\\/#primaryimage\",\"url\":\"https:\\\/\\\/www.eldiario.net\\\/portal\\\/wp-content\\\/uploads\\\/2024\\\/09\\\/18-BOA.png\",\"contentUrl\":\"https:\\\/\\\/www.eldiario.net\\\/portal\\\/wp-content\\\/uploads\\\/2024\\\/09\\\/18-BOA.png\",\"width\":825,\"height\":545},{\"@type\":\"BreadcrumbList\",\"@id\":\"https:\\\/\\\/www.eldiario.net\\\/portal\\\/2024\\\/09\\\/18\\\/carcel-a-trabajadoras-de-limpieza-de-avion-de-boa-hallado-con-droga\\\/#breadcrumb\",\"itemListElement\":[{\"@type\":\"ListItem\",\"position\":1,\"name\":\"Portada\",\"item\":\"https:\\\/\\\/www.eldiario.net\\\/portal\\\/\"},{\"@type\":\"ListItem\",\"position\":2,\"name\":\"C\u00e1rcel a trabajadoras de limpieza de avi\u00f3n de BoA hallado con droga\"}]},{\"@type\":\"WebSite\",\"@id\":\"https:\\\/\\\/www.eldiario.net\\\/portal\\\/#website\",\"url\":\"https:\\\/\\\/www.eldiario.net\\\/portal\\\/\",\"name\":\"El Diario - Decano de la prensa nacional\",\"description\":\"El Diario - Decano de la prensa nacional\",\"publisher\":{\"@id\":\"https:\\\/\\\/www.eldiario.net\\\/portal\\\/#organization\"},\"potentialAction\":[{\"@type\":\"SearchAction\",\"target\":{\"@type\":\"EntryPoint\",\"urlTemplate\":\"https:\\\/\\\/www.eldiario.net\\\/portal\\\/?s={search_term_string}\"},\"query-input\":{\"@type\":\"PropertyValueSpecification\",\"valueRequired\":true,\"valueName\":\"search_term_string\"}}],\"inLanguage\":\"es\"},{\"@type\":\"Organization\",\"@id\":\"https:\\\/\\\/www.eldiario.net\\\/portal\\\/#organization\",\"name\":\"El Diario - Decano de la prensa nacional\",\"url\":\"https:\\\/\\\/www.eldiario.net\\\/portal\\\/\",\"logo\":{\"@type\":\"ImageObject\",\"inLanguage\":\"es\",\"@id\":\"https:\\\/\\\/www.eldiario.net\\\/portal\\\/#\\\/schema\\\/logo\\\/image\\\/\",\"url\":\"https:\\\/\\\/www.eldiario.net\\\/portal\\\/wp-content\\\/uploads\\\/2023\\\/07\\\/logo_ED.jpg\",\"contentUrl\":\"https:\\\/\\\/www.eldiario.net\\\/portal\\\/wp-content\\\/uploads\\\/2023\\\/07\\\/logo_ED.jpg\",\"width\":272,\"height\":52,\"caption\":\"El Diario - Decano de la prensa nacional\"},\"image\":{\"@id\":\"https:\\\/\\\/www.eldiario.net\\\/portal\\\/#\\\/schema\\\/logo\\\/image\\\/\"},\"sameAs\":[\"https:\\\/\\\/www.facebook.com\\\/eldiario.bolivia\\\/\",\"https:\\\/\\\/x.com\\\/eldiario_net\"]},{\"@type\":\"Person\",\"@id\":\"https:\\\/\\\/www.eldiario.net\\\/portal\\\/#\\\/schema\\\/person\\\/f46445640444750d7d753ccd04ae01b7\",\"name\":\"Jeanette\",\"image\":{\"@type\":\"ImageObject\",\"inLanguage\":\"es\",\"@id\":\"https:\\\/\\\/secure.gravatar.com\\\/avatar\\\/3ea2118a5f7dad2b7138b1187a6b7ee55f160b9968b66013c3a3ef39dd7e5798?s=96&d=mm&r=g\",\"url\":\"https:\\\/\\\/secure.gravatar.com\\\/avatar\\\/3ea2118a5f7dad2b7138b1187a6b7ee55f160b9968b66013c3a3ef39dd7e5798?s=96&d=mm&r=g\",\"contentUrl\":\"https:\\\/\\\/secure.gravatar.com\\\/avatar\\\/3ea2118a5f7dad2b7138b1187a6b7ee55f160b9968b66013c3a3ef39dd7e5798?s=96&d=mm&r=g\",\"caption\":\"Jeanette\"},\"sameAs\":[\"https:\\\/\\\/www.eldiario.net\\\/portal\"],\"url\":\"https:\\\/\\\/www.eldiario.net\\\/portal\\\/author\\\/jeanette\\\/\"}]}<\/script>\n<!-- \/ Yoast SEO plugin. -->","yoast_head_json":{"title":"C\u00e1rcel a trabajadoras de limpieza de avi\u00f3n de BoA hallado con droga - El Diario - Bolivia","robots":{"index":"index","follow":"follow","max-snippet":"max-snippet:-1","max-image-preview":"max-image-preview:large","max-video-preview":"max-video-preview:-1"},"canonical":"https:\/\/www.eldiario.net\/portal\/2024\/09\/18\/carcel-a-trabajadoras-de-limpieza-de-avion-de-boa-hallado-con-droga\/","og_locale":"es_ES","og_type":"article","og_title":"C\u00e1rcel a trabajadoras de limpieza de avi\u00f3n de BoA hallado con droga - El Diario - Bolivia","og_description":"La Justicia dispuso la detenci\u00f3n preventiva de las dos funcionarias de limpieza por narcotr\u00e1fico y otros delitos, tras ser captadas manipulando un basurero del avi\u00f3n de Boliviana de Aviaci\u00f3n (BoA) que fue encontrado con 12 paquetes de coca\u00edna. Tras una audiencia, la juez, Vivian Balc\u00e1zar, orden\u00f3 que Leidy G. S. y Rita C. M., cumplan [&hellip;]","og_url":"https:\/\/www.eldiario.net\/portal\/2024\/09\/18\/carcel-a-trabajadoras-de-limpieza-de-avion-de-boa-hallado-con-droga\/","og_site_name":"El Diario - Bolivia","article_publisher":"https:\/\/www.facebook.com\/eldiario.bolivia\/","article_published_time":"2024-09-18T09:41:48+00:00","og_image":[{"width":825,"height":545,"url":"https:\/\/www.eldiario.net\/portal\/wp-content\/uploads\/2024\/09\/18-BOA.png","type":"image\/png"}],"author":"Jeanette","twitter_card":"summary_large_image","twitter_creator":"@eldiario_net","twitter_site":"@eldiario_net","twitter_misc":{"Escrito por":"Jeanette","Tiempo de lectura":"1 minuto"},"schema":{"@context":"https:\/\/schema.org","@graph":[{"@type":"Article","@id":"https:\/\/www.eldiario.net\/portal\/2024\/09\/18\/carcel-a-trabajadoras-de-limpieza-de-avion-de-boa-hallado-con-droga\/#article","isPartOf":{"@id":"https:\/\/www.eldiario.net\/portal\/2024\/09\/18\/carcel-a-trabajadoras-de-limpieza-de-avion-de-boa-hallado-con-droga\/"},"author":{"name":"Jeanette","@id":"https:\/\/www.eldiario.net\/portal\/#\/schema\/person\/f46445640444750d7d753ccd04ae01b7"},"headline":"C\u00e1rcel a trabajadoras de limpieza de avi\u00f3n de BoA hallado con droga","datePublished":"2024-09-18T09:41:48+00:00","mainEntityOfPage":{"@id":"https:\/\/www.eldiario.net\/portal\/2024\/09\/18\/carcel-a-trabajadoras-de-limpieza-de-avion-de-boa-hallado-con-droga\/"},"wordCount":197,"commentCount":0,"publisher":{"@id":"https:\/\/www.eldiario.net\/portal\/#organization"},"image":{"@id":"https:\/\/www.eldiario.net\/portal\/2024\/09\/18\/carcel-a-trabajadoras-de-limpieza-de-avion-de-boa-hallado-con-droga\/#primaryimage"},"thumbnailUrl":"https:\/\/www.eldiario.net\/portal\/wp-content\/uploads\/2024\/09\/18-BOA.png","articleSection":["Sociedad - Seguridad"],"inLanguage":"es","potentialAction":[{"@type":"CommentAction","name":"Comment","target":["https:\/\/www.eldiario.net\/portal\/2024\/09\/18\/carcel-a-trabajadoras-de-limpieza-de-avion-de-boa-hallado-con-droga\/#respond"]}]},{"@type":"WebPage","@id":"https:\/\/www.eldiario.net\/portal\/2024\/09\/18\/carcel-a-trabajadoras-de-limpieza-de-avion-de-boa-hallado-con-droga\/","url":"https:\/\/www.eldiario.net\/portal\/2024\/09\/18\/carcel-a-trabajadoras-de-limpieza-de-avion-de-boa-hallado-con-droga\/","name":"C\u00e1rcel a trabajadoras de limpieza de avi\u00f3n de BoA hallado con droga - El Diario - Bolivia","isPartOf":{"@id":"https:\/\/www.eldiario.net\/portal\/#website"},"primaryImageOfPage":{"@id":"https:\/\/www.eldiario.net\/portal\/2024\/09\/18\/carcel-a-trabajadoras-de-limpieza-de-avion-de-boa-hallado-con-droga\/#primaryimage"},"image":{"@id":"https:\/\/www.eldiario.net\/portal\/2024\/09\/18\/carcel-a-trabajadoras-de-limpieza-de-avion-de-boa-hallado-con-droga\/#primaryimage"},"thumbnailUrl":"https:\/\/www.eldiario.net\/portal\/wp-content\/uploads\/2024\/09\/18-BOA.png","datePublished":"2024-09-18T09:41:48+00:00","breadcrumb":{"@id":"https:\/\/www.eldiario.net\/portal\/2024\/09\/18\/carcel-a-trabajadoras-de-limpieza-de-avion-de-boa-hallado-con-droga\/#breadcrumb"},"inLanguage":"es","potentialAction":[{"@type":"ReadAction","target":["https:\/\/www.eldiario.net\/portal\/2024\/09\/18\/carcel-a-trabajadoras-de-limpieza-de-avion-de-boa-hallado-con-droga\/"]}]},{"@type":"ImageObject","inLanguage":"es","@id":"https:\/\/www.eldiario.net\/portal\/2024\/09\/18\/carcel-a-trabajadoras-de-limpieza-de-avion-de-boa-hallado-con-droga\/#primaryimage","url":"https:\/\/www.eldiario.net\/portal\/wp-content\/uploads\/2024\/09\/18-BOA.png","contentUrl":"https:\/\/www.eldiario.net\/portal\/wp-content\/uploads\/2024\/09\/18-BOA.png","width":825,"height":545},{"@type":"BreadcrumbList","@id":"https:\/\/www.eldiario.net\/portal\/2024\/09\/18\/carcel-a-trabajadoras-de-limpieza-de-avion-de-boa-hallado-con-droga\/#breadcrumb","itemListElement":[{"@type":"ListItem","position":1,"name":"Portada","item":"https:\/\/www.eldiario.net\/portal\/"},{"@type":"ListItem","position":2,"name":"C\u00e1rcel a trabajadoras de limpieza de avi\u00f3n de BoA hallado con droga"}]},{"@type":"WebSite","@id":"https:\/\/www.eldiario.net\/portal\/#website","url":"https:\/\/www.eldiario.net\/portal\/","name":"El Diario - Decano de la prensa nacional","description":"El Diario - Decano de la prensa nacional","publisher":{"@id":"https:\/\/www.eldiario.net\/portal\/#organization"},"potentialAction":[{"@type":"SearchAction","target":{"@type":"EntryPoint","urlTemplate":"https:\/\/www.eldiario.net\/portal\/?s={search_term_string}"},"query-input":{"@type":"PropertyValueSpecification","valueRequired":true,"valueName":"search_term_string"}}],"inLanguage":"es"},{"@type":"Organization","@id":"https:\/\/www.eldiario.net\/portal\/#organization","name":"El Diario - Decano de la prensa nacional","url":"https:\/\/www.eldiario.net\/portal\/","logo":{"@type":"ImageObject","inLanguage":"es","@id":"https:\/\/www.eldiario.net\/portal\/#\/schema\/logo\/image\/","url":"https:\/\/www.eldiario.net\/portal\/wp-content\/uploads\/2023\/07\/logo_ED.jpg","contentUrl":"https:\/\/www.eldiario.net\/portal\/wp-content\/uploads\/2023\/07\/logo_ED.jpg","width":272,"height":52,"caption":"El Diario - Decano de la prensa nacional"},"image":{"@id":"https:\/\/www.eldiario.net\/portal\/#\/schema\/logo\/image\/"},"sameAs":["https:\/\/www.facebook.com\/eldiario.bolivia\/","https:\/\/x.com\/eldiario_net"]},{"@type":"Person","@id":"https:\/\/www.eldiario.net\/portal\/#\/schema\/person\/f46445640444750d7d753ccd04ae01b7","name":"Jeanette","image":{"@type":"ImageObject","inLanguage":"es","@id":"https:\/\/secure.gravatar.com\/avatar\/3ea2118a5f7dad2b7138b1187a6b7ee55f160b9968b66013c3a3ef39dd7e5798?s=96&d=mm&r=g","url":"https:\/\/secure.gravatar.com\/avatar\/3ea2118a5f7dad2b7138b1187a6b7ee55f160b9968b66013c3a3ef39dd7e5798?s=96&d=mm&r=g","contentUrl":"https:\/\/secure.gravatar.com\/avatar\/3ea2118a5f7dad2b7138b1187a6b7ee55f160b9968b66013c3a3ef39dd7e5798?s=96&d=mm&r=g","caption":"Jeanette"},"sameAs":["https:\/\/www.eldiario.net\/portal"],"url":"https:\/\/www.eldiario.net\/portal\/author\/jeanette\/"}]}},"_links":{"self":[{"href":"https:\/\/www.eldiario.net\/portal\/wp-json\/wp\/v2\/posts\/248144","targetHints":{"allow":["GET"]}}],"collection":[{"href":"https:\/\/www.eldiario.net\/portal\/wp-json\/wp\/v2\/posts"}],"about":[{"href":"https:\/\/www.eldiario.net\/portal\/wp-json\/wp\/v2\/types\/post"}],"author":[{"embeddable":true,"href":"https:\/\/www.eldiario.net\/portal\/wp-json\/wp\/v2\/users\/1"}],"replies":[{"embeddable":true,"href":"https:\/\/www.eldiario.net\/portal\/wp-json\/wp\/v2\/comments?post=248144"}],"version-history":[{"count":1,"href":"https:\/\/www.eldiario.net\/portal\/wp-json\/wp\/v2\/posts\/248144\/revisions"}],"predecessor-version":[{"id":248146,"href":"https:\/\/www.eldiario.net\/portal\/wp-json\/wp\/v2\/posts\/248144\/revisions\/248146"}],"wp:featuredmedia":[{"embeddable":true,"href":"https:\/\/www.eldiario.net\/portal\/wp-json\/wp\/v2\/media\/248145"}],"wp:attachment":[{"href":"https:\/\/www.eldiario.net\/portal\/wp-json\/wp\/v2\/media?parent=248144"}],"wp:term":[{"taxonomy":"category","embeddable":true,"href":"https:\/\/www.eldiario.net\/portal\/wp-json\/wp\/v2\/categories?post=248144"},{"taxonomy":"post_tag","embeddable":true,"href":"https:\/\/www.eldiario.net\/portal\/wp-json\/wp\/v2\/tags?post=248144"}],"curies":[{"name":"wp","href":"https:\/\/api.w.org\/{rel}","templated":true}]}}