{"id":248141,"date":"2024-09-18T05:39:06","date_gmt":"2024-09-18T09:39:06","guid":{"rendered":"https:\/\/www.eldiario.net\/portal\/?p=248141"},"modified":"2024-09-18T05:39:06","modified_gmt":"2024-09-18T09:39:06","slug":"marchas-y-bloqueos-del-mas-encarecen-productos","status":"publish","type":"post","link":"https:\/\/www.eldiario.net\/portal\/2024\/09\/18\/marchas-y-bloqueos-del-mas-encarecen-productos\/","title":{"rendered":"Marchas y bloqueos del  MAS encarecen productos"},"content":{"rendered":"<p>Las peleas internas en el oficialismo se enfoquen en pugnas de poder y ambiciones electorales, el \u201cevismo\u201d y el \u201carcismo\u201d s\u00f3lo persiguen intereses personales y ambiciones de retornar o permanecer en el poder, sostienen los legisladores; sin embargo, debido a las marchas y bloqueos los precios de los productos de la canasta familiar nuevamente subieron de precios en diferentes centros de abasto en el pa\u00eds.<br \/>\nEl valor de los productos de la canasta b\u00e1sica familiar sigue en aumento, hay un incremento en el precio del arroz, ma\u00edz y lenteja, seg\u00fan las comerciantes. El arroz de Bs 12, 13, se elev\u00f3 hasta 20, que antes costaba Bs 15, el arroz Carolina est\u00e1 en Bs 10, costaba Bs 6. Otro producto que subi\u00f3 de precio es la lenteja, que sufri\u00f3 un incremento de entre Bs 8 y 10.<br \/>\nEn La Paz, el precio del arroz se dispara hasta alcanzar los 460 bolivianos por quintal, mientras que el costo m\u00e1s bajo por libra es de 4,50 bolivianos. En cuanto a los condimentos, los precios se han duplicado e incluso triplicado, seg\u00fan un recorrido que hizo Br\u00fajula Digital.<br \/>\nPor otro lado, la devaluaci\u00f3n del boliviano contin\u00faa, y ya super\u00f3 el 30% y la escasez del d\u00f3lar afectar\u00e1 m\u00e1s al tipo de cambio, afirman analistas econ\u00f3micos.<br \/>\nLos economistas Beatriz Muriel y Fernando Romero, manifestaron por separado, que Bolivia estar\u00eda cerca de una estanflaci\u00f3n, es decir, con un crecimiento cero, pero con un incremento de la inflaci\u00f3n.<br \/>\nEl aumento de precios de los productos de la canasta familia y otros ya provoc\u00f3 la devaluaci\u00f3n del boliviano. El economista Gabriel Espinoza estim\u00f3 que el valor de los alimentos hasta el primer semestre de la presente gesti\u00f3n aument\u00f3 en 6%, mientras que Ch\u00e1vez sostiene que hasta agosto habr\u00eda alcanzado un 7%.<\/p>\n","protected":false},"excerpt":{"rendered":"<p>Las peleas internas en el oficialismo se enfoquen en pugnas de poder y ambiciones electorales, el \u201cevismo\u201d y el \u201carcismo\u201d s\u00f3lo persiguen intereses personales y ambiciones de retornar o permanecer en el poder, sostienen los legisladores; sin embargo, debido a las marchas y bloqueos los precios de los productos de la canasta familiar nuevamente subieron [&hellip;]<\/p>\n","protected":false},"author":1,"featured_media":248142,"comment_status":"open","ping_status":"open","sticky":false,"template":"","format":"standard","meta":{"_acf_changed":false,"footnotes":""},"categories":[17],"tags":[],"class_list":["post-248141","post","type-post","status-publish","format-standard","has-post-thumbnail","category-principal"],"acf":{"antetitulo":"Oficialismo se enfoca en pugnas de poder"},"yoast_head":"<!-- This site is optimized with the Yoast SEO plugin v28.4 - https:\/\/yoast.com\/product\/yoast-seo-wordpress\/ -->\n<title>Marchas y bloqueos del MAS encarecen productos - El Diario - Bolivia<\/title>\n<meta name=\"robots\" content=\"index, follow, max-snippet:-1, max-image-preview:large, max-video-preview:-1\" \/>\n<link rel=\"canonical\" href=\"https:\/\/www.eldiario.net\/portal\/2024\/09\/18\/marchas-y-bloqueos-del-mas-encarecen-productos\/\" \/>\n<meta property=\"og:locale\" content=\"es_ES\" \/>\n<meta property=\"og:type\" content=\"article\" \/>\n<meta property=\"og:title\" content=\"Marchas y bloqueos del MAS encarecen productos - El Diario - Bolivia\" \/>\n<meta property=\"og:description\" content=\"Las peleas internas en el oficialismo se enfoquen en pugnas de poder y ambiciones electorales, el \u201cevismo\u201d y el \u201carcismo\u201d s\u00f3lo persiguen intereses personales y ambiciones de retornar o permanecer en el poder, sostienen los legisladores; sin embargo, debido a las marchas y bloqueos los precios de los productos de la canasta familiar nuevamente subieron [&hellip;]\" \/>\n<meta property=\"og:url\" content=\"https:\/\/www.eldiario.net\/portal\/2024\/09\/18\/marchas-y-bloqueos-del-mas-encarecen-productos\/\" \/>\n<meta property=\"og:site_name\" content=\"El Diario - Bolivia\" \/>\n<meta property=\"article:publisher\" content=\"https:\/\/www.facebook.com\/eldiario.bolivia\/\" \/>\n<meta property=\"article:published_time\" content=\"2024-09-18T09:39:06+00:00\" \/>\n<meta property=\"og:image\" content=\"https:\/\/www.eldiario.net\/portal\/wp-content\/uploads\/2024\/09\/P-1-20-cm-x-10-1.jpg\" \/>\n\t<meta property=\"og:image:width\" content=\"1200\" \/>\n\t<meta property=\"og:image:height\" content=\"642\" \/>\n\t<meta property=\"og:image:type\" content=\"image\/jpeg\" \/>\n<meta name=\"author\" content=\"Jeanette\" \/>\n<meta name=\"twitter:card\" content=\"summary_large_image\" \/>\n<meta name=\"twitter:creator\" content=\"@eldiario_net\" \/>\n<meta name=\"twitter:site\" content=\"@eldiario_net\" \/>\n<meta name=\"twitter:label1\" content=\"Escrito por\" \/>\n\t<meta name=\"twitter:data1\" content=\"Jeanette\" \/>\n\t<meta name=\"twitter:label2\" content=\"Tiempo de lectura\" \/>\n\t<meta name=\"twitter:data2\" content=\"2 minutos\" \/>\n<script type=\"application\/ld+json\" class=\"yoast-schema-graph\">{\"@context\":\"https:\\\/\\\/schema.org\",\"@graph\":[{\"@type\":\"Article\",\"@id\":\"https:\\\/\\\/www.eldiario.net\\\/portal\\\/2024\\\/09\\\/18\\\/marchas-y-bloqueos-del-mas-encarecen-productos\\\/#article\",\"isPartOf\":{\"@id\":\"https:\\\/\\\/www.eldiario.net\\\/portal\\\/2024\\\/09\\\/18\\\/marchas-y-bloqueos-del-mas-encarecen-productos\\\/\"},\"author\":{\"name\":\"Jeanette\",\"@id\":\"https:\\\/\\\/www.eldiario.net\\\/portal\\\/#\\\/schema\\\/person\\\/f46445640444750d7d753ccd04ae01b7\"},\"headline\":\"Marchas y bloqueos del MAS encarecen productos\",\"datePublished\":\"2024-09-18T09:39:06+00:00\",\"mainEntityOfPage\":{\"@id\":\"https:\\\/\\\/www.eldiario.net\\\/portal\\\/2024\\\/09\\\/18\\\/marchas-y-bloqueos-del-mas-encarecen-productos\\\/\"},\"wordCount\":307,\"commentCount\":0,\"publisher\":{\"@id\":\"https:\\\/\\\/www.eldiario.net\\\/portal\\\/#organization\"},\"image\":{\"@id\":\"https:\\\/\\\/www.eldiario.net\\\/portal\\\/2024\\\/09\\\/18\\\/marchas-y-bloqueos-del-mas-encarecen-productos\\\/#primaryimage\"},\"thumbnailUrl\":\"https:\\\/\\\/www.eldiario.net\\\/portal\\\/wp-content\\\/uploads\\\/2024\\\/09\\\/P-1-20-cm-x-10-1.jpg\",\"articleSection\":[\"Principal\"],\"inLanguage\":\"es\",\"potentialAction\":[{\"@type\":\"CommentAction\",\"name\":\"Comment\",\"target\":[\"https:\\\/\\\/www.eldiario.net\\\/portal\\\/2024\\\/09\\\/18\\\/marchas-y-bloqueos-del-mas-encarecen-productos\\\/#respond\"]}]},{\"@type\":\"WebPage\",\"@id\":\"https:\\\/\\\/www.eldiario.net\\\/portal\\\/2024\\\/09\\\/18\\\/marchas-y-bloqueos-del-mas-encarecen-productos\\\/\",\"url\":\"https:\\\/\\\/www.eldiario.net\\\/portal\\\/2024\\\/09\\\/18\\\/marchas-y-bloqueos-del-mas-encarecen-productos\\\/\",\"name\":\"Marchas y bloqueos del MAS encarecen productos - El Diario - Bolivia\",\"isPartOf\":{\"@id\":\"https:\\\/\\\/www.eldiario.net\\\/portal\\\/#website\"},\"primaryImageOfPage\":{\"@id\":\"https:\\\/\\\/www.eldiario.net\\\/portal\\\/2024\\\/09\\\/18\\\/marchas-y-bloqueos-del-mas-encarecen-productos\\\/#primaryimage\"},\"image\":{\"@id\":\"https:\\\/\\\/www.eldiario.net\\\/portal\\\/2024\\\/09\\\/18\\\/marchas-y-bloqueos-del-mas-encarecen-productos\\\/#primaryimage\"},\"thumbnailUrl\":\"https:\\\/\\\/www.eldiario.net\\\/portal\\\/wp-content\\\/uploads\\\/2024\\\/09\\\/P-1-20-cm-x-10-1.jpg\",\"datePublished\":\"2024-09-18T09:39:06+00:00\",\"breadcrumb\":{\"@id\":\"https:\\\/\\\/www.eldiario.net\\\/portal\\\/2024\\\/09\\\/18\\\/marchas-y-bloqueos-del-mas-encarecen-productos\\\/#breadcrumb\"},\"inLanguage\":\"es\",\"potentialAction\":[{\"@type\":\"ReadAction\",\"target\":[\"https:\\\/\\\/www.eldiario.net\\\/portal\\\/2024\\\/09\\\/18\\\/marchas-y-bloqueos-del-mas-encarecen-productos\\\/\"]}]},{\"@type\":\"ImageObject\",\"inLanguage\":\"es\",\"@id\":\"https:\\\/\\\/www.eldiario.net\\\/portal\\\/2024\\\/09\\\/18\\\/marchas-y-bloqueos-del-mas-encarecen-productos\\\/#primaryimage\",\"url\":\"https:\\\/\\\/www.eldiario.net\\\/portal\\\/wp-content\\\/uploads\\\/2024\\\/09\\\/P-1-20-cm-x-10-1.jpg\",\"contentUrl\":\"https:\\\/\\\/www.eldiario.net\\\/portal\\\/wp-content\\\/uploads\\\/2024\\\/09\\\/P-1-20-cm-x-10-1.jpg\",\"width\":1200,\"height\":642,\"caption\":\"La denominada Marcha por la Vida, del expresidente Evo Morales, lleg\u00f3 a la localidad de Vila Vila, en medio de tensi\u00f3n con sectores afines al gobierno de Luis Arce. Tras la llegada del contingente, se produjeron enfrentamientos entre ambos grupos, utilizando piedras y petardos, dejaron m\u00e1s de veinte heridos.\"},{\"@type\":\"BreadcrumbList\",\"@id\":\"https:\\\/\\\/www.eldiario.net\\\/portal\\\/2024\\\/09\\\/18\\\/marchas-y-bloqueos-del-mas-encarecen-productos\\\/#breadcrumb\",\"itemListElement\":[{\"@type\":\"ListItem\",\"position\":1,\"name\":\"Portada\",\"item\":\"https:\\\/\\\/www.eldiario.net\\\/portal\\\/\"},{\"@type\":\"ListItem\",\"position\":2,\"name\":\"Marchas y bloqueos del MAS encarecen productos\"}]},{\"@type\":\"WebSite\",\"@id\":\"https:\\\/\\\/www.eldiario.net\\\/portal\\\/#website\",\"url\":\"https:\\\/\\\/www.eldiario.net\\\/portal\\\/\",\"name\":\"El Diario - Decano de la prensa nacional\",\"description\":\"El Diario - Decano de la prensa nacional\",\"publisher\":{\"@id\":\"https:\\\/\\\/www.eldiario.net\\\/portal\\\/#organization\"},\"potentialAction\":[{\"@type\":\"SearchAction\",\"target\":{\"@type\":\"EntryPoint\",\"urlTemplate\":\"https:\\\/\\\/www.eldiario.net\\\/portal\\\/?s={search_term_string}\"},\"query-input\":{\"@type\":\"PropertyValueSpecification\",\"valueRequired\":true,\"valueName\":\"search_term_string\"}}],\"inLanguage\":\"es\"},{\"@type\":\"Organization\",\"@id\":\"https:\\\/\\\/www.eldiario.net\\\/portal\\\/#organization\",\"name\":\"El Diario - Decano de la prensa nacional\",\"url\":\"https:\\\/\\\/www.eldiario.net\\\/portal\\\/\",\"logo\":{\"@type\":\"ImageObject\",\"inLanguage\":\"es\",\"@id\":\"https:\\\/\\\/www.eldiario.net\\\/portal\\\/#\\\/schema\\\/logo\\\/image\\\/\",\"url\":\"https:\\\/\\\/www.eldiario.net\\\/portal\\\/wp-content\\\/uploads\\\/2023\\\/07\\\/logo_ED.jpg\",\"contentUrl\":\"https:\\\/\\\/www.eldiario.net\\\/portal\\\/wp-content\\\/uploads\\\/2023\\\/07\\\/logo_ED.jpg\",\"width\":272,\"height\":52,\"caption\":\"El Diario - Decano de la prensa nacional\"},\"image\":{\"@id\":\"https:\\\/\\\/www.eldiario.net\\\/portal\\\/#\\\/schema\\\/logo\\\/image\\\/\"},\"sameAs\":[\"https:\\\/\\\/www.facebook.com\\\/eldiario.bolivia\\\/\",\"https:\\\/\\\/x.com\\\/eldiario_net\"]},{\"@type\":\"Person\",\"@id\":\"https:\\\/\\\/www.eldiario.net\\\/portal\\\/#\\\/schema\\\/person\\\/f46445640444750d7d753ccd04ae01b7\",\"name\":\"Jeanette\",\"image\":{\"@type\":\"ImageObject\",\"inLanguage\":\"es\",\"@id\":\"https:\\\/\\\/secure.gravatar.com\\\/avatar\\\/3ea2118a5f7dad2b7138b1187a6b7ee55f160b9968b66013c3a3ef39dd7e5798?s=96&d=mm&r=g\",\"url\":\"https:\\\/\\\/secure.gravatar.com\\\/avatar\\\/3ea2118a5f7dad2b7138b1187a6b7ee55f160b9968b66013c3a3ef39dd7e5798?s=96&d=mm&r=g\",\"contentUrl\":\"https:\\\/\\\/secure.gravatar.com\\\/avatar\\\/3ea2118a5f7dad2b7138b1187a6b7ee55f160b9968b66013c3a3ef39dd7e5798?s=96&d=mm&r=g\",\"caption\":\"Jeanette\"},\"sameAs\":[\"https:\\\/\\\/www.eldiario.net\\\/portal\"],\"url\":\"https:\\\/\\\/www.eldiario.net\\\/portal\\\/author\\\/jeanette\\\/\"}]}<\/script>\n<!-- \/ Yoast SEO plugin. -->","yoast_head_json":{"title":"Marchas y bloqueos del MAS encarecen productos - El Diario - Bolivia","robots":{"index":"index","follow":"follow","max-snippet":"max-snippet:-1","max-image-preview":"max-image-preview:large","max-video-preview":"max-video-preview:-1"},"canonical":"https:\/\/www.eldiario.net\/portal\/2024\/09\/18\/marchas-y-bloqueos-del-mas-encarecen-productos\/","og_locale":"es_ES","og_type":"article","og_title":"Marchas y bloqueos del MAS encarecen productos - El Diario - Bolivia","og_description":"Las peleas internas en el oficialismo se enfoquen en pugnas de poder y ambiciones electorales, el \u201cevismo\u201d y el \u201carcismo\u201d s\u00f3lo persiguen intereses personales y ambiciones de retornar o permanecer en el poder, sostienen los legisladores; sin embargo, debido a las marchas y bloqueos los precios de los productos de la canasta familiar nuevamente subieron [&hellip;]","og_url":"https:\/\/www.eldiario.net\/portal\/2024\/09\/18\/marchas-y-bloqueos-del-mas-encarecen-productos\/","og_site_name":"El Diario - Bolivia","article_publisher":"https:\/\/www.facebook.com\/eldiario.bolivia\/","article_published_time":"2024-09-18T09:39:06+00:00","og_image":[{"width":1200,"height":642,"url":"https:\/\/www.eldiario.net\/portal\/wp-content\/uploads\/2024\/09\/P-1-20-cm-x-10-1.jpg","type":"image\/jpeg"}],"author":"Jeanette","twitter_card":"summary_large_image","twitter_creator":"@eldiario_net","twitter_site":"@eldiario_net","twitter_misc":{"Escrito por":"Jeanette","Tiempo de lectura":"2 minutos"},"schema":{"@context":"https:\/\/schema.org","@graph":[{"@type":"Article","@id":"https:\/\/www.eldiario.net\/portal\/2024\/09\/18\/marchas-y-bloqueos-del-mas-encarecen-productos\/#article","isPartOf":{"@id":"https:\/\/www.eldiario.net\/portal\/2024\/09\/18\/marchas-y-bloqueos-del-mas-encarecen-productos\/"},"author":{"name":"Jeanette","@id":"https:\/\/www.eldiario.net\/portal\/#\/schema\/person\/f46445640444750d7d753ccd04ae01b7"},"headline":"Marchas y bloqueos del MAS encarecen productos","datePublished":"2024-09-18T09:39:06+00:00","mainEntityOfPage":{"@id":"https:\/\/www.eldiario.net\/portal\/2024\/09\/18\/marchas-y-bloqueos-del-mas-encarecen-productos\/"},"wordCount":307,"commentCount":0,"publisher":{"@id":"https:\/\/www.eldiario.net\/portal\/#organization"},"image":{"@id":"https:\/\/www.eldiario.net\/portal\/2024\/09\/18\/marchas-y-bloqueos-del-mas-encarecen-productos\/#primaryimage"},"thumbnailUrl":"https:\/\/www.eldiario.net\/portal\/wp-content\/uploads\/2024\/09\/P-1-20-cm-x-10-1.jpg","articleSection":["Principal"],"inLanguage":"es","potentialAction":[{"@type":"CommentAction","name":"Comment","target":["https:\/\/www.eldiario.net\/portal\/2024\/09\/18\/marchas-y-bloqueos-del-mas-encarecen-productos\/#respond"]}]},{"@type":"WebPage","@id":"https:\/\/www.eldiario.net\/portal\/2024\/09\/18\/marchas-y-bloqueos-del-mas-encarecen-productos\/","url":"https:\/\/www.eldiario.net\/portal\/2024\/09\/18\/marchas-y-bloqueos-del-mas-encarecen-productos\/","name":"Marchas y bloqueos del MAS encarecen productos - El Diario - Bolivia","isPartOf":{"@id":"https:\/\/www.eldiario.net\/portal\/#website"},"primaryImageOfPage":{"@id":"https:\/\/www.eldiario.net\/portal\/2024\/09\/18\/marchas-y-bloqueos-del-mas-encarecen-productos\/#primaryimage"},"image":{"@id":"https:\/\/www.eldiario.net\/portal\/2024\/09\/18\/marchas-y-bloqueos-del-mas-encarecen-productos\/#primaryimage"},"thumbnailUrl":"https:\/\/www.eldiario.net\/portal\/wp-content\/uploads\/2024\/09\/P-1-20-cm-x-10-1.jpg","datePublished":"2024-09-18T09:39:06+00:00","breadcrumb":{"@id":"https:\/\/www.eldiario.net\/portal\/2024\/09\/18\/marchas-y-bloqueos-del-mas-encarecen-productos\/#breadcrumb"},"inLanguage":"es","potentialAction":[{"@type":"ReadAction","target":["https:\/\/www.eldiario.net\/portal\/2024\/09\/18\/marchas-y-bloqueos-del-mas-encarecen-productos\/"]}]},{"@type":"ImageObject","inLanguage":"es","@id":"https:\/\/www.eldiario.net\/portal\/2024\/09\/18\/marchas-y-bloqueos-del-mas-encarecen-productos\/#primaryimage","url":"https:\/\/www.eldiario.net\/portal\/wp-content\/uploads\/2024\/09\/P-1-20-cm-x-10-1.jpg","contentUrl":"https:\/\/www.eldiario.net\/portal\/wp-content\/uploads\/2024\/09\/P-1-20-cm-x-10-1.jpg","width":1200,"height":642,"caption":"La denominada Marcha por la Vida, del expresidente Evo Morales, lleg\u00f3 a la localidad de Vila Vila, en medio de tensi\u00f3n con sectores afines al gobierno de Luis Arce. Tras la llegada del contingente, se produjeron enfrentamientos entre ambos grupos, utilizando piedras y petardos, dejaron m\u00e1s de veinte heridos."},{"@type":"BreadcrumbList","@id":"https:\/\/www.eldiario.net\/portal\/2024\/09\/18\/marchas-y-bloqueos-del-mas-encarecen-productos\/#breadcrumb","itemListElement":[{"@type":"ListItem","position":1,"name":"Portada","item":"https:\/\/www.eldiario.net\/portal\/"},{"@type":"ListItem","position":2,"name":"Marchas y bloqueos del MAS encarecen productos"}]},{"@type":"WebSite","@id":"https:\/\/www.eldiario.net\/portal\/#website","url":"https:\/\/www.eldiario.net\/portal\/","name":"El Diario - Decano de la prensa nacional","description":"El Diario - Decano de la prensa nacional","publisher":{"@id":"https:\/\/www.eldiario.net\/portal\/#organization"},"potentialAction":[{"@type":"SearchAction","target":{"@type":"EntryPoint","urlTemplate":"https:\/\/www.eldiario.net\/portal\/?s={search_term_string}"},"query-input":{"@type":"PropertyValueSpecification","valueRequired":true,"valueName":"search_term_string"}}],"inLanguage":"es"},{"@type":"Organization","@id":"https:\/\/www.eldiario.net\/portal\/#organization","name":"El Diario - Decano de la prensa nacional","url":"https:\/\/www.eldiario.net\/portal\/","logo":{"@type":"ImageObject","inLanguage":"es","@id":"https:\/\/www.eldiario.net\/portal\/#\/schema\/logo\/image\/","url":"https:\/\/www.eldiario.net\/portal\/wp-content\/uploads\/2023\/07\/logo_ED.jpg","contentUrl":"https:\/\/www.eldiario.net\/portal\/wp-content\/uploads\/2023\/07\/logo_ED.jpg","width":272,"height":52,"caption":"El Diario - Decano de la prensa nacional"},"image":{"@id":"https:\/\/www.eldiario.net\/portal\/#\/schema\/logo\/image\/"},"sameAs":["https:\/\/www.facebook.com\/eldiario.bolivia\/","https:\/\/x.com\/eldiario_net"]},{"@type":"Person","@id":"https:\/\/www.eldiario.net\/portal\/#\/schema\/person\/f46445640444750d7d753ccd04ae01b7","name":"Jeanette","image":{"@type":"ImageObject","inLanguage":"es","@id":"https:\/\/secure.gravatar.com\/avatar\/3ea2118a5f7dad2b7138b1187a6b7ee55f160b9968b66013c3a3ef39dd7e5798?s=96&d=mm&r=g","url":"https:\/\/secure.gravatar.com\/avatar\/3ea2118a5f7dad2b7138b1187a6b7ee55f160b9968b66013c3a3ef39dd7e5798?s=96&d=mm&r=g","contentUrl":"https:\/\/secure.gravatar.com\/avatar\/3ea2118a5f7dad2b7138b1187a6b7ee55f160b9968b66013c3a3ef39dd7e5798?s=96&d=mm&r=g","caption":"Jeanette"},"sameAs":["https:\/\/www.eldiario.net\/portal"],"url":"https:\/\/www.eldiario.net\/portal\/author\/jeanette\/"}]}},"_links":{"self":[{"href":"https:\/\/www.eldiario.net\/portal\/wp-json\/wp\/v2\/posts\/248141","targetHints":{"allow":["GET"]}}],"collection":[{"href":"https:\/\/www.eldiario.net\/portal\/wp-json\/wp\/v2\/posts"}],"about":[{"href":"https:\/\/www.eldiario.net\/portal\/wp-json\/wp\/v2\/types\/post"}],"author":[{"embeddable":true,"href":"https:\/\/www.eldiario.net\/portal\/wp-json\/wp\/v2\/users\/1"}],"replies":[{"embeddable":true,"href":"https:\/\/www.eldiario.net\/portal\/wp-json\/wp\/v2\/comments?post=248141"}],"version-history":[{"count":1,"href":"https:\/\/www.eldiario.net\/portal\/wp-json\/wp\/v2\/posts\/248141\/revisions"}],"predecessor-version":[{"id":248143,"href":"https:\/\/www.eldiario.net\/portal\/wp-json\/wp\/v2\/posts\/248141\/revisions\/248143"}],"wp:featuredmedia":[{"embeddable":true,"href":"https:\/\/www.eldiario.net\/portal\/wp-json\/wp\/v2\/media\/248142"}],"wp:attachment":[{"href":"https:\/\/www.eldiario.net\/portal\/wp-json\/wp\/v2\/media?parent=248141"}],"wp:term":[{"taxonomy":"category","embeddable":true,"href":"https:\/\/www.eldiario.net\/portal\/wp-json\/wp\/v2\/categories?post=248141"},{"taxonomy":"post_tag","embeddable":true,"href":"https:\/\/www.eldiario.net\/portal\/wp-json\/wp\/v2\/tags?post=248141"}],"curies":[{"name":"wp","href":"https:\/\/api.w.org\/{rel}","templated":true}]}}