{"id":247980,"date":"2024-09-17T05:38:42","date_gmt":"2024-09-17T09:38:42","guid":{"rendered":"https:\/\/www.eldiario.net\/portal\/?p=247980"},"modified":"2024-09-17T05:38:42","modified_gmt":"2024-09-17T09:38:42","slug":"realizaran-jornada-de-mujeres-y-emprendimientos-en-el-pais","status":"publish","type":"post","link":"https:\/\/www.eldiario.net\/portal\/2024\/09\/17\/realizaran-jornada-de-mujeres-y-emprendimientos-en-el-pais\/","title":{"rendered":"Realizar\u00e1n jornada de mujeres  y emprendimientos en el pa\u00eds"},"content":{"rendered":"<p class=\"v1MsoNormal\">El transformar la visi\u00f3n empresarial y buscar nuevas oportunidades son clave para superar los desaf\u00edos del presente y el futuro. La Fundaci\u00f3n Emprender Futuro realiza la Jornada 24E: Mujeres y Emprendimiento, un evento que surge del exitoso Programa 24E para ofrecer una experiencia enriquecedora y \u00fatil para las emprendedoras.<\/p>\n<p class=\"v1MsoNormal\">Ese evento se realizar\u00e1 hoy, de 16:00 a 20:00 horas, v\u00eda Zoom, con el objetivo de reunir a mujeres emprendedoras de toda Bolivia en un espacio dise\u00f1ado para inspirar, educar y transformar.<\/p>\n<p class=\"v1MsoNormal\">Con el lema \u00abConstruyendo el futuro de tu negocio\u00bb, la Jornada 24E ofrecer\u00e1 un enfoque integral que combina liderazgo, herramientas digitales, y finanzas para negocios. Las participantes tendr\u00e1n la oportunidad de aprender de paneles con empresarias exitosas y sus casos de \u00e9xito, obtener conocimientos sobre creaci\u00f3n de contenido en plataformas digitales y el uso de inteligencia artificial para mejorar la productividad, adem\u00e1s de recibir asesoramiento en servicios financieros y estrategias para incrementar sus ventas. Las emprendedoras solo necesitan su celular para conectarse.<\/p>\n<p class=\"v1MsoNormal\">Ese evento es una oportunidad \u00fanica para conectar con l\u00edderes visionarias, explorar tendencias globales en negocios y ventas, y enfrentar juntos los desaf\u00edos y oportunidades que se presentan para los emprendimientos liderados por mujeres. Creemos en el potencial de las mujeres bolivianas para salir adelante, creemos en su rol para transformar sus vidas y la de sus familias. La Jornada 24E es un espacio accesible para mujeres sin importar su edad, ubicaci\u00f3n o habilidades digitales.<\/p>\n<p class=\"v1MsoNormal\">\n<p class=\"v1MsoNormal\">EXPOSITORAS EXPERTAS<\/p>\n<p class=\"v1MsoNormal\">M\u00e1s de 8 speakers nacionales brindar\u00e1n a las emprendedoras herramientas, recursos adicionales y estrategias para sobresalir en ventas, b\u00fasqueda de financiamiento, productividad y m\u00e1s.<\/p>\n<p class=\"v1MsoNormal\">\u00abPara nosotros es importante promover el rol de la mujer emprendedoras, en esta oportunidad lo haremos en la Jornada 24E, una jornada llena de aprendizaje donde las emprendedoras podr\u00e1n construir el futuro de sus negocios a trav\u00e9s de habilidades pr\u00e1cticas empresariales y digitales basadas en la experiencia y a trav\u00e9s de la metodolog\u00eda \u00abAprender haciendo\u00bb, afirm\u00f3 la directora de la Fundaci\u00f3n Emprender Futuro, Allison Silva.<\/p>\n","protected":false},"excerpt":{"rendered":"<p>El transformar la visi\u00f3n empresarial y buscar nuevas oportunidades son clave para superar los desaf\u00edos del presente y el futuro. La Fundaci\u00f3n Emprender Futuro realiza la Jornada 24E: Mujeres y Emprendimiento, un evento que surge del exitoso Programa 24E para ofrecer una experiencia enriquecedora y \u00fatil para las emprendedoras. Ese evento se realizar\u00e1 hoy, de [&hellip;]<\/p>\n","protected":false},"author":1,"featured_media":247982,"comment_status":"open","ping_status":"open","sticky":false,"template":"","format":"standard","meta":{"_acf_changed":false,"footnotes":""},"categories":[7],"tags":[],"class_list":["post-247980","post","type-post","status-publish","format-standard","has-post-thumbnail","category-economia"],"acf":{"antetitulo":"Desaf\u00edos del presente y futuro"},"yoast_head":"<!-- This site is optimized with the Yoast SEO plugin v28.3 - https:\/\/yoast.com\/product\/yoast-seo-wordpress\/ -->\n<title>Realizar\u00e1n jornada de mujeres y emprendimientos en el pa\u00eds - El Diario - Bolivia<\/title>\n<meta name=\"robots\" content=\"index, follow, max-snippet:-1, max-image-preview:large, max-video-preview:-1\" \/>\n<link rel=\"canonical\" href=\"https:\/\/www.eldiario.net\/portal\/2024\/09\/17\/realizaran-jornada-de-mujeres-y-emprendimientos-en-el-pais\/\" \/>\n<meta property=\"og:locale\" content=\"es_ES\" \/>\n<meta property=\"og:type\" content=\"article\" \/>\n<meta property=\"og:title\" content=\"Realizar\u00e1n jornada de mujeres y emprendimientos en el pa\u00eds - El Diario - Bolivia\" \/>\n<meta property=\"og:description\" content=\"El transformar la visi\u00f3n empresarial y buscar nuevas oportunidades son clave para superar los desaf\u00edos del presente y el futuro. La Fundaci\u00f3n Emprender Futuro realiza la Jornada 24E: Mujeres y Emprendimiento, un evento que surge del exitoso Programa 24E para ofrecer una experiencia enriquecedora y \u00fatil para las emprendedoras. Ese evento se realizar\u00e1 hoy, de [&hellip;]\" \/>\n<meta property=\"og:url\" content=\"https:\/\/www.eldiario.net\/portal\/2024\/09\/17\/realizaran-jornada-de-mujeres-y-emprendimientos-en-el-pais\/\" \/>\n<meta property=\"og:site_name\" content=\"El Diario - Bolivia\" \/>\n<meta property=\"article:publisher\" content=\"https:\/\/www.facebook.com\/eldiario.bolivia\/\" \/>\n<meta property=\"article:published_time\" content=\"2024-09-17T09:38:42+00:00\" \/>\n<meta property=\"og:image\" content=\"https:\/\/www.eldiario.net\/portal\/wp-content\/uploads\/2024\/09\/mujeres.jpg\" \/>\n\t<meta property=\"og:image:width\" content=\"1200\" \/>\n\t<meta property=\"og:image:height\" content=\"800\" \/>\n\t<meta property=\"og:image:type\" content=\"image\/jpeg\" \/>\n<meta name=\"author\" content=\"Jeanette\" \/>\n<meta name=\"twitter:card\" content=\"summary_large_image\" \/>\n<meta name=\"twitter:creator\" content=\"@eldiario_net\" \/>\n<meta name=\"twitter:site\" content=\"@eldiario_net\" \/>\n<meta name=\"twitter:label1\" content=\"Escrito por\" \/>\n\t<meta name=\"twitter:data1\" content=\"Jeanette\" \/>\n\t<meta name=\"twitter:label2\" content=\"Tiempo de lectura\" \/>\n\t<meta name=\"twitter:data2\" content=\"2 minutos\" \/>\n<script type=\"application\/ld+json\" class=\"yoast-schema-graph\">{\"@context\":\"https:\\\/\\\/schema.org\",\"@graph\":[{\"@type\":\"Article\",\"@id\":\"https:\\\/\\\/www.eldiario.net\\\/portal\\\/2024\\\/09\\\/17\\\/realizaran-jornada-de-mujeres-y-emprendimientos-en-el-pais\\\/#article\",\"isPartOf\":{\"@id\":\"https:\\\/\\\/www.eldiario.net\\\/portal\\\/2024\\\/09\\\/17\\\/realizaran-jornada-de-mujeres-y-emprendimientos-en-el-pais\\\/\"},\"author\":{\"name\":\"Jeanette\",\"@id\":\"https:\\\/\\\/www.eldiario.net\\\/portal\\\/#\\\/schema\\\/person\\\/f46445640444750d7d753ccd04ae01b7\"},\"headline\":\"Realizar\u00e1n jornada de mujeres y emprendimientos en el pa\u00eds\",\"datePublished\":\"2024-09-17T09:38:42+00:00\",\"mainEntityOfPage\":{\"@id\":\"https:\\\/\\\/www.eldiario.net\\\/portal\\\/2024\\\/09\\\/17\\\/realizaran-jornada-de-mujeres-y-emprendimientos-en-el-pais\\\/\"},\"wordCount\":358,\"commentCount\":0,\"publisher\":{\"@id\":\"https:\\\/\\\/www.eldiario.net\\\/portal\\\/#organization\"},\"image\":{\"@id\":\"https:\\\/\\\/www.eldiario.net\\\/portal\\\/2024\\\/09\\\/17\\\/realizaran-jornada-de-mujeres-y-emprendimientos-en-el-pais\\\/#primaryimage\"},\"thumbnailUrl\":\"https:\\\/\\\/www.eldiario.net\\\/portal\\\/wp-content\\\/uploads\\\/2024\\\/09\\\/mujeres.jpg\",\"articleSection\":[\"Econom\u00eda\"],\"inLanguage\":\"es\",\"potentialAction\":[{\"@type\":\"CommentAction\",\"name\":\"Comment\",\"target\":[\"https:\\\/\\\/www.eldiario.net\\\/portal\\\/2024\\\/09\\\/17\\\/realizaran-jornada-de-mujeres-y-emprendimientos-en-el-pais\\\/#respond\"]}]},{\"@type\":\"WebPage\",\"@id\":\"https:\\\/\\\/www.eldiario.net\\\/portal\\\/2024\\\/09\\\/17\\\/realizaran-jornada-de-mujeres-y-emprendimientos-en-el-pais\\\/\",\"url\":\"https:\\\/\\\/www.eldiario.net\\\/portal\\\/2024\\\/09\\\/17\\\/realizaran-jornada-de-mujeres-y-emprendimientos-en-el-pais\\\/\",\"name\":\"Realizar\u00e1n jornada de mujeres y emprendimientos en el pa\u00eds - El Diario - Bolivia\",\"isPartOf\":{\"@id\":\"https:\\\/\\\/www.eldiario.net\\\/portal\\\/#website\"},\"primaryImageOfPage\":{\"@id\":\"https:\\\/\\\/www.eldiario.net\\\/portal\\\/2024\\\/09\\\/17\\\/realizaran-jornada-de-mujeres-y-emprendimientos-en-el-pais\\\/#primaryimage\"},\"image\":{\"@id\":\"https:\\\/\\\/www.eldiario.net\\\/portal\\\/2024\\\/09\\\/17\\\/realizaran-jornada-de-mujeres-y-emprendimientos-en-el-pais\\\/#primaryimage\"},\"thumbnailUrl\":\"https:\\\/\\\/www.eldiario.net\\\/portal\\\/wp-content\\\/uploads\\\/2024\\\/09\\\/mujeres.jpg\",\"datePublished\":\"2024-09-17T09:38:42+00:00\",\"breadcrumb\":{\"@id\":\"https:\\\/\\\/www.eldiario.net\\\/portal\\\/2024\\\/09\\\/17\\\/realizaran-jornada-de-mujeres-y-emprendimientos-en-el-pais\\\/#breadcrumb\"},\"inLanguage\":\"es\",\"potentialAction\":[{\"@type\":\"ReadAction\",\"target\":[\"https:\\\/\\\/www.eldiario.net\\\/portal\\\/2024\\\/09\\\/17\\\/realizaran-jornada-de-mujeres-y-emprendimientos-en-el-pais\\\/\"]}]},{\"@type\":\"ImageObject\",\"inLanguage\":\"es\",\"@id\":\"https:\\\/\\\/www.eldiario.net\\\/portal\\\/2024\\\/09\\\/17\\\/realizaran-jornada-de-mujeres-y-emprendimientos-en-el-pais\\\/#primaryimage\",\"url\":\"https:\\\/\\\/www.eldiario.net\\\/portal\\\/wp-content\\\/uploads\\\/2024\\\/09\\\/mujeres.jpg\",\"contentUrl\":\"https:\\\/\\\/www.eldiario.net\\\/portal\\\/wp-content\\\/uploads\\\/2024\\\/09\\\/mujeres.jpg\",\"width\":1200,\"height\":800,\"caption\":\"Mujeres emprendedoras experimentadas transmitir\u00e1n sus experiencias en una jornada virtual. Foto cortes\u00eda.\"},{\"@type\":\"BreadcrumbList\",\"@id\":\"https:\\\/\\\/www.eldiario.net\\\/portal\\\/2024\\\/09\\\/17\\\/realizaran-jornada-de-mujeres-y-emprendimientos-en-el-pais\\\/#breadcrumb\",\"itemListElement\":[{\"@type\":\"ListItem\",\"position\":1,\"name\":\"Portada\",\"item\":\"https:\\\/\\\/www.eldiario.net\\\/portal\\\/\"},{\"@type\":\"ListItem\",\"position\":2,\"name\":\"Realizar\u00e1n jornada de mujeres y emprendimientos en el pa\u00eds\"}]},{\"@type\":\"WebSite\",\"@id\":\"https:\\\/\\\/www.eldiario.net\\\/portal\\\/#website\",\"url\":\"https:\\\/\\\/www.eldiario.net\\\/portal\\\/\",\"name\":\"El Diario - Decano de la prensa nacional\",\"description\":\"El Diario - Decano de la prensa nacional\",\"publisher\":{\"@id\":\"https:\\\/\\\/www.eldiario.net\\\/portal\\\/#organization\"},\"potentialAction\":[{\"@type\":\"SearchAction\",\"target\":{\"@type\":\"EntryPoint\",\"urlTemplate\":\"https:\\\/\\\/www.eldiario.net\\\/portal\\\/?s={search_term_string}\"},\"query-input\":{\"@type\":\"PropertyValueSpecification\",\"valueRequired\":true,\"valueName\":\"search_term_string\"}}],\"inLanguage\":\"es\"},{\"@type\":\"Organization\",\"@id\":\"https:\\\/\\\/www.eldiario.net\\\/portal\\\/#organization\",\"name\":\"El Diario - Decano de la prensa nacional\",\"url\":\"https:\\\/\\\/www.eldiario.net\\\/portal\\\/\",\"logo\":{\"@type\":\"ImageObject\",\"inLanguage\":\"es\",\"@id\":\"https:\\\/\\\/www.eldiario.net\\\/portal\\\/#\\\/schema\\\/logo\\\/image\\\/\",\"url\":\"https:\\\/\\\/www.eldiario.net\\\/portal\\\/wp-content\\\/uploads\\\/2023\\\/07\\\/logo_ED.jpg\",\"contentUrl\":\"https:\\\/\\\/www.eldiario.net\\\/portal\\\/wp-content\\\/uploads\\\/2023\\\/07\\\/logo_ED.jpg\",\"width\":272,\"height\":52,\"caption\":\"El Diario - Decano de la prensa nacional\"},\"image\":{\"@id\":\"https:\\\/\\\/www.eldiario.net\\\/portal\\\/#\\\/schema\\\/logo\\\/image\\\/\"},\"sameAs\":[\"https:\\\/\\\/www.facebook.com\\\/eldiario.bolivia\\\/\",\"https:\\\/\\\/x.com\\\/eldiario_net\"]},{\"@type\":\"Person\",\"@id\":\"https:\\\/\\\/www.eldiario.net\\\/portal\\\/#\\\/schema\\\/person\\\/f46445640444750d7d753ccd04ae01b7\",\"name\":\"Jeanette\",\"image\":{\"@type\":\"ImageObject\",\"inLanguage\":\"es\",\"@id\":\"https:\\\/\\\/secure.gravatar.com\\\/avatar\\\/3ea2118a5f7dad2b7138b1187a6b7ee55f160b9968b66013c3a3ef39dd7e5798?s=96&d=mm&r=g\",\"url\":\"https:\\\/\\\/secure.gravatar.com\\\/avatar\\\/3ea2118a5f7dad2b7138b1187a6b7ee55f160b9968b66013c3a3ef39dd7e5798?s=96&d=mm&r=g\",\"contentUrl\":\"https:\\\/\\\/secure.gravatar.com\\\/avatar\\\/3ea2118a5f7dad2b7138b1187a6b7ee55f160b9968b66013c3a3ef39dd7e5798?s=96&d=mm&r=g\",\"caption\":\"Jeanette\"},\"sameAs\":[\"https:\\\/\\\/www.eldiario.net\\\/portal\"],\"url\":\"https:\\\/\\\/www.eldiario.net\\\/portal\\\/author\\\/jeanette\\\/\"}]}<\/script>\n<!-- \/ Yoast SEO plugin. -->","yoast_head_json":{"title":"Realizar\u00e1n jornada de mujeres y emprendimientos en el pa\u00eds - El Diario - Bolivia","robots":{"index":"index","follow":"follow","max-snippet":"max-snippet:-1","max-image-preview":"max-image-preview:large","max-video-preview":"max-video-preview:-1"},"canonical":"https:\/\/www.eldiario.net\/portal\/2024\/09\/17\/realizaran-jornada-de-mujeres-y-emprendimientos-en-el-pais\/","og_locale":"es_ES","og_type":"article","og_title":"Realizar\u00e1n jornada de mujeres y emprendimientos en el pa\u00eds - El Diario - Bolivia","og_description":"El transformar la visi\u00f3n empresarial y buscar nuevas oportunidades son clave para superar los desaf\u00edos del presente y el futuro. La Fundaci\u00f3n Emprender Futuro realiza la Jornada 24E: Mujeres y Emprendimiento, un evento que surge del exitoso Programa 24E para ofrecer una experiencia enriquecedora y \u00fatil para las emprendedoras. Ese evento se realizar\u00e1 hoy, de [&hellip;]","og_url":"https:\/\/www.eldiario.net\/portal\/2024\/09\/17\/realizaran-jornada-de-mujeres-y-emprendimientos-en-el-pais\/","og_site_name":"El Diario - Bolivia","article_publisher":"https:\/\/www.facebook.com\/eldiario.bolivia\/","article_published_time":"2024-09-17T09:38:42+00:00","og_image":[{"width":1200,"height":800,"url":"https:\/\/www.eldiario.net\/portal\/wp-content\/uploads\/2024\/09\/mujeres.jpg","type":"image\/jpeg"}],"author":"Jeanette","twitter_card":"summary_large_image","twitter_creator":"@eldiario_net","twitter_site":"@eldiario_net","twitter_misc":{"Escrito por":"Jeanette","Tiempo de lectura":"2 minutos"},"schema":{"@context":"https:\/\/schema.org","@graph":[{"@type":"Article","@id":"https:\/\/www.eldiario.net\/portal\/2024\/09\/17\/realizaran-jornada-de-mujeres-y-emprendimientos-en-el-pais\/#article","isPartOf":{"@id":"https:\/\/www.eldiario.net\/portal\/2024\/09\/17\/realizaran-jornada-de-mujeres-y-emprendimientos-en-el-pais\/"},"author":{"name":"Jeanette","@id":"https:\/\/www.eldiario.net\/portal\/#\/schema\/person\/f46445640444750d7d753ccd04ae01b7"},"headline":"Realizar\u00e1n jornada de mujeres y emprendimientos en el pa\u00eds","datePublished":"2024-09-17T09:38:42+00:00","mainEntityOfPage":{"@id":"https:\/\/www.eldiario.net\/portal\/2024\/09\/17\/realizaran-jornada-de-mujeres-y-emprendimientos-en-el-pais\/"},"wordCount":358,"commentCount":0,"publisher":{"@id":"https:\/\/www.eldiario.net\/portal\/#organization"},"image":{"@id":"https:\/\/www.eldiario.net\/portal\/2024\/09\/17\/realizaran-jornada-de-mujeres-y-emprendimientos-en-el-pais\/#primaryimage"},"thumbnailUrl":"https:\/\/www.eldiario.net\/portal\/wp-content\/uploads\/2024\/09\/mujeres.jpg","articleSection":["Econom\u00eda"],"inLanguage":"es","potentialAction":[{"@type":"CommentAction","name":"Comment","target":["https:\/\/www.eldiario.net\/portal\/2024\/09\/17\/realizaran-jornada-de-mujeres-y-emprendimientos-en-el-pais\/#respond"]}]},{"@type":"WebPage","@id":"https:\/\/www.eldiario.net\/portal\/2024\/09\/17\/realizaran-jornada-de-mujeres-y-emprendimientos-en-el-pais\/","url":"https:\/\/www.eldiario.net\/portal\/2024\/09\/17\/realizaran-jornada-de-mujeres-y-emprendimientos-en-el-pais\/","name":"Realizar\u00e1n jornada de mujeres y emprendimientos en el pa\u00eds - El Diario - Bolivia","isPartOf":{"@id":"https:\/\/www.eldiario.net\/portal\/#website"},"primaryImageOfPage":{"@id":"https:\/\/www.eldiario.net\/portal\/2024\/09\/17\/realizaran-jornada-de-mujeres-y-emprendimientos-en-el-pais\/#primaryimage"},"image":{"@id":"https:\/\/www.eldiario.net\/portal\/2024\/09\/17\/realizaran-jornada-de-mujeres-y-emprendimientos-en-el-pais\/#primaryimage"},"thumbnailUrl":"https:\/\/www.eldiario.net\/portal\/wp-content\/uploads\/2024\/09\/mujeres.jpg","datePublished":"2024-09-17T09:38:42+00:00","breadcrumb":{"@id":"https:\/\/www.eldiario.net\/portal\/2024\/09\/17\/realizaran-jornada-de-mujeres-y-emprendimientos-en-el-pais\/#breadcrumb"},"inLanguage":"es","potentialAction":[{"@type":"ReadAction","target":["https:\/\/www.eldiario.net\/portal\/2024\/09\/17\/realizaran-jornada-de-mujeres-y-emprendimientos-en-el-pais\/"]}]},{"@type":"ImageObject","inLanguage":"es","@id":"https:\/\/www.eldiario.net\/portal\/2024\/09\/17\/realizaran-jornada-de-mujeres-y-emprendimientos-en-el-pais\/#primaryimage","url":"https:\/\/www.eldiario.net\/portal\/wp-content\/uploads\/2024\/09\/mujeres.jpg","contentUrl":"https:\/\/www.eldiario.net\/portal\/wp-content\/uploads\/2024\/09\/mujeres.jpg","width":1200,"height":800,"caption":"Mujeres emprendedoras experimentadas transmitir\u00e1n sus experiencias en una jornada virtual. Foto cortes\u00eda."},{"@type":"BreadcrumbList","@id":"https:\/\/www.eldiario.net\/portal\/2024\/09\/17\/realizaran-jornada-de-mujeres-y-emprendimientos-en-el-pais\/#breadcrumb","itemListElement":[{"@type":"ListItem","position":1,"name":"Portada","item":"https:\/\/www.eldiario.net\/portal\/"},{"@type":"ListItem","position":2,"name":"Realizar\u00e1n jornada de mujeres y emprendimientos en el pa\u00eds"}]},{"@type":"WebSite","@id":"https:\/\/www.eldiario.net\/portal\/#website","url":"https:\/\/www.eldiario.net\/portal\/","name":"El Diario - Decano de la prensa nacional","description":"El Diario - Decano de la prensa nacional","publisher":{"@id":"https:\/\/www.eldiario.net\/portal\/#organization"},"potentialAction":[{"@type":"SearchAction","target":{"@type":"EntryPoint","urlTemplate":"https:\/\/www.eldiario.net\/portal\/?s={search_term_string}"},"query-input":{"@type":"PropertyValueSpecification","valueRequired":true,"valueName":"search_term_string"}}],"inLanguage":"es"},{"@type":"Organization","@id":"https:\/\/www.eldiario.net\/portal\/#organization","name":"El Diario - Decano de la prensa nacional","url":"https:\/\/www.eldiario.net\/portal\/","logo":{"@type":"ImageObject","inLanguage":"es","@id":"https:\/\/www.eldiario.net\/portal\/#\/schema\/logo\/image\/","url":"https:\/\/www.eldiario.net\/portal\/wp-content\/uploads\/2023\/07\/logo_ED.jpg","contentUrl":"https:\/\/www.eldiario.net\/portal\/wp-content\/uploads\/2023\/07\/logo_ED.jpg","width":272,"height":52,"caption":"El Diario - Decano de la prensa nacional"},"image":{"@id":"https:\/\/www.eldiario.net\/portal\/#\/schema\/logo\/image\/"},"sameAs":["https:\/\/www.facebook.com\/eldiario.bolivia\/","https:\/\/x.com\/eldiario_net"]},{"@type":"Person","@id":"https:\/\/www.eldiario.net\/portal\/#\/schema\/person\/f46445640444750d7d753ccd04ae01b7","name":"Jeanette","image":{"@type":"ImageObject","inLanguage":"es","@id":"https:\/\/secure.gravatar.com\/avatar\/3ea2118a5f7dad2b7138b1187a6b7ee55f160b9968b66013c3a3ef39dd7e5798?s=96&d=mm&r=g","url":"https:\/\/secure.gravatar.com\/avatar\/3ea2118a5f7dad2b7138b1187a6b7ee55f160b9968b66013c3a3ef39dd7e5798?s=96&d=mm&r=g","contentUrl":"https:\/\/secure.gravatar.com\/avatar\/3ea2118a5f7dad2b7138b1187a6b7ee55f160b9968b66013c3a3ef39dd7e5798?s=96&d=mm&r=g","caption":"Jeanette"},"sameAs":["https:\/\/www.eldiario.net\/portal"],"url":"https:\/\/www.eldiario.net\/portal\/author\/jeanette\/"}]}},"_links":{"self":[{"href":"https:\/\/www.eldiario.net\/portal\/wp-json\/wp\/v2\/posts\/247980","targetHints":{"allow":["GET"]}}],"collection":[{"href":"https:\/\/www.eldiario.net\/portal\/wp-json\/wp\/v2\/posts"}],"about":[{"href":"https:\/\/www.eldiario.net\/portal\/wp-json\/wp\/v2\/types\/post"}],"author":[{"embeddable":true,"href":"https:\/\/www.eldiario.net\/portal\/wp-json\/wp\/v2\/users\/1"}],"replies":[{"embeddable":true,"href":"https:\/\/www.eldiario.net\/portal\/wp-json\/wp\/v2\/comments?post=247980"}],"version-history":[{"count":1,"href":"https:\/\/www.eldiario.net\/portal\/wp-json\/wp\/v2\/posts\/247980\/revisions"}],"predecessor-version":[{"id":247983,"href":"https:\/\/www.eldiario.net\/portal\/wp-json\/wp\/v2\/posts\/247980\/revisions\/247983"}],"wp:featuredmedia":[{"embeddable":true,"href":"https:\/\/www.eldiario.net\/portal\/wp-json\/wp\/v2\/media\/247982"}],"wp:attachment":[{"href":"https:\/\/www.eldiario.net\/portal\/wp-json\/wp\/v2\/media?parent=247980"}],"wp:term":[{"taxonomy":"category","embeddable":true,"href":"https:\/\/www.eldiario.net\/portal\/wp-json\/wp\/v2\/categories?post=247980"},{"taxonomy":"post_tag","embeddable":true,"href":"https:\/\/www.eldiario.net\/portal\/wp-json\/wp\/v2\/tags?post=247980"}],"curies":[{"name":"wp","href":"https:\/\/api.w.org\/{rel}","templated":true}]}}