{"id":247977,"date":"2024-09-17T05:37:11","date_gmt":"2024-09-17T09:37:11","guid":{"rendered":"https:\/\/www.eldiario.net\/portal\/?p=247977"},"modified":"2024-09-17T05:37:11","modified_gmt":"2024-09-17T09:37:11","slug":"asfi-asegura-que-no-provoco-restricciones-y-analistas-apuntan-a-las-medidas-aplicadas","status":"publish","type":"post","link":"https:\/\/www.eldiario.net\/portal\/2024\/09\/17\/asfi-asegura-que-no-provoco-restricciones-y-analistas-apuntan-a-las-medidas-aplicadas\/","title":{"rendered":"Asfi asegura que no provoc\u00f3 restricciones  y analistas apuntan a las medidas aplicadas"},"content":{"rendered":"<p class=\"v1MsoNormal\">La Autoridad de Supervisi\u00f3n del Sistema Financiero (ASFI) no ha provocado restricciones masivas e indiscriminadas en el acceso de los ciudadanos a sus ahorros, siendo estas afirmaciones infundadas y alejadas de la verdad, ya que no reflejan la realidad del entorno econ\u00f3mico y financiero del pa\u00eds, donde los ciudadanos contin\u00faan realizando sus operaciones bancarias diarias, tanto en efectivo como a trav\u00e9s de medios electr\u00f3nicos, asegura la entidad reguladora. Sin embargo, economistas opinan que los l\u00edmites aplicados son parte del problema.<\/p>\n<p class=\"v1MsoNormal\">Las medidas aplicadas por el ente regulador a la banca sobre las transacciones en divisas en el extranjero provocaron mayor restricci\u00f3n de las entidades financieras contra los clientes, quienes se ven imposibilitados de realizar operaciones fuera del pa\u00eds. La incapacidad gubernamental pasa factura a los clientes, ya que deben asumir costos de las operaciones, as\u00ed como m\u00e1s limitaciones.<\/p>\n<p class=\"v1MsoNormal\">En respuesta a esta apreciaci\u00f3n de clientes que se ven afectados en sus transacciones, tanto por las restricciones como por el costo, la Autoridad de Supervisi\u00f3n del Sistema Financiero (Asfi) sostiene en una nota dirigida a este medio de comunicaci\u00f3n, que \u00abes importante destacar que las Entidades de Intermediaci\u00f3n Financiera (EIF), en el marco de sus pol\u00edticas internas y procedimientos, han establecido l\u00edmites para los gastos efectuados con instrumentos electr\u00f3nicos de pago (IEP), decisi\u00f3n que responde al notable y at\u00edpico incremento en los consumos no habituales, en muchos casos de \u00edndole especulativo con uso inadecuado de los IEP, que se han triplicado en lo que va de la presente gesti\u00f3n.<\/p>\n<p class=\"v1MsoNormal\">\u00abLas medidas adoptadas buscan ajustar los controles operativos de las EIF a los est\u00e1ndares internacionales determinados por el Grupo de Acci\u00f3n Financiera Internacional (GAFI), los cuales promueven pr\u00e1cticas financieras sanas y responsables, estando dise\u00f1ados para proteger al sistema financiero de potenciales riesgos de lavado de dinero, asegurando su buen funcionamiento en beneficio de todos los consumidores financieros\u00bb, se\u00f1ala la entidad.<\/p>\n<p class=\"v1MsoNormal\">Adem\u00e1s, los bancos corresponsales y las autoridades de supervisi\u00f3n de otros pa\u00edses impusieron restricciones internacionales en general, debido al mal uso de las transacciones con el exterior, implementando pr\u00e1cticas tales como el \u00abcash back\u00bb, ocasionando que estas entidades incrementen los requisitos para este tipo de transacciones financieras, agrega la nota.<\/p>\n<p class=\"v1MsoNormal\">Los economistas ante las cr\u00edticas y observaciones que hizo la entidad reguladora sobre el manejo de tarjetas de cr\u00e9dito en el exterior para obtener divisas, indican que el cliente tiene todo el derecho pues son sus ahorros y su dinero.<\/p>\n<p class=\"v1MsoNormal\">Adem\u00e1s, la escasez de d\u00f3lares en el mercado nacional provoc\u00f3 que algunas entidades, implementen l\u00edmites para el retiro de dinero, as\u00ed como para dep\u00f3sitos, pero en otras los dep\u00f3sitos fueron suspendidos.<\/p>\n<p class=\"v1MsoNormal\">Asimismo, indica que (&#8230;)\u00a0 en ning\u00fan momento, se han aplicado disposiciones que limiten de manera arbitraria el acceso de los ciudadanos a sus ahorros, ni mucho menos de forma masiva. Las medidas regulatorias vigentes en Bolivia est\u00e1n orientadas a garantizar la estabilidad y seguridad del sistema financiero, as\u00ed como a proteger los intereses de todos los usuarios y clientes de los servicios financieros.<\/p>\n<p class=\"v1MsoNormal\">\n","protected":false},"excerpt":{"rendered":"<p>La Autoridad de Supervisi\u00f3n del Sistema Financiero (ASFI) no ha provocado restricciones masivas e indiscriminadas en el acceso de los ciudadanos a sus ahorros, siendo estas afirmaciones infundadas y alejadas de la verdad, ya que no reflejan la realidad del entorno econ\u00f3mico y financiero del pa\u00eds, donde los ciudadanos contin\u00faan realizando sus operaciones bancarias diarias, [&hellip;]<\/p>\n","protected":false},"author":1,"featured_media":247978,"comment_status":"open","ping_status":"open","sticky":false,"template":"","format":"standard","meta":{"_acf_changed":false,"footnotes":""},"categories":[7],"tags":[],"class_list":["post-247977","post","type-post","status-publish","format-standard","has-post-thumbnail","category-economia"],"acf":{"antetitulo":""},"yoast_head":"<!-- This site is optimized with the Yoast SEO plugin v28.3 - https:\/\/yoast.com\/product\/yoast-seo-wordpress\/ -->\n<title>Asfi asegura que no provoc\u00f3 restricciones y analistas apuntan a las medidas aplicadas - El Diario - Bolivia<\/title>\n<meta name=\"robots\" content=\"index, follow, max-snippet:-1, max-image-preview:large, max-video-preview:-1\" \/>\n<link rel=\"canonical\" href=\"https:\/\/www.eldiario.net\/portal\/2024\/09\/17\/asfi-asegura-que-no-provoco-restricciones-y-analistas-apuntan-a-las-medidas-aplicadas\/\" \/>\n<meta property=\"og:locale\" content=\"es_ES\" \/>\n<meta property=\"og:type\" content=\"article\" \/>\n<meta property=\"og:title\" content=\"Asfi asegura que no provoc\u00f3 restricciones y analistas apuntan a las medidas aplicadas - El Diario - Bolivia\" \/>\n<meta property=\"og:description\" content=\"La Autoridad de Supervisi\u00f3n del Sistema Financiero (ASFI) no ha provocado restricciones masivas e indiscriminadas en el acceso de los ciudadanos a sus ahorros, siendo estas afirmaciones infundadas y alejadas de la verdad, ya que no reflejan la realidad del entorno econ\u00f3mico y financiero del pa\u00eds, donde los ciudadanos contin\u00faan realizando sus operaciones bancarias diarias, [&hellip;]\" \/>\n<meta property=\"og:url\" content=\"https:\/\/www.eldiario.net\/portal\/2024\/09\/17\/asfi-asegura-que-no-provoco-restricciones-y-analistas-apuntan-a-las-medidas-aplicadas\/\" \/>\n<meta property=\"og:site_name\" content=\"El Diario - Bolivia\" \/>\n<meta property=\"article:publisher\" content=\"https:\/\/www.facebook.com\/eldiario.bolivia\/\" \/>\n<meta property=\"article:published_time\" content=\"2024-09-17T09:37:11+00:00\" \/>\n<meta property=\"og:image\" content=\"https:\/\/www.eldiario.net\/portal\/wp-content\/uploads\/2024\/09\/regula-1.jpg\" \/>\n\t<meta property=\"og:image:width\" content=\"275\" \/>\n\t<meta property=\"og:image:height\" content=\"183\" \/>\n\t<meta property=\"og:image:type\" content=\"image\/jpeg\" \/>\n<meta name=\"author\" content=\"Jeanette\" \/>\n<meta name=\"twitter:card\" content=\"summary_large_image\" \/>\n<meta name=\"twitter:creator\" content=\"@eldiario_net\" \/>\n<meta name=\"twitter:site\" content=\"@eldiario_net\" \/>\n<meta name=\"twitter:label1\" content=\"Escrito por\" \/>\n\t<meta name=\"twitter:data1\" content=\"Jeanette\" \/>\n\t<meta name=\"twitter:label2\" content=\"Tiempo de lectura\" \/>\n\t<meta name=\"twitter:data2\" content=\"3 minutos\" \/>\n<script type=\"application\/ld+json\" class=\"yoast-schema-graph\">{\"@context\":\"https:\\\/\\\/schema.org\",\"@graph\":[{\"@type\":\"Article\",\"@id\":\"https:\\\/\\\/www.eldiario.net\\\/portal\\\/2024\\\/09\\\/17\\\/asfi-asegura-que-no-provoco-restricciones-y-analistas-apuntan-a-las-medidas-aplicadas\\\/#article\",\"isPartOf\":{\"@id\":\"https:\\\/\\\/www.eldiario.net\\\/portal\\\/2024\\\/09\\\/17\\\/asfi-asegura-que-no-provoco-restricciones-y-analistas-apuntan-a-las-medidas-aplicadas\\\/\"},\"author\":{\"name\":\"Jeanette\",\"@id\":\"https:\\\/\\\/www.eldiario.net\\\/portal\\\/#\\\/schema\\\/person\\\/f46445640444750d7d753ccd04ae01b7\"},\"headline\":\"Asfi asegura que no provoc\u00f3 restricciones y analistas apuntan a las medidas aplicadas\",\"datePublished\":\"2024-09-17T09:37:11+00:00\",\"mainEntityOfPage\":{\"@id\":\"https:\\\/\\\/www.eldiario.net\\\/portal\\\/2024\\\/09\\\/17\\\/asfi-asegura-que-no-provoco-restricciones-y-analistas-apuntan-a-las-medidas-aplicadas\\\/\"},\"wordCount\":542,\"commentCount\":0,\"publisher\":{\"@id\":\"https:\\\/\\\/www.eldiario.net\\\/portal\\\/#organization\"},\"image\":{\"@id\":\"https:\\\/\\\/www.eldiario.net\\\/portal\\\/2024\\\/09\\\/17\\\/asfi-asegura-que-no-provoco-restricciones-y-analistas-apuntan-a-las-medidas-aplicadas\\\/#primaryimage\"},\"thumbnailUrl\":\"https:\\\/\\\/www.eldiario.net\\\/portal\\\/wp-content\\\/uploads\\\/2024\\\/09\\\/regula-1.jpg\",\"articleSection\":[\"Econom\u00eda\"],\"inLanguage\":\"es\",\"potentialAction\":[{\"@type\":\"CommentAction\",\"name\":\"Comment\",\"target\":[\"https:\\\/\\\/www.eldiario.net\\\/portal\\\/2024\\\/09\\\/17\\\/asfi-asegura-que-no-provoco-restricciones-y-analistas-apuntan-a-las-medidas-aplicadas\\\/#respond\"]}]},{\"@type\":\"WebPage\",\"@id\":\"https:\\\/\\\/www.eldiario.net\\\/portal\\\/2024\\\/09\\\/17\\\/asfi-asegura-que-no-provoco-restricciones-y-analistas-apuntan-a-las-medidas-aplicadas\\\/\",\"url\":\"https:\\\/\\\/www.eldiario.net\\\/portal\\\/2024\\\/09\\\/17\\\/asfi-asegura-que-no-provoco-restricciones-y-analistas-apuntan-a-las-medidas-aplicadas\\\/\",\"name\":\"Asfi asegura que no provoc\u00f3 restricciones y analistas apuntan a las medidas aplicadas - El Diario - Bolivia\",\"isPartOf\":{\"@id\":\"https:\\\/\\\/www.eldiario.net\\\/portal\\\/#website\"},\"primaryImageOfPage\":{\"@id\":\"https:\\\/\\\/www.eldiario.net\\\/portal\\\/2024\\\/09\\\/17\\\/asfi-asegura-que-no-provoco-restricciones-y-analistas-apuntan-a-las-medidas-aplicadas\\\/#primaryimage\"},\"image\":{\"@id\":\"https:\\\/\\\/www.eldiario.net\\\/portal\\\/2024\\\/09\\\/17\\\/asfi-asegura-que-no-provoco-restricciones-y-analistas-apuntan-a-las-medidas-aplicadas\\\/#primaryimage\"},\"thumbnailUrl\":\"https:\\\/\\\/www.eldiario.net\\\/portal\\\/wp-content\\\/uploads\\\/2024\\\/09\\\/regula-1.jpg\",\"datePublished\":\"2024-09-17T09:37:11+00:00\",\"breadcrumb\":{\"@id\":\"https:\\\/\\\/www.eldiario.net\\\/portal\\\/2024\\\/09\\\/17\\\/asfi-asegura-que-no-provoco-restricciones-y-analistas-apuntan-a-las-medidas-aplicadas\\\/#breadcrumb\"},\"inLanguage\":\"es\",\"potentialAction\":[{\"@type\":\"ReadAction\",\"target\":[\"https:\\\/\\\/www.eldiario.net\\\/portal\\\/2024\\\/09\\\/17\\\/asfi-asegura-que-no-provoco-restricciones-y-analistas-apuntan-a-las-medidas-aplicadas\\\/\"]}]},{\"@type\":\"ImageObject\",\"inLanguage\":\"es\",\"@id\":\"https:\\\/\\\/www.eldiario.net\\\/portal\\\/2024\\\/09\\\/17\\\/asfi-asegura-que-no-provoco-restricciones-y-analistas-apuntan-a-las-medidas-aplicadas\\\/#primaryimage\",\"url\":\"https:\\\/\\\/www.eldiario.net\\\/portal\\\/wp-content\\\/uploads\\\/2024\\\/09\\\/regula-1.jpg\",\"contentUrl\":\"https:\\\/\\\/www.eldiario.net\\\/portal\\\/wp-content\\\/uploads\\\/2024\\\/09\\\/regula-1.jpg\",\"width\":275,\"height\":183,\"caption\":\"La divisa extranjera enfrenta dificultades. FOTO EJE.TV\"},{\"@type\":\"BreadcrumbList\",\"@id\":\"https:\\\/\\\/www.eldiario.net\\\/portal\\\/2024\\\/09\\\/17\\\/asfi-asegura-que-no-provoco-restricciones-y-analistas-apuntan-a-las-medidas-aplicadas\\\/#breadcrumb\",\"itemListElement\":[{\"@type\":\"ListItem\",\"position\":1,\"name\":\"Portada\",\"item\":\"https:\\\/\\\/www.eldiario.net\\\/portal\\\/\"},{\"@type\":\"ListItem\",\"position\":2,\"name\":\"Asfi asegura que no provoc\u00f3 restricciones y analistas apuntan a las medidas aplicadas\"}]},{\"@type\":\"WebSite\",\"@id\":\"https:\\\/\\\/www.eldiario.net\\\/portal\\\/#website\",\"url\":\"https:\\\/\\\/www.eldiario.net\\\/portal\\\/\",\"name\":\"El Diario - Decano de la prensa nacional\",\"description\":\"El Diario - Decano de la prensa nacional\",\"publisher\":{\"@id\":\"https:\\\/\\\/www.eldiario.net\\\/portal\\\/#organization\"},\"potentialAction\":[{\"@type\":\"SearchAction\",\"target\":{\"@type\":\"EntryPoint\",\"urlTemplate\":\"https:\\\/\\\/www.eldiario.net\\\/portal\\\/?s={search_term_string}\"},\"query-input\":{\"@type\":\"PropertyValueSpecification\",\"valueRequired\":true,\"valueName\":\"search_term_string\"}}],\"inLanguage\":\"es\"},{\"@type\":\"Organization\",\"@id\":\"https:\\\/\\\/www.eldiario.net\\\/portal\\\/#organization\",\"name\":\"El Diario - Decano de la prensa nacional\",\"url\":\"https:\\\/\\\/www.eldiario.net\\\/portal\\\/\",\"logo\":{\"@type\":\"ImageObject\",\"inLanguage\":\"es\",\"@id\":\"https:\\\/\\\/www.eldiario.net\\\/portal\\\/#\\\/schema\\\/logo\\\/image\\\/\",\"url\":\"https:\\\/\\\/www.eldiario.net\\\/portal\\\/wp-content\\\/uploads\\\/2023\\\/07\\\/logo_ED.jpg\",\"contentUrl\":\"https:\\\/\\\/www.eldiario.net\\\/portal\\\/wp-content\\\/uploads\\\/2023\\\/07\\\/logo_ED.jpg\",\"width\":272,\"height\":52,\"caption\":\"El Diario - Decano de la prensa nacional\"},\"image\":{\"@id\":\"https:\\\/\\\/www.eldiario.net\\\/portal\\\/#\\\/schema\\\/logo\\\/image\\\/\"},\"sameAs\":[\"https:\\\/\\\/www.facebook.com\\\/eldiario.bolivia\\\/\",\"https:\\\/\\\/x.com\\\/eldiario_net\"]},{\"@type\":\"Person\",\"@id\":\"https:\\\/\\\/www.eldiario.net\\\/portal\\\/#\\\/schema\\\/person\\\/f46445640444750d7d753ccd04ae01b7\",\"name\":\"Jeanette\",\"image\":{\"@type\":\"ImageObject\",\"inLanguage\":\"es\",\"@id\":\"https:\\\/\\\/secure.gravatar.com\\\/avatar\\\/3ea2118a5f7dad2b7138b1187a6b7ee55f160b9968b66013c3a3ef39dd7e5798?s=96&d=mm&r=g\",\"url\":\"https:\\\/\\\/secure.gravatar.com\\\/avatar\\\/3ea2118a5f7dad2b7138b1187a6b7ee55f160b9968b66013c3a3ef39dd7e5798?s=96&d=mm&r=g\",\"contentUrl\":\"https:\\\/\\\/secure.gravatar.com\\\/avatar\\\/3ea2118a5f7dad2b7138b1187a6b7ee55f160b9968b66013c3a3ef39dd7e5798?s=96&d=mm&r=g\",\"caption\":\"Jeanette\"},\"sameAs\":[\"https:\\\/\\\/www.eldiario.net\\\/portal\"],\"url\":\"https:\\\/\\\/www.eldiario.net\\\/portal\\\/author\\\/jeanette\\\/\"}]}<\/script>\n<!-- \/ Yoast SEO plugin. -->","yoast_head_json":{"title":"Asfi asegura que no provoc\u00f3 restricciones y analistas apuntan a las medidas aplicadas - El Diario - Bolivia","robots":{"index":"index","follow":"follow","max-snippet":"max-snippet:-1","max-image-preview":"max-image-preview:large","max-video-preview":"max-video-preview:-1"},"canonical":"https:\/\/www.eldiario.net\/portal\/2024\/09\/17\/asfi-asegura-que-no-provoco-restricciones-y-analistas-apuntan-a-las-medidas-aplicadas\/","og_locale":"es_ES","og_type":"article","og_title":"Asfi asegura que no provoc\u00f3 restricciones y analistas apuntan a las medidas aplicadas - El Diario - Bolivia","og_description":"La Autoridad de Supervisi\u00f3n del Sistema Financiero (ASFI) no ha provocado restricciones masivas e indiscriminadas en el acceso de los ciudadanos a sus ahorros, siendo estas afirmaciones infundadas y alejadas de la verdad, ya que no reflejan la realidad del entorno econ\u00f3mico y financiero del pa\u00eds, donde los ciudadanos contin\u00faan realizando sus operaciones bancarias diarias, [&hellip;]","og_url":"https:\/\/www.eldiario.net\/portal\/2024\/09\/17\/asfi-asegura-que-no-provoco-restricciones-y-analistas-apuntan-a-las-medidas-aplicadas\/","og_site_name":"El Diario - Bolivia","article_publisher":"https:\/\/www.facebook.com\/eldiario.bolivia\/","article_published_time":"2024-09-17T09:37:11+00:00","og_image":[{"width":275,"height":183,"url":"https:\/\/www.eldiario.net\/portal\/wp-content\/uploads\/2024\/09\/regula-1.jpg","type":"image\/jpeg"}],"author":"Jeanette","twitter_card":"summary_large_image","twitter_creator":"@eldiario_net","twitter_site":"@eldiario_net","twitter_misc":{"Escrito por":"Jeanette","Tiempo de lectura":"3 minutos"},"schema":{"@context":"https:\/\/schema.org","@graph":[{"@type":"Article","@id":"https:\/\/www.eldiario.net\/portal\/2024\/09\/17\/asfi-asegura-que-no-provoco-restricciones-y-analistas-apuntan-a-las-medidas-aplicadas\/#article","isPartOf":{"@id":"https:\/\/www.eldiario.net\/portal\/2024\/09\/17\/asfi-asegura-que-no-provoco-restricciones-y-analistas-apuntan-a-las-medidas-aplicadas\/"},"author":{"name":"Jeanette","@id":"https:\/\/www.eldiario.net\/portal\/#\/schema\/person\/f46445640444750d7d753ccd04ae01b7"},"headline":"Asfi asegura que no provoc\u00f3 restricciones y analistas apuntan a las medidas aplicadas","datePublished":"2024-09-17T09:37:11+00:00","mainEntityOfPage":{"@id":"https:\/\/www.eldiario.net\/portal\/2024\/09\/17\/asfi-asegura-que-no-provoco-restricciones-y-analistas-apuntan-a-las-medidas-aplicadas\/"},"wordCount":542,"commentCount":0,"publisher":{"@id":"https:\/\/www.eldiario.net\/portal\/#organization"},"image":{"@id":"https:\/\/www.eldiario.net\/portal\/2024\/09\/17\/asfi-asegura-que-no-provoco-restricciones-y-analistas-apuntan-a-las-medidas-aplicadas\/#primaryimage"},"thumbnailUrl":"https:\/\/www.eldiario.net\/portal\/wp-content\/uploads\/2024\/09\/regula-1.jpg","articleSection":["Econom\u00eda"],"inLanguage":"es","potentialAction":[{"@type":"CommentAction","name":"Comment","target":["https:\/\/www.eldiario.net\/portal\/2024\/09\/17\/asfi-asegura-que-no-provoco-restricciones-y-analistas-apuntan-a-las-medidas-aplicadas\/#respond"]}]},{"@type":"WebPage","@id":"https:\/\/www.eldiario.net\/portal\/2024\/09\/17\/asfi-asegura-que-no-provoco-restricciones-y-analistas-apuntan-a-las-medidas-aplicadas\/","url":"https:\/\/www.eldiario.net\/portal\/2024\/09\/17\/asfi-asegura-que-no-provoco-restricciones-y-analistas-apuntan-a-las-medidas-aplicadas\/","name":"Asfi asegura que no provoc\u00f3 restricciones y analistas apuntan a las medidas aplicadas - El Diario - Bolivia","isPartOf":{"@id":"https:\/\/www.eldiario.net\/portal\/#website"},"primaryImageOfPage":{"@id":"https:\/\/www.eldiario.net\/portal\/2024\/09\/17\/asfi-asegura-que-no-provoco-restricciones-y-analistas-apuntan-a-las-medidas-aplicadas\/#primaryimage"},"image":{"@id":"https:\/\/www.eldiario.net\/portal\/2024\/09\/17\/asfi-asegura-que-no-provoco-restricciones-y-analistas-apuntan-a-las-medidas-aplicadas\/#primaryimage"},"thumbnailUrl":"https:\/\/www.eldiario.net\/portal\/wp-content\/uploads\/2024\/09\/regula-1.jpg","datePublished":"2024-09-17T09:37:11+00:00","breadcrumb":{"@id":"https:\/\/www.eldiario.net\/portal\/2024\/09\/17\/asfi-asegura-que-no-provoco-restricciones-y-analistas-apuntan-a-las-medidas-aplicadas\/#breadcrumb"},"inLanguage":"es","potentialAction":[{"@type":"ReadAction","target":["https:\/\/www.eldiario.net\/portal\/2024\/09\/17\/asfi-asegura-que-no-provoco-restricciones-y-analistas-apuntan-a-las-medidas-aplicadas\/"]}]},{"@type":"ImageObject","inLanguage":"es","@id":"https:\/\/www.eldiario.net\/portal\/2024\/09\/17\/asfi-asegura-que-no-provoco-restricciones-y-analistas-apuntan-a-las-medidas-aplicadas\/#primaryimage","url":"https:\/\/www.eldiario.net\/portal\/wp-content\/uploads\/2024\/09\/regula-1.jpg","contentUrl":"https:\/\/www.eldiario.net\/portal\/wp-content\/uploads\/2024\/09\/regula-1.jpg","width":275,"height":183,"caption":"La divisa extranjera enfrenta dificultades. FOTO EJE.TV"},{"@type":"BreadcrumbList","@id":"https:\/\/www.eldiario.net\/portal\/2024\/09\/17\/asfi-asegura-que-no-provoco-restricciones-y-analistas-apuntan-a-las-medidas-aplicadas\/#breadcrumb","itemListElement":[{"@type":"ListItem","position":1,"name":"Portada","item":"https:\/\/www.eldiario.net\/portal\/"},{"@type":"ListItem","position":2,"name":"Asfi asegura que no provoc\u00f3 restricciones y analistas apuntan a las medidas aplicadas"}]},{"@type":"WebSite","@id":"https:\/\/www.eldiario.net\/portal\/#website","url":"https:\/\/www.eldiario.net\/portal\/","name":"El Diario - Decano de la prensa nacional","description":"El Diario - Decano de la prensa nacional","publisher":{"@id":"https:\/\/www.eldiario.net\/portal\/#organization"},"potentialAction":[{"@type":"SearchAction","target":{"@type":"EntryPoint","urlTemplate":"https:\/\/www.eldiario.net\/portal\/?s={search_term_string}"},"query-input":{"@type":"PropertyValueSpecification","valueRequired":true,"valueName":"search_term_string"}}],"inLanguage":"es"},{"@type":"Organization","@id":"https:\/\/www.eldiario.net\/portal\/#organization","name":"El Diario - Decano de la prensa nacional","url":"https:\/\/www.eldiario.net\/portal\/","logo":{"@type":"ImageObject","inLanguage":"es","@id":"https:\/\/www.eldiario.net\/portal\/#\/schema\/logo\/image\/","url":"https:\/\/www.eldiario.net\/portal\/wp-content\/uploads\/2023\/07\/logo_ED.jpg","contentUrl":"https:\/\/www.eldiario.net\/portal\/wp-content\/uploads\/2023\/07\/logo_ED.jpg","width":272,"height":52,"caption":"El Diario - Decano de la prensa nacional"},"image":{"@id":"https:\/\/www.eldiario.net\/portal\/#\/schema\/logo\/image\/"},"sameAs":["https:\/\/www.facebook.com\/eldiario.bolivia\/","https:\/\/x.com\/eldiario_net"]},{"@type":"Person","@id":"https:\/\/www.eldiario.net\/portal\/#\/schema\/person\/f46445640444750d7d753ccd04ae01b7","name":"Jeanette","image":{"@type":"ImageObject","inLanguage":"es","@id":"https:\/\/secure.gravatar.com\/avatar\/3ea2118a5f7dad2b7138b1187a6b7ee55f160b9968b66013c3a3ef39dd7e5798?s=96&d=mm&r=g","url":"https:\/\/secure.gravatar.com\/avatar\/3ea2118a5f7dad2b7138b1187a6b7ee55f160b9968b66013c3a3ef39dd7e5798?s=96&d=mm&r=g","contentUrl":"https:\/\/secure.gravatar.com\/avatar\/3ea2118a5f7dad2b7138b1187a6b7ee55f160b9968b66013c3a3ef39dd7e5798?s=96&d=mm&r=g","caption":"Jeanette"},"sameAs":["https:\/\/www.eldiario.net\/portal"],"url":"https:\/\/www.eldiario.net\/portal\/author\/jeanette\/"}]}},"_links":{"self":[{"href":"https:\/\/www.eldiario.net\/portal\/wp-json\/wp\/v2\/posts\/247977","targetHints":{"allow":["GET"]}}],"collection":[{"href":"https:\/\/www.eldiario.net\/portal\/wp-json\/wp\/v2\/posts"}],"about":[{"href":"https:\/\/www.eldiario.net\/portal\/wp-json\/wp\/v2\/types\/post"}],"author":[{"embeddable":true,"href":"https:\/\/www.eldiario.net\/portal\/wp-json\/wp\/v2\/users\/1"}],"replies":[{"embeddable":true,"href":"https:\/\/www.eldiario.net\/portal\/wp-json\/wp\/v2\/comments?post=247977"}],"version-history":[{"count":1,"href":"https:\/\/www.eldiario.net\/portal\/wp-json\/wp\/v2\/posts\/247977\/revisions"}],"predecessor-version":[{"id":247979,"href":"https:\/\/www.eldiario.net\/portal\/wp-json\/wp\/v2\/posts\/247977\/revisions\/247979"}],"wp:featuredmedia":[{"embeddable":true,"href":"https:\/\/www.eldiario.net\/portal\/wp-json\/wp\/v2\/media\/247978"}],"wp:attachment":[{"href":"https:\/\/www.eldiario.net\/portal\/wp-json\/wp\/v2\/media?parent=247977"}],"wp:term":[{"taxonomy":"category","embeddable":true,"href":"https:\/\/www.eldiario.net\/portal\/wp-json\/wp\/v2\/categories?post=247977"},{"taxonomy":"post_tag","embeddable":true,"href":"https:\/\/www.eldiario.net\/portal\/wp-json\/wp\/v2\/tags?post=247977"}],"curies":[{"name":"wp","href":"https:\/\/api.w.org\/{rel}","templated":true}]}}