{"id":247974,"date":"2024-09-17T05:36:27","date_gmt":"2024-09-17T09:36:27","guid":{"rendered":"https:\/\/www.eldiario.net\/portal\/?p=247974"},"modified":"2024-09-17T05:36:27","modified_gmt":"2024-09-17T09:36:27","slug":"reprochan-permisividad-del-gobierno-con-ponchos-rojos","status":"publish","type":"post","link":"https:\/\/www.eldiario.net\/portal\/2024\/09\/17\/reprochan-permisividad-del-gobierno-con-ponchos-rojos\/","title":{"rendered":"Reprochan permisividad del  Gobierno con Ponchos Rojos"},"content":{"rendered":"<p class=\"v1MsoNormal\">Cuestionando que autoridades sean permisivas con sectores que violan la norma y amenazan la estabilidad en el pa\u00eds, el diputado por Comunidad Ciudadana (CC), Alberto Astorga, sostuvo que los videos difundidos por medios de comunicaci\u00f3n y plataformas digitales, en los que se observa a Ponchos Rojos portando armamento en el inicio de un bloqueo de caminos, evidencia un alzamiento armado y sedici\u00f3n en el pa\u00eds, situaci\u00f3n que requiere de una urgente intervenci\u00f3n.<\/p>\n<p class=\"v1MsoNormal\">En conferencia de prensa, Astorga se refiri\u00f3 a distintos temas de coyuntura, entre ellos, los videos de grupos armados vestidos con ponchos rojos, demostrando alg\u00fan tipo de instrucci\u00f3n militar con la finalidad de acompa\u00f1ar las medidas de presi\u00f3n iniciadas la jornada pasada por sectores que responden al \u00abevismo\u00bb.<\/p>\n<p class=\"v1MsoNormal\">\u00abLo que se ha observado claramente es un alzamiento armado y un acto de sedici\u00f3n\u00bb, sostuvo el diputado pace\u00f1o.<\/p>\n<p class=\"v1MsoNormal\">Para el parlamentario de oposici\u00f3n, este tipo de actos deben ser intervenidos inmediatamente por las autoridades competentes, ejecutando las aprehensiones que sean necesarias para cortar de ra\u00edz acciones que claramente vulneran la normativa vigente y el Estado de derecho.<\/p>\n<p class=\"v1MsoNormal\">\u00abMe parece que el ministro Eduardo Del Castillo, simplemente por medios de comunicaci\u00f3n y las redes sociales realiza comentaros contra Morales y sus afines, pero cuando se trata de tomar acciones, evita aprehender a esta gente. Exigimos que se intervenga estos actos irregulares\u00bb, dijo.<\/p>\n<p class=\"v1MsoNormal\">Astorga apunt\u00f3 que fue el propio presidente Arce quien el fin de semana se comprometi\u00f3 a cumplir con la Constituci\u00f3n y las leyes para hacer respetar los derechos de la poblaci\u00f3n, esto refiri\u00e9ndose a las medidas de presi\u00f3n anunciadas para esta semana.<\/p>\n<p class=\"v1MsoNormal\">\u00abEsto quiere decir que todo acto de sedici\u00f3n debe ser intervenido y cortado, enviando a la c\u00e1rcel a sus autores. Si es que no cumple significa que le teme a su exjefe\u00bb, afirm\u00f3.<\/p>\n<p class=\"v1MsoNormal\">Ayer, en horas de la ma\u00f1ana, medios de comunicaci\u00f3n y redes sociales difundieron un video en el que un grupo de los denominados Ponchos Rojos de la provincia Omasuyos, portando armas y demandando la renuncia del presidente, iniciaron la medida del bloqueo de caminos, anteriormente anunciada por dirigentes \u00abevistas\u00bb.<\/p>\n","protected":false},"excerpt":{"rendered":"<p>Cuestionando que autoridades sean permisivas con sectores que violan la norma y amenazan la estabilidad en el pa\u00eds, el diputado por Comunidad Ciudadana (CC), Alberto Astorga, sostuvo que los videos difundidos por medios de comunicaci\u00f3n y plataformas digitales, en los que se observa a Ponchos Rojos portando armamento en el inicio de un bloqueo de [&hellip;]<\/p>\n","protected":false},"author":1,"featured_media":247975,"comment_status":"open","ping_status":"open","sticky":false,"template":"","format":"standard","meta":{"_acf_changed":false,"footnotes":""},"categories":[14],"tags":[],"class_list":["post-247974","post","type-post","status-publish","format-standard","has-post-thumbnail","category-politica"],"acf":{"antetitulo":"Piden intervenci\u00f3n de autoridades"},"yoast_head":"<!-- This site is optimized with the Yoast SEO plugin v28.3 - https:\/\/yoast.com\/product\/yoast-seo-wordpress\/ -->\n<title>Reprochan permisividad del Gobierno con Ponchos Rojos - El Diario - Bolivia<\/title>\n<meta name=\"robots\" content=\"index, follow, max-snippet:-1, max-image-preview:large, max-video-preview:-1\" \/>\n<link rel=\"canonical\" href=\"https:\/\/www.eldiario.net\/portal\/2024\/09\/17\/reprochan-permisividad-del-gobierno-con-ponchos-rojos\/\" \/>\n<meta property=\"og:locale\" content=\"es_ES\" \/>\n<meta property=\"og:type\" content=\"article\" \/>\n<meta property=\"og:title\" content=\"Reprochan permisividad del Gobierno con Ponchos Rojos - El Diario - Bolivia\" \/>\n<meta property=\"og:description\" content=\"Cuestionando que autoridades sean permisivas con sectores que violan la norma y amenazan la estabilidad en el pa\u00eds, el diputado por Comunidad Ciudadana (CC), Alberto Astorga, sostuvo que los videos difundidos por medios de comunicaci\u00f3n y plataformas digitales, en los que se observa a Ponchos Rojos portando armamento en el inicio de un bloqueo de [&hellip;]\" \/>\n<meta property=\"og:url\" content=\"https:\/\/www.eldiario.net\/portal\/2024\/09\/17\/reprochan-permisividad-del-gobierno-con-ponchos-rojos\/\" \/>\n<meta property=\"og:site_name\" content=\"El Diario - Bolivia\" \/>\n<meta property=\"article:publisher\" content=\"https:\/\/www.facebook.com\/eldiario.bolivia\/\" \/>\n<meta property=\"article:published_time\" content=\"2024-09-17T09:36:27+00:00\" \/>\n<meta property=\"og:image\" content=\"https:\/\/www.eldiario.net\/portal\/wp-content\/uploads\/2024\/09\/PERMISIVIDAD-PONCHOS.jpg\" \/>\n\t<meta property=\"og:image:width\" content=\"1574\" \/>\n\t<meta property=\"og:image:height\" content=\"1080\" \/>\n\t<meta property=\"og:image:type\" content=\"image\/jpeg\" \/>\n<meta name=\"author\" content=\"Jeanette\" \/>\n<meta name=\"twitter:card\" content=\"summary_large_image\" \/>\n<meta name=\"twitter:creator\" content=\"@eldiario_net\" \/>\n<meta name=\"twitter:site\" content=\"@eldiario_net\" \/>\n<meta name=\"twitter:label1\" content=\"Escrito por\" \/>\n\t<meta name=\"twitter:data1\" content=\"Jeanette\" \/>\n\t<meta name=\"twitter:label2\" content=\"Tiempo de lectura\" \/>\n\t<meta name=\"twitter:data2\" content=\"2 minutos\" \/>\n<script type=\"application\/ld+json\" class=\"yoast-schema-graph\">{\"@context\":\"https:\\\/\\\/schema.org\",\"@graph\":[{\"@type\":\"Article\",\"@id\":\"https:\\\/\\\/www.eldiario.net\\\/portal\\\/2024\\\/09\\\/17\\\/reprochan-permisividad-del-gobierno-con-ponchos-rojos\\\/#article\",\"isPartOf\":{\"@id\":\"https:\\\/\\\/www.eldiario.net\\\/portal\\\/2024\\\/09\\\/17\\\/reprochan-permisividad-del-gobierno-con-ponchos-rojos\\\/\"},\"author\":{\"name\":\"Jeanette\",\"@id\":\"https:\\\/\\\/www.eldiario.net\\\/portal\\\/#\\\/schema\\\/person\\\/f46445640444750d7d753ccd04ae01b7\"},\"headline\":\"Reprochan permisividad del Gobierno con Ponchos Rojos\",\"datePublished\":\"2024-09-17T09:36:27+00:00\",\"mainEntityOfPage\":{\"@id\":\"https:\\\/\\\/www.eldiario.net\\\/portal\\\/2024\\\/09\\\/17\\\/reprochan-permisividad-del-gobierno-con-ponchos-rojos\\\/\"},\"wordCount\":376,\"commentCount\":0,\"publisher\":{\"@id\":\"https:\\\/\\\/www.eldiario.net\\\/portal\\\/#organization\"},\"image\":{\"@id\":\"https:\\\/\\\/www.eldiario.net\\\/portal\\\/2024\\\/09\\\/17\\\/reprochan-permisividad-del-gobierno-con-ponchos-rojos\\\/#primaryimage\"},\"thumbnailUrl\":\"https:\\\/\\\/www.eldiario.net\\\/portal\\\/wp-content\\\/uploads\\\/2024\\\/09\\\/PERMISIVIDAD-PONCHOS.jpg\",\"articleSection\":[\"Pol\u00edtica\"],\"inLanguage\":\"es\",\"potentialAction\":[{\"@type\":\"CommentAction\",\"name\":\"Comment\",\"target\":[\"https:\\\/\\\/www.eldiario.net\\\/portal\\\/2024\\\/09\\\/17\\\/reprochan-permisividad-del-gobierno-con-ponchos-rojos\\\/#respond\"]}]},{\"@type\":\"WebPage\",\"@id\":\"https:\\\/\\\/www.eldiario.net\\\/portal\\\/2024\\\/09\\\/17\\\/reprochan-permisividad-del-gobierno-con-ponchos-rojos\\\/\",\"url\":\"https:\\\/\\\/www.eldiario.net\\\/portal\\\/2024\\\/09\\\/17\\\/reprochan-permisividad-del-gobierno-con-ponchos-rojos\\\/\",\"name\":\"Reprochan permisividad del Gobierno con Ponchos Rojos - El Diario - Bolivia\",\"isPartOf\":{\"@id\":\"https:\\\/\\\/www.eldiario.net\\\/portal\\\/#website\"},\"primaryImageOfPage\":{\"@id\":\"https:\\\/\\\/www.eldiario.net\\\/portal\\\/2024\\\/09\\\/17\\\/reprochan-permisividad-del-gobierno-con-ponchos-rojos\\\/#primaryimage\"},\"image\":{\"@id\":\"https:\\\/\\\/www.eldiario.net\\\/portal\\\/2024\\\/09\\\/17\\\/reprochan-permisividad-del-gobierno-con-ponchos-rojos\\\/#primaryimage\"},\"thumbnailUrl\":\"https:\\\/\\\/www.eldiario.net\\\/portal\\\/wp-content\\\/uploads\\\/2024\\\/09\\\/PERMISIVIDAD-PONCHOS.jpg\",\"datePublished\":\"2024-09-17T09:36:27+00:00\",\"breadcrumb\":{\"@id\":\"https:\\\/\\\/www.eldiario.net\\\/portal\\\/2024\\\/09\\\/17\\\/reprochan-permisividad-del-gobierno-con-ponchos-rojos\\\/#breadcrumb\"},\"inLanguage\":\"es\",\"potentialAction\":[{\"@type\":\"ReadAction\",\"target\":[\"https:\\\/\\\/www.eldiario.net\\\/portal\\\/2024\\\/09\\\/17\\\/reprochan-permisividad-del-gobierno-con-ponchos-rojos\\\/\"]}]},{\"@type\":\"ImageObject\",\"inLanguage\":\"es\",\"@id\":\"https:\\\/\\\/www.eldiario.net\\\/portal\\\/2024\\\/09\\\/17\\\/reprochan-permisividad-del-gobierno-con-ponchos-rojos\\\/#primaryimage\",\"url\":\"https:\\\/\\\/www.eldiario.net\\\/portal\\\/wp-content\\\/uploads\\\/2024\\\/09\\\/PERMISIVIDAD-PONCHOS.jpg\",\"contentUrl\":\"https:\\\/\\\/www.eldiario.net\\\/portal\\\/wp-content\\\/uploads\\\/2024\\\/09\\\/PERMISIVIDAD-PONCHOS.jpg\",\"width\":1574,\"height\":1080,\"caption\":\"Ponchos Rojos portado armas. CREDITOS \\\/ RRSS\"},{\"@type\":\"BreadcrumbList\",\"@id\":\"https:\\\/\\\/www.eldiario.net\\\/portal\\\/2024\\\/09\\\/17\\\/reprochan-permisividad-del-gobierno-con-ponchos-rojos\\\/#breadcrumb\",\"itemListElement\":[{\"@type\":\"ListItem\",\"position\":1,\"name\":\"Portada\",\"item\":\"https:\\\/\\\/www.eldiario.net\\\/portal\\\/\"},{\"@type\":\"ListItem\",\"position\":2,\"name\":\"Reprochan permisividad del Gobierno con Ponchos Rojos\"}]},{\"@type\":\"WebSite\",\"@id\":\"https:\\\/\\\/www.eldiario.net\\\/portal\\\/#website\",\"url\":\"https:\\\/\\\/www.eldiario.net\\\/portal\\\/\",\"name\":\"El Diario - Decano de la prensa nacional\",\"description\":\"El Diario - Decano de la prensa nacional\",\"publisher\":{\"@id\":\"https:\\\/\\\/www.eldiario.net\\\/portal\\\/#organization\"},\"potentialAction\":[{\"@type\":\"SearchAction\",\"target\":{\"@type\":\"EntryPoint\",\"urlTemplate\":\"https:\\\/\\\/www.eldiario.net\\\/portal\\\/?s={search_term_string}\"},\"query-input\":{\"@type\":\"PropertyValueSpecification\",\"valueRequired\":true,\"valueName\":\"search_term_string\"}}],\"inLanguage\":\"es\"},{\"@type\":\"Organization\",\"@id\":\"https:\\\/\\\/www.eldiario.net\\\/portal\\\/#organization\",\"name\":\"El Diario - Decano de la prensa nacional\",\"url\":\"https:\\\/\\\/www.eldiario.net\\\/portal\\\/\",\"logo\":{\"@type\":\"ImageObject\",\"inLanguage\":\"es\",\"@id\":\"https:\\\/\\\/www.eldiario.net\\\/portal\\\/#\\\/schema\\\/logo\\\/image\\\/\",\"url\":\"https:\\\/\\\/www.eldiario.net\\\/portal\\\/wp-content\\\/uploads\\\/2023\\\/07\\\/logo_ED.jpg\",\"contentUrl\":\"https:\\\/\\\/www.eldiario.net\\\/portal\\\/wp-content\\\/uploads\\\/2023\\\/07\\\/logo_ED.jpg\",\"width\":272,\"height\":52,\"caption\":\"El Diario - Decano de la prensa nacional\"},\"image\":{\"@id\":\"https:\\\/\\\/www.eldiario.net\\\/portal\\\/#\\\/schema\\\/logo\\\/image\\\/\"},\"sameAs\":[\"https:\\\/\\\/www.facebook.com\\\/eldiario.bolivia\\\/\",\"https:\\\/\\\/x.com\\\/eldiario_net\"]},{\"@type\":\"Person\",\"@id\":\"https:\\\/\\\/www.eldiario.net\\\/portal\\\/#\\\/schema\\\/person\\\/f46445640444750d7d753ccd04ae01b7\",\"name\":\"Jeanette\",\"image\":{\"@type\":\"ImageObject\",\"inLanguage\":\"es\",\"@id\":\"https:\\\/\\\/secure.gravatar.com\\\/avatar\\\/3ea2118a5f7dad2b7138b1187a6b7ee55f160b9968b66013c3a3ef39dd7e5798?s=96&d=mm&r=g\",\"url\":\"https:\\\/\\\/secure.gravatar.com\\\/avatar\\\/3ea2118a5f7dad2b7138b1187a6b7ee55f160b9968b66013c3a3ef39dd7e5798?s=96&d=mm&r=g\",\"contentUrl\":\"https:\\\/\\\/secure.gravatar.com\\\/avatar\\\/3ea2118a5f7dad2b7138b1187a6b7ee55f160b9968b66013c3a3ef39dd7e5798?s=96&d=mm&r=g\",\"caption\":\"Jeanette\"},\"sameAs\":[\"https:\\\/\\\/www.eldiario.net\\\/portal\"],\"url\":\"https:\\\/\\\/www.eldiario.net\\\/portal\\\/author\\\/jeanette\\\/\"}]}<\/script>\n<!-- \/ Yoast SEO plugin. -->","yoast_head_json":{"title":"Reprochan permisividad del Gobierno con Ponchos Rojos - El Diario - Bolivia","robots":{"index":"index","follow":"follow","max-snippet":"max-snippet:-1","max-image-preview":"max-image-preview:large","max-video-preview":"max-video-preview:-1"},"canonical":"https:\/\/www.eldiario.net\/portal\/2024\/09\/17\/reprochan-permisividad-del-gobierno-con-ponchos-rojos\/","og_locale":"es_ES","og_type":"article","og_title":"Reprochan permisividad del Gobierno con Ponchos Rojos - El Diario - Bolivia","og_description":"Cuestionando que autoridades sean permisivas con sectores que violan la norma y amenazan la estabilidad en el pa\u00eds, el diputado por Comunidad Ciudadana (CC), Alberto Astorga, sostuvo que los videos difundidos por medios de comunicaci\u00f3n y plataformas digitales, en los que se observa a Ponchos Rojos portando armamento en el inicio de un bloqueo de [&hellip;]","og_url":"https:\/\/www.eldiario.net\/portal\/2024\/09\/17\/reprochan-permisividad-del-gobierno-con-ponchos-rojos\/","og_site_name":"El Diario - Bolivia","article_publisher":"https:\/\/www.facebook.com\/eldiario.bolivia\/","article_published_time":"2024-09-17T09:36:27+00:00","og_image":[{"width":1574,"height":1080,"url":"https:\/\/www.eldiario.net\/portal\/wp-content\/uploads\/2024\/09\/PERMISIVIDAD-PONCHOS.jpg","type":"image\/jpeg"}],"author":"Jeanette","twitter_card":"summary_large_image","twitter_creator":"@eldiario_net","twitter_site":"@eldiario_net","twitter_misc":{"Escrito por":"Jeanette","Tiempo de lectura":"2 minutos"},"schema":{"@context":"https:\/\/schema.org","@graph":[{"@type":"Article","@id":"https:\/\/www.eldiario.net\/portal\/2024\/09\/17\/reprochan-permisividad-del-gobierno-con-ponchos-rojos\/#article","isPartOf":{"@id":"https:\/\/www.eldiario.net\/portal\/2024\/09\/17\/reprochan-permisividad-del-gobierno-con-ponchos-rojos\/"},"author":{"name":"Jeanette","@id":"https:\/\/www.eldiario.net\/portal\/#\/schema\/person\/f46445640444750d7d753ccd04ae01b7"},"headline":"Reprochan permisividad del Gobierno con Ponchos Rojos","datePublished":"2024-09-17T09:36:27+00:00","mainEntityOfPage":{"@id":"https:\/\/www.eldiario.net\/portal\/2024\/09\/17\/reprochan-permisividad-del-gobierno-con-ponchos-rojos\/"},"wordCount":376,"commentCount":0,"publisher":{"@id":"https:\/\/www.eldiario.net\/portal\/#organization"},"image":{"@id":"https:\/\/www.eldiario.net\/portal\/2024\/09\/17\/reprochan-permisividad-del-gobierno-con-ponchos-rojos\/#primaryimage"},"thumbnailUrl":"https:\/\/www.eldiario.net\/portal\/wp-content\/uploads\/2024\/09\/PERMISIVIDAD-PONCHOS.jpg","articleSection":["Pol\u00edtica"],"inLanguage":"es","potentialAction":[{"@type":"CommentAction","name":"Comment","target":["https:\/\/www.eldiario.net\/portal\/2024\/09\/17\/reprochan-permisividad-del-gobierno-con-ponchos-rojos\/#respond"]}]},{"@type":"WebPage","@id":"https:\/\/www.eldiario.net\/portal\/2024\/09\/17\/reprochan-permisividad-del-gobierno-con-ponchos-rojos\/","url":"https:\/\/www.eldiario.net\/portal\/2024\/09\/17\/reprochan-permisividad-del-gobierno-con-ponchos-rojos\/","name":"Reprochan permisividad del Gobierno con Ponchos Rojos - El Diario - Bolivia","isPartOf":{"@id":"https:\/\/www.eldiario.net\/portal\/#website"},"primaryImageOfPage":{"@id":"https:\/\/www.eldiario.net\/portal\/2024\/09\/17\/reprochan-permisividad-del-gobierno-con-ponchos-rojos\/#primaryimage"},"image":{"@id":"https:\/\/www.eldiario.net\/portal\/2024\/09\/17\/reprochan-permisividad-del-gobierno-con-ponchos-rojos\/#primaryimage"},"thumbnailUrl":"https:\/\/www.eldiario.net\/portal\/wp-content\/uploads\/2024\/09\/PERMISIVIDAD-PONCHOS.jpg","datePublished":"2024-09-17T09:36:27+00:00","breadcrumb":{"@id":"https:\/\/www.eldiario.net\/portal\/2024\/09\/17\/reprochan-permisividad-del-gobierno-con-ponchos-rojos\/#breadcrumb"},"inLanguage":"es","potentialAction":[{"@type":"ReadAction","target":["https:\/\/www.eldiario.net\/portal\/2024\/09\/17\/reprochan-permisividad-del-gobierno-con-ponchos-rojos\/"]}]},{"@type":"ImageObject","inLanguage":"es","@id":"https:\/\/www.eldiario.net\/portal\/2024\/09\/17\/reprochan-permisividad-del-gobierno-con-ponchos-rojos\/#primaryimage","url":"https:\/\/www.eldiario.net\/portal\/wp-content\/uploads\/2024\/09\/PERMISIVIDAD-PONCHOS.jpg","contentUrl":"https:\/\/www.eldiario.net\/portal\/wp-content\/uploads\/2024\/09\/PERMISIVIDAD-PONCHOS.jpg","width":1574,"height":1080,"caption":"Ponchos Rojos portado armas. CREDITOS \/ RRSS"},{"@type":"BreadcrumbList","@id":"https:\/\/www.eldiario.net\/portal\/2024\/09\/17\/reprochan-permisividad-del-gobierno-con-ponchos-rojos\/#breadcrumb","itemListElement":[{"@type":"ListItem","position":1,"name":"Portada","item":"https:\/\/www.eldiario.net\/portal\/"},{"@type":"ListItem","position":2,"name":"Reprochan permisividad del Gobierno con Ponchos Rojos"}]},{"@type":"WebSite","@id":"https:\/\/www.eldiario.net\/portal\/#website","url":"https:\/\/www.eldiario.net\/portal\/","name":"El Diario - Decano de la prensa nacional","description":"El Diario - Decano de la prensa nacional","publisher":{"@id":"https:\/\/www.eldiario.net\/portal\/#organization"},"potentialAction":[{"@type":"SearchAction","target":{"@type":"EntryPoint","urlTemplate":"https:\/\/www.eldiario.net\/portal\/?s={search_term_string}"},"query-input":{"@type":"PropertyValueSpecification","valueRequired":true,"valueName":"search_term_string"}}],"inLanguage":"es"},{"@type":"Organization","@id":"https:\/\/www.eldiario.net\/portal\/#organization","name":"El Diario - Decano de la prensa nacional","url":"https:\/\/www.eldiario.net\/portal\/","logo":{"@type":"ImageObject","inLanguage":"es","@id":"https:\/\/www.eldiario.net\/portal\/#\/schema\/logo\/image\/","url":"https:\/\/www.eldiario.net\/portal\/wp-content\/uploads\/2023\/07\/logo_ED.jpg","contentUrl":"https:\/\/www.eldiario.net\/portal\/wp-content\/uploads\/2023\/07\/logo_ED.jpg","width":272,"height":52,"caption":"El Diario - Decano de la prensa nacional"},"image":{"@id":"https:\/\/www.eldiario.net\/portal\/#\/schema\/logo\/image\/"},"sameAs":["https:\/\/www.facebook.com\/eldiario.bolivia\/","https:\/\/x.com\/eldiario_net"]},{"@type":"Person","@id":"https:\/\/www.eldiario.net\/portal\/#\/schema\/person\/f46445640444750d7d753ccd04ae01b7","name":"Jeanette","image":{"@type":"ImageObject","inLanguage":"es","@id":"https:\/\/secure.gravatar.com\/avatar\/3ea2118a5f7dad2b7138b1187a6b7ee55f160b9968b66013c3a3ef39dd7e5798?s=96&d=mm&r=g","url":"https:\/\/secure.gravatar.com\/avatar\/3ea2118a5f7dad2b7138b1187a6b7ee55f160b9968b66013c3a3ef39dd7e5798?s=96&d=mm&r=g","contentUrl":"https:\/\/secure.gravatar.com\/avatar\/3ea2118a5f7dad2b7138b1187a6b7ee55f160b9968b66013c3a3ef39dd7e5798?s=96&d=mm&r=g","caption":"Jeanette"},"sameAs":["https:\/\/www.eldiario.net\/portal"],"url":"https:\/\/www.eldiario.net\/portal\/author\/jeanette\/"}]}},"_links":{"self":[{"href":"https:\/\/www.eldiario.net\/portal\/wp-json\/wp\/v2\/posts\/247974","targetHints":{"allow":["GET"]}}],"collection":[{"href":"https:\/\/www.eldiario.net\/portal\/wp-json\/wp\/v2\/posts"}],"about":[{"href":"https:\/\/www.eldiario.net\/portal\/wp-json\/wp\/v2\/types\/post"}],"author":[{"embeddable":true,"href":"https:\/\/www.eldiario.net\/portal\/wp-json\/wp\/v2\/users\/1"}],"replies":[{"embeddable":true,"href":"https:\/\/www.eldiario.net\/portal\/wp-json\/wp\/v2\/comments?post=247974"}],"version-history":[{"count":1,"href":"https:\/\/www.eldiario.net\/portal\/wp-json\/wp\/v2\/posts\/247974\/revisions"}],"predecessor-version":[{"id":247976,"href":"https:\/\/www.eldiario.net\/portal\/wp-json\/wp\/v2\/posts\/247974\/revisions\/247976"}],"wp:featuredmedia":[{"embeddable":true,"href":"https:\/\/www.eldiario.net\/portal\/wp-json\/wp\/v2\/media\/247975"}],"wp:attachment":[{"href":"https:\/\/www.eldiario.net\/portal\/wp-json\/wp\/v2\/media?parent=247974"}],"wp:term":[{"taxonomy":"category","embeddable":true,"href":"https:\/\/www.eldiario.net\/portal\/wp-json\/wp\/v2\/categories?post=247974"},{"taxonomy":"post_tag","embeddable":true,"href":"https:\/\/www.eldiario.net\/portal\/wp-json\/wp\/v2\/tags?post=247974"}],"curies":[{"name":"wp","href":"https:\/\/api.w.org\/{rel}","templated":true}]}}