{"id":24788,"date":"2021-08-21T06:26:39","date_gmt":"2021-08-21T10:26:39","guid":{"rendered":"https:\/\/www.eldiario.net\/portal\/?p=24788"},"modified":"2021-08-21T06:26:39","modified_gmt":"2021-08-21T10:26:39","slug":"iglesia-pide-aplicar-reformas-en-la-justicia-antes-del-inicio-de-juicios","status":"publish","type":"post","link":"https:\/\/www.eldiario.net\/portal\/2021\/08\/21\/iglesia-pide-aplicar-reformas-en-la-justicia-antes-del-inicio-de-juicios\/","title":{"rendered":"Iglesia pide aplicar reformas en la  justicia antes del inicio de juicios"},"content":{"rendered":"<p>El arzobispo em\u00e9rito de Sucre, monse\u00f1or Jes\u00fas Ju\u00e1rez, se\u00f1al\u00f3 que antes de pensar en la posibilidad de iniciar juicios de responsabilidades contra exautoridades, se debe priorizar las reformas en el \u00d3rgano Judicial, pues solo de esta forma se garantizan procesos transparentes.<br \/>\nEl representante de la Iglesia Cat\u00f3lica manifest\u00f3 que ante las actuales circunstancias es preciso que se prioricen las reformas al sistema judicial antes que iniciar nuevos procesos contra exgobernantes, pues no se cuenta con garant\u00edas de transparencia.<br \/>\nJu\u00e1rez sostuvo que se debe considerar en manos de qui\u00e9n se entrega la realizaci\u00f3n de estos nuevos juicios y si se brindan las condiciones m\u00ednimas de confianza, por lo que pidi\u00f3 apoyar todas las gestiones para realizar reformas a la justicia que viene siendo cuestionada reiteradamente.<br \/>\n\u201cYo creo que para haber juicios realmente equitativos y que triunfe realmente la verdad, hay que pensar en qui\u00e9nes van a llevar adelante estos juicios. Tenemos la gran responsabilidad de apoyar todo lo que se refiere a la reestructuraci\u00f3n de la justicia\u201d, dijo.<br \/>\nAgreg\u00f3 que una caracter\u00edstica que identifica a la justicia es su transparencia e independencia, por lo que se debe trabajar en que el sistema judicial boliviano est\u00e9 alejado de todo tipo de presi\u00f3n ejercida desde el poder.<br \/>\n\u201cLa justicia exige independencia de los distintos sectores, no puede estar dominado por ning\u00fan poder, es independiente y mientras que no haya una reforma de la justicia no podremos tener tiempos de reconciliaci\u00f3n y tener mejores d\u00edas de paz\u201d, manifest\u00f3 en contacto con medios de comunicaci\u00f3n.<br \/>\nLa senadora por Comunidad Ciudadana, Cecilia Requena, coincidi\u00f3 con estos conceptos y se\u00f1alo que las condiciones actuales de la justicia no permiten que se lleven adelante los juicios anunciados desde el Gobierno, pues no hay garant\u00eda de transparencia como ya lo sugiri\u00f3 el informe del GIEI.<br \/>\n\u201cQueremos justicia, pero con este sistema no la podemos tener. Querer avanzar con este sistema judicial no es honesto, no le hace bien al pa\u00eds y no nos va ayudar con la reconciliaci\u00f3n. El propio informe del GIEI dice que no tenemos un sistema de justicia que pueda justamente entregar justicia\u201d, sostuvo.<br \/>\nDesde el oficialismo se cuestion\u00f3 las posturas de la Iglesia por considerar que el informe elaborado por esta instituci\u00f3n sobre el proceso de pacificaci\u00f3n en 2019 no fue imparcial, seg\u00fan explic\u00f3 el senador Luis Adolfo Flores.<\/p>\n","protected":false},"excerpt":{"rendered":"<p>El arzobispo em\u00e9rito de Sucre, monse\u00f1or Jes\u00fas Ju\u00e1rez, se\u00f1al\u00f3 que antes de pensar en la posibilidad de iniciar juicios de responsabilidades contra exautoridades, se debe priorizar las reformas en el \u00d3rgano Judicial, pues solo de esta forma se garantizan procesos transparentes. El representante de la Iglesia Cat\u00f3lica manifest\u00f3 que ante las actuales circunstancias es preciso [&hellip;]<\/p>\n","protected":false},"author":1,"featured_media":24789,"comment_status":"closed","ping_status":"closed","sticky":false,"template":"","format":"standard","meta":{"_acf_changed":false,"footnotes":""},"categories":[14],"tags":[],"class_list":["post-24788","post","type-post","status-publish","format-standard","has-post-thumbnail","category-politica"],"acf":{"antetitulo":""},"yoast_head":"<!-- This site is optimized with the Yoast SEO plugin v28.4 - https:\/\/yoast.com\/product\/yoast-seo-wordpress\/ -->\n<title>Iglesia pide aplicar reformas en la justicia antes del inicio de juicios - El Diario - Bolivia<\/title>\n<meta name=\"robots\" content=\"index, follow, max-snippet:-1, max-image-preview:large, max-video-preview:-1\" \/>\n<link rel=\"canonical\" href=\"https:\/\/www.eldiario.net\/portal\/2021\/08\/21\/iglesia-pide-aplicar-reformas-en-la-justicia-antes-del-inicio-de-juicios\/\" \/>\n<meta property=\"og:locale\" content=\"es_ES\" \/>\n<meta property=\"og:type\" content=\"article\" \/>\n<meta property=\"og:title\" content=\"Iglesia pide aplicar reformas en la justicia antes del inicio de juicios - El Diario - Bolivia\" \/>\n<meta property=\"og:description\" content=\"El arzobispo em\u00e9rito de Sucre, monse\u00f1or Jes\u00fas Ju\u00e1rez, se\u00f1al\u00f3 que antes de pensar en la posibilidad de iniciar juicios de responsabilidades contra exautoridades, se debe priorizar las reformas en el \u00d3rgano Judicial, pues solo de esta forma se garantizan procesos transparentes. El representante de la Iglesia Cat\u00f3lica manifest\u00f3 que ante las actuales circunstancias es preciso [&hellip;]\" \/>\n<meta property=\"og:url\" content=\"https:\/\/www.eldiario.net\/portal\/2021\/08\/21\/iglesia-pide-aplicar-reformas-en-la-justicia-antes-del-inicio-de-juicios\/\" \/>\n<meta property=\"og:site_name\" content=\"El Diario - Bolivia\" \/>\n<meta property=\"article:publisher\" content=\"https:\/\/www.facebook.com\/eldiario.bolivia\/\" \/>\n<meta property=\"article:published_time\" content=\"2021-08-21T10:26:39+00:00\" \/>\n<meta name=\"author\" content=\"Jeanette\" \/>\n<meta name=\"twitter:card\" content=\"summary_large_image\" \/>\n<meta name=\"twitter:creator\" content=\"@eldiario_net\" \/>\n<meta name=\"twitter:site\" content=\"@eldiario_net\" \/>\n<meta name=\"twitter:label1\" content=\"Escrito por\" \/>\n\t<meta name=\"twitter:data1\" content=\"Jeanette\" \/>\n\t<meta name=\"twitter:label2\" content=\"Tiempo de lectura\" \/>\n\t<meta name=\"twitter:data2\" content=\"2 minutos\" \/>\n<script type=\"application\/ld+json\" class=\"yoast-schema-graph\">{\"@context\":\"https:\\\/\\\/schema.org\",\"@graph\":[{\"@type\":\"Article\",\"@id\":\"https:\\\/\\\/www.eldiario.net\\\/portal\\\/2021\\\/08\\\/21\\\/iglesia-pide-aplicar-reformas-en-la-justicia-antes-del-inicio-de-juicios\\\/#article\",\"isPartOf\":{\"@id\":\"https:\\\/\\\/www.eldiario.net\\\/portal\\\/2021\\\/08\\\/21\\\/iglesia-pide-aplicar-reformas-en-la-justicia-antes-del-inicio-de-juicios\\\/\"},\"author\":{\"name\":\"Jeanette\",\"@id\":\"https:\\\/\\\/www.eldiario.net\\\/portal\\\/#\\\/schema\\\/person\\\/f46445640444750d7d753ccd04ae01b7\"},\"headline\":\"Iglesia pide aplicar reformas en la justicia antes del inicio de juicios\",\"datePublished\":\"2021-08-21T10:26:39+00:00\",\"mainEntityOfPage\":{\"@id\":\"https:\\\/\\\/www.eldiario.net\\\/portal\\\/2021\\\/08\\\/21\\\/iglesia-pide-aplicar-reformas-en-la-justicia-antes-del-inicio-de-juicios\\\/\"},\"wordCount\":421,\"publisher\":{\"@id\":\"https:\\\/\\\/www.eldiario.net\\\/portal\\\/#organization\"},\"image\":{\"@id\":\"https:\\\/\\\/www.eldiario.net\\\/portal\\\/2021\\\/08\\\/21\\\/iglesia-pide-aplicar-reformas-en-la-justicia-antes-del-inicio-de-juicios\\\/#primaryimage\"},\"thumbnailUrl\":\"\",\"articleSection\":[\"Pol\u00edtica\"],\"inLanguage\":\"es\"},{\"@type\":\"WebPage\",\"@id\":\"https:\\\/\\\/www.eldiario.net\\\/portal\\\/2021\\\/08\\\/21\\\/iglesia-pide-aplicar-reformas-en-la-justicia-antes-del-inicio-de-juicios\\\/\",\"url\":\"https:\\\/\\\/www.eldiario.net\\\/portal\\\/2021\\\/08\\\/21\\\/iglesia-pide-aplicar-reformas-en-la-justicia-antes-del-inicio-de-juicios\\\/\",\"name\":\"Iglesia pide aplicar reformas en la justicia antes del inicio de juicios - El Diario - Bolivia\",\"isPartOf\":{\"@id\":\"https:\\\/\\\/www.eldiario.net\\\/portal\\\/#website\"},\"primaryImageOfPage\":{\"@id\":\"https:\\\/\\\/www.eldiario.net\\\/portal\\\/2021\\\/08\\\/21\\\/iglesia-pide-aplicar-reformas-en-la-justicia-antes-del-inicio-de-juicios\\\/#primaryimage\"},\"image\":{\"@id\":\"https:\\\/\\\/www.eldiario.net\\\/portal\\\/2021\\\/08\\\/21\\\/iglesia-pide-aplicar-reformas-en-la-justicia-antes-del-inicio-de-juicios\\\/#primaryimage\"},\"thumbnailUrl\":\"\",\"datePublished\":\"2021-08-21T10:26:39+00:00\",\"breadcrumb\":{\"@id\":\"https:\\\/\\\/www.eldiario.net\\\/portal\\\/2021\\\/08\\\/21\\\/iglesia-pide-aplicar-reformas-en-la-justicia-antes-del-inicio-de-juicios\\\/#breadcrumb\"},\"inLanguage\":\"es\",\"potentialAction\":[{\"@type\":\"ReadAction\",\"target\":[\"https:\\\/\\\/www.eldiario.net\\\/portal\\\/2021\\\/08\\\/21\\\/iglesia-pide-aplicar-reformas-en-la-justicia-antes-del-inicio-de-juicios\\\/\"]}]},{\"@type\":\"ImageObject\",\"inLanguage\":\"es\",\"@id\":\"https:\\\/\\\/www.eldiario.net\\\/portal\\\/2021\\\/08\\\/21\\\/iglesia-pide-aplicar-reformas-en-la-justicia-antes-del-inicio-de-juicios\\\/#primaryimage\",\"url\":\"\",\"contentUrl\":\"\"},{\"@type\":\"BreadcrumbList\",\"@id\":\"https:\\\/\\\/www.eldiario.net\\\/portal\\\/2021\\\/08\\\/21\\\/iglesia-pide-aplicar-reformas-en-la-justicia-antes-del-inicio-de-juicios\\\/#breadcrumb\",\"itemListElement\":[{\"@type\":\"ListItem\",\"position\":1,\"name\":\"Portada\",\"item\":\"https:\\\/\\\/www.eldiario.net\\\/portal\\\/\"},{\"@type\":\"ListItem\",\"position\":2,\"name\":\"Iglesia pide aplicar reformas en la justicia antes del inicio de juicios\"}]},{\"@type\":\"WebSite\",\"@id\":\"https:\\\/\\\/www.eldiario.net\\\/portal\\\/#website\",\"url\":\"https:\\\/\\\/www.eldiario.net\\\/portal\\\/\",\"name\":\"El Diario - Decano de la prensa nacional\",\"description\":\"El Diario - Decano de la prensa nacional\",\"publisher\":{\"@id\":\"https:\\\/\\\/www.eldiario.net\\\/portal\\\/#organization\"},\"potentialAction\":[{\"@type\":\"SearchAction\",\"target\":{\"@type\":\"EntryPoint\",\"urlTemplate\":\"https:\\\/\\\/www.eldiario.net\\\/portal\\\/?s={search_term_string}\"},\"query-input\":{\"@type\":\"PropertyValueSpecification\",\"valueRequired\":true,\"valueName\":\"search_term_string\"}}],\"inLanguage\":\"es\"},{\"@type\":\"Organization\",\"@id\":\"https:\\\/\\\/www.eldiario.net\\\/portal\\\/#organization\",\"name\":\"El Diario - Decano de la prensa nacional\",\"url\":\"https:\\\/\\\/www.eldiario.net\\\/portal\\\/\",\"logo\":{\"@type\":\"ImageObject\",\"inLanguage\":\"es\",\"@id\":\"https:\\\/\\\/www.eldiario.net\\\/portal\\\/#\\\/schema\\\/logo\\\/image\\\/\",\"url\":\"https:\\\/\\\/www.eldiario.net\\\/portal\\\/wp-content\\\/uploads\\\/2023\\\/07\\\/logo_ED.jpg\",\"contentUrl\":\"https:\\\/\\\/www.eldiario.net\\\/portal\\\/wp-content\\\/uploads\\\/2023\\\/07\\\/logo_ED.jpg\",\"width\":272,\"height\":52,\"caption\":\"El Diario - Decano de la prensa nacional\"},\"image\":{\"@id\":\"https:\\\/\\\/www.eldiario.net\\\/portal\\\/#\\\/schema\\\/logo\\\/image\\\/\"},\"sameAs\":[\"https:\\\/\\\/www.facebook.com\\\/eldiario.bolivia\\\/\",\"https:\\\/\\\/x.com\\\/eldiario_net\"]},{\"@type\":\"Person\",\"@id\":\"https:\\\/\\\/www.eldiario.net\\\/portal\\\/#\\\/schema\\\/person\\\/f46445640444750d7d753ccd04ae01b7\",\"name\":\"Jeanette\",\"image\":{\"@type\":\"ImageObject\",\"inLanguage\":\"es\",\"@id\":\"https:\\\/\\\/secure.gravatar.com\\\/avatar\\\/3ea2118a5f7dad2b7138b1187a6b7ee55f160b9968b66013c3a3ef39dd7e5798?s=96&d=mm&r=g\",\"url\":\"https:\\\/\\\/secure.gravatar.com\\\/avatar\\\/3ea2118a5f7dad2b7138b1187a6b7ee55f160b9968b66013c3a3ef39dd7e5798?s=96&d=mm&r=g\",\"contentUrl\":\"https:\\\/\\\/secure.gravatar.com\\\/avatar\\\/3ea2118a5f7dad2b7138b1187a6b7ee55f160b9968b66013c3a3ef39dd7e5798?s=96&d=mm&r=g\",\"caption\":\"Jeanette\"},\"sameAs\":[\"https:\\\/\\\/www.eldiario.net\\\/portal\"],\"url\":\"https:\\\/\\\/www.eldiario.net\\\/portal\\\/author\\\/jeanette\\\/\"}]}<\/script>\n<!-- \/ Yoast SEO plugin. -->","yoast_head_json":{"title":"Iglesia pide aplicar reformas en la justicia antes del inicio de juicios - El Diario - Bolivia","robots":{"index":"index","follow":"follow","max-snippet":"max-snippet:-1","max-image-preview":"max-image-preview:large","max-video-preview":"max-video-preview:-1"},"canonical":"https:\/\/www.eldiario.net\/portal\/2021\/08\/21\/iglesia-pide-aplicar-reformas-en-la-justicia-antes-del-inicio-de-juicios\/","og_locale":"es_ES","og_type":"article","og_title":"Iglesia pide aplicar reformas en la justicia antes del inicio de juicios - El Diario - Bolivia","og_description":"El arzobispo em\u00e9rito de Sucre, monse\u00f1or Jes\u00fas Ju\u00e1rez, se\u00f1al\u00f3 que antes de pensar en la posibilidad de iniciar juicios de responsabilidades contra exautoridades, se debe priorizar las reformas en el \u00d3rgano Judicial, pues solo de esta forma se garantizan procesos transparentes. El representante de la Iglesia Cat\u00f3lica manifest\u00f3 que ante las actuales circunstancias es preciso [&hellip;]","og_url":"https:\/\/www.eldiario.net\/portal\/2021\/08\/21\/iglesia-pide-aplicar-reformas-en-la-justicia-antes-del-inicio-de-juicios\/","og_site_name":"El Diario - Bolivia","article_publisher":"https:\/\/www.facebook.com\/eldiario.bolivia\/","article_published_time":"2021-08-21T10:26:39+00:00","author":"Jeanette","twitter_card":"summary_large_image","twitter_creator":"@eldiario_net","twitter_site":"@eldiario_net","twitter_misc":{"Escrito por":"Jeanette","Tiempo de lectura":"2 minutos"},"schema":{"@context":"https:\/\/schema.org","@graph":[{"@type":"Article","@id":"https:\/\/www.eldiario.net\/portal\/2021\/08\/21\/iglesia-pide-aplicar-reformas-en-la-justicia-antes-del-inicio-de-juicios\/#article","isPartOf":{"@id":"https:\/\/www.eldiario.net\/portal\/2021\/08\/21\/iglesia-pide-aplicar-reformas-en-la-justicia-antes-del-inicio-de-juicios\/"},"author":{"name":"Jeanette","@id":"https:\/\/www.eldiario.net\/portal\/#\/schema\/person\/f46445640444750d7d753ccd04ae01b7"},"headline":"Iglesia pide aplicar reformas en la justicia antes del inicio de juicios","datePublished":"2021-08-21T10:26:39+00:00","mainEntityOfPage":{"@id":"https:\/\/www.eldiario.net\/portal\/2021\/08\/21\/iglesia-pide-aplicar-reformas-en-la-justicia-antes-del-inicio-de-juicios\/"},"wordCount":421,"publisher":{"@id":"https:\/\/www.eldiario.net\/portal\/#organization"},"image":{"@id":"https:\/\/www.eldiario.net\/portal\/2021\/08\/21\/iglesia-pide-aplicar-reformas-en-la-justicia-antes-del-inicio-de-juicios\/#primaryimage"},"thumbnailUrl":"","articleSection":["Pol\u00edtica"],"inLanguage":"es"},{"@type":"WebPage","@id":"https:\/\/www.eldiario.net\/portal\/2021\/08\/21\/iglesia-pide-aplicar-reformas-en-la-justicia-antes-del-inicio-de-juicios\/","url":"https:\/\/www.eldiario.net\/portal\/2021\/08\/21\/iglesia-pide-aplicar-reformas-en-la-justicia-antes-del-inicio-de-juicios\/","name":"Iglesia pide aplicar reformas en la justicia antes del inicio de juicios - El Diario - Bolivia","isPartOf":{"@id":"https:\/\/www.eldiario.net\/portal\/#website"},"primaryImageOfPage":{"@id":"https:\/\/www.eldiario.net\/portal\/2021\/08\/21\/iglesia-pide-aplicar-reformas-en-la-justicia-antes-del-inicio-de-juicios\/#primaryimage"},"image":{"@id":"https:\/\/www.eldiario.net\/portal\/2021\/08\/21\/iglesia-pide-aplicar-reformas-en-la-justicia-antes-del-inicio-de-juicios\/#primaryimage"},"thumbnailUrl":"","datePublished":"2021-08-21T10:26:39+00:00","breadcrumb":{"@id":"https:\/\/www.eldiario.net\/portal\/2021\/08\/21\/iglesia-pide-aplicar-reformas-en-la-justicia-antes-del-inicio-de-juicios\/#breadcrumb"},"inLanguage":"es","potentialAction":[{"@type":"ReadAction","target":["https:\/\/www.eldiario.net\/portal\/2021\/08\/21\/iglesia-pide-aplicar-reformas-en-la-justicia-antes-del-inicio-de-juicios\/"]}]},{"@type":"ImageObject","inLanguage":"es","@id":"https:\/\/www.eldiario.net\/portal\/2021\/08\/21\/iglesia-pide-aplicar-reformas-en-la-justicia-antes-del-inicio-de-juicios\/#primaryimage","url":"","contentUrl":""},{"@type":"BreadcrumbList","@id":"https:\/\/www.eldiario.net\/portal\/2021\/08\/21\/iglesia-pide-aplicar-reformas-en-la-justicia-antes-del-inicio-de-juicios\/#breadcrumb","itemListElement":[{"@type":"ListItem","position":1,"name":"Portada","item":"https:\/\/www.eldiario.net\/portal\/"},{"@type":"ListItem","position":2,"name":"Iglesia pide aplicar reformas en la justicia antes del inicio de juicios"}]},{"@type":"WebSite","@id":"https:\/\/www.eldiario.net\/portal\/#website","url":"https:\/\/www.eldiario.net\/portal\/","name":"El Diario - Decano de la prensa nacional","description":"El Diario - Decano de la prensa nacional","publisher":{"@id":"https:\/\/www.eldiario.net\/portal\/#organization"},"potentialAction":[{"@type":"SearchAction","target":{"@type":"EntryPoint","urlTemplate":"https:\/\/www.eldiario.net\/portal\/?s={search_term_string}"},"query-input":{"@type":"PropertyValueSpecification","valueRequired":true,"valueName":"search_term_string"}}],"inLanguage":"es"},{"@type":"Organization","@id":"https:\/\/www.eldiario.net\/portal\/#organization","name":"El Diario - Decano de la prensa nacional","url":"https:\/\/www.eldiario.net\/portal\/","logo":{"@type":"ImageObject","inLanguage":"es","@id":"https:\/\/www.eldiario.net\/portal\/#\/schema\/logo\/image\/","url":"https:\/\/www.eldiario.net\/portal\/wp-content\/uploads\/2023\/07\/logo_ED.jpg","contentUrl":"https:\/\/www.eldiario.net\/portal\/wp-content\/uploads\/2023\/07\/logo_ED.jpg","width":272,"height":52,"caption":"El Diario - Decano de la prensa nacional"},"image":{"@id":"https:\/\/www.eldiario.net\/portal\/#\/schema\/logo\/image\/"},"sameAs":["https:\/\/www.facebook.com\/eldiario.bolivia\/","https:\/\/x.com\/eldiario_net"]},{"@type":"Person","@id":"https:\/\/www.eldiario.net\/portal\/#\/schema\/person\/f46445640444750d7d753ccd04ae01b7","name":"Jeanette","image":{"@type":"ImageObject","inLanguage":"es","@id":"https:\/\/secure.gravatar.com\/avatar\/3ea2118a5f7dad2b7138b1187a6b7ee55f160b9968b66013c3a3ef39dd7e5798?s=96&d=mm&r=g","url":"https:\/\/secure.gravatar.com\/avatar\/3ea2118a5f7dad2b7138b1187a6b7ee55f160b9968b66013c3a3ef39dd7e5798?s=96&d=mm&r=g","contentUrl":"https:\/\/secure.gravatar.com\/avatar\/3ea2118a5f7dad2b7138b1187a6b7ee55f160b9968b66013c3a3ef39dd7e5798?s=96&d=mm&r=g","caption":"Jeanette"},"sameAs":["https:\/\/www.eldiario.net\/portal"],"url":"https:\/\/www.eldiario.net\/portal\/author\/jeanette\/"}]}},"_links":{"self":[{"href":"https:\/\/www.eldiario.net\/portal\/wp-json\/wp\/v2\/posts\/24788","targetHints":{"allow":["GET"]}}],"collection":[{"href":"https:\/\/www.eldiario.net\/portal\/wp-json\/wp\/v2\/posts"}],"about":[{"href":"https:\/\/www.eldiario.net\/portal\/wp-json\/wp\/v2\/types\/post"}],"author":[{"embeddable":true,"href":"https:\/\/www.eldiario.net\/portal\/wp-json\/wp\/v2\/users\/1"}],"replies":[{"embeddable":true,"href":"https:\/\/www.eldiario.net\/portal\/wp-json\/wp\/v2\/comments?post=24788"}],"version-history":[{"count":0,"href":"https:\/\/www.eldiario.net\/portal\/wp-json\/wp\/v2\/posts\/24788\/revisions"}],"wp:attachment":[{"href":"https:\/\/www.eldiario.net\/portal\/wp-json\/wp\/v2\/media?parent=24788"}],"wp:term":[{"taxonomy":"category","embeddable":true,"href":"https:\/\/www.eldiario.net\/portal\/wp-json\/wp\/v2\/categories?post=24788"},{"taxonomy":"post_tag","embeddable":true,"href":"https:\/\/www.eldiario.net\/portal\/wp-json\/wp\/v2\/tags?post=24788"}],"curies":[{"name":"wp","href":"https:\/\/api.w.org\/{rel}","templated":true}]}}