{"id":24785,"date":"2021-08-21T06:25:41","date_gmt":"2021-08-21T10:25:41","guid":{"rendered":"https:\/\/www.eldiario.net\/portal\/?p=24785"},"modified":"2021-08-21T06:25:41","modified_gmt":"2021-08-21T10:25:41","slug":"quiroga-si-anez-fue-de-facto-informe-del-giei-seria-de-facto","status":"publish","type":"post","link":"https:\/\/www.eldiario.net\/portal\/2021\/08\/21\/quiroga-si-anez-fue-de-facto-informe-del-giei-seria-de-facto\/","title":{"rendered":"Quiroga: \u201cSi A\u00f1ez fue de facto,  informe del GIEI ser\u00eda de facto\u201d"},"content":{"rendered":"<p>El expresidente Jorge Quiroga Ram\u00edrez cuestion\u00f3 las versiones oficialistas que se\u00f1alan al informe del Grupo Interdisciplinario de Expertos Independientes (GIEI) como una prueba que sustenta la teor\u00eda del supuesto golpe de Estado en 2019, pues en el documento final se puntualiza que la presencia de la delegaci\u00f3n de expertos en el pa\u00eds se debe a un acuerdo con el Gobierno interino de Bolivia.<br \/>\nEl exmandatario sostuvo que los reiterados discursos oficialistas que postulan la teor\u00eda del golpe de Estado en 2019 y que en los \u00faltimos d\u00edas se\u00f1alan que el informe del GIEI comprueba este discurso son una mentira.<br \/>\nQuiroga se\u00f1al\u00f3 que esto se puede comprobar en el origen y las razones por las que el grupo enviado por la Comisi\u00f3n Interamericana de Derechos Humanos realiz\u00f3 el trabajo de investigar los hechos de violencia registrados en el pa\u00eds en 2019.<br \/>\nDestac\u00f3 que en varias partes del informe presentado, d\u00edas atr\u00e1s, al Estado boliviano, se hace referencia a que su trabajo fue posible gracias a un convenio entre la CIDH y el gobierno interino de Bolivia, por lo que negar la constitucionalidad de la gesti\u00f3n transitoria ser\u00eda negar la legalidad de este estudio.<br \/>\n\u201cMienten los que dicen que informe Grupo Interdisciplinario de Expertos Independientes de la CIDH demuestra un \u2018golpe\u2019. En la p\u00e1gina 12 se destaca que GIEI fue creado por acuerdo con el \u2018gobierno interino\u2019, expresi\u00f3n que se repite recurrentemente en el informe. Si A\u00f1ez fue \u2018de facto\u2019, este informe del GIEI Bolivia ser\u00eda de facto\u201d, manifest\u00f3 Quiroga mediante su cuenta de Twitter.<br \/>\nEn los antecedentes del informe presentado se se\u00f1ala que \u201cEl 10 de diciembre de 2019, mediante nota diplom\u00e1tica, el gobierno interino expres\u00f3 su conformidad con la realizaci\u00f3n de una investigaci\u00f3n internacional imparcial que determinar\u00e1 y calificar\u00e1 los hechos de violencia ocurridos en Bolivia\u201d, indica el documento.<br \/>\nDurante el acto de entrega del informe del GIEI el presidente Luis Arce manifest\u00f3 que con este documento se comprueba que el 2019 se produjo un golpe de Estado.<br \/>\n\u201cLos hechos y argumentos legales de este documento demuestran con claridad que en nuestro Estado Plurinacional de Bolivia se dio un golpe de Estado, que hubo graves violaciones a los derechos humanos, que se perpetraron masacres y ejecuciones extrajudiciales por parte del gobierno de facto\u201d, expres\u00f3 Arce el pasado martes.<\/p>\n","protected":false},"excerpt":{"rendered":"<p>El expresidente Jorge Quiroga Ram\u00edrez cuestion\u00f3 las versiones oficialistas que se\u00f1alan al informe del Grupo Interdisciplinario de Expertos Independientes (GIEI) como una prueba que sustenta la teor\u00eda del supuesto golpe de Estado en 2019, pues en el documento final se puntualiza que la presencia de la delegaci\u00f3n de expertos en el pa\u00eds se debe a [&hellip;]<\/p>\n","protected":false},"author":1,"featured_media":24786,"comment_status":"closed","ping_status":"closed","sticky":false,"template":"","format":"standard","meta":{"_acf_changed":false,"footnotes":""},"categories":[14],"tags":[],"class_list":["post-24785","post","type-post","status-publish","format-standard","has-post-thumbnail","category-politica"],"acf":{"antetitulo":""},"yoast_head":"<!-- This site is optimized with the Yoast SEO plugin v28.4 - https:\/\/yoast.com\/product\/yoast-seo-wordpress\/ -->\n<title>Quiroga: \u201cSi A\u00f1ez fue de facto, informe del GIEI ser\u00eda de facto\u201d - El Diario - Bolivia<\/title>\n<meta name=\"robots\" content=\"index, follow, max-snippet:-1, max-image-preview:large, max-video-preview:-1\" \/>\n<link rel=\"canonical\" href=\"https:\/\/www.eldiario.net\/portal\/2021\/08\/21\/quiroga-si-anez-fue-de-facto-informe-del-giei-seria-de-facto\/\" \/>\n<meta property=\"og:locale\" content=\"es_ES\" \/>\n<meta property=\"og:type\" content=\"article\" \/>\n<meta property=\"og:title\" content=\"Quiroga: \u201cSi A\u00f1ez fue de facto, informe del GIEI ser\u00eda de facto\u201d - El Diario - Bolivia\" \/>\n<meta property=\"og:description\" content=\"El expresidente Jorge Quiroga Ram\u00edrez cuestion\u00f3 las versiones oficialistas que se\u00f1alan al informe del Grupo Interdisciplinario de Expertos Independientes (GIEI) como una prueba que sustenta la teor\u00eda del supuesto golpe de Estado en 2019, pues en el documento final se puntualiza que la presencia de la delegaci\u00f3n de expertos en el pa\u00eds se debe a [&hellip;]\" \/>\n<meta property=\"og:url\" content=\"https:\/\/www.eldiario.net\/portal\/2021\/08\/21\/quiroga-si-anez-fue-de-facto-informe-del-giei-seria-de-facto\/\" \/>\n<meta property=\"og:site_name\" content=\"El Diario - Bolivia\" \/>\n<meta property=\"article:publisher\" content=\"https:\/\/www.facebook.com\/eldiario.bolivia\/\" \/>\n<meta property=\"article:published_time\" content=\"2021-08-21T10:25:41+00:00\" \/>\n<meta name=\"author\" content=\"Jeanette\" \/>\n<meta name=\"twitter:card\" content=\"summary_large_image\" \/>\n<meta name=\"twitter:creator\" content=\"@eldiario_net\" \/>\n<meta name=\"twitter:site\" content=\"@eldiario_net\" \/>\n<meta name=\"twitter:label1\" content=\"Escrito por\" \/>\n\t<meta name=\"twitter:data1\" content=\"Jeanette\" \/>\n\t<meta name=\"twitter:label2\" content=\"Tiempo de lectura\" \/>\n\t<meta name=\"twitter:data2\" content=\"2 minutos\" \/>\n<script type=\"application\/ld+json\" class=\"yoast-schema-graph\">{\"@context\":\"https:\\\/\\\/schema.org\",\"@graph\":[{\"@type\":\"Article\",\"@id\":\"https:\\\/\\\/www.eldiario.net\\\/portal\\\/2021\\\/08\\\/21\\\/quiroga-si-anez-fue-de-facto-informe-del-giei-seria-de-facto\\\/#article\",\"isPartOf\":{\"@id\":\"https:\\\/\\\/www.eldiario.net\\\/portal\\\/2021\\\/08\\\/21\\\/quiroga-si-anez-fue-de-facto-informe-del-giei-seria-de-facto\\\/\"},\"author\":{\"name\":\"Jeanette\",\"@id\":\"https:\\\/\\\/www.eldiario.net\\\/portal\\\/#\\\/schema\\\/person\\\/f46445640444750d7d753ccd04ae01b7\"},\"headline\":\"Quiroga: \u201cSi A\u00f1ez fue de facto, informe del GIEI ser\u00eda de facto\u201d\",\"datePublished\":\"2021-08-21T10:25:41+00:00\",\"mainEntityOfPage\":{\"@id\":\"https:\\\/\\\/www.eldiario.net\\\/portal\\\/2021\\\/08\\\/21\\\/quiroga-si-anez-fue-de-facto-informe-del-giei-seria-de-facto\\\/\"},\"wordCount\":408,\"publisher\":{\"@id\":\"https:\\\/\\\/www.eldiario.net\\\/portal\\\/#organization\"},\"image\":{\"@id\":\"https:\\\/\\\/www.eldiario.net\\\/portal\\\/2021\\\/08\\\/21\\\/quiroga-si-anez-fue-de-facto-informe-del-giei-seria-de-facto\\\/#primaryimage\"},\"thumbnailUrl\":\"\",\"articleSection\":[\"Pol\u00edtica\"],\"inLanguage\":\"es\"},{\"@type\":\"WebPage\",\"@id\":\"https:\\\/\\\/www.eldiario.net\\\/portal\\\/2021\\\/08\\\/21\\\/quiroga-si-anez-fue-de-facto-informe-del-giei-seria-de-facto\\\/\",\"url\":\"https:\\\/\\\/www.eldiario.net\\\/portal\\\/2021\\\/08\\\/21\\\/quiroga-si-anez-fue-de-facto-informe-del-giei-seria-de-facto\\\/\",\"name\":\"Quiroga: \u201cSi A\u00f1ez fue de facto, informe del GIEI ser\u00eda de facto\u201d - El Diario - Bolivia\",\"isPartOf\":{\"@id\":\"https:\\\/\\\/www.eldiario.net\\\/portal\\\/#website\"},\"primaryImageOfPage\":{\"@id\":\"https:\\\/\\\/www.eldiario.net\\\/portal\\\/2021\\\/08\\\/21\\\/quiroga-si-anez-fue-de-facto-informe-del-giei-seria-de-facto\\\/#primaryimage\"},\"image\":{\"@id\":\"https:\\\/\\\/www.eldiario.net\\\/portal\\\/2021\\\/08\\\/21\\\/quiroga-si-anez-fue-de-facto-informe-del-giei-seria-de-facto\\\/#primaryimage\"},\"thumbnailUrl\":\"\",\"datePublished\":\"2021-08-21T10:25:41+00:00\",\"breadcrumb\":{\"@id\":\"https:\\\/\\\/www.eldiario.net\\\/portal\\\/2021\\\/08\\\/21\\\/quiroga-si-anez-fue-de-facto-informe-del-giei-seria-de-facto\\\/#breadcrumb\"},\"inLanguage\":\"es\",\"potentialAction\":[{\"@type\":\"ReadAction\",\"target\":[\"https:\\\/\\\/www.eldiario.net\\\/portal\\\/2021\\\/08\\\/21\\\/quiroga-si-anez-fue-de-facto-informe-del-giei-seria-de-facto\\\/\"]}]},{\"@type\":\"ImageObject\",\"inLanguage\":\"es\",\"@id\":\"https:\\\/\\\/www.eldiario.net\\\/portal\\\/2021\\\/08\\\/21\\\/quiroga-si-anez-fue-de-facto-informe-del-giei-seria-de-facto\\\/#primaryimage\",\"url\":\"\",\"contentUrl\":\"\"},{\"@type\":\"BreadcrumbList\",\"@id\":\"https:\\\/\\\/www.eldiario.net\\\/portal\\\/2021\\\/08\\\/21\\\/quiroga-si-anez-fue-de-facto-informe-del-giei-seria-de-facto\\\/#breadcrumb\",\"itemListElement\":[{\"@type\":\"ListItem\",\"position\":1,\"name\":\"Portada\",\"item\":\"https:\\\/\\\/www.eldiario.net\\\/portal\\\/\"},{\"@type\":\"ListItem\",\"position\":2,\"name\":\"Quiroga: \u201cSi A\u00f1ez fue de facto, informe del GIEI ser\u00eda de facto\u201d\"}]},{\"@type\":\"WebSite\",\"@id\":\"https:\\\/\\\/www.eldiario.net\\\/portal\\\/#website\",\"url\":\"https:\\\/\\\/www.eldiario.net\\\/portal\\\/\",\"name\":\"El Diario - Decano de la prensa nacional\",\"description\":\"El Diario - Decano de la prensa nacional\",\"publisher\":{\"@id\":\"https:\\\/\\\/www.eldiario.net\\\/portal\\\/#organization\"},\"potentialAction\":[{\"@type\":\"SearchAction\",\"target\":{\"@type\":\"EntryPoint\",\"urlTemplate\":\"https:\\\/\\\/www.eldiario.net\\\/portal\\\/?s={search_term_string}\"},\"query-input\":{\"@type\":\"PropertyValueSpecification\",\"valueRequired\":true,\"valueName\":\"search_term_string\"}}],\"inLanguage\":\"es\"},{\"@type\":\"Organization\",\"@id\":\"https:\\\/\\\/www.eldiario.net\\\/portal\\\/#organization\",\"name\":\"El Diario - Decano de la prensa nacional\",\"url\":\"https:\\\/\\\/www.eldiario.net\\\/portal\\\/\",\"logo\":{\"@type\":\"ImageObject\",\"inLanguage\":\"es\",\"@id\":\"https:\\\/\\\/www.eldiario.net\\\/portal\\\/#\\\/schema\\\/logo\\\/image\\\/\",\"url\":\"https:\\\/\\\/www.eldiario.net\\\/portal\\\/wp-content\\\/uploads\\\/2023\\\/07\\\/logo_ED.jpg\",\"contentUrl\":\"https:\\\/\\\/www.eldiario.net\\\/portal\\\/wp-content\\\/uploads\\\/2023\\\/07\\\/logo_ED.jpg\",\"width\":272,\"height\":52,\"caption\":\"El Diario - Decano de la prensa nacional\"},\"image\":{\"@id\":\"https:\\\/\\\/www.eldiario.net\\\/portal\\\/#\\\/schema\\\/logo\\\/image\\\/\"},\"sameAs\":[\"https:\\\/\\\/www.facebook.com\\\/eldiario.bolivia\\\/\",\"https:\\\/\\\/x.com\\\/eldiario_net\"]},{\"@type\":\"Person\",\"@id\":\"https:\\\/\\\/www.eldiario.net\\\/portal\\\/#\\\/schema\\\/person\\\/f46445640444750d7d753ccd04ae01b7\",\"name\":\"Jeanette\",\"image\":{\"@type\":\"ImageObject\",\"inLanguage\":\"es\",\"@id\":\"https:\\\/\\\/secure.gravatar.com\\\/avatar\\\/3ea2118a5f7dad2b7138b1187a6b7ee55f160b9968b66013c3a3ef39dd7e5798?s=96&d=mm&r=g\",\"url\":\"https:\\\/\\\/secure.gravatar.com\\\/avatar\\\/3ea2118a5f7dad2b7138b1187a6b7ee55f160b9968b66013c3a3ef39dd7e5798?s=96&d=mm&r=g\",\"contentUrl\":\"https:\\\/\\\/secure.gravatar.com\\\/avatar\\\/3ea2118a5f7dad2b7138b1187a6b7ee55f160b9968b66013c3a3ef39dd7e5798?s=96&d=mm&r=g\",\"caption\":\"Jeanette\"},\"sameAs\":[\"https:\\\/\\\/www.eldiario.net\\\/portal\"],\"url\":\"https:\\\/\\\/www.eldiario.net\\\/portal\\\/author\\\/jeanette\\\/\"}]}<\/script>\n<!-- \/ Yoast SEO plugin. -->","yoast_head_json":{"title":"Quiroga: \u201cSi A\u00f1ez fue de facto, informe del GIEI ser\u00eda de facto\u201d - El Diario - Bolivia","robots":{"index":"index","follow":"follow","max-snippet":"max-snippet:-1","max-image-preview":"max-image-preview:large","max-video-preview":"max-video-preview:-1"},"canonical":"https:\/\/www.eldiario.net\/portal\/2021\/08\/21\/quiroga-si-anez-fue-de-facto-informe-del-giei-seria-de-facto\/","og_locale":"es_ES","og_type":"article","og_title":"Quiroga: \u201cSi A\u00f1ez fue de facto, informe del GIEI ser\u00eda de facto\u201d - El Diario - Bolivia","og_description":"El expresidente Jorge Quiroga Ram\u00edrez cuestion\u00f3 las versiones oficialistas que se\u00f1alan al informe del Grupo Interdisciplinario de Expertos Independientes (GIEI) como una prueba que sustenta la teor\u00eda del supuesto golpe de Estado en 2019, pues en el documento final se puntualiza que la presencia de la delegaci\u00f3n de expertos en el pa\u00eds se debe a [&hellip;]","og_url":"https:\/\/www.eldiario.net\/portal\/2021\/08\/21\/quiroga-si-anez-fue-de-facto-informe-del-giei-seria-de-facto\/","og_site_name":"El Diario - Bolivia","article_publisher":"https:\/\/www.facebook.com\/eldiario.bolivia\/","article_published_time":"2021-08-21T10:25:41+00:00","author":"Jeanette","twitter_card":"summary_large_image","twitter_creator":"@eldiario_net","twitter_site":"@eldiario_net","twitter_misc":{"Escrito por":"Jeanette","Tiempo de lectura":"2 minutos"},"schema":{"@context":"https:\/\/schema.org","@graph":[{"@type":"Article","@id":"https:\/\/www.eldiario.net\/portal\/2021\/08\/21\/quiroga-si-anez-fue-de-facto-informe-del-giei-seria-de-facto\/#article","isPartOf":{"@id":"https:\/\/www.eldiario.net\/portal\/2021\/08\/21\/quiroga-si-anez-fue-de-facto-informe-del-giei-seria-de-facto\/"},"author":{"name":"Jeanette","@id":"https:\/\/www.eldiario.net\/portal\/#\/schema\/person\/f46445640444750d7d753ccd04ae01b7"},"headline":"Quiroga: \u201cSi A\u00f1ez fue de facto, informe del GIEI ser\u00eda de facto\u201d","datePublished":"2021-08-21T10:25:41+00:00","mainEntityOfPage":{"@id":"https:\/\/www.eldiario.net\/portal\/2021\/08\/21\/quiroga-si-anez-fue-de-facto-informe-del-giei-seria-de-facto\/"},"wordCount":408,"publisher":{"@id":"https:\/\/www.eldiario.net\/portal\/#organization"},"image":{"@id":"https:\/\/www.eldiario.net\/portal\/2021\/08\/21\/quiroga-si-anez-fue-de-facto-informe-del-giei-seria-de-facto\/#primaryimage"},"thumbnailUrl":"","articleSection":["Pol\u00edtica"],"inLanguage":"es"},{"@type":"WebPage","@id":"https:\/\/www.eldiario.net\/portal\/2021\/08\/21\/quiroga-si-anez-fue-de-facto-informe-del-giei-seria-de-facto\/","url":"https:\/\/www.eldiario.net\/portal\/2021\/08\/21\/quiroga-si-anez-fue-de-facto-informe-del-giei-seria-de-facto\/","name":"Quiroga: \u201cSi A\u00f1ez fue de facto, informe del GIEI ser\u00eda de facto\u201d - El Diario - Bolivia","isPartOf":{"@id":"https:\/\/www.eldiario.net\/portal\/#website"},"primaryImageOfPage":{"@id":"https:\/\/www.eldiario.net\/portal\/2021\/08\/21\/quiroga-si-anez-fue-de-facto-informe-del-giei-seria-de-facto\/#primaryimage"},"image":{"@id":"https:\/\/www.eldiario.net\/portal\/2021\/08\/21\/quiroga-si-anez-fue-de-facto-informe-del-giei-seria-de-facto\/#primaryimage"},"thumbnailUrl":"","datePublished":"2021-08-21T10:25:41+00:00","breadcrumb":{"@id":"https:\/\/www.eldiario.net\/portal\/2021\/08\/21\/quiroga-si-anez-fue-de-facto-informe-del-giei-seria-de-facto\/#breadcrumb"},"inLanguage":"es","potentialAction":[{"@type":"ReadAction","target":["https:\/\/www.eldiario.net\/portal\/2021\/08\/21\/quiroga-si-anez-fue-de-facto-informe-del-giei-seria-de-facto\/"]}]},{"@type":"ImageObject","inLanguage":"es","@id":"https:\/\/www.eldiario.net\/portal\/2021\/08\/21\/quiroga-si-anez-fue-de-facto-informe-del-giei-seria-de-facto\/#primaryimage","url":"","contentUrl":""},{"@type":"BreadcrumbList","@id":"https:\/\/www.eldiario.net\/portal\/2021\/08\/21\/quiroga-si-anez-fue-de-facto-informe-del-giei-seria-de-facto\/#breadcrumb","itemListElement":[{"@type":"ListItem","position":1,"name":"Portada","item":"https:\/\/www.eldiario.net\/portal\/"},{"@type":"ListItem","position":2,"name":"Quiroga: \u201cSi A\u00f1ez fue de facto, informe del GIEI ser\u00eda de facto\u201d"}]},{"@type":"WebSite","@id":"https:\/\/www.eldiario.net\/portal\/#website","url":"https:\/\/www.eldiario.net\/portal\/","name":"El Diario - Decano de la prensa nacional","description":"El Diario - Decano de la prensa nacional","publisher":{"@id":"https:\/\/www.eldiario.net\/portal\/#organization"},"potentialAction":[{"@type":"SearchAction","target":{"@type":"EntryPoint","urlTemplate":"https:\/\/www.eldiario.net\/portal\/?s={search_term_string}"},"query-input":{"@type":"PropertyValueSpecification","valueRequired":true,"valueName":"search_term_string"}}],"inLanguage":"es"},{"@type":"Organization","@id":"https:\/\/www.eldiario.net\/portal\/#organization","name":"El Diario - Decano de la prensa nacional","url":"https:\/\/www.eldiario.net\/portal\/","logo":{"@type":"ImageObject","inLanguage":"es","@id":"https:\/\/www.eldiario.net\/portal\/#\/schema\/logo\/image\/","url":"https:\/\/www.eldiario.net\/portal\/wp-content\/uploads\/2023\/07\/logo_ED.jpg","contentUrl":"https:\/\/www.eldiario.net\/portal\/wp-content\/uploads\/2023\/07\/logo_ED.jpg","width":272,"height":52,"caption":"El Diario - Decano de la prensa nacional"},"image":{"@id":"https:\/\/www.eldiario.net\/portal\/#\/schema\/logo\/image\/"},"sameAs":["https:\/\/www.facebook.com\/eldiario.bolivia\/","https:\/\/x.com\/eldiario_net"]},{"@type":"Person","@id":"https:\/\/www.eldiario.net\/portal\/#\/schema\/person\/f46445640444750d7d753ccd04ae01b7","name":"Jeanette","image":{"@type":"ImageObject","inLanguage":"es","@id":"https:\/\/secure.gravatar.com\/avatar\/3ea2118a5f7dad2b7138b1187a6b7ee55f160b9968b66013c3a3ef39dd7e5798?s=96&d=mm&r=g","url":"https:\/\/secure.gravatar.com\/avatar\/3ea2118a5f7dad2b7138b1187a6b7ee55f160b9968b66013c3a3ef39dd7e5798?s=96&d=mm&r=g","contentUrl":"https:\/\/secure.gravatar.com\/avatar\/3ea2118a5f7dad2b7138b1187a6b7ee55f160b9968b66013c3a3ef39dd7e5798?s=96&d=mm&r=g","caption":"Jeanette"},"sameAs":["https:\/\/www.eldiario.net\/portal"],"url":"https:\/\/www.eldiario.net\/portal\/author\/jeanette\/"}]}},"_links":{"self":[{"href":"https:\/\/www.eldiario.net\/portal\/wp-json\/wp\/v2\/posts\/24785","targetHints":{"allow":["GET"]}}],"collection":[{"href":"https:\/\/www.eldiario.net\/portal\/wp-json\/wp\/v2\/posts"}],"about":[{"href":"https:\/\/www.eldiario.net\/portal\/wp-json\/wp\/v2\/types\/post"}],"author":[{"embeddable":true,"href":"https:\/\/www.eldiario.net\/portal\/wp-json\/wp\/v2\/users\/1"}],"replies":[{"embeddable":true,"href":"https:\/\/www.eldiario.net\/portal\/wp-json\/wp\/v2\/comments?post=24785"}],"version-history":[{"count":0,"href":"https:\/\/www.eldiario.net\/portal\/wp-json\/wp\/v2\/posts\/24785\/revisions"}],"wp:attachment":[{"href":"https:\/\/www.eldiario.net\/portal\/wp-json\/wp\/v2\/media?parent=24785"}],"wp:term":[{"taxonomy":"category","embeddable":true,"href":"https:\/\/www.eldiario.net\/portal\/wp-json\/wp\/v2\/categories?post=24785"},{"taxonomy":"post_tag","embeddable":true,"href":"https:\/\/www.eldiario.net\/portal\/wp-json\/wp\/v2\/tags?post=24785"}],"curies":[{"name":"wp","href":"https:\/\/api.w.org\/{rel}","templated":true}]}}