{"id":24782,"date":"2021-08-21T06:24:56","date_gmt":"2021-08-21T10:24:56","guid":{"rendered":"https:\/\/www.eldiario.net\/portal\/?p=24782"},"modified":"2021-08-21T06:24:56","modified_gmt":"2021-08-21T10:24:56","slug":"anuncios-de-proceso-contra-hija-de-anez-solo-buscan-amedrentar","status":"publish","type":"post","link":"https:\/\/www.eldiario.net\/portal\/2021\/08\/21\/anuncios-de-proceso-contra-hija-de-anez-solo-buscan-amedrentar\/","title":{"rendered":"Anuncios de proceso contra hija  de A\u00f1ez solo buscan amedrentar"},"content":{"rendered":"<p>Ante los anuncios sobre el inicio de procesos en contra de Carolina Rivera, hija de la expresidenta Jeanine A\u00f1ez, por supuesto mal uso de donaciones durante el gobierno transitorio, el diputado por Comunidad Ciudadana (CC) Alejandro Reyes, sostuvo que con estas manifestaciones solo se busca amedrentar a una mujer que denuncia las irregularidades y la vulneraci\u00f3n de los derechos de su madre.<br \/>\nOpositores cuestionan la forma en que desde el oficialismo se anuncian medidas para intentar procesar a la hija de la exmandataria por supuestos manejos irregulares de donaciones durante la cuarentena a causa del coronavirus.<br \/>\nReyes se\u00f1al\u00f3 que la finalidad de estos anuncios es amedrentar y detener las denuncias en contra del Gobierno por vulnerar los derechos de la exmandataria al mantenerla recluida sin fundamentos y por un delito que nunca ocurri\u00f3.<br \/>\n\u201cLo que est\u00e1n tratando de hacer es amenazar a Carolina, que sufre por lo que est\u00e1 sucediendo con su madre, por la vulneraci\u00f3n de derechos y en la salud de la se\u00f1ora Jeanine A\u00f1ez y es un intento de acallarla\u201d, enfatiz\u00f3 el parlamentario.<br \/>\nDesde el oficialismo, el senador F\u00e9lix Ajpi anunci\u00f3 que los delitos por los que se anunciaron investigaciones en contra de la hija de A\u00f1ez es por el uso indebido del avi\u00f3n presidencial y por el supuesto manejo irregular de donaciones que llegaron al pa\u00eds durante la cuarentena.<br \/>\n\u201cNosotros tenemos conocimiento de que utilizaba incluso el avi\u00f3n presidencial, si no me equivoco, por sus cumplea\u00f1os, eso est\u00e1 totalmente comprobado sin que nosotros estemos en el Gobierno\u201d, dijo.<br \/>\nAjpi sostuvo que existieron esos comentarios y se espera que producto de investigaciones se logre establecer responsabilidades en los delitos por los que se acusa a la hija de la exmandataria.<br \/>\nAl respecto, el diputado Reyes agreg\u00f3 que si se desea hacer justicia y castigar el uso indebido de bienes del Estado se debe comenzar por el expresidente Morales, quien semanas atr\u00e1s fue denunciado por hacer uso particular de aeronaves destinadas a servicios sanitarios en localidades de dif\u00edcil acceso.<br \/>\n\u201cSi realmente quieren investigar la corrupci\u00f3n que empiecen por Evo Morales, no son ni tres semanas que ha utilizado un avi\u00f3n para darse la vuelta por el pa\u00eds a un costo m\u00f3dico de 10 mil bolivianos, hay que empezar a atacar la corrupci\u00f3n y que empiecen por su gobierno\u201d, exigi\u00f3 el legislador.<\/p>\n","protected":false},"excerpt":{"rendered":"<p>Ante los anuncios sobre el inicio de procesos en contra de Carolina Rivera, hija de la expresidenta Jeanine A\u00f1ez, por supuesto mal uso de donaciones durante el gobierno transitorio, el diputado por Comunidad Ciudadana (CC) Alejandro Reyes, sostuvo que con estas manifestaciones solo se busca amedrentar a una mujer que denuncia las irregularidades y la [&hellip;]<\/p>\n","protected":false},"author":1,"featured_media":24783,"comment_status":"closed","ping_status":"closed","sticky":false,"template":"","format":"standard","meta":{"_acf_changed":false,"footnotes":""},"categories":[14],"tags":[],"class_list":["post-24782","post","type-post","status-publish","format-standard","has-post-thumbnail","category-politica"],"acf":{"antetitulo":""},"yoast_head":"<!-- This site is optimized with the Yoast SEO plugin v28.4 - https:\/\/yoast.com\/product\/yoast-seo-wordpress\/ -->\n<title>Anuncios de proceso contra hija de A\u00f1ez solo buscan amedrentar - El Diario - Bolivia<\/title>\n<meta name=\"robots\" content=\"index, follow, max-snippet:-1, max-image-preview:large, max-video-preview:-1\" \/>\n<link rel=\"canonical\" href=\"https:\/\/www.eldiario.net\/portal\/2021\/08\/21\/anuncios-de-proceso-contra-hija-de-anez-solo-buscan-amedrentar\/\" \/>\n<meta property=\"og:locale\" content=\"es_ES\" \/>\n<meta property=\"og:type\" content=\"article\" \/>\n<meta property=\"og:title\" content=\"Anuncios de proceso contra hija de A\u00f1ez solo buscan amedrentar - El Diario - Bolivia\" \/>\n<meta property=\"og:description\" content=\"Ante los anuncios sobre el inicio de procesos en contra de Carolina Rivera, hija de la expresidenta Jeanine A\u00f1ez, por supuesto mal uso de donaciones durante el gobierno transitorio, el diputado por Comunidad Ciudadana (CC) Alejandro Reyes, sostuvo que con estas manifestaciones solo se busca amedrentar a una mujer que denuncia las irregularidades y la [&hellip;]\" \/>\n<meta property=\"og:url\" content=\"https:\/\/www.eldiario.net\/portal\/2021\/08\/21\/anuncios-de-proceso-contra-hija-de-anez-solo-buscan-amedrentar\/\" \/>\n<meta property=\"og:site_name\" content=\"El Diario - Bolivia\" \/>\n<meta property=\"article:publisher\" content=\"https:\/\/www.facebook.com\/eldiario.bolivia\/\" \/>\n<meta property=\"article:published_time\" content=\"2021-08-21T10:24:56+00:00\" \/>\n<meta name=\"author\" content=\"Jeanette\" \/>\n<meta name=\"twitter:card\" content=\"summary_large_image\" \/>\n<meta name=\"twitter:creator\" content=\"@eldiario_net\" \/>\n<meta name=\"twitter:site\" content=\"@eldiario_net\" \/>\n<meta name=\"twitter:label1\" content=\"Escrito por\" \/>\n\t<meta name=\"twitter:data1\" content=\"Jeanette\" \/>\n\t<meta name=\"twitter:label2\" content=\"Tiempo de lectura\" \/>\n\t<meta name=\"twitter:data2\" content=\"2 minutos\" \/>\n<script type=\"application\/ld+json\" class=\"yoast-schema-graph\">{\"@context\":\"https:\\\/\\\/schema.org\",\"@graph\":[{\"@type\":\"Article\",\"@id\":\"https:\\\/\\\/www.eldiario.net\\\/portal\\\/2021\\\/08\\\/21\\\/anuncios-de-proceso-contra-hija-de-anez-solo-buscan-amedrentar\\\/#article\",\"isPartOf\":{\"@id\":\"https:\\\/\\\/www.eldiario.net\\\/portal\\\/2021\\\/08\\\/21\\\/anuncios-de-proceso-contra-hija-de-anez-solo-buscan-amedrentar\\\/\"},\"author\":{\"name\":\"Jeanette\",\"@id\":\"https:\\\/\\\/www.eldiario.net\\\/portal\\\/#\\\/schema\\\/person\\\/f46445640444750d7d753ccd04ae01b7\"},\"headline\":\"Anuncios de proceso contra hija de A\u00f1ez solo buscan amedrentar\",\"datePublished\":\"2021-08-21T10:24:56+00:00\",\"mainEntityOfPage\":{\"@id\":\"https:\\\/\\\/www.eldiario.net\\\/portal\\\/2021\\\/08\\\/21\\\/anuncios-de-proceso-contra-hija-de-anez-solo-buscan-amedrentar\\\/\"},\"wordCount\":413,\"publisher\":{\"@id\":\"https:\\\/\\\/www.eldiario.net\\\/portal\\\/#organization\"},\"image\":{\"@id\":\"https:\\\/\\\/www.eldiario.net\\\/portal\\\/2021\\\/08\\\/21\\\/anuncios-de-proceso-contra-hija-de-anez-solo-buscan-amedrentar\\\/#primaryimage\"},\"thumbnailUrl\":\"\",\"articleSection\":[\"Pol\u00edtica\"],\"inLanguage\":\"es\"},{\"@type\":\"WebPage\",\"@id\":\"https:\\\/\\\/www.eldiario.net\\\/portal\\\/2021\\\/08\\\/21\\\/anuncios-de-proceso-contra-hija-de-anez-solo-buscan-amedrentar\\\/\",\"url\":\"https:\\\/\\\/www.eldiario.net\\\/portal\\\/2021\\\/08\\\/21\\\/anuncios-de-proceso-contra-hija-de-anez-solo-buscan-amedrentar\\\/\",\"name\":\"Anuncios de proceso contra hija de A\u00f1ez solo buscan amedrentar - El Diario - Bolivia\",\"isPartOf\":{\"@id\":\"https:\\\/\\\/www.eldiario.net\\\/portal\\\/#website\"},\"primaryImageOfPage\":{\"@id\":\"https:\\\/\\\/www.eldiario.net\\\/portal\\\/2021\\\/08\\\/21\\\/anuncios-de-proceso-contra-hija-de-anez-solo-buscan-amedrentar\\\/#primaryimage\"},\"image\":{\"@id\":\"https:\\\/\\\/www.eldiario.net\\\/portal\\\/2021\\\/08\\\/21\\\/anuncios-de-proceso-contra-hija-de-anez-solo-buscan-amedrentar\\\/#primaryimage\"},\"thumbnailUrl\":\"\",\"datePublished\":\"2021-08-21T10:24:56+00:00\",\"breadcrumb\":{\"@id\":\"https:\\\/\\\/www.eldiario.net\\\/portal\\\/2021\\\/08\\\/21\\\/anuncios-de-proceso-contra-hija-de-anez-solo-buscan-amedrentar\\\/#breadcrumb\"},\"inLanguage\":\"es\",\"potentialAction\":[{\"@type\":\"ReadAction\",\"target\":[\"https:\\\/\\\/www.eldiario.net\\\/portal\\\/2021\\\/08\\\/21\\\/anuncios-de-proceso-contra-hija-de-anez-solo-buscan-amedrentar\\\/\"]}]},{\"@type\":\"ImageObject\",\"inLanguage\":\"es\",\"@id\":\"https:\\\/\\\/www.eldiario.net\\\/portal\\\/2021\\\/08\\\/21\\\/anuncios-de-proceso-contra-hija-de-anez-solo-buscan-amedrentar\\\/#primaryimage\",\"url\":\"\",\"contentUrl\":\"\"},{\"@type\":\"BreadcrumbList\",\"@id\":\"https:\\\/\\\/www.eldiario.net\\\/portal\\\/2021\\\/08\\\/21\\\/anuncios-de-proceso-contra-hija-de-anez-solo-buscan-amedrentar\\\/#breadcrumb\",\"itemListElement\":[{\"@type\":\"ListItem\",\"position\":1,\"name\":\"Portada\",\"item\":\"https:\\\/\\\/www.eldiario.net\\\/portal\\\/\"},{\"@type\":\"ListItem\",\"position\":2,\"name\":\"Anuncios de proceso contra hija de A\u00f1ez solo buscan amedrentar\"}]},{\"@type\":\"WebSite\",\"@id\":\"https:\\\/\\\/www.eldiario.net\\\/portal\\\/#website\",\"url\":\"https:\\\/\\\/www.eldiario.net\\\/portal\\\/\",\"name\":\"El Diario - Decano de la prensa nacional\",\"description\":\"El Diario - Decano de la prensa nacional\",\"publisher\":{\"@id\":\"https:\\\/\\\/www.eldiario.net\\\/portal\\\/#organization\"},\"potentialAction\":[{\"@type\":\"SearchAction\",\"target\":{\"@type\":\"EntryPoint\",\"urlTemplate\":\"https:\\\/\\\/www.eldiario.net\\\/portal\\\/?s={search_term_string}\"},\"query-input\":{\"@type\":\"PropertyValueSpecification\",\"valueRequired\":true,\"valueName\":\"search_term_string\"}}],\"inLanguage\":\"es\"},{\"@type\":\"Organization\",\"@id\":\"https:\\\/\\\/www.eldiario.net\\\/portal\\\/#organization\",\"name\":\"El Diario - Decano de la prensa nacional\",\"url\":\"https:\\\/\\\/www.eldiario.net\\\/portal\\\/\",\"logo\":{\"@type\":\"ImageObject\",\"inLanguage\":\"es\",\"@id\":\"https:\\\/\\\/www.eldiario.net\\\/portal\\\/#\\\/schema\\\/logo\\\/image\\\/\",\"url\":\"https:\\\/\\\/www.eldiario.net\\\/portal\\\/wp-content\\\/uploads\\\/2023\\\/07\\\/logo_ED.jpg\",\"contentUrl\":\"https:\\\/\\\/www.eldiario.net\\\/portal\\\/wp-content\\\/uploads\\\/2023\\\/07\\\/logo_ED.jpg\",\"width\":272,\"height\":52,\"caption\":\"El Diario - Decano de la prensa nacional\"},\"image\":{\"@id\":\"https:\\\/\\\/www.eldiario.net\\\/portal\\\/#\\\/schema\\\/logo\\\/image\\\/\"},\"sameAs\":[\"https:\\\/\\\/www.facebook.com\\\/eldiario.bolivia\\\/\",\"https:\\\/\\\/x.com\\\/eldiario_net\"]},{\"@type\":\"Person\",\"@id\":\"https:\\\/\\\/www.eldiario.net\\\/portal\\\/#\\\/schema\\\/person\\\/f46445640444750d7d753ccd04ae01b7\",\"name\":\"Jeanette\",\"image\":{\"@type\":\"ImageObject\",\"inLanguage\":\"es\",\"@id\":\"https:\\\/\\\/secure.gravatar.com\\\/avatar\\\/3ea2118a5f7dad2b7138b1187a6b7ee55f160b9968b66013c3a3ef39dd7e5798?s=96&d=mm&r=g\",\"url\":\"https:\\\/\\\/secure.gravatar.com\\\/avatar\\\/3ea2118a5f7dad2b7138b1187a6b7ee55f160b9968b66013c3a3ef39dd7e5798?s=96&d=mm&r=g\",\"contentUrl\":\"https:\\\/\\\/secure.gravatar.com\\\/avatar\\\/3ea2118a5f7dad2b7138b1187a6b7ee55f160b9968b66013c3a3ef39dd7e5798?s=96&d=mm&r=g\",\"caption\":\"Jeanette\"},\"sameAs\":[\"https:\\\/\\\/www.eldiario.net\\\/portal\"],\"url\":\"https:\\\/\\\/www.eldiario.net\\\/portal\\\/author\\\/jeanette\\\/\"}]}<\/script>\n<!-- \/ Yoast SEO plugin. -->","yoast_head_json":{"title":"Anuncios de proceso contra hija de A\u00f1ez solo buscan amedrentar - El Diario - Bolivia","robots":{"index":"index","follow":"follow","max-snippet":"max-snippet:-1","max-image-preview":"max-image-preview:large","max-video-preview":"max-video-preview:-1"},"canonical":"https:\/\/www.eldiario.net\/portal\/2021\/08\/21\/anuncios-de-proceso-contra-hija-de-anez-solo-buscan-amedrentar\/","og_locale":"es_ES","og_type":"article","og_title":"Anuncios de proceso contra hija de A\u00f1ez solo buscan amedrentar - El Diario - Bolivia","og_description":"Ante los anuncios sobre el inicio de procesos en contra de Carolina Rivera, hija de la expresidenta Jeanine A\u00f1ez, por supuesto mal uso de donaciones durante el gobierno transitorio, el diputado por Comunidad Ciudadana (CC) Alejandro Reyes, sostuvo que con estas manifestaciones solo se busca amedrentar a una mujer que denuncia las irregularidades y la [&hellip;]","og_url":"https:\/\/www.eldiario.net\/portal\/2021\/08\/21\/anuncios-de-proceso-contra-hija-de-anez-solo-buscan-amedrentar\/","og_site_name":"El Diario - Bolivia","article_publisher":"https:\/\/www.facebook.com\/eldiario.bolivia\/","article_published_time":"2021-08-21T10:24:56+00:00","author":"Jeanette","twitter_card":"summary_large_image","twitter_creator":"@eldiario_net","twitter_site":"@eldiario_net","twitter_misc":{"Escrito por":"Jeanette","Tiempo de lectura":"2 minutos"},"schema":{"@context":"https:\/\/schema.org","@graph":[{"@type":"Article","@id":"https:\/\/www.eldiario.net\/portal\/2021\/08\/21\/anuncios-de-proceso-contra-hija-de-anez-solo-buscan-amedrentar\/#article","isPartOf":{"@id":"https:\/\/www.eldiario.net\/portal\/2021\/08\/21\/anuncios-de-proceso-contra-hija-de-anez-solo-buscan-amedrentar\/"},"author":{"name":"Jeanette","@id":"https:\/\/www.eldiario.net\/portal\/#\/schema\/person\/f46445640444750d7d753ccd04ae01b7"},"headline":"Anuncios de proceso contra hija de A\u00f1ez solo buscan amedrentar","datePublished":"2021-08-21T10:24:56+00:00","mainEntityOfPage":{"@id":"https:\/\/www.eldiario.net\/portal\/2021\/08\/21\/anuncios-de-proceso-contra-hija-de-anez-solo-buscan-amedrentar\/"},"wordCount":413,"publisher":{"@id":"https:\/\/www.eldiario.net\/portal\/#organization"},"image":{"@id":"https:\/\/www.eldiario.net\/portal\/2021\/08\/21\/anuncios-de-proceso-contra-hija-de-anez-solo-buscan-amedrentar\/#primaryimage"},"thumbnailUrl":"","articleSection":["Pol\u00edtica"],"inLanguage":"es"},{"@type":"WebPage","@id":"https:\/\/www.eldiario.net\/portal\/2021\/08\/21\/anuncios-de-proceso-contra-hija-de-anez-solo-buscan-amedrentar\/","url":"https:\/\/www.eldiario.net\/portal\/2021\/08\/21\/anuncios-de-proceso-contra-hija-de-anez-solo-buscan-amedrentar\/","name":"Anuncios de proceso contra hija de A\u00f1ez solo buscan amedrentar - El Diario - Bolivia","isPartOf":{"@id":"https:\/\/www.eldiario.net\/portal\/#website"},"primaryImageOfPage":{"@id":"https:\/\/www.eldiario.net\/portal\/2021\/08\/21\/anuncios-de-proceso-contra-hija-de-anez-solo-buscan-amedrentar\/#primaryimage"},"image":{"@id":"https:\/\/www.eldiario.net\/portal\/2021\/08\/21\/anuncios-de-proceso-contra-hija-de-anez-solo-buscan-amedrentar\/#primaryimage"},"thumbnailUrl":"","datePublished":"2021-08-21T10:24:56+00:00","breadcrumb":{"@id":"https:\/\/www.eldiario.net\/portal\/2021\/08\/21\/anuncios-de-proceso-contra-hija-de-anez-solo-buscan-amedrentar\/#breadcrumb"},"inLanguage":"es","potentialAction":[{"@type":"ReadAction","target":["https:\/\/www.eldiario.net\/portal\/2021\/08\/21\/anuncios-de-proceso-contra-hija-de-anez-solo-buscan-amedrentar\/"]}]},{"@type":"ImageObject","inLanguage":"es","@id":"https:\/\/www.eldiario.net\/portal\/2021\/08\/21\/anuncios-de-proceso-contra-hija-de-anez-solo-buscan-amedrentar\/#primaryimage","url":"","contentUrl":""},{"@type":"BreadcrumbList","@id":"https:\/\/www.eldiario.net\/portal\/2021\/08\/21\/anuncios-de-proceso-contra-hija-de-anez-solo-buscan-amedrentar\/#breadcrumb","itemListElement":[{"@type":"ListItem","position":1,"name":"Portada","item":"https:\/\/www.eldiario.net\/portal\/"},{"@type":"ListItem","position":2,"name":"Anuncios de proceso contra hija de A\u00f1ez solo buscan amedrentar"}]},{"@type":"WebSite","@id":"https:\/\/www.eldiario.net\/portal\/#website","url":"https:\/\/www.eldiario.net\/portal\/","name":"El Diario - Decano de la prensa nacional","description":"El Diario - Decano de la prensa nacional","publisher":{"@id":"https:\/\/www.eldiario.net\/portal\/#organization"},"potentialAction":[{"@type":"SearchAction","target":{"@type":"EntryPoint","urlTemplate":"https:\/\/www.eldiario.net\/portal\/?s={search_term_string}"},"query-input":{"@type":"PropertyValueSpecification","valueRequired":true,"valueName":"search_term_string"}}],"inLanguage":"es"},{"@type":"Organization","@id":"https:\/\/www.eldiario.net\/portal\/#organization","name":"El Diario - Decano de la prensa nacional","url":"https:\/\/www.eldiario.net\/portal\/","logo":{"@type":"ImageObject","inLanguage":"es","@id":"https:\/\/www.eldiario.net\/portal\/#\/schema\/logo\/image\/","url":"https:\/\/www.eldiario.net\/portal\/wp-content\/uploads\/2023\/07\/logo_ED.jpg","contentUrl":"https:\/\/www.eldiario.net\/portal\/wp-content\/uploads\/2023\/07\/logo_ED.jpg","width":272,"height":52,"caption":"El Diario - Decano de la prensa nacional"},"image":{"@id":"https:\/\/www.eldiario.net\/portal\/#\/schema\/logo\/image\/"},"sameAs":["https:\/\/www.facebook.com\/eldiario.bolivia\/","https:\/\/x.com\/eldiario_net"]},{"@type":"Person","@id":"https:\/\/www.eldiario.net\/portal\/#\/schema\/person\/f46445640444750d7d753ccd04ae01b7","name":"Jeanette","image":{"@type":"ImageObject","inLanguage":"es","@id":"https:\/\/secure.gravatar.com\/avatar\/3ea2118a5f7dad2b7138b1187a6b7ee55f160b9968b66013c3a3ef39dd7e5798?s=96&d=mm&r=g","url":"https:\/\/secure.gravatar.com\/avatar\/3ea2118a5f7dad2b7138b1187a6b7ee55f160b9968b66013c3a3ef39dd7e5798?s=96&d=mm&r=g","contentUrl":"https:\/\/secure.gravatar.com\/avatar\/3ea2118a5f7dad2b7138b1187a6b7ee55f160b9968b66013c3a3ef39dd7e5798?s=96&d=mm&r=g","caption":"Jeanette"},"sameAs":["https:\/\/www.eldiario.net\/portal"],"url":"https:\/\/www.eldiario.net\/portal\/author\/jeanette\/"}]}},"_links":{"self":[{"href":"https:\/\/www.eldiario.net\/portal\/wp-json\/wp\/v2\/posts\/24782","targetHints":{"allow":["GET"]}}],"collection":[{"href":"https:\/\/www.eldiario.net\/portal\/wp-json\/wp\/v2\/posts"}],"about":[{"href":"https:\/\/www.eldiario.net\/portal\/wp-json\/wp\/v2\/types\/post"}],"author":[{"embeddable":true,"href":"https:\/\/www.eldiario.net\/portal\/wp-json\/wp\/v2\/users\/1"}],"replies":[{"embeddable":true,"href":"https:\/\/www.eldiario.net\/portal\/wp-json\/wp\/v2\/comments?post=24782"}],"version-history":[{"count":0,"href":"https:\/\/www.eldiario.net\/portal\/wp-json\/wp\/v2\/posts\/24782\/revisions"}],"wp:attachment":[{"href":"https:\/\/www.eldiario.net\/portal\/wp-json\/wp\/v2\/media?parent=24782"}],"wp:term":[{"taxonomy":"category","embeddable":true,"href":"https:\/\/www.eldiario.net\/portal\/wp-json\/wp\/v2\/categories?post=24782"},{"taxonomy":"post_tag","embeddable":true,"href":"https:\/\/www.eldiario.net\/portal\/wp-json\/wp\/v2\/tags?post=24782"}],"curies":[{"name":"wp","href":"https:\/\/api.w.org\/{rel}","templated":true}]}}