{"id":24777,"date":"2021-08-21T06:23:02","date_gmt":"2021-08-21T10:23:02","guid":{"rendered":"https:\/\/www.eldiario.net\/portal\/?p=24777"},"modified":"2021-08-21T06:23:02","modified_gmt":"2021-08-21T10:23:02","slug":"califican-declaraciones-de-diputado-cuellar-como-misoginas-y-de-odio","status":"publish","type":"post","link":"https:\/\/www.eldiario.net\/portal\/2021\/08\/21\/califican-declaraciones-de-diputado-cuellar-como-misoginas-y-de-odio\/","title":{"rendered":"Califican declaraciones de diputado  Cuellar como mis\u00f3ginas y de odio"},"content":{"rendered":"<p>Luego de las declaraciones expresadas por el diputado Rolando Cuellar del Movimiento al Socialismo (MAS) sobre el tratamiento que recibe la expresidenta Jeanine A\u00f1ez en el penal, donde se encuentra recluida, la diputada por Comunidad Ciudadana (CC) Luisa Nayar, cuestion\u00f3 los conocimientos de su colega sobre la Constituci\u00f3n y las leyes que garantizan los derechos de los ciudadanos y sostuvo que desde el partido azul solo se busca venganza.<br \/>\nDesde su cuenta de Twitter, la parlamentaria conden\u00f3 las palabras de Cuellar por considerar que se tratan de manifestaciones llenas de odio y que solo buscan venganza y destrucci\u00f3n.<br \/>\nNayar, adem\u00e1s, cuestion\u00f3 el desconocimiento de normas que garantizan los derechos de todo ciudadano, por parte del diputado Cuellar, hecho que indica que desde el partido gobernante no se tienen intenciones de alcanzar justicia.<br \/>\n\u201cAdem\u00e1s de no entender de leyes y derechos y desconocer la Constituci\u00f3n, los masistas como Cuellar muestran que no buscan justicia, y que s\u00f3lo los motiva el odio, la misoginia y la necesidad de destruir\u201d, manifest\u00f3 la parlamentaria.<br \/>\nEstas posiciones surgen por los comentarios expresados por el diputado Cuellar acerca de la detenci\u00f3n de la expresidenta Jeanine A\u00f1ez, cuestionando a las personas que exigen su liberaci\u00f3n y pueda defenderse en libertad. \u201c\u00bfC\u00f3mo quieren que tratemos a una asesina?\u201d, dijo.<br \/>\nEl parlamentario sostuvo que A\u00f1ez goza de todas las garant\u00edas estipuladas por ley y recibe los cuidados m\u00e9dicos necesarios que requiere en el penal donde guarda reclusi\u00f3n.<br \/>\nAdem\u00e1s, destac\u00f3 el rol de la Fiscal\u00eda por no dejarla salir de la detenci\u00f3n preventiva que enfrenta. \u201cYo creo que la se\u00f1ora A\u00f1ez se est\u00e1 haciendo la enferma para irse con medidas sustitutivas\u201d, manifest\u00f3.<\/p>\n","protected":false},"excerpt":{"rendered":"<p>Luego de las declaraciones expresadas por el diputado Rolando Cuellar del Movimiento al Socialismo (MAS) sobre el tratamiento que recibe la expresidenta Jeanine A\u00f1ez en el penal, donde se encuentra recluida, la diputada por Comunidad Ciudadana (CC) Luisa Nayar, cuestion\u00f3 los conocimientos de su colega sobre la Constituci\u00f3n y las leyes que garantizan los derechos [&hellip;]<\/p>\n","protected":false},"author":1,"featured_media":0,"comment_status":"closed","ping_status":"closed","sticky":false,"template":"","format":"standard","meta":{"_acf_changed":false,"footnotes":""},"categories":[14],"tags":[],"class_list":["post-24777","post","type-post","status-publish","format-standard","category-politica"],"acf":{"antetitulo":""},"yoast_head":"<!-- This site is optimized with the Yoast SEO plugin v28.4 - https:\/\/yoast.com\/product\/yoast-seo-wordpress\/ -->\n<title>Califican declaraciones de diputado Cuellar como mis\u00f3ginas y de odio - El Diario - Bolivia<\/title>\n<meta name=\"robots\" content=\"index, follow, max-snippet:-1, max-image-preview:large, max-video-preview:-1\" \/>\n<link rel=\"canonical\" href=\"https:\/\/www.eldiario.net\/portal\/2021\/08\/21\/califican-declaraciones-de-diputado-cuellar-como-misoginas-y-de-odio\/\" \/>\n<meta property=\"og:locale\" content=\"es_ES\" \/>\n<meta property=\"og:type\" content=\"article\" \/>\n<meta property=\"og:title\" content=\"Califican declaraciones de diputado Cuellar como mis\u00f3ginas y de odio - El Diario - Bolivia\" \/>\n<meta property=\"og:description\" content=\"Luego de las declaraciones expresadas por el diputado Rolando Cuellar del Movimiento al Socialismo (MAS) sobre el tratamiento que recibe la expresidenta Jeanine A\u00f1ez en el penal, donde se encuentra recluida, la diputada por Comunidad Ciudadana (CC) Luisa Nayar, cuestion\u00f3 los conocimientos de su colega sobre la Constituci\u00f3n y las leyes que garantizan los derechos [&hellip;]\" \/>\n<meta property=\"og:url\" content=\"https:\/\/www.eldiario.net\/portal\/2021\/08\/21\/califican-declaraciones-de-diputado-cuellar-como-misoginas-y-de-odio\/\" \/>\n<meta property=\"og:site_name\" content=\"El Diario - Bolivia\" \/>\n<meta property=\"article:publisher\" content=\"https:\/\/www.facebook.com\/eldiario.bolivia\/\" \/>\n<meta property=\"article:published_time\" content=\"2021-08-21T10:23:02+00:00\" \/>\n<meta name=\"author\" content=\"Jeanette\" \/>\n<meta name=\"twitter:card\" content=\"summary_large_image\" \/>\n<meta name=\"twitter:creator\" content=\"@eldiario_net\" \/>\n<meta name=\"twitter:site\" content=\"@eldiario_net\" \/>\n<meta name=\"twitter:label1\" content=\"Escrito por\" \/>\n\t<meta name=\"twitter:data1\" content=\"Jeanette\" \/>\n\t<meta name=\"twitter:label2\" content=\"Tiempo de lectura\" \/>\n\t<meta name=\"twitter:data2\" content=\"2 minutos\" \/>\n<script type=\"application\/ld+json\" class=\"yoast-schema-graph\">{\"@context\":\"https:\\\/\\\/schema.org\",\"@graph\":[{\"@type\":\"Article\",\"@id\":\"https:\\\/\\\/www.eldiario.net\\\/portal\\\/2021\\\/08\\\/21\\\/califican-declaraciones-de-diputado-cuellar-como-misoginas-y-de-odio\\\/#article\",\"isPartOf\":{\"@id\":\"https:\\\/\\\/www.eldiario.net\\\/portal\\\/2021\\\/08\\\/21\\\/califican-declaraciones-de-diputado-cuellar-como-misoginas-y-de-odio\\\/\"},\"author\":{\"name\":\"Jeanette\",\"@id\":\"https:\\\/\\\/www.eldiario.net\\\/portal\\\/#\\\/schema\\\/person\\\/f46445640444750d7d753ccd04ae01b7\"},\"headline\":\"Califican declaraciones de diputado Cuellar como mis\u00f3ginas y de odio\",\"datePublished\":\"2021-08-21T10:23:02+00:00\",\"mainEntityOfPage\":{\"@id\":\"https:\\\/\\\/www.eldiario.net\\\/portal\\\/2021\\\/08\\\/21\\\/califican-declaraciones-de-diputado-cuellar-como-misoginas-y-de-odio\\\/\"},\"wordCount\":303,\"publisher\":{\"@id\":\"https:\\\/\\\/www.eldiario.net\\\/portal\\\/#organization\"},\"articleSection\":[\"Pol\u00edtica\"],\"inLanguage\":\"es\"},{\"@type\":\"WebPage\",\"@id\":\"https:\\\/\\\/www.eldiario.net\\\/portal\\\/2021\\\/08\\\/21\\\/califican-declaraciones-de-diputado-cuellar-como-misoginas-y-de-odio\\\/\",\"url\":\"https:\\\/\\\/www.eldiario.net\\\/portal\\\/2021\\\/08\\\/21\\\/califican-declaraciones-de-diputado-cuellar-como-misoginas-y-de-odio\\\/\",\"name\":\"Califican declaraciones de diputado Cuellar como mis\u00f3ginas y de odio - El Diario - Bolivia\",\"isPartOf\":{\"@id\":\"https:\\\/\\\/www.eldiario.net\\\/portal\\\/#website\"},\"datePublished\":\"2021-08-21T10:23:02+00:00\",\"breadcrumb\":{\"@id\":\"https:\\\/\\\/www.eldiario.net\\\/portal\\\/2021\\\/08\\\/21\\\/califican-declaraciones-de-diputado-cuellar-como-misoginas-y-de-odio\\\/#breadcrumb\"},\"inLanguage\":\"es\",\"potentialAction\":[{\"@type\":\"ReadAction\",\"target\":[\"https:\\\/\\\/www.eldiario.net\\\/portal\\\/2021\\\/08\\\/21\\\/califican-declaraciones-de-diputado-cuellar-como-misoginas-y-de-odio\\\/\"]}]},{\"@type\":\"BreadcrumbList\",\"@id\":\"https:\\\/\\\/www.eldiario.net\\\/portal\\\/2021\\\/08\\\/21\\\/califican-declaraciones-de-diputado-cuellar-como-misoginas-y-de-odio\\\/#breadcrumb\",\"itemListElement\":[{\"@type\":\"ListItem\",\"position\":1,\"name\":\"Portada\",\"item\":\"https:\\\/\\\/www.eldiario.net\\\/portal\\\/\"},{\"@type\":\"ListItem\",\"position\":2,\"name\":\"Califican declaraciones de diputado Cuellar como mis\u00f3ginas y de odio\"}]},{\"@type\":\"WebSite\",\"@id\":\"https:\\\/\\\/www.eldiario.net\\\/portal\\\/#website\",\"url\":\"https:\\\/\\\/www.eldiario.net\\\/portal\\\/\",\"name\":\"El Diario - Decano de la prensa nacional\",\"description\":\"El Diario - Decano de la prensa nacional\",\"publisher\":{\"@id\":\"https:\\\/\\\/www.eldiario.net\\\/portal\\\/#organization\"},\"potentialAction\":[{\"@type\":\"SearchAction\",\"target\":{\"@type\":\"EntryPoint\",\"urlTemplate\":\"https:\\\/\\\/www.eldiario.net\\\/portal\\\/?s={search_term_string}\"},\"query-input\":{\"@type\":\"PropertyValueSpecification\",\"valueRequired\":true,\"valueName\":\"search_term_string\"}}],\"inLanguage\":\"es\"},{\"@type\":\"Organization\",\"@id\":\"https:\\\/\\\/www.eldiario.net\\\/portal\\\/#organization\",\"name\":\"El Diario - Decano de la prensa nacional\",\"url\":\"https:\\\/\\\/www.eldiario.net\\\/portal\\\/\",\"logo\":{\"@type\":\"ImageObject\",\"inLanguage\":\"es\",\"@id\":\"https:\\\/\\\/www.eldiario.net\\\/portal\\\/#\\\/schema\\\/logo\\\/image\\\/\",\"url\":\"https:\\\/\\\/www.eldiario.net\\\/portal\\\/wp-content\\\/uploads\\\/2023\\\/07\\\/logo_ED.jpg\",\"contentUrl\":\"https:\\\/\\\/www.eldiario.net\\\/portal\\\/wp-content\\\/uploads\\\/2023\\\/07\\\/logo_ED.jpg\",\"width\":272,\"height\":52,\"caption\":\"El Diario - Decano de la prensa nacional\"},\"image\":{\"@id\":\"https:\\\/\\\/www.eldiario.net\\\/portal\\\/#\\\/schema\\\/logo\\\/image\\\/\"},\"sameAs\":[\"https:\\\/\\\/www.facebook.com\\\/eldiario.bolivia\\\/\",\"https:\\\/\\\/x.com\\\/eldiario_net\"]},{\"@type\":\"Person\",\"@id\":\"https:\\\/\\\/www.eldiario.net\\\/portal\\\/#\\\/schema\\\/person\\\/f46445640444750d7d753ccd04ae01b7\",\"name\":\"Jeanette\",\"image\":{\"@type\":\"ImageObject\",\"inLanguage\":\"es\",\"@id\":\"https:\\\/\\\/secure.gravatar.com\\\/avatar\\\/3ea2118a5f7dad2b7138b1187a6b7ee55f160b9968b66013c3a3ef39dd7e5798?s=96&d=mm&r=g\",\"url\":\"https:\\\/\\\/secure.gravatar.com\\\/avatar\\\/3ea2118a5f7dad2b7138b1187a6b7ee55f160b9968b66013c3a3ef39dd7e5798?s=96&d=mm&r=g\",\"contentUrl\":\"https:\\\/\\\/secure.gravatar.com\\\/avatar\\\/3ea2118a5f7dad2b7138b1187a6b7ee55f160b9968b66013c3a3ef39dd7e5798?s=96&d=mm&r=g\",\"caption\":\"Jeanette\"},\"sameAs\":[\"https:\\\/\\\/www.eldiario.net\\\/portal\"],\"url\":\"https:\\\/\\\/www.eldiario.net\\\/portal\\\/author\\\/jeanette\\\/\"}]}<\/script>\n<!-- \/ Yoast SEO plugin. -->","yoast_head_json":{"title":"Califican declaraciones de diputado Cuellar como mis\u00f3ginas y de odio - El Diario - Bolivia","robots":{"index":"index","follow":"follow","max-snippet":"max-snippet:-1","max-image-preview":"max-image-preview:large","max-video-preview":"max-video-preview:-1"},"canonical":"https:\/\/www.eldiario.net\/portal\/2021\/08\/21\/califican-declaraciones-de-diputado-cuellar-como-misoginas-y-de-odio\/","og_locale":"es_ES","og_type":"article","og_title":"Califican declaraciones de diputado Cuellar como mis\u00f3ginas y de odio - El Diario - Bolivia","og_description":"Luego de las declaraciones expresadas por el diputado Rolando Cuellar del Movimiento al Socialismo (MAS) sobre el tratamiento que recibe la expresidenta Jeanine A\u00f1ez en el penal, donde se encuentra recluida, la diputada por Comunidad Ciudadana (CC) Luisa Nayar, cuestion\u00f3 los conocimientos de su colega sobre la Constituci\u00f3n y las leyes que garantizan los derechos [&hellip;]","og_url":"https:\/\/www.eldiario.net\/portal\/2021\/08\/21\/califican-declaraciones-de-diputado-cuellar-como-misoginas-y-de-odio\/","og_site_name":"El Diario - Bolivia","article_publisher":"https:\/\/www.facebook.com\/eldiario.bolivia\/","article_published_time":"2021-08-21T10:23:02+00:00","author":"Jeanette","twitter_card":"summary_large_image","twitter_creator":"@eldiario_net","twitter_site":"@eldiario_net","twitter_misc":{"Escrito por":"Jeanette","Tiempo de lectura":"2 minutos"},"schema":{"@context":"https:\/\/schema.org","@graph":[{"@type":"Article","@id":"https:\/\/www.eldiario.net\/portal\/2021\/08\/21\/califican-declaraciones-de-diputado-cuellar-como-misoginas-y-de-odio\/#article","isPartOf":{"@id":"https:\/\/www.eldiario.net\/portal\/2021\/08\/21\/califican-declaraciones-de-diputado-cuellar-como-misoginas-y-de-odio\/"},"author":{"name":"Jeanette","@id":"https:\/\/www.eldiario.net\/portal\/#\/schema\/person\/f46445640444750d7d753ccd04ae01b7"},"headline":"Califican declaraciones de diputado Cuellar como mis\u00f3ginas y de odio","datePublished":"2021-08-21T10:23:02+00:00","mainEntityOfPage":{"@id":"https:\/\/www.eldiario.net\/portal\/2021\/08\/21\/califican-declaraciones-de-diputado-cuellar-como-misoginas-y-de-odio\/"},"wordCount":303,"publisher":{"@id":"https:\/\/www.eldiario.net\/portal\/#organization"},"articleSection":["Pol\u00edtica"],"inLanguage":"es"},{"@type":"WebPage","@id":"https:\/\/www.eldiario.net\/portal\/2021\/08\/21\/califican-declaraciones-de-diputado-cuellar-como-misoginas-y-de-odio\/","url":"https:\/\/www.eldiario.net\/portal\/2021\/08\/21\/califican-declaraciones-de-diputado-cuellar-como-misoginas-y-de-odio\/","name":"Califican declaraciones de diputado Cuellar como mis\u00f3ginas y de odio - El Diario - Bolivia","isPartOf":{"@id":"https:\/\/www.eldiario.net\/portal\/#website"},"datePublished":"2021-08-21T10:23:02+00:00","breadcrumb":{"@id":"https:\/\/www.eldiario.net\/portal\/2021\/08\/21\/califican-declaraciones-de-diputado-cuellar-como-misoginas-y-de-odio\/#breadcrumb"},"inLanguage":"es","potentialAction":[{"@type":"ReadAction","target":["https:\/\/www.eldiario.net\/portal\/2021\/08\/21\/califican-declaraciones-de-diputado-cuellar-como-misoginas-y-de-odio\/"]}]},{"@type":"BreadcrumbList","@id":"https:\/\/www.eldiario.net\/portal\/2021\/08\/21\/califican-declaraciones-de-diputado-cuellar-como-misoginas-y-de-odio\/#breadcrumb","itemListElement":[{"@type":"ListItem","position":1,"name":"Portada","item":"https:\/\/www.eldiario.net\/portal\/"},{"@type":"ListItem","position":2,"name":"Califican declaraciones de diputado Cuellar como mis\u00f3ginas y de odio"}]},{"@type":"WebSite","@id":"https:\/\/www.eldiario.net\/portal\/#website","url":"https:\/\/www.eldiario.net\/portal\/","name":"El Diario - Decano de la prensa nacional","description":"El Diario - Decano de la prensa nacional","publisher":{"@id":"https:\/\/www.eldiario.net\/portal\/#organization"},"potentialAction":[{"@type":"SearchAction","target":{"@type":"EntryPoint","urlTemplate":"https:\/\/www.eldiario.net\/portal\/?s={search_term_string}"},"query-input":{"@type":"PropertyValueSpecification","valueRequired":true,"valueName":"search_term_string"}}],"inLanguage":"es"},{"@type":"Organization","@id":"https:\/\/www.eldiario.net\/portal\/#organization","name":"El Diario - Decano de la prensa nacional","url":"https:\/\/www.eldiario.net\/portal\/","logo":{"@type":"ImageObject","inLanguage":"es","@id":"https:\/\/www.eldiario.net\/portal\/#\/schema\/logo\/image\/","url":"https:\/\/www.eldiario.net\/portal\/wp-content\/uploads\/2023\/07\/logo_ED.jpg","contentUrl":"https:\/\/www.eldiario.net\/portal\/wp-content\/uploads\/2023\/07\/logo_ED.jpg","width":272,"height":52,"caption":"El Diario - Decano de la prensa nacional"},"image":{"@id":"https:\/\/www.eldiario.net\/portal\/#\/schema\/logo\/image\/"},"sameAs":["https:\/\/www.facebook.com\/eldiario.bolivia\/","https:\/\/x.com\/eldiario_net"]},{"@type":"Person","@id":"https:\/\/www.eldiario.net\/portal\/#\/schema\/person\/f46445640444750d7d753ccd04ae01b7","name":"Jeanette","image":{"@type":"ImageObject","inLanguage":"es","@id":"https:\/\/secure.gravatar.com\/avatar\/3ea2118a5f7dad2b7138b1187a6b7ee55f160b9968b66013c3a3ef39dd7e5798?s=96&d=mm&r=g","url":"https:\/\/secure.gravatar.com\/avatar\/3ea2118a5f7dad2b7138b1187a6b7ee55f160b9968b66013c3a3ef39dd7e5798?s=96&d=mm&r=g","contentUrl":"https:\/\/secure.gravatar.com\/avatar\/3ea2118a5f7dad2b7138b1187a6b7ee55f160b9968b66013c3a3ef39dd7e5798?s=96&d=mm&r=g","caption":"Jeanette"},"sameAs":["https:\/\/www.eldiario.net\/portal"],"url":"https:\/\/www.eldiario.net\/portal\/author\/jeanette\/"}]}},"_links":{"self":[{"href":"https:\/\/www.eldiario.net\/portal\/wp-json\/wp\/v2\/posts\/24777","targetHints":{"allow":["GET"]}}],"collection":[{"href":"https:\/\/www.eldiario.net\/portal\/wp-json\/wp\/v2\/posts"}],"about":[{"href":"https:\/\/www.eldiario.net\/portal\/wp-json\/wp\/v2\/types\/post"}],"author":[{"embeddable":true,"href":"https:\/\/www.eldiario.net\/portal\/wp-json\/wp\/v2\/users\/1"}],"replies":[{"embeddable":true,"href":"https:\/\/www.eldiario.net\/portal\/wp-json\/wp\/v2\/comments?post=24777"}],"version-history":[{"count":0,"href":"https:\/\/www.eldiario.net\/portal\/wp-json\/wp\/v2\/posts\/24777\/revisions"}],"wp:attachment":[{"href":"https:\/\/www.eldiario.net\/portal\/wp-json\/wp\/v2\/media?parent=24777"}],"wp:term":[{"taxonomy":"category","embeddable":true,"href":"https:\/\/www.eldiario.net\/portal\/wp-json\/wp\/v2\/categories?post=24777"},{"taxonomy":"post_tag","embeddable":true,"href":"https:\/\/www.eldiario.net\/portal\/wp-json\/wp\/v2\/tags?post=24777"}],"curies":[{"name":"wp","href":"https:\/\/api.w.org\/{rel}","templated":true}]}}